{"id":35056,"date":"2023-02-27T09:53:04","date_gmt":"2023-02-27T08:53:04","guid":{"rendered":"https:\/\/crta.rs\/?p=35056"},"modified":"2025-06-19T13:24:52","modified_gmt":"2025-06-19T11:24:52","slug":"summary-audit-of-political-engagament-in-serbia-2022","status":"publish","type":"post","link":"https:\/\/crta.rs\/en\/summary-audit-of-political-engagament-in-serbia-2022\/","title":{"rendered":"Summary: Audit of political engagament in Serbia 2022"},"content":{"rendered":"<p><span style=\"font-weight: 400;\">Citizens&#8217; trust in civil society organizations is growing &#8211; this is one of the findings of the public opinion survey &#8220;Audit of political engagement in Serbia 2022&#8221; presented by Crta on the occasion of the World NGO Day. Almost 50 percent of respondents now believe that the civil sector protects the public interest, while ten years ago, only a third of citizens shared this opinion.<\/span><\/p>\n","protected":false},"excerpt":{"rendered":"<p>Citizens&#8217; trust in civil society organizations is growing &#8211; this is one of the findings of the public opinion survey &#8220;Audit of political engagement in Serbia 2022&#8221; presented by Crta on the occasion of the World NGO Day. Almost 50 percent of respondents now believe that the civil sector protects the public interest, while ten&#8230;<\/p>\n","protected":false},"author":18,"featured_media":35057,"comment_status":"closed","ping_status":"open","sticky":false,"template":"","format":"standard","meta":{"_acf_changed":false,"footnotes":"","_links_to":"","_links_to_target":""},"categories":[75],"tags":[73,105],"class_list":["post-35056","post","type-post","status-publish","format-standard","has-post-thumbnail","hentry","category-publication-en","tag-citizen-engagement","tag-reports-and-analysis","ciTrackContent"],"acf":[],"yoast_head":"<!-- This site is optimized with the Yoast SEO plugin v27.4 - https:\/\/yoast.com\/product\/yoast-seo-wordpress\/ -->\n<title>Summary: Audit of political engagament in Serbia 2022 - CRTA<\/title>\n<meta name=\"robots\" content=\"index, follow, max-snippet:-1, max-image-preview:large, max-video-preview:-1\" \/>\n<link rel=\"canonical\" href=\"https:\/\/crta.rs\/en\/summary-audit-of-political-engagament-in-serbia-2022\/\" \/>\n<meta property=\"og:locale\" content=\"en_US\" \/>\n<meta property=\"og:type\" content=\"article\" \/>\n<meta property=\"og:title\" content=\"Summary: Audit of political engagament in Serbia 2022 - CRTA\" \/>\n<meta property=\"og:description\" content=\"Citizens&#8217; trust in civil society organizations is growing &#8211; this is one of the findings of the public opinion survey &#8220;Audit of political engagement in Serbia 2022&#8221; presented by Crta on the occasion of the World NGO Day. Almost 50 percent of respondents now believe that the civil sector protects the public interest, while ten...\" \/>\n<meta property=\"og:url\" content=\"https:\/\/crta.rs\/en\/summary-audit-of-political-engagament-in-serbia-2022\/\" \/>\n<meta property=\"og:site_name\" content=\"CRTA\" \/>\n<meta property=\"article:publisher\" content=\"https:\/\/www.facebook.com\/CRTArs\/\" \/>\n<meta property=\"article:published_time\" content=\"2023-02-27T08:53:04+00:00\" \/>\n<meta property=\"article:modified_time\" content=\"2025-06-19T11:24:52+00:00\" \/>\n<meta property=\"og:image\" content=\"https:\/\/crta.rs\/wp-content\/uploads\/2023\/02\/audit-2023.png\" \/>\n\t<meta property=\"og:image:width\" content=\"592\" \/>\n\t<meta property=\"og:image:height\" content=\"837\" \/>\n\t<meta property=\"og:image:type\" content=\"image\/png\" \/>\n<meta name=\"author\" content=\"Branislav Grkovi\u0107\" \/>\n<meta name=\"twitter:card\" content=\"summary_large_image\" \/>\n<meta name=\"twitter:label1\" content=\"Written by\" \/>\n\t<meta name=\"twitter:data1\" content=\"Branislav Grkovi\u0107\" \/>\n\t<meta name=\"twitter:label2\" content=\"Est. reading time\" \/>\n\t<meta name=\"twitter:data2\" content=\"1 minute\" \/>\n<script type=\"application\/ld+json\" class=\"yoast-schema-graph\">{\"@context\":\"https:\\\/\\\/schema.org\",\"@graph\":[{\"@type\":\"Article\",\"@id\":\"https:\\\/\\\/crta.rs\\\/en\\\/summary-audit-of-political-engagament-in-serbia-2022\\\/#article\",\"isPartOf\":{\"@id\":\"https:\\\/\\\/crta.rs\\\/en\\\/summary-audit-of-political-engagament-in-serbia-2022\\\/\"},\"author\":{\"name\":\"Branislav Grkovi\u0107\",\"@id\":\"https:\\\/\\\/crta.rs\\\/en\\\/#\\\/schema\\\/person\\\/a6e5fa47eb46bc71075c0ef78ce03f28\"},\"headline\":\"Summary: Audit of political engagament in Serbia 2022\",\"datePublished\":\"2023-02-27T08:53:04+00:00\",\"dateModified\":\"2025-06-19T11:24:52+00:00\",\"mainEntityOfPage\":{\"@id\":\"https:\\\/\\\/crta.rs\\\/en\\\/summary-audit-of-political-engagament-in-serbia-2022\\\/\"},\"wordCount\":70,\"image\":{\"@id\":\"https:\\\/\\\/crta.rs\\\/en\\\/summary-audit-of-political-engagament-in-serbia-2022\\\/#primaryimage\"},\"thumbnailUrl\":\"https:\\\/\\\/crta.rs\\\/wp-content\\\/uploads\\\/2023\\\/02\\\/audit-2023.png\",\"keywords\":[\"citizen engagement\",\"reports and analysis\"],\"articleSection\":[\"Publications\"],\"inLanguage\":\"en-US\"},{\"@type\":\"WebPage\",\"@id\":\"https:\\\/\\\/crta.rs\\\/en\\\/summary-audit-of-political-engagament-in-serbia-2022\\\/\",\"url\":\"https:\\\/\\\/crta.rs\\\/en\\\/summary-audit-of-political-engagament-in-serbia-2022\\\/\",\"name\":\"Summary: Audit of political engagament in Serbia 2022 - CRTA\",\"isPartOf\":{\"@id\":\"https:\\\/\\\/crta.rs\\\/en\\\/#website\"},\"primaryImageOfPage\":{\"@id\":\"https:\\\/\\\/crta.rs\\\/en\\\/summary-audit-of-political-engagament-in-serbia-2022\\\/#primaryimage\"},\"image\":{\"@id\":\"https:\\\/\\\/crta.rs\\\/en\\\/summary-audit-of-political-engagament-in-serbia-2022\\\/#primaryimage\"},\"thumbnailUrl\":\"https:\\\/\\\/crta.rs\\\/wp-content\\\/uploads\\\/2023\\\/02\\\/audit-2023.png\",\"datePublished\":\"2023-02-27T08:53:04+00:00\",\"dateModified\":\"2025-06-19T11:24:52+00:00\",\"author\":{\"@id\":\"https:\\\/\\\/crta.rs\\\/en\\\/#\\\/schema\\\/person\\\/a6e5fa47eb46bc71075c0ef78ce03f28\"},\"breadcrumb\":{\"@id\":\"https:\\\/\\\/crta.rs\\\/en\\\/summary-audit-of-political-engagament-in-serbia-2022\\\/#breadcrumb\"},\"inLanguage\":\"en-US\",\"potentialAction\":[{\"@type\":\"ReadAction\",\"target\":[\"https:\\\/\\\/crta.rs\\\/en\\\/summary-audit-of-political-engagament-in-serbia-2022\\\/\"]}]},{\"@type\":\"ImageObject\",\"inLanguage\":\"en-US\",\"@id\":\"https:\\\/\\\/crta.rs\\\/en\\\/summary-audit-of-political-engagament-in-serbia-2022\\\/#primaryimage\",\"url\":\"https:\\\/\\\/crta.rs\\\/wp-content\\\/uploads\\\/2023\\\/02\\\/audit-2023.png\",\"contentUrl\":\"https:\\\/\\\/crta.rs\\\/wp-content\\\/uploads\\\/2023\\\/02\\\/audit-2023.png\",\"width\":592,\"height\":837},{\"@type\":\"BreadcrumbList\",\"@id\":\"https:\\\/\\\/crta.rs\\\/en\\\/summary-audit-of-political-engagament-in-serbia-2022\\\/#breadcrumb\",\"itemListElement\":[{\"@type\":\"ListItem\",\"position\":1,\"name\":\"Home\",\"item\":\"https:\\\/\\\/crta.rs\\\/en\\\/\"},{\"@type\":\"ListItem\",\"position\":2,\"name\":\"Publications\",\"item\":\"https:\\\/\\\/crta.rs\\\/en\\\/category\\\/publication-en\\\/\"},{\"@type\":\"ListItem\",\"position\":3,\"name\":\"Summary: Audit of political engagament in Serbia 2022\"}]},{\"@type\":\"WebSite\",\"@id\":\"https:\\\/\\\/crta.rs\\\/en\\\/#website\",\"url\":\"https:\\\/\\\/crta.rs\\\/en\\\/\",\"name\":\"CRTA\",\"description\":\"Mi smo grupa aktivista i novinara koja zajedno sa gra\u0111anima uti\u010de na pove\u0107anje odgovornosti institucija i javnih funkcionera kroz pra\u0107enje i kontrolu njihovog rada.\",\"potentialAction\":[{\"@type\":\"SearchAction\",\"target\":{\"@type\":\"EntryPoint\",\"urlTemplate\":\"https:\\\/\\\/crta.rs\\\/en\\\/?s={search_term_string}\"},\"query-input\":{\"@type\":\"PropertyValueSpecification\",\"valueRequired\":true,\"valueName\":\"search_term_string\"}}],\"inLanguage\":\"en-US\"},{\"@type\":\"Person\",\"@id\":\"https:\\\/\\\/crta.rs\\\/en\\\/#\\\/schema\\\/person\\\/a6e5fa47eb46bc71075c0ef78ce03f28\",\"name\":\"Branislav Grkovi\u0107\",\"url\":\"https:\\\/\\\/crta.rs\\\/en\\\/author\\\/branislav\\\/\"}]}<\/script>\n<!-- \/ Yoast SEO plugin. -->","yoast_head_json":{"title":"Summary: Audit of political engagament in Serbia 2022 - CRTA","robots":{"index":"index","follow":"follow","max-snippet":"max-snippet:-1","max-image-preview":"max-image-preview:large","max-video-preview":"max-video-preview:-1"},"canonical":"https:\/\/crta.rs\/en\/summary-audit-of-political-engagament-in-serbia-2022\/","og_locale":"en_US","og_type":"article","og_title":"Summary: Audit of political engagament in Serbia 2022 - CRTA","og_description":"Citizens&#8217; trust in civil society organizations is growing &#8211; this is one of the findings of the public opinion survey &#8220;Audit of political engagement in Serbia 2022&#8221; presented by Crta on the occasion of the World NGO Day. Almost 50 percent of respondents now believe that the civil sector protects the public interest, while ten...","og_url":"https:\/\/crta.rs\/en\/summary-audit-of-political-engagament-in-serbia-2022\/","og_site_name":"CRTA","article_publisher":"https:\/\/www.facebook.com\/CRTArs\/","article_published_time":"2023-02-27T08:53:04+00:00","article_modified_time":"2025-06-19T11:24:52+00:00","og_image":[{"width":592,"height":837,"url":"https:\/\/crta.rs\/wp-content\/uploads\/2023\/02\/audit-2023.png","type":"image\/png"}],"author":"Branislav Grkovi\u0107","twitter_card":"summary_large_image","twitter_misc":{"Written by":"Branislav Grkovi\u0107","Est. reading time":"1 minute"},"schema":{"@context":"https:\/\/schema.org","@graph":[{"@type":"Article","@id":"https:\/\/crta.rs\/en\/summary-audit-of-political-engagament-in-serbia-2022\/#article","isPartOf":{"@id":"https:\/\/crta.rs\/en\/summary-audit-of-political-engagament-in-serbia-2022\/"},"author":{"name":"Branislav Grkovi\u0107","@id":"https:\/\/crta.rs\/en\/#\/schema\/person\/a6e5fa47eb46bc71075c0ef78ce03f28"},"headline":"Summary: Audit of political engagament in Serbia 2022","datePublished":"2023-02-27T08:53:04+00:00","dateModified":"2025-06-19T11:24:52+00:00","mainEntityOfPage":{"@id":"https:\/\/crta.rs\/en\/summary-audit-of-political-engagament-in-serbia-2022\/"},"wordCount":70,"image":{"@id":"https:\/\/crta.rs\/en\/summary-audit-of-political-engagament-in-serbia-2022\/#primaryimage"},"thumbnailUrl":"https:\/\/crta.rs\/wp-content\/uploads\/2023\/02\/audit-2023.png","keywords":["citizen engagement","reports and analysis"],"articleSection":["Publications"],"inLanguage":"en-US"},{"@type":"WebPage","@id":"https:\/\/crta.rs\/en\/summary-audit-of-political-engagament-in-serbia-2022\/","url":"https:\/\/crta.rs\/en\/summary-audit-of-political-engagament-in-serbia-2022\/","name":"Summary: Audit of political engagament in Serbia 2022 - CRTA","isPartOf":{"@id":"https:\/\/crta.rs\/en\/#website"},"primaryImageOfPage":{"@id":"https:\/\/crta.rs\/en\/summary-audit-of-political-engagament-in-serbia-2022\/#primaryimage"},"image":{"@id":"https:\/\/crta.rs\/en\/summary-audit-of-political-engagament-in-serbia-2022\/#primaryimage"},"thumbnailUrl":"https:\/\/crta.rs\/wp-content\/uploads\/2023\/02\/audit-2023.png","datePublished":"2023-02-27T08:53:04+00:00","dateModified":"2025-06-19T11:24:52+00:00","author":{"@id":"https:\/\/crta.rs\/en\/#\/schema\/person\/a6e5fa47eb46bc71075c0ef78ce03f28"},"breadcrumb":{"@id":"https:\/\/crta.rs\/en\/summary-audit-of-political-engagament-in-serbia-2022\/#breadcrumb"},"inLanguage":"en-US","potentialAction":[{"@type":"ReadAction","target":["https:\/\/crta.rs\/en\/summary-audit-of-political-engagament-in-serbia-2022\/"]}]},{"@type":"ImageObject","inLanguage":"en-US","@id":"https:\/\/crta.rs\/en\/summary-audit-of-political-engagament-in-serbia-2022\/#primaryimage","url":"https:\/\/crta.rs\/wp-content\/uploads\/2023\/02\/audit-2023.png","contentUrl":"https:\/\/crta.rs\/wp-content\/uploads\/2023\/02\/audit-2023.png","width":592,"height":837},{"@type":"BreadcrumbList","@id":"https:\/\/crta.rs\/en\/summary-audit-of-political-engagament-in-serbia-2022\/#breadcrumb","itemListElement":[{"@type":"ListItem","position":1,"name":"Home","item":"https:\/\/crta.rs\/en\/"},{"@type":"ListItem","position":2,"name":"Publications","item":"https:\/\/crta.rs\/en\/category\/publication-en\/"},{"@type":"ListItem","position":3,"name":"Summary: Audit of political engagament in Serbia 2022"}]},{"@type":"WebSite","@id":"https:\/\/crta.rs\/en\/#website","url":"https:\/\/crta.rs\/en\/","name":"CRTA","description":"Mi smo grupa aktivista i novinara koja zajedno sa gra\u0111anima uti\u010de na pove\u0107anje odgovornosti institucija i javnih funkcionera kroz pra\u0107enje i kontrolu njihovog rada.","potentialAction":[{"@type":"SearchAction","target":{"@type":"EntryPoint","urlTemplate":"https:\/\/crta.rs\/en\/?s={search_term_string}"},"query-input":{"@type":"PropertyValueSpecification","valueRequired":true,"valueName":"search_term_string"}}],"inLanguage":"en-US"},{"@type":"Person","@id":"https:\/\/crta.rs\/en\/#\/schema\/person\/a6e5fa47eb46bc71075c0ef78ce03f28","name":"Branislav Grkovi\u0107","url":"https:\/\/crta.rs\/en\/author\/branislav\/"}]}},"_links":{"self":[{"href":"https:\/\/crta.rs\/en\/wp-json\/wp\/v2\/posts\/35056","targetHints":{"allow":["GET"]}}],"collection":[{"href":"https:\/\/crta.rs\/en\/wp-json\/wp\/v2\/posts"}],"about":[{"href":"https:\/\/crta.rs\/en\/wp-json\/wp\/v2\/types\/post"}],"author":[{"embeddable":true,"href":"https:\/\/crta.rs\/en\/wp-json\/wp\/v2\/users\/18"}],"replies":[{"embeddable":true,"href":"https:\/\/crta.rs\/en\/wp-json\/wp\/v2\/comments?post=35056"}],"version-history":[{"count":4,"href":"https:\/\/crta.rs\/en\/wp-json\/wp\/v2\/posts\/35056\/revisions"}],"predecessor-version":[{"id":35116,"href":"https:\/\/crta.rs\/en\/wp-json\/wp\/v2\/posts\/35056\/revisions\/35116"}],"wp:featuredmedia":[{"embeddable":true,"href":"https:\/\/crta.rs\/en\/wp-json\/wp\/v2\/media\/35057"}],"wp:attachment":[{"href":"https:\/\/crta.rs\/en\/wp-json\/wp\/v2\/media?parent=35056"}],"wp:term":[{"taxonomy":"category","embeddable":true,"href":"https:\/\/crta.rs\/en\/wp-json\/wp\/v2\/categories?post=35056"},{"taxonomy":"post_tag","embeddable":true,"href":"https:\/\/crta.rs\/en\/wp-json\/wp\/v2\/tags?post=35056"}],"curies":[{"name":"wp","href":"https:\/\/api.w.org\/{rel}","templated":true}]}}