{"id":34771,"date":"2023-01-19T09:59:25","date_gmt":"2023-01-19T08:59:25","guid":{"rendered":"https:\/\/crta.rs\/?p=34771"},"modified":"2023-01-19T10:06:09","modified_gmt":"2023-01-19T09:06:09","slug":"media-ownership-maps-2020-2021","status":"publish","type":"post","link":"https:\/\/crta.rs\/en\/media-ownership-maps-2020-2021\/","title":{"rendered":"Media Ownership Maps 2020 &#8211; 2021"},"content":{"rendered":"<p>Media ownership maps cover the period from 2020 to 2021 and is integral part of Research Report &#8220;Mapping the media landscape in Serbia 2020-2021&#8221; developed by CRTA. Sample of analysed media owners are owners of all commercial television stations with the national coverage, owners of the cable channels with dominant informative content, owners of all national printed daily newspapers, owners of all national printed political weeklies, owners of all radio stations with national coverage, owners of the most important local media which represent focal information points for the audiences across Serbia. All recorded media outlets of an owner are presented on one map. The order of ownership maps corresponds to the available audience reach of the leading media outlet per owner. Each map contains the legend with the explanation.<\/p>\n","protected":false},"excerpt":{"rendered":"<p>Media ownership maps cover the period from 2020 to 2021 and is integral part of Research Report &#8220;Mapping the media landscape in Serbia 2020-2021&#8221; developed by CRTA. Sample of analysed media owners are owners of all commercial television stations with the national coverage, owners of the cable channels with dominant informative content, owners of all&#8230;<\/p>\n","protected":false},"author":3,"featured_media":34780,"comment_status":"closed","ping_status":"open","sticky":false,"template":"","format":"standard","meta":{"_acf_changed":false,"footnotes":"","_links_to":"","_links_to_target":""},"categories":[75],"tags":[105],"class_list":["post-34771","post","type-post","status-publish","format-standard","has-post-thumbnail","hentry","category-publication-en","tag-reports-and-analysis","ciTrackContent"],"acf":[],"yoast_head":"<!-- This site is optimized with the Yoast SEO plugin v27.4 - https:\/\/yoast.com\/product\/yoast-seo-wordpress\/ -->\n<title>Media Ownership Maps 2020 - 2021 - CRTA<\/title>\n<meta name=\"robots\" content=\"index, follow, max-snippet:-1, max-image-preview:large, max-video-preview:-1\" \/>\n<link rel=\"canonical\" href=\"https:\/\/crta.rs\/en\/media-ownership-maps-2020-2021\/\" \/>\n<meta property=\"og:locale\" content=\"en_US\" \/>\n<meta property=\"og:type\" content=\"article\" \/>\n<meta property=\"og:title\" content=\"Media Ownership Maps 2020 - 2021 - CRTA\" \/>\n<meta property=\"og:description\" content=\"Media ownership maps cover the period from 2020 to 2021 and is integral part of Research Report &#8220;Mapping the media landscape in Serbia 2020-2021&#8221; developed by CRTA. Sample of analysed media owners are owners of all commercial television stations with the national coverage, owners of the cable channels with dominant informative content, owners of all...\" \/>\n<meta property=\"og:url\" content=\"https:\/\/crta.rs\/en\/media-ownership-maps-2020-2021\/\" \/>\n<meta property=\"og:site_name\" content=\"CRTA\" \/>\n<meta property=\"article:publisher\" content=\"https:\/\/www.facebook.com\/CRTArs\/\" \/>\n<meta property=\"article:published_time\" content=\"2023-01-19T08:59:25+00:00\" \/>\n<meta property=\"article:modified_time\" content=\"2023-01-19T09:06:09+00:00\" \/>\n<meta property=\"og:image\" content=\"https:\/\/crta.rs\/wp-content\/uploads\/2023\/01\/Media-Ownership-Structures.png\" \/>\n\t<meta property=\"og:image:width\" content=\"614\" \/>\n\t<meta property=\"og:image:height\" content=\"865\" \/>\n\t<meta property=\"og:image:type\" content=\"image\/png\" \/>\n<meta name=\"author\" content=\"milica\" \/>\n<meta name=\"twitter:card\" content=\"summary_large_image\" \/>\n<meta name=\"twitter:label1\" content=\"Written by\" \/>\n\t<meta name=\"twitter:data1\" content=\"milica\" \/>\n\t<meta name=\"twitter:label2\" content=\"Est. reading time\" \/>\n\t<meta name=\"twitter:data2\" content=\"1 minute\" \/>\n<script type=\"application\/ld+json\" class=\"yoast-schema-graph\">{\"@context\":\"https:\\\/\\\/schema.org\",\"@graph\":[{\"@type\":\"Article\",\"@id\":\"https:\\\/\\\/crta.rs\\\/en\\\/media-ownership-maps-2020-2021\\\/#article\",\"isPartOf\":{\"@id\":\"https:\\\/\\\/crta.rs\\\/en\\\/media-ownership-maps-2020-2021\\\/\"},\"author\":{\"name\":\"milica\",\"@id\":\"https:\\\/\\\/crta.rs\\\/en\\\/#\\\/schema\\\/person\\\/0cc37dbc4cb7d35b32379de6f98e1c7f\"},\"headline\":\"Media Ownership Maps 2020 &#8211; 2021\",\"datePublished\":\"2023-01-19T08:59:25+00:00\",\"dateModified\":\"2023-01-19T09:06:09+00:00\",\"mainEntityOfPage\":{\"@id\":\"https:\\\/\\\/crta.rs\\\/en\\\/media-ownership-maps-2020-2021\\\/\"},\"wordCount\":131,\"image\":{\"@id\":\"https:\\\/\\\/crta.rs\\\/en\\\/media-ownership-maps-2020-2021\\\/#primaryimage\"},\"thumbnailUrl\":\"https:\\\/\\\/crta.rs\\\/wp-content\\\/uploads\\\/2023\\\/01\\\/Media-Ownership-Structures.png\",\"keywords\":[\"reports and analysis\"],\"articleSection\":[\"Publications\"],\"inLanguage\":\"en-US\"},{\"@type\":\"WebPage\",\"@id\":\"https:\\\/\\\/crta.rs\\\/en\\\/media-ownership-maps-2020-2021\\\/\",\"url\":\"https:\\\/\\\/crta.rs\\\/en\\\/media-ownership-maps-2020-2021\\\/\",\"name\":\"Media Ownership Maps 2020 - 2021 - CRTA\",\"isPartOf\":{\"@id\":\"https:\\\/\\\/crta.rs\\\/en\\\/#website\"},\"primaryImageOfPage\":{\"@id\":\"https:\\\/\\\/crta.rs\\\/en\\\/media-ownership-maps-2020-2021\\\/#primaryimage\"},\"image\":{\"@id\":\"https:\\\/\\\/crta.rs\\\/en\\\/media-ownership-maps-2020-2021\\\/#primaryimage\"},\"thumbnailUrl\":\"https:\\\/\\\/crta.rs\\\/wp-content\\\/uploads\\\/2023\\\/01\\\/Media-Ownership-Structures.png\",\"datePublished\":\"2023-01-19T08:59:25+00:00\",\"dateModified\":\"2023-01-19T09:06:09+00:00\",\"author\":{\"@id\":\"https:\\\/\\\/crta.rs\\\/en\\\/#\\\/schema\\\/person\\\/0cc37dbc4cb7d35b32379de6f98e1c7f\"},\"breadcrumb\":{\"@id\":\"https:\\\/\\\/crta.rs\\\/en\\\/media-ownership-maps-2020-2021\\\/#breadcrumb\"},\"inLanguage\":\"en-US\",\"potentialAction\":[{\"@type\":\"ReadAction\",\"target\":[\"https:\\\/\\\/crta.rs\\\/en\\\/media-ownership-maps-2020-2021\\\/\"]}]},{\"@type\":\"ImageObject\",\"inLanguage\":\"en-US\",\"@id\":\"https:\\\/\\\/crta.rs\\\/en\\\/media-ownership-maps-2020-2021\\\/#primaryimage\",\"url\":\"https:\\\/\\\/crta.rs\\\/wp-content\\\/uploads\\\/2023\\\/01\\\/Media-Ownership-Structures.png\",\"contentUrl\":\"https:\\\/\\\/crta.rs\\\/wp-content\\\/uploads\\\/2023\\\/01\\\/Media-Ownership-Structures.png\",\"width\":614,\"height\":865},{\"@type\":\"BreadcrumbList\",\"@id\":\"https:\\\/\\\/crta.rs\\\/en\\\/media-ownership-maps-2020-2021\\\/#breadcrumb\",\"itemListElement\":[{\"@type\":\"ListItem\",\"position\":1,\"name\":\"Home\",\"item\":\"https:\\\/\\\/crta.rs\\\/en\\\/\"},{\"@type\":\"ListItem\",\"position\":2,\"name\":\"Publications\",\"item\":\"https:\\\/\\\/crta.rs\\\/en\\\/category\\\/publication-en\\\/\"},{\"@type\":\"ListItem\",\"position\":3,\"name\":\"Media Ownership Maps 2020 &#8211; 2021\"}]},{\"@type\":\"WebSite\",\"@id\":\"https:\\\/\\\/crta.rs\\\/en\\\/#website\",\"url\":\"https:\\\/\\\/crta.rs\\\/en\\\/\",\"name\":\"CRTA\",\"description\":\"Mi smo grupa aktivista i novinara koja zajedno sa gra\u0111anima uti\u010de na pove\u0107anje odgovornosti institucija i javnih funkcionera kroz pra\u0107enje i kontrolu njihovog rada.\",\"potentialAction\":[{\"@type\":\"SearchAction\",\"target\":{\"@type\":\"EntryPoint\",\"urlTemplate\":\"https:\\\/\\\/crta.rs\\\/en\\\/?s={search_term_string}\"},\"query-input\":{\"@type\":\"PropertyValueSpecification\",\"valueRequired\":true,\"valueName\":\"search_term_string\"}}],\"inLanguage\":\"en-US\"},{\"@type\":\"Person\",\"@id\":\"https:\\\/\\\/crta.rs\\\/en\\\/#\\\/schema\\\/person\\\/0cc37dbc4cb7d35b32379de6f98e1c7f\",\"name\":\"milica\",\"url\":\"https:\\\/\\\/crta.rs\\\/en\\\/author\\\/milica\\\/\"}]}<\/script>\n<!-- \/ Yoast SEO plugin. -->","yoast_head_json":{"title":"Media Ownership Maps 2020 - 2021 - CRTA","robots":{"index":"index","follow":"follow","max-snippet":"max-snippet:-1","max-image-preview":"max-image-preview:large","max-video-preview":"max-video-preview:-1"},"canonical":"https:\/\/crta.rs\/en\/media-ownership-maps-2020-2021\/","og_locale":"en_US","og_type":"article","og_title":"Media Ownership Maps 2020 - 2021 - CRTA","og_description":"Media ownership maps cover the period from 2020 to 2021 and is integral part of Research Report &#8220;Mapping the media landscape in Serbia 2020-2021&#8221; developed by CRTA. Sample of analysed media owners are owners of all commercial television stations with the national coverage, owners of the cable channels with dominant informative content, owners of all...","og_url":"https:\/\/crta.rs\/en\/media-ownership-maps-2020-2021\/","og_site_name":"CRTA","article_publisher":"https:\/\/www.facebook.com\/CRTArs\/","article_published_time":"2023-01-19T08:59:25+00:00","article_modified_time":"2023-01-19T09:06:09+00:00","og_image":[{"width":614,"height":865,"url":"https:\/\/crta.rs\/wp-content\/uploads\/2023\/01\/Media-Ownership-Structures.png","type":"image\/png"}],"author":"milica","twitter_card":"summary_large_image","twitter_misc":{"Written by":"milica","Est. reading time":"1 minute"},"schema":{"@context":"https:\/\/schema.org","@graph":[{"@type":"Article","@id":"https:\/\/crta.rs\/en\/media-ownership-maps-2020-2021\/#article","isPartOf":{"@id":"https:\/\/crta.rs\/en\/media-ownership-maps-2020-2021\/"},"author":{"name":"milica","@id":"https:\/\/crta.rs\/en\/#\/schema\/person\/0cc37dbc4cb7d35b32379de6f98e1c7f"},"headline":"Media Ownership Maps 2020 &#8211; 2021","datePublished":"2023-01-19T08:59:25+00:00","dateModified":"2023-01-19T09:06:09+00:00","mainEntityOfPage":{"@id":"https:\/\/crta.rs\/en\/media-ownership-maps-2020-2021\/"},"wordCount":131,"image":{"@id":"https:\/\/crta.rs\/en\/media-ownership-maps-2020-2021\/#primaryimage"},"thumbnailUrl":"https:\/\/crta.rs\/wp-content\/uploads\/2023\/01\/Media-Ownership-Structures.png","keywords":["reports and analysis"],"articleSection":["Publications"],"inLanguage":"en-US"},{"@type":"WebPage","@id":"https:\/\/crta.rs\/en\/media-ownership-maps-2020-2021\/","url":"https:\/\/crta.rs\/en\/media-ownership-maps-2020-2021\/","name":"Media Ownership Maps 2020 - 2021 - CRTA","isPartOf":{"@id":"https:\/\/crta.rs\/en\/#website"},"primaryImageOfPage":{"@id":"https:\/\/crta.rs\/en\/media-ownership-maps-2020-2021\/#primaryimage"},"image":{"@id":"https:\/\/crta.rs\/en\/media-ownership-maps-2020-2021\/#primaryimage"},"thumbnailUrl":"https:\/\/crta.rs\/wp-content\/uploads\/2023\/01\/Media-Ownership-Structures.png","datePublished":"2023-01-19T08:59:25+00:00","dateModified":"2023-01-19T09:06:09+00:00","author":{"@id":"https:\/\/crta.rs\/en\/#\/schema\/person\/0cc37dbc4cb7d35b32379de6f98e1c7f"},"breadcrumb":{"@id":"https:\/\/crta.rs\/en\/media-ownership-maps-2020-2021\/#breadcrumb"},"inLanguage":"en-US","potentialAction":[{"@type":"ReadAction","target":["https:\/\/crta.rs\/en\/media-ownership-maps-2020-2021\/"]}]},{"@type":"ImageObject","inLanguage":"en-US","@id":"https:\/\/crta.rs\/en\/media-ownership-maps-2020-2021\/#primaryimage","url":"https:\/\/crta.rs\/wp-content\/uploads\/2023\/01\/Media-Ownership-Structures.png","contentUrl":"https:\/\/crta.rs\/wp-content\/uploads\/2023\/01\/Media-Ownership-Structures.png","width":614,"height":865},{"@type":"BreadcrumbList","@id":"https:\/\/crta.rs\/en\/media-ownership-maps-2020-2021\/#breadcrumb","itemListElement":[{"@type":"ListItem","position":1,"name":"Home","item":"https:\/\/crta.rs\/en\/"},{"@type":"ListItem","position":2,"name":"Publications","item":"https:\/\/crta.rs\/en\/category\/publication-en\/"},{"@type":"ListItem","position":3,"name":"Media Ownership Maps 2020 &#8211; 2021"}]},{"@type":"WebSite","@id":"https:\/\/crta.rs\/en\/#website","url":"https:\/\/crta.rs\/en\/","name":"CRTA","description":"Mi smo grupa aktivista i novinara koja zajedno sa gra\u0111anima uti\u010de na pove\u0107anje odgovornosti institucija i javnih funkcionera kroz pra\u0107enje i kontrolu njihovog rada.","potentialAction":[{"@type":"SearchAction","target":{"@type":"EntryPoint","urlTemplate":"https:\/\/crta.rs\/en\/?s={search_term_string}"},"query-input":{"@type":"PropertyValueSpecification","valueRequired":true,"valueName":"search_term_string"}}],"inLanguage":"en-US"},{"@type":"Person","@id":"https:\/\/crta.rs\/en\/#\/schema\/person\/0cc37dbc4cb7d35b32379de6f98e1c7f","name":"milica","url":"https:\/\/crta.rs\/en\/author\/milica\/"}]}},"_links":{"self":[{"href":"https:\/\/crta.rs\/en\/wp-json\/wp\/v2\/posts\/34771","targetHints":{"allow":["GET"]}}],"collection":[{"href":"https:\/\/crta.rs\/en\/wp-json\/wp\/v2\/posts"}],"about":[{"href":"https:\/\/crta.rs\/en\/wp-json\/wp\/v2\/types\/post"}],"author":[{"embeddable":true,"href":"https:\/\/crta.rs\/en\/wp-json\/wp\/v2\/users\/3"}],"replies":[{"embeddable":true,"href":"https:\/\/crta.rs\/en\/wp-json\/wp\/v2\/comments?post=34771"}],"version-history":[{"count":4,"href":"https:\/\/crta.rs\/en\/wp-json\/wp\/v2\/posts\/34771\/revisions"}],"predecessor-version":[{"id":34785,"href":"https:\/\/crta.rs\/en\/wp-json\/wp\/v2\/posts\/34771\/revisions\/34785"}],"wp:featuredmedia":[{"embeddable":true,"href":"https:\/\/crta.rs\/en\/wp-json\/wp\/v2\/media\/34780"}],"wp:attachment":[{"href":"https:\/\/crta.rs\/en\/wp-json\/wp\/v2\/media?parent=34771"}],"wp:term":[{"taxonomy":"category","embeddable":true,"href":"https:\/\/crta.rs\/en\/wp-json\/wp\/v2\/categories?post=34771"},{"taxonomy":"post_tag","embeddable":true,"href":"https:\/\/crta.rs\/en\/wp-json\/wp\/v2\/tags?post=34771"}],"curies":[{"name":"wp","href":"https:\/\/api.w.org\/{rel}","templated":true}]}}