{"id":34267,"date":"2022-12-13T11:26:42","date_gmt":"2022-12-13T10:26:42","guid":{"rendered":"https:\/\/crta.rs\/?p=34267"},"modified":"2023-01-31T11:23:28","modified_gmt":"2023-01-31T10:23:28","slug":"opininon-poll-political-attitudes-of-citizens-of-serbia-fall-2022","status":"publish","type":"post","link":"https:\/\/crta.rs\/en\/opininon-poll-political-attitudes-of-citizens-of-serbia-fall-2022\/","title":{"rendered":"Opinion poll: Political attitudes of citizens of Serbia &#8211; fall 2022"},"content":{"rendered":"<p><span style=\"font-weight: 400;\">The citizens of Serbia are less and less interested in Serbia&#8217;s future in the EU, while the attitude towards the war in Ukraine shifts. These are the results of CRTA\u2019s field research of public opinion, done from September 24th to October 3rd.\u00a0<\/span><span style=\"font-weight: 400;\">More than a third of citizens (36%) would be indifferent towards accession to the EU, while 28% would be glad, and 33% would be concerned. An even bigger percentage, 43%, would be indifferent towards rupture of EU accession negotiations.<\/span><\/p>\n","protected":false},"excerpt":{"rendered":"<p>The citizens of Serbia are less and less interested in Serbia&#8217;s future in the EU, while the attitude towards the war in Ukraine shifts. These are the results of CRTA\u2019s field research of public opinion, done from September 24th to October 3rd.\u00a0More than a third of citizens (36%) would be indifferent towards accession to the&#8230;<\/p>\n","protected":false},"author":3,"featured_media":34268,"comment_status":"closed","ping_status":"open","sticky":false,"template":"","format":"standard","meta":{"_acf_changed":false,"footnotes":"","_links_to":"","_links_to_target":""},"categories":[75],"tags":[76],"class_list":["post-34267","post","type-post","status-publish","format-standard","has-post-thumbnail","hentry","category-publication-en","tag-research","ciTrackContent"],"acf":[],"yoast_head":"<!-- This site is optimized with the Yoast SEO plugin v27.4 - https:\/\/yoast.com\/product\/yoast-seo-wordpress\/ -->\n<title>Opinion poll: Political attitudes of citizens of Serbia - fall 2022 - CRTA<\/title>\n<meta name=\"robots\" content=\"index, follow, max-snippet:-1, max-image-preview:large, max-video-preview:-1\" \/>\n<link rel=\"canonical\" href=\"https:\/\/crta.rs\/en\/opininon-poll-political-attitudes-of-citizens-of-serbia-fall-2022\/\" \/>\n<meta property=\"og:locale\" content=\"en_US\" \/>\n<meta property=\"og:type\" content=\"article\" \/>\n<meta property=\"og:title\" content=\"Opinion poll: Political attitudes of citizens of Serbia - fall 2022 - CRTA\" \/>\n<meta property=\"og:description\" content=\"The citizens of Serbia are less and less interested in Serbia&#8217;s future in the EU, while the attitude towards the war in Ukraine shifts. These are the results of CRTA\u2019s field research of public opinion, done from September 24th to October 3rd.\u00a0More than a third of citizens (36%) would be indifferent towards accession to the...\" \/>\n<meta property=\"og:url\" content=\"https:\/\/crta.rs\/en\/opininon-poll-political-attitudes-of-citizens-of-serbia-fall-2022\/\" \/>\n<meta property=\"og:site_name\" content=\"CRTA\" \/>\n<meta property=\"article:publisher\" content=\"https:\/\/www.facebook.com\/CRTArs\/\" \/>\n<meta property=\"article:published_time\" content=\"2022-12-13T10:26:42+00:00\" \/>\n<meta property=\"article:modified_time\" content=\"2023-01-31T10:23:28+00:00\" \/>\n<meta property=\"og:image\" content=\"https:\/\/crta.rs\/wp-content\/uploads\/2022\/12\/Political-Attitudes-of-citizens-of-Serbia_fall-2022-image.png\" \/>\n\t<meta property=\"og:image:width\" content=\"613\" \/>\n\t<meta property=\"og:image:height\" content=\"859\" \/>\n\t<meta property=\"og:image:type\" content=\"image\/png\" \/>\n<meta name=\"author\" content=\"milica\" \/>\n<meta name=\"twitter:card\" content=\"summary_large_image\" \/>\n<meta name=\"twitter:label1\" content=\"Written by\" \/>\n\t<meta name=\"twitter:data1\" content=\"milica\" \/>\n\t<meta name=\"twitter:label2\" content=\"Est. reading time\" \/>\n\t<meta name=\"twitter:data2\" content=\"1 minute\" \/>\n<script type=\"application\/ld+json\" class=\"yoast-schema-graph\">{\"@context\":\"https:\\\/\\\/schema.org\",\"@graph\":[{\"@type\":\"Article\",\"@id\":\"https:\\\/\\\/crta.rs\\\/en\\\/opininon-poll-political-attitudes-of-citizens-of-serbia-fall-2022\\\/#article\",\"isPartOf\":{\"@id\":\"https:\\\/\\\/crta.rs\\\/en\\\/opininon-poll-political-attitudes-of-citizens-of-serbia-fall-2022\\\/\"},\"author\":{\"name\":\"milica\",\"@id\":\"https:\\\/\\\/crta.rs\\\/en\\\/#\\\/schema\\\/person\\\/0cc37dbc4cb7d35b32379de6f98e1c7f\"},\"headline\":\"Opinion poll: Political attitudes of citizens of Serbia &#8211; fall 2022\",\"datePublished\":\"2022-12-13T10:26:42+00:00\",\"dateModified\":\"2023-01-31T10:23:28+00:00\",\"mainEntityOfPage\":{\"@id\":\"https:\\\/\\\/crta.rs\\\/en\\\/opininon-poll-political-attitudes-of-citizens-of-serbia-fall-2022\\\/\"},\"wordCount\":89,\"image\":{\"@id\":\"https:\\\/\\\/crta.rs\\\/en\\\/opininon-poll-political-attitudes-of-citizens-of-serbia-fall-2022\\\/#primaryimage\"},\"thumbnailUrl\":\"https:\\\/\\\/crta.rs\\\/wp-content\\\/uploads\\\/2022\\\/12\\\/Political-Attitudes-of-citizens-of-Serbia_fall-2022-image.png\",\"keywords\":[\"research\"],\"articleSection\":[\"Publications\"],\"inLanguage\":\"en-US\"},{\"@type\":\"WebPage\",\"@id\":\"https:\\\/\\\/crta.rs\\\/en\\\/opininon-poll-political-attitudes-of-citizens-of-serbia-fall-2022\\\/\",\"url\":\"https:\\\/\\\/crta.rs\\\/en\\\/opininon-poll-political-attitudes-of-citizens-of-serbia-fall-2022\\\/\",\"name\":\"Opinion poll: Political attitudes of citizens of Serbia - fall 2022 - CRTA\",\"isPartOf\":{\"@id\":\"https:\\\/\\\/crta.rs\\\/en\\\/#website\"},\"primaryImageOfPage\":{\"@id\":\"https:\\\/\\\/crta.rs\\\/en\\\/opininon-poll-political-attitudes-of-citizens-of-serbia-fall-2022\\\/#primaryimage\"},\"image\":{\"@id\":\"https:\\\/\\\/crta.rs\\\/en\\\/opininon-poll-political-attitudes-of-citizens-of-serbia-fall-2022\\\/#primaryimage\"},\"thumbnailUrl\":\"https:\\\/\\\/crta.rs\\\/wp-content\\\/uploads\\\/2022\\\/12\\\/Political-Attitudes-of-citizens-of-Serbia_fall-2022-image.png\",\"datePublished\":\"2022-12-13T10:26:42+00:00\",\"dateModified\":\"2023-01-31T10:23:28+00:00\",\"author\":{\"@id\":\"https:\\\/\\\/crta.rs\\\/en\\\/#\\\/schema\\\/person\\\/0cc37dbc4cb7d35b32379de6f98e1c7f\"},\"breadcrumb\":{\"@id\":\"https:\\\/\\\/crta.rs\\\/en\\\/opininon-poll-political-attitudes-of-citizens-of-serbia-fall-2022\\\/#breadcrumb\"},\"inLanguage\":\"en-US\",\"potentialAction\":[{\"@type\":\"ReadAction\",\"target\":[\"https:\\\/\\\/crta.rs\\\/en\\\/opininon-poll-political-attitudes-of-citizens-of-serbia-fall-2022\\\/\"]}]},{\"@type\":\"ImageObject\",\"inLanguage\":\"en-US\",\"@id\":\"https:\\\/\\\/crta.rs\\\/en\\\/opininon-poll-political-attitudes-of-citizens-of-serbia-fall-2022\\\/#primaryimage\",\"url\":\"https:\\\/\\\/crta.rs\\\/wp-content\\\/uploads\\\/2022\\\/12\\\/Political-Attitudes-of-citizens-of-Serbia_fall-2022-image.png\",\"contentUrl\":\"https:\\\/\\\/crta.rs\\\/wp-content\\\/uploads\\\/2022\\\/12\\\/Political-Attitudes-of-citizens-of-Serbia_fall-2022-image.png\",\"width\":613,\"height\":859},{\"@type\":\"BreadcrumbList\",\"@id\":\"https:\\\/\\\/crta.rs\\\/en\\\/opininon-poll-political-attitudes-of-citizens-of-serbia-fall-2022\\\/#breadcrumb\",\"itemListElement\":[{\"@type\":\"ListItem\",\"position\":1,\"name\":\"Home\",\"item\":\"https:\\\/\\\/crta.rs\\\/en\\\/\"},{\"@type\":\"ListItem\",\"position\":2,\"name\":\"Publications\",\"item\":\"https:\\\/\\\/crta.rs\\\/en\\\/category\\\/publication-en\\\/\"},{\"@type\":\"ListItem\",\"position\":3,\"name\":\"Opinion poll: Political attitudes of citizens of Serbia &#8211; fall 2022\"}]},{\"@type\":\"WebSite\",\"@id\":\"https:\\\/\\\/crta.rs\\\/en\\\/#website\",\"url\":\"https:\\\/\\\/crta.rs\\\/en\\\/\",\"name\":\"CRTA\",\"description\":\"Mi smo grupa aktivista i novinara koja zajedno sa gra\u0111anima uti\u010de na pove\u0107anje odgovornosti institucija i javnih funkcionera kroz pra\u0107enje i kontrolu njihovog rada.\",\"potentialAction\":[{\"@type\":\"SearchAction\",\"target\":{\"@type\":\"EntryPoint\",\"urlTemplate\":\"https:\\\/\\\/crta.rs\\\/en\\\/?s={search_term_string}\"},\"query-input\":{\"@type\":\"PropertyValueSpecification\",\"valueRequired\":true,\"valueName\":\"search_term_string\"}}],\"inLanguage\":\"en-US\"},{\"@type\":\"Person\",\"@id\":\"https:\\\/\\\/crta.rs\\\/en\\\/#\\\/schema\\\/person\\\/0cc37dbc4cb7d35b32379de6f98e1c7f\",\"name\":\"milica\",\"url\":\"https:\\\/\\\/crta.rs\\\/en\\\/author\\\/milica\\\/\"}]}<\/script>\n<!-- \/ Yoast SEO plugin. -->","yoast_head_json":{"title":"Opinion poll: Political attitudes of citizens of Serbia - fall 2022 - CRTA","robots":{"index":"index","follow":"follow","max-snippet":"max-snippet:-1","max-image-preview":"max-image-preview:large","max-video-preview":"max-video-preview:-1"},"canonical":"https:\/\/crta.rs\/en\/opininon-poll-political-attitudes-of-citizens-of-serbia-fall-2022\/","og_locale":"en_US","og_type":"article","og_title":"Opinion poll: Political attitudes of citizens of Serbia - fall 2022 - CRTA","og_description":"The citizens of Serbia are less and less interested in Serbia&#8217;s future in the EU, while the attitude towards the war in Ukraine shifts. These are the results of CRTA\u2019s field research of public opinion, done from September 24th to October 3rd.\u00a0More than a third of citizens (36%) would be indifferent towards accession to the...","og_url":"https:\/\/crta.rs\/en\/opininon-poll-political-attitudes-of-citizens-of-serbia-fall-2022\/","og_site_name":"CRTA","article_publisher":"https:\/\/www.facebook.com\/CRTArs\/","article_published_time":"2022-12-13T10:26:42+00:00","article_modified_time":"2023-01-31T10:23:28+00:00","og_image":[{"width":613,"height":859,"url":"https:\/\/crta.rs\/wp-content\/uploads\/2022\/12\/Political-Attitudes-of-citizens-of-Serbia_fall-2022-image.png","type":"image\/png"}],"author":"milica","twitter_card":"summary_large_image","twitter_misc":{"Written by":"milica","Est. reading time":"1 minute"},"schema":{"@context":"https:\/\/schema.org","@graph":[{"@type":"Article","@id":"https:\/\/crta.rs\/en\/opininon-poll-political-attitudes-of-citizens-of-serbia-fall-2022\/#article","isPartOf":{"@id":"https:\/\/crta.rs\/en\/opininon-poll-political-attitudes-of-citizens-of-serbia-fall-2022\/"},"author":{"name":"milica","@id":"https:\/\/crta.rs\/en\/#\/schema\/person\/0cc37dbc4cb7d35b32379de6f98e1c7f"},"headline":"Opinion poll: Political attitudes of citizens of Serbia &#8211; fall 2022","datePublished":"2022-12-13T10:26:42+00:00","dateModified":"2023-01-31T10:23:28+00:00","mainEntityOfPage":{"@id":"https:\/\/crta.rs\/en\/opininon-poll-political-attitudes-of-citizens-of-serbia-fall-2022\/"},"wordCount":89,"image":{"@id":"https:\/\/crta.rs\/en\/opininon-poll-political-attitudes-of-citizens-of-serbia-fall-2022\/#primaryimage"},"thumbnailUrl":"https:\/\/crta.rs\/wp-content\/uploads\/2022\/12\/Political-Attitudes-of-citizens-of-Serbia_fall-2022-image.png","keywords":["research"],"articleSection":["Publications"],"inLanguage":"en-US"},{"@type":"WebPage","@id":"https:\/\/crta.rs\/en\/opininon-poll-political-attitudes-of-citizens-of-serbia-fall-2022\/","url":"https:\/\/crta.rs\/en\/opininon-poll-political-attitudes-of-citizens-of-serbia-fall-2022\/","name":"Opinion poll: Political attitudes of citizens of Serbia - fall 2022 - CRTA","isPartOf":{"@id":"https:\/\/crta.rs\/en\/#website"},"primaryImageOfPage":{"@id":"https:\/\/crta.rs\/en\/opininon-poll-political-attitudes-of-citizens-of-serbia-fall-2022\/#primaryimage"},"image":{"@id":"https:\/\/crta.rs\/en\/opininon-poll-political-attitudes-of-citizens-of-serbia-fall-2022\/#primaryimage"},"thumbnailUrl":"https:\/\/crta.rs\/wp-content\/uploads\/2022\/12\/Political-Attitudes-of-citizens-of-Serbia_fall-2022-image.png","datePublished":"2022-12-13T10:26:42+00:00","dateModified":"2023-01-31T10:23:28+00:00","author":{"@id":"https:\/\/crta.rs\/en\/#\/schema\/person\/0cc37dbc4cb7d35b32379de6f98e1c7f"},"breadcrumb":{"@id":"https:\/\/crta.rs\/en\/opininon-poll-political-attitudes-of-citizens-of-serbia-fall-2022\/#breadcrumb"},"inLanguage":"en-US","potentialAction":[{"@type":"ReadAction","target":["https:\/\/crta.rs\/en\/opininon-poll-political-attitudes-of-citizens-of-serbia-fall-2022\/"]}]},{"@type":"ImageObject","inLanguage":"en-US","@id":"https:\/\/crta.rs\/en\/opininon-poll-political-attitudes-of-citizens-of-serbia-fall-2022\/#primaryimage","url":"https:\/\/crta.rs\/wp-content\/uploads\/2022\/12\/Political-Attitudes-of-citizens-of-Serbia_fall-2022-image.png","contentUrl":"https:\/\/crta.rs\/wp-content\/uploads\/2022\/12\/Political-Attitudes-of-citizens-of-Serbia_fall-2022-image.png","width":613,"height":859},{"@type":"BreadcrumbList","@id":"https:\/\/crta.rs\/en\/opininon-poll-political-attitudes-of-citizens-of-serbia-fall-2022\/#breadcrumb","itemListElement":[{"@type":"ListItem","position":1,"name":"Home","item":"https:\/\/crta.rs\/en\/"},{"@type":"ListItem","position":2,"name":"Publications","item":"https:\/\/crta.rs\/en\/category\/publication-en\/"},{"@type":"ListItem","position":3,"name":"Opinion poll: Political attitudes of citizens of Serbia &#8211; fall 2022"}]},{"@type":"WebSite","@id":"https:\/\/crta.rs\/en\/#website","url":"https:\/\/crta.rs\/en\/","name":"CRTA","description":"Mi smo grupa aktivista i novinara koja zajedno sa gra\u0111anima uti\u010de na pove\u0107anje odgovornosti institucija i javnih funkcionera kroz pra\u0107enje i kontrolu njihovog rada.","potentialAction":[{"@type":"SearchAction","target":{"@type":"EntryPoint","urlTemplate":"https:\/\/crta.rs\/en\/?s={search_term_string}"},"query-input":{"@type":"PropertyValueSpecification","valueRequired":true,"valueName":"search_term_string"}}],"inLanguage":"en-US"},{"@type":"Person","@id":"https:\/\/crta.rs\/en\/#\/schema\/person\/0cc37dbc4cb7d35b32379de6f98e1c7f","name":"milica","url":"https:\/\/crta.rs\/en\/author\/milica\/"}]}},"_links":{"self":[{"href":"https:\/\/crta.rs\/en\/wp-json\/wp\/v2\/posts\/34267","targetHints":{"allow":["GET"]}}],"collection":[{"href":"https:\/\/crta.rs\/en\/wp-json\/wp\/v2\/posts"}],"about":[{"href":"https:\/\/crta.rs\/en\/wp-json\/wp\/v2\/types\/post"}],"author":[{"embeddable":true,"href":"https:\/\/crta.rs\/en\/wp-json\/wp\/v2\/users\/3"}],"replies":[{"embeddable":true,"href":"https:\/\/crta.rs\/en\/wp-json\/wp\/v2\/comments?post=34267"}],"version-history":[{"count":6,"href":"https:\/\/crta.rs\/en\/wp-json\/wp\/v2\/posts\/34267\/revisions"}],"predecessor-version":[{"id":34894,"href":"https:\/\/crta.rs\/en\/wp-json\/wp\/v2\/posts\/34267\/revisions\/34894"}],"wp:featuredmedia":[{"embeddable":true,"href":"https:\/\/crta.rs\/en\/wp-json\/wp\/v2\/media\/34268"}],"wp:attachment":[{"href":"https:\/\/crta.rs\/en\/wp-json\/wp\/v2\/media?parent=34267"}],"wp:term":[{"taxonomy":"category","embeddable":true,"href":"https:\/\/crta.rs\/en\/wp-json\/wp\/v2\/categories?post=34267"},{"taxonomy":"post_tag","embeddable":true,"href":"https:\/\/crta.rs\/en\/wp-json\/wp\/v2\/tags?post=34267"}],"curies":[{"name":"wp","href":"https:\/\/api.w.org\/{rel}","templated":true}]}}