{"id":33800,"date":"2022-11-22T15:22:19","date_gmt":"2022-11-22T14:22:19","guid":{"rendered":"https:\/\/crta.rs\/?p=33800"},"modified":"2023-01-09T10:08:54","modified_gmt":"2023-01-09T09:08:54","slug":"serbia-eu-ukraine-research","status":"publish","type":"post","link":"https:\/\/crta.rs\/en\/serbia-eu-ukraine-research\/","title":{"rendered":"Indifference towards EU; concern about the war in Ukraine"},"content":{"rendered":"<p><span style=\"font-weight: 400;\">The citizens of Serbia are less and less interested in Serbia&#8217;s future in the EU, while the attitude towards the war in Ukraine shifts. These are the results of CRTA\u2019s field research of <a href=\"https:\/\/crta.rs\/en\/opininon-poll-political-attitudes-of-citizens-of-serbia-fall-2022\/\">public opinion<\/a>, done from September 24th to October 3rd.\u00a0<\/span><\/p>\n<p><span style=\"font-weight: 400;\">More than a third of citizens (36%) would be indifferent towards accession to the EU, while 28% would be glad, and 33% would be concerned. An even bigger percentage, 43%, would be indifferent towards rupture of EU accession negotiations.<\/span><\/p>\n<p>&nbsp;<\/p>\n<p><iframe loading=\"lazy\" class=\"wp-embedded-content\" sandbox=\"allow-scripts\" security=\"restricted\" title=\"Interactive or visual content\" src=\"https:\/\/flo.uri.sh\/visualisation\/11911862\/embed#?secret=VvPsbmX5gK\" data-secret=\"VvPsbmX5gK\" frameborder=\"0\" scrolling=\"no\" height=\"575\" width=\"500\"><\/iframe><\/p>\n<p>&nbsp;<\/p>\n<p><span style=\"font-weight: 400;\">This is concerning because of the discrepancy between these and the findings from May this year, when the last public opinion poll was done. There is a noticeable rise of indifference towards EU integration. Data from this research should be observed through the lens of the media ambience in the country &#8211; most of the citizens use pro-government media outlets to keep informed about the socio-political situation. According to CRTA\u2019s findings, anti-western narratives dominate these media.\u00a0<\/span><\/p>\n<p>&nbsp;<\/p>\n<p><iframe loading=\"lazy\" class=\"wp-embedded-content\" sandbox=\"allow-scripts\" security=\"restricted\" title=\"Interactive or visual content\" src=\"https:\/\/flo.uri.sh\/visualisation\/11910183\/embed#?secret=yT3VqWn55G\" data-secret=\"yT3VqWn55G\" frameborder=\"0\" scrolling=\"no\" height=\"575\" width=\"500\"><\/iframe><\/p>\n<p>&nbsp;<\/p>\n<p><span style=\"font-weight: 400;\">Citizens are worried that they will suffer even greater consequences of the war in Ukraine; as much as 93% are expecting that the winter will bring a new surge in grocery prices, as well as an increase in electricity and fuel prices. Almost two-thirds are fearing power cuts and lack of heating. Socio-economic situation is the greatest source of concern for most of the citizens (43%). According to 39% of the citizens, Serbia is going down a bad road, while 33% believe that our country is on the right path.<\/span><\/p>\n<p>&nbsp;<\/p>\n<p><iframe loading=\"lazy\" class=\"wp-embedded-content\" sandbox=\"allow-scripts\" security=\"restricted\" title=\"Interactive or visual content\" src=\"https:\/\/flo.uri.sh\/visualisation\/11911935\/embed#?secret=NaArKhvvXE\" data-secret=\"NaArKhvvXE\" frameborder=\"0\" scrolling=\"no\" height=\"575\" width=\"500\"><\/iframe><\/p>\n<p>&nbsp;<\/p>\n<p><span style=\"font-weight: 400;\">Research also shows that the majority of Serbia\u2019s citizens (64%) believe that the West, composed of the USA, NATO and the EU, is the most responsible for the war in Ukraine. As much as 71% of citizens believe that the West is pressuring Serbia to turn its back to Russia, and a bit more than a quarter (27%) that Russia is pressuring us to leave the EU path. Also, 61% of the citizens are of the opinion that our country needs to preserve good relations with Russia, even if that means giving up the EU.<\/span><\/p>\n<p><span style=\"font-weight: 400;\">Nonetheless, there is a visible change in the public opinion about the war in Ukraine, compared to the first months of the invasion. More than half of the citizens (58%) said that they are leaning towards Russia in this conflict, while a fifth (22%) chooses Ukraine. Support for Ukraine grew in 10% compared to May 2022, when it was at a mere 12%, while the support for Russia remains stagnant. There is a mild increase of those that are pro imposing sanctions on Russia &#8211; this idea is now supported by every fifth citizen.<\/span><\/p>\n<p>&nbsp;<\/p>\n<p><iframe loading=\"lazy\" class=\"wp-embedded-content\" sandbox=\"allow-scripts\" security=\"restricted\" title=\"Interactive or visual content\" src=\"https:\/\/flo.uri.sh\/visualisation\/11910089\/embed#?secret=3cATl0joDI\" data-secret=\"3cATl0joDI\" frameborder=\"0\" scrolling=\"no\" height=\"575\" width=\"500\"><\/iframe><\/p>\n<p><span style=\"font-weight: 400;\">This research in whole in English can be found <a href=\"https:\/\/crta.rs\/en\/opininon-poll-political-attitudes-of-citizens-of-serbia-fall-2022\/\"><strong>here.<\/strong><\/a><\/span><\/p>\n","protected":false},"excerpt":{"rendered":"<p>The citizens of Serbia are less and less interested in Serbia&#8217;s future in the EU, while the attitude towards the war in Ukraine shifts. These are the results of CRTA\u2019s field research of public opinion, done from September 24th to October 3rd.\u00a0More than a third of citizens (36%) would be indifferent towards accession to the EU, while 28% would be glad, and 33% would be concerned. An even bigger percentage, 43%, would be indifferent towards rupture of EU accession negotiations.<\/p>\n","protected":false},"author":18,"featured_media":33780,"comment_status":"closed","ping_status":"open","sticky":false,"template":"","format":"standard","meta":{"_acf_changed":false,"footnotes":"","_links_to":"","_links_to_target":""},"categories":[218],"tags":[892,894,890,76,893,891],"class_list":["post-33800","post","type-post","status-publish","format-standard","has-post-thumbnail","hentry","category-latest-en","tag-attitudes","tag-eu-en","tag-public-opinion","tag-research","tag-reserach-en","tag-ukraine","ciTrackContent"],"acf":[],"yoast_head":"<!-- This site is optimized with the Yoast SEO plugin v27.4 - https:\/\/yoast.com\/product\/yoast-seo-wordpress\/ -->\n<title>Indifference towards EU; concern about the war in Ukraine<\/title>\n<meta name=\"description\" content=\"Citizens of Serbia are less and less interested in Serbia&#039;s future in the EU, the attitude towards the war in Ukraine shifts, research shows.\" \/>\n<meta name=\"robots\" content=\"index, follow, max-snippet:-1, max-image-preview:large, max-video-preview:-1\" \/>\n<link rel=\"canonical\" href=\"https:\/\/crta.rs\/en\/serbia-eu-ukraine-research\/\" \/>\n<meta property=\"og:locale\" content=\"en_US\" \/>\n<meta property=\"og:type\" content=\"article\" \/>\n<meta property=\"og:title\" content=\"Indifference towards EU; concern about the war in Ukraine\" \/>\n<meta property=\"og:description\" content=\"Citizens of Serbia are less and less interested in Serbia&#039;s future in the EU, the attitude towards the war in Ukraine shifts, research shows.\" \/>\n<meta property=\"og:url\" content=\"https:\/\/crta.rs\/en\/serbia-eu-ukraine-research\/\" \/>\n<meta property=\"og:site_name\" content=\"CRTA\" \/>\n<meta property=\"article:publisher\" content=\"https:\/\/www.facebook.com\/CRTArs\/\" \/>\n<meta property=\"article:published_time\" content=\"2022-11-22T14:22:19+00:00\" \/>\n<meta property=\"article:modified_time\" content=\"2023-01-09T09:08:54+00:00\" \/>\n<meta property=\"og:image\" content=\"https:\/\/crta.rs\/wp-content\/uploads\/2022\/11\/Audit-2022-Naslovna_za-sajt.png\" \/>\n\t<meta property=\"og:image:width\" content=\"1008\" \/>\n\t<meta property=\"og:image:height\" content=\"567\" \/>\n\t<meta property=\"og:image:type\" content=\"image\/png\" \/>\n<meta name=\"author\" content=\"Branislav Grkovi\u0107\" \/>\n<meta name=\"twitter:card\" content=\"summary_large_image\" \/>\n<meta name=\"twitter:label1\" content=\"Written by\" \/>\n\t<meta name=\"twitter:data1\" content=\"Branislav Grkovi\u0107\" \/>\n\t<meta name=\"twitter:label2\" content=\"Est. reading time\" \/>\n\t<meta name=\"twitter:data2\" content=\"3 minutes\" \/>\n<script type=\"application\/ld+json\" class=\"yoast-schema-graph\">{\"@context\":\"https:\\\/\\\/schema.org\",\"@graph\":[{\"@type\":\"Article\",\"@id\":\"https:\\\/\\\/crta.rs\\\/en\\\/serbia-eu-ukraine-research\\\/#article\",\"isPartOf\":{\"@id\":\"https:\\\/\\\/crta.rs\\\/en\\\/serbia-eu-ukraine-research\\\/\"},\"author\":{\"name\":\"Branislav Grkovi\u0107\",\"@id\":\"https:\\\/\\\/crta.rs\\\/en\\\/#\\\/schema\\\/person\\\/a6e5fa47eb46bc71075c0ef78ce03f28\"},\"headline\":\"Indifference towards EU; concern about the war in Ukraine\",\"datePublished\":\"2022-11-22T14:22:19+00:00\",\"dateModified\":\"2023-01-09T09:08:54+00:00\",\"mainEntityOfPage\":{\"@id\":\"https:\\\/\\\/crta.rs\\\/en\\\/serbia-eu-ukraine-research\\\/\"},\"wordCount\":469,\"image\":{\"@id\":\"https:\\\/\\\/crta.rs\\\/en\\\/serbia-eu-ukraine-research\\\/#primaryimage\"},\"thumbnailUrl\":\"https:\\\/\\\/crta.rs\\\/wp-content\\\/uploads\\\/2022\\\/11\\\/Audit-2022-Naslovna_za-sajt.png\",\"keywords\":[\"attitudes\",\"eu\",\"public opinion\",\"research\",\"reserach\",\"Ukraine\"],\"articleSection\":[\"Latest\"],\"inLanguage\":\"en-US\"},{\"@type\":\"WebPage\",\"@id\":\"https:\\\/\\\/crta.rs\\\/en\\\/serbia-eu-ukraine-research\\\/\",\"url\":\"https:\\\/\\\/crta.rs\\\/en\\\/serbia-eu-ukraine-research\\\/\",\"name\":\"Indifference towards EU; concern about the war in Ukraine\",\"isPartOf\":{\"@id\":\"https:\\\/\\\/crta.rs\\\/en\\\/#website\"},\"primaryImageOfPage\":{\"@id\":\"https:\\\/\\\/crta.rs\\\/en\\\/serbia-eu-ukraine-research\\\/#primaryimage\"},\"image\":{\"@id\":\"https:\\\/\\\/crta.rs\\\/en\\\/serbia-eu-ukraine-research\\\/#primaryimage\"},\"thumbnailUrl\":\"https:\\\/\\\/crta.rs\\\/wp-content\\\/uploads\\\/2022\\\/11\\\/Audit-2022-Naslovna_za-sajt.png\",\"datePublished\":\"2022-11-22T14:22:19+00:00\",\"dateModified\":\"2023-01-09T09:08:54+00:00\",\"author\":{\"@id\":\"https:\\\/\\\/crta.rs\\\/en\\\/#\\\/schema\\\/person\\\/a6e5fa47eb46bc71075c0ef78ce03f28\"},\"description\":\"Citizens of Serbia are less and less interested in Serbia's future in the EU, the attitude towards the war in Ukraine shifts, research shows.\",\"breadcrumb\":{\"@id\":\"https:\\\/\\\/crta.rs\\\/en\\\/serbia-eu-ukraine-research\\\/#breadcrumb\"},\"inLanguage\":\"en-US\",\"potentialAction\":[{\"@type\":\"ReadAction\",\"target\":[\"https:\\\/\\\/crta.rs\\\/en\\\/serbia-eu-ukraine-research\\\/\"]}]},{\"@type\":\"ImageObject\",\"inLanguage\":\"en-US\",\"@id\":\"https:\\\/\\\/crta.rs\\\/en\\\/serbia-eu-ukraine-research\\\/#primaryimage\",\"url\":\"https:\\\/\\\/crta.rs\\\/wp-content\\\/uploads\\\/2022\\\/11\\\/Audit-2022-Naslovna_za-sajt.png\",\"contentUrl\":\"https:\\\/\\\/crta.rs\\\/wp-content\\\/uploads\\\/2022\\\/11\\\/Audit-2022-Naslovna_za-sajt.png\",\"width\":1008,\"height\":567,\"caption\":\"Istra\u017eivanje-demokratija-izbori ilustracija\"},{\"@type\":\"BreadcrumbList\",\"@id\":\"https:\\\/\\\/crta.rs\\\/en\\\/serbia-eu-ukraine-research\\\/#breadcrumb\",\"itemListElement\":[{\"@type\":\"ListItem\",\"position\":1,\"name\":\"Home\",\"item\":\"https:\\\/\\\/crta.rs\\\/en\\\/\"},{\"@type\":\"ListItem\",\"position\":2,\"name\":\"Latest\",\"item\":\"https:\\\/\\\/crta.rs\\\/en\\\/category\\\/latest-en\\\/\"},{\"@type\":\"ListItem\",\"position\":3,\"name\":\"Indifference towards EU; concern about the war in Ukraine\"}]},{\"@type\":\"WebSite\",\"@id\":\"https:\\\/\\\/crta.rs\\\/en\\\/#website\",\"url\":\"https:\\\/\\\/crta.rs\\\/en\\\/\",\"name\":\"CRTA\",\"description\":\"Mi smo grupa aktivista i novinara koja zajedno sa gra\u0111anima uti\u010de na pove\u0107anje odgovornosti institucija i javnih funkcionera kroz pra\u0107enje i kontrolu njihovog rada.\",\"potentialAction\":[{\"@type\":\"SearchAction\",\"target\":{\"@type\":\"EntryPoint\",\"urlTemplate\":\"https:\\\/\\\/crta.rs\\\/en\\\/?s={search_term_string}\"},\"query-input\":{\"@type\":\"PropertyValueSpecification\",\"valueRequired\":true,\"valueName\":\"search_term_string\"}}],\"inLanguage\":\"en-US\"},{\"@type\":\"Person\",\"@id\":\"https:\\\/\\\/crta.rs\\\/en\\\/#\\\/schema\\\/person\\\/a6e5fa47eb46bc71075c0ef78ce03f28\",\"name\":\"Branislav Grkovi\u0107\",\"url\":\"https:\\\/\\\/crta.rs\\\/en\\\/author\\\/branislav\\\/\"}]}<\/script>\n<!-- \/ Yoast SEO plugin. -->","yoast_head_json":{"title":"Indifference towards EU; concern about the war in Ukraine","description":"Citizens of Serbia are less and less interested in Serbia's future in the EU, the attitude towards the war in Ukraine shifts, research shows.","robots":{"index":"index","follow":"follow","max-snippet":"max-snippet:-1","max-image-preview":"max-image-preview:large","max-video-preview":"max-video-preview:-1"},"canonical":"https:\/\/crta.rs\/en\/serbia-eu-ukraine-research\/","og_locale":"en_US","og_type":"article","og_title":"Indifference towards EU; concern about the war in Ukraine","og_description":"Citizens of Serbia are less and less interested in Serbia's future in the EU, the attitude towards the war in Ukraine shifts, research shows.","og_url":"https:\/\/crta.rs\/en\/serbia-eu-ukraine-research\/","og_site_name":"CRTA","article_publisher":"https:\/\/www.facebook.com\/CRTArs\/","article_published_time":"2022-11-22T14:22:19+00:00","article_modified_time":"2023-01-09T09:08:54+00:00","og_image":[{"width":1008,"height":567,"url":"https:\/\/crta.rs\/wp-content\/uploads\/2022\/11\/Audit-2022-Naslovna_za-sajt.png","type":"image\/png"}],"author":"Branislav Grkovi\u0107","twitter_card":"summary_large_image","twitter_misc":{"Written by":"Branislav Grkovi\u0107","Est. reading time":"3 minutes"},"schema":{"@context":"https:\/\/schema.org","@graph":[{"@type":"Article","@id":"https:\/\/crta.rs\/en\/serbia-eu-ukraine-research\/#article","isPartOf":{"@id":"https:\/\/crta.rs\/en\/serbia-eu-ukraine-research\/"},"author":{"name":"Branislav Grkovi\u0107","@id":"https:\/\/crta.rs\/en\/#\/schema\/person\/a6e5fa47eb46bc71075c0ef78ce03f28"},"headline":"Indifference towards EU; concern about the war in Ukraine","datePublished":"2022-11-22T14:22:19+00:00","dateModified":"2023-01-09T09:08:54+00:00","mainEntityOfPage":{"@id":"https:\/\/crta.rs\/en\/serbia-eu-ukraine-research\/"},"wordCount":469,"image":{"@id":"https:\/\/crta.rs\/en\/serbia-eu-ukraine-research\/#primaryimage"},"thumbnailUrl":"https:\/\/crta.rs\/wp-content\/uploads\/2022\/11\/Audit-2022-Naslovna_za-sajt.png","keywords":["attitudes","eu","public opinion","research","reserach","Ukraine"],"articleSection":["Latest"],"inLanguage":"en-US"},{"@type":"WebPage","@id":"https:\/\/crta.rs\/en\/serbia-eu-ukraine-research\/","url":"https:\/\/crta.rs\/en\/serbia-eu-ukraine-research\/","name":"Indifference towards EU; concern about the war in Ukraine","isPartOf":{"@id":"https:\/\/crta.rs\/en\/#website"},"primaryImageOfPage":{"@id":"https:\/\/crta.rs\/en\/serbia-eu-ukraine-research\/#primaryimage"},"image":{"@id":"https:\/\/crta.rs\/en\/serbia-eu-ukraine-research\/#primaryimage"},"thumbnailUrl":"https:\/\/crta.rs\/wp-content\/uploads\/2022\/11\/Audit-2022-Naslovna_za-sajt.png","datePublished":"2022-11-22T14:22:19+00:00","dateModified":"2023-01-09T09:08:54+00:00","author":{"@id":"https:\/\/crta.rs\/en\/#\/schema\/person\/a6e5fa47eb46bc71075c0ef78ce03f28"},"description":"Citizens of Serbia are less and less interested in Serbia's future in the EU, the attitude towards the war in Ukraine shifts, research shows.","breadcrumb":{"@id":"https:\/\/crta.rs\/en\/serbia-eu-ukraine-research\/#breadcrumb"},"inLanguage":"en-US","potentialAction":[{"@type":"ReadAction","target":["https:\/\/crta.rs\/en\/serbia-eu-ukraine-research\/"]}]},{"@type":"ImageObject","inLanguage":"en-US","@id":"https:\/\/crta.rs\/en\/serbia-eu-ukraine-research\/#primaryimage","url":"https:\/\/crta.rs\/wp-content\/uploads\/2022\/11\/Audit-2022-Naslovna_za-sajt.png","contentUrl":"https:\/\/crta.rs\/wp-content\/uploads\/2022\/11\/Audit-2022-Naslovna_za-sajt.png","width":1008,"height":567,"caption":"Istra\u017eivanje-demokratija-izbori ilustracija"},{"@type":"BreadcrumbList","@id":"https:\/\/crta.rs\/en\/serbia-eu-ukraine-research\/#breadcrumb","itemListElement":[{"@type":"ListItem","position":1,"name":"Home","item":"https:\/\/crta.rs\/en\/"},{"@type":"ListItem","position":2,"name":"Latest","item":"https:\/\/crta.rs\/en\/category\/latest-en\/"},{"@type":"ListItem","position":3,"name":"Indifference towards EU; concern about the war in Ukraine"}]},{"@type":"WebSite","@id":"https:\/\/crta.rs\/en\/#website","url":"https:\/\/crta.rs\/en\/","name":"CRTA","description":"Mi smo grupa aktivista i novinara koja zajedno sa gra\u0111anima uti\u010de na pove\u0107anje odgovornosti institucija i javnih funkcionera kroz pra\u0107enje i kontrolu njihovog rada.","potentialAction":[{"@type":"SearchAction","target":{"@type":"EntryPoint","urlTemplate":"https:\/\/crta.rs\/en\/?s={search_term_string}"},"query-input":{"@type":"PropertyValueSpecification","valueRequired":true,"valueName":"search_term_string"}}],"inLanguage":"en-US"},{"@type":"Person","@id":"https:\/\/crta.rs\/en\/#\/schema\/person\/a6e5fa47eb46bc71075c0ef78ce03f28","name":"Branislav Grkovi\u0107","url":"https:\/\/crta.rs\/en\/author\/branislav\/"}]}},"_links":{"self":[{"href":"https:\/\/crta.rs\/en\/wp-json\/wp\/v2\/posts\/33800","targetHints":{"allow":["GET"]}}],"collection":[{"href":"https:\/\/crta.rs\/en\/wp-json\/wp\/v2\/posts"}],"about":[{"href":"https:\/\/crta.rs\/en\/wp-json\/wp\/v2\/types\/post"}],"author":[{"embeddable":true,"href":"https:\/\/crta.rs\/en\/wp-json\/wp\/v2\/users\/18"}],"replies":[{"embeddable":true,"href":"https:\/\/crta.rs\/en\/wp-json\/wp\/v2\/comments?post=33800"}],"version-history":[{"count":11,"href":"https:\/\/crta.rs\/en\/wp-json\/wp\/v2\/posts\/33800\/revisions"}],"predecessor-version":[{"id":34666,"href":"https:\/\/crta.rs\/en\/wp-json\/wp\/v2\/posts\/33800\/revisions\/34666"}],"wp:featuredmedia":[{"embeddable":true,"href":"https:\/\/crta.rs\/en\/wp-json\/wp\/v2\/media\/33780"}],"wp:attachment":[{"href":"https:\/\/crta.rs\/en\/wp-json\/wp\/v2\/media?parent=33800"}],"wp:term":[{"taxonomy":"category","embeddable":true,"href":"https:\/\/crta.rs\/en\/wp-json\/wp\/v2\/categories?post=33800"},{"taxonomy":"post_tag","embeddable":true,"href":"https:\/\/crta.rs\/en\/wp-json\/wp\/v2\/tags?post=33800"}],"curies":[{"name":"wp","href":"https:\/\/api.w.org\/{rel}","templated":true}]}}