{"id":30639,"date":"2022-04-29T14:33:59","date_gmt":"2022-04-29T12:33:59","guid":{"rendered":"https:\/\/crta.rs\/?p=30639"},"modified":"2022-04-29T14:34:15","modified_gmt":"2022-04-29T12:34:15","slug":"comparison-how-citizens-of-serbia-and-belgrade-voted-in-the-presidential-and-parliamentary-elections","status":"publish","type":"post","link":"https:\/\/crta.rs\/en\/comparison-how-citizens-of-serbia-and-belgrade-voted-in-the-presidential-and-parliamentary-elections\/","title":{"rendered":"Comparison: How citizens of Serbia and Belgrade voted in the presidential and parliamentary elections?"},"content":{"rendered":"<p><span style=\"font-weight: 400;\">CRTA\u2019s Observation Mission monitored the parliamentary, presidential, and elections for members of the Belgrade City Assembly on the basis of two representative and random samples of 500 polling stations in Serbia and 450 in Belgrade.<\/span><\/p>\n<p><span style=\"font-weight: 400;\">These two representative and random samples enable us to compare the voters\u2019 electoral will in the presidential and parliamentary elections at the level of the entire territory of Serbia and at the level of Belgrade.<\/span><\/p>\n<p><span style=\"font-weight: 400;\">Based on the results collected from both polling station samples, the margin of error for two leading electoral lists, i.e. candidates, is in the range of 1 to 1.5 percent, while the margin of error for the remaining electoral lists \/ candidates is less than 0.5 percent.<\/span><\/p>\n<p><img loading=\"lazy\" decoding=\"async\" class=\"aligncenter size-full wp-image-30642\" src=\"https:\/\/crta.rs\/wp-content\/uploads\/2022\/04\/PREDSDENICKI-srb-bg-engleski.png\" alt=\"\" width=\"970\" height=\"1372\" srcset=\"https:\/\/crta.rs\/wp-content\/uploads\/2022\/04\/PREDSDENICKI-srb-bg-engleski.png 970w, https:\/\/crta.rs\/wp-content\/uploads\/2022\/04\/PREDSDENICKI-srb-bg-engleski-600x849.png 600w, https:\/\/crta.rs\/wp-content\/uploads\/2022\/04\/PREDSDENICKI-srb-bg-engleski-212x300.png 212w, https:\/\/crta.rs\/wp-content\/uploads\/2022\/04\/PREDSDENICKI-srb-bg-engleski-724x1024.png 724w, https:\/\/crta.rs\/wp-content\/uploads\/2022\/04\/PREDSDENICKI-srb-bg-engleski-768x1086.png 768w, https:\/\/crta.rs\/wp-content\/uploads\/2022\/04\/PREDSDENICKI-srb-bg-engleski-353x500.png 353w\" sizes=\"auto, (max-width: 970px) 100vw, 970px\" \/> <img loading=\"lazy\" decoding=\"async\" class=\"aligncenter size-full wp-image-30640\" src=\"https:\/\/crta.rs\/wp-content\/uploads\/2022\/04\/PARLAMENTARNI-srb-bg-engleski.png\" alt=\"\" width=\"970\" height=\"1372\" srcset=\"https:\/\/crta.rs\/wp-content\/uploads\/2022\/04\/PARLAMENTARNI-srb-bg-engleski.png 970w, https:\/\/crta.rs\/wp-content\/uploads\/2022\/04\/PARLAMENTARNI-srb-bg-engleski-600x849.png 600w, https:\/\/crta.rs\/wp-content\/uploads\/2022\/04\/PARLAMENTARNI-srb-bg-engleski-212x300.png 212w, https:\/\/crta.rs\/wp-content\/uploads\/2022\/04\/PARLAMENTARNI-srb-bg-engleski-724x1024.png 724w, https:\/\/crta.rs\/wp-content\/uploads\/2022\/04\/PARLAMENTARNI-srb-bg-engleski-768x1086.png 768w, https:\/\/crta.rs\/wp-content\/uploads\/2022\/04\/PARLAMENTARNI-srb-bg-engleski-353x500.png 353w\" sizes=\"auto, (max-width: 970px) 100vw, 970px\" \/><\/p>\n<p>&nbsp;<\/p>\n","protected":false},"excerpt":{"rendered":"<p>CRTA\u2019s Observation Mission monitored the parliamentary, presidential, and elections for members of the Belgrade City Assembly on the basis of two representative and random samples of 500 polling stations in Serbia and 450 in Belgrade.<\/p>\n","protected":false},"author":18,"featured_media":29861,"comment_status":"closed","ping_status":"open","sticky":false,"template":"","format":"standard","meta":{"_acf_changed":false,"footnotes":"","_links_to":"","_links_to_target":""},"categories":[218,681],"tags":[],"class_list":["post-30639","post","type-post","status-publish","format-standard","has-post-thumbnail","hentry","category-latest-en","category-news","ciTrackContent"],"acf":[],"yoast_head":"<!-- This site is optimized with the Yoast SEO plugin v27.4 - https:\/\/yoast.com\/product\/yoast-seo-wordpress\/ -->\n<title>Comparison: How citizens of Serbia and Belgrade voted in the presidential and parliamentary elections? - CRTA<\/title>\n<meta name=\"robots\" content=\"index, follow, max-snippet:-1, max-image-preview:large, max-video-preview:-1\" \/>\n<link rel=\"canonical\" href=\"https:\/\/crta.rs\/en\/comparison-how-citizens-of-serbia-and-belgrade-voted-in-the-presidential-and-parliamentary-elections\/\" \/>\n<meta property=\"og:locale\" content=\"en_US\" \/>\n<meta property=\"og:type\" content=\"article\" \/>\n<meta property=\"og:title\" content=\"Comparison: How citizens of Serbia and Belgrade voted in the presidential and parliamentary elections? - CRTA\" \/>\n<meta property=\"og:description\" content=\"CRTA\u2019s Observation Mission monitored the parliamentary, presidential, and elections for members of the Belgrade City Assembly on the basis of two representative and random samples of 500 polling stations in Serbia and 450 in Belgrade.\" \/>\n<meta property=\"og:url\" content=\"https:\/\/crta.rs\/en\/comparison-how-citizens-of-serbia-and-belgrade-voted-in-the-presidential-and-parliamentary-elections\/\" \/>\n<meta property=\"og:site_name\" content=\"CRTA\" \/>\n<meta property=\"article:publisher\" content=\"https:\/\/www.facebook.com\/CRTArs\/\" \/>\n<meta property=\"article:published_time\" content=\"2022-04-29T12:33:59+00:00\" \/>\n<meta property=\"article:modified_time\" content=\"2022-04-29T12:34:15+00:00\" \/>\n<meta property=\"og:image\" content=\"https:\/\/crta.rs\/wp-content\/uploads\/2022\/03\/izbori-2022-engleski-aktuelno.png\" \/>\n\t<meta property=\"og:image:width\" content=\"940\" \/>\n\t<meta property=\"og:image:height\" content=\"469\" \/>\n\t<meta property=\"og:image:type\" content=\"image\/png\" \/>\n<meta name=\"author\" content=\"Branislav Grkovi\u0107\" \/>\n<meta name=\"twitter:card\" content=\"summary_large_image\" \/>\n<meta name=\"twitter:label1\" content=\"Written by\" \/>\n\t<meta name=\"twitter:data1\" content=\"Branislav Grkovi\u0107\" \/>\n\t<meta name=\"twitter:label2\" content=\"Est. reading time\" \/>\n\t<meta name=\"twitter:data2\" content=\"2 minutes\" \/>\n<script type=\"application\/ld+json\" class=\"yoast-schema-graph\">{\"@context\":\"https:\\\/\\\/schema.org\",\"@graph\":[{\"@type\":\"Article\",\"@id\":\"https:\\\/\\\/crta.rs\\\/en\\\/comparison-how-citizens-of-serbia-and-belgrade-voted-in-the-presidential-and-parliamentary-elections\\\/#article\",\"isPartOf\":{\"@id\":\"https:\\\/\\\/crta.rs\\\/en\\\/comparison-how-citizens-of-serbia-and-belgrade-voted-in-the-presidential-and-parliamentary-elections\\\/\"},\"author\":{\"name\":\"Branislav Grkovi\u0107\",\"@id\":\"https:\\\/\\\/crta.rs\\\/en\\\/#\\\/schema\\\/person\\\/a6e5fa47eb46bc71075c0ef78ce03f28\"},\"headline\":\"Comparison: How citizens of Serbia and Belgrade voted in the presidential and parliamentary elections?\",\"datePublished\":\"2022-04-29T12:33:59+00:00\",\"dateModified\":\"2022-04-29T12:34:15+00:00\",\"mainEntityOfPage\":{\"@id\":\"https:\\\/\\\/crta.rs\\\/en\\\/comparison-how-citizens-of-serbia-and-belgrade-voted-in-the-presidential-and-parliamentary-elections\\\/\"},\"wordCount\":128,\"image\":{\"@id\":\"https:\\\/\\\/crta.rs\\\/en\\\/comparison-how-citizens-of-serbia-and-belgrade-voted-in-the-presidential-and-parliamentary-elections\\\/#primaryimage\"},\"thumbnailUrl\":\"https:\\\/\\\/crta.rs\\\/wp-content\\\/uploads\\\/2022\\\/03\\\/izbori-2022-engleski-aktuelno.png\",\"articleSection\":[\"Latest\",\"News\"],\"inLanguage\":\"en-US\"},{\"@type\":\"WebPage\",\"@id\":\"https:\\\/\\\/crta.rs\\\/en\\\/comparison-how-citizens-of-serbia-and-belgrade-voted-in-the-presidential-and-parliamentary-elections\\\/\",\"url\":\"https:\\\/\\\/crta.rs\\\/en\\\/comparison-how-citizens-of-serbia-and-belgrade-voted-in-the-presidential-and-parliamentary-elections\\\/\",\"name\":\"Comparison: How citizens of Serbia and Belgrade voted in the presidential and parliamentary elections? - CRTA\",\"isPartOf\":{\"@id\":\"https:\\\/\\\/crta.rs\\\/en\\\/#website\"},\"primaryImageOfPage\":{\"@id\":\"https:\\\/\\\/crta.rs\\\/en\\\/comparison-how-citizens-of-serbia-and-belgrade-voted-in-the-presidential-and-parliamentary-elections\\\/#primaryimage\"},\"image\":{\"@id\":\"https:\\\/\\\/crta.rs\\\/en\\\/comparison-how-citizens-of-serbia-and-belgrade-voted-in-the-presidential-and-parliamentary-elections\\\/#primaryimage\"},\"thumbnailUrl\":\"https:\\\/\\\/crta.rs\\\/wp-content\\\/uploads\\\/2022\\\/03\\\/izbori-2022-engleski-aktuelno.png\",\"datePublished\":\"2022-04-29T12:33:59+00:00\",\"dateModified\":\"2022-04-29T12:34:15+00:00\",\"author\":{\"@id\":\"https:\\\/\\\/crta.rs\\\/en\\\/#\\\/schema\\\/person\\\/a6e5fa47eb46bc71075c0ef78ce03f28\"},\"breadcrumb\":{\"@id\":\"https:\\\/\\\/crta.rs\\\/en\\\/comparison-how-citizens-of-serbia-and-belgrade-voted-in-the-presidential-and-parliamentary-elections\\\/#breadcrumb\"},\"inLanguage\":\"en-US\",\"potentialAction\":[{\"@type\":\"ReadAction\",\"target\":[\"https:\\\/\\\/crta.rs\\\/en\\\/comparison-how-citizens-of-serbia-and-belgrade-voted-in-the-presidential-and-parliamentary-elections\\\/\"]}]},{\"@type\":\"ImageObject\",\"inLanguage\":\"en-US\",\"@id\":\"https:\\\/\\\/crta.rs\\\/en\\\/comparison-how-citizens-of-serbia-and-belgrade-voted-in-the-presidential-and-parliamentary-elections\\\/#primaryimage\",\"url\":\"https:\\\/\\\/crta.rs\\\/wp-content\\\/uploads\\\/2022\\\/03\\\/izbori-2022-engleski-aktuelno.png\",\"contentUrl\":\"https:\\\/\\\/crta.rs\\\/wp-content\\\/uploads\\\/2022\\\/03\\\/izbori-2022-engleski-aktuelno.png\",\"width\":940,\"height\":469},{\"@type\":\"BreadcrumbList\",\"@id\":\"https:\\\/\\\/crta.rs\\\/en\\\/comparison-how-citizens-of-serbia-and-belgrade-voted-in-the-presidential-and-parliamentary-elections\\\/#breadcrumb\",\"itemListElement\":[{\"@type\":\"ListItem\",\"position\":1,\"name\":\"Home\",\"item\":\"https:\\\/\\\/crta.rs\\\/en\\\/\"},{\"@type\":\"ListItem\",\"position\":2,\"name\":\"News\",\"item\":\"https:\\\/\\\/crta.rs\\\/en\\\/category\\\/news\\\/\"},{\"@type\":\"ListItem\",\"position\":3,\"name\":\"Comparison: How citizens of Serbia and Belgrade voted in the presidential and parliamentary elections?\"}]},{\"@type\":\"WebSite\",\"@id\":\"https:\\\/\\\/crta.rs\\\/en\\\/#website\",\"url\":\"https:\\\/\\\/crta.rs\\\/en\\\/\",\"name\":\"CRTA\",\"description\":\"Mi smo grupa aktivista i novinara koja zajedno sa gra\u0111anima uti\u010de na pove\u0107anje odgovornosti institucija i javnih funkcionera kroz pra\u0107enje i kontrolu njihovog rada.\",\"potentialAction\":[{\"@type\":\"SearchAction\",\"target\":{\"@type\":\"EntryPoint\",\"urlTemplate\":\"https:\\\/\\\/crta.rs\\\/en\\\/?s={search_term_string}\"},\"query-input\":{\"@type\":\"PropertyValueSpecification\",\"valueRequired\":true,\"valueName\":\"search_term_string\"}}],\"inLanguage\":\"en-US\"},{\"@type\":\"Person\",\"@id\":\"https:\\\/\\\/crta.rs\\\/en\\\/#\\\/schema\\\/person\\\/a6e5fa47eb46bc71075c0ef78ce03f28\",\"name\":\"Branislav Grkovi\u0107\",\"url\":\"https:\\\/\\\/crta.rs\\\/en\\\/author\\\/branislav\\\/\"}]}<\/script>\n<!-- \/ Yoast SEO plugin. -->","yoast_head_json":{"title":"Comparison: How citizens of Serbia and Belgrade voted in the presidential and parliamentary elections? - CRTA","robots":{"index":"index","follow":"follow","max-snippet":"max-snippet:-1","max-image-preview":"max-image-preview:large","max-video-preview":"max-video-preview:-1"},"canonical":"https:\/\/crta.rs\/en\/comparison-how-citizens-of-serbia-and-belgrade-voted-in-the-presidential-and-parliamentary-elections\/","og_locale":"en_US","og_type":"article","og_title":"Comparison: How citizens of Serbia and Belgrade voted in the presidential and parliamentary elections? - CRTA","og_description":"CRTA\u2019s Observation Mission monitored the parliamentary, presidential, and elections for members of the Belgrade City Assembly on the basis of two representative and random samples of 500 polling stations in Serbia and 450 in Belgrade.","og_url":"https:\/\/crta.rs\/en\/comparison-how-citizens-of-serbia-and-belgrade-voted-in-the-presidential-and-parliamentary-elections\/","og_site_name":"CRTA","article_publisher":"https:\/\/www.facebook.com\/CRTArs\/","article_published_time":"2022-04-29T12:33:59+00:00","article_modified_time":"2022-04-29T12:34:15+00:00","og_image":[{"width":940,"height":469,"url":"https:\/\/crta.rs\/wp-content\/uploads\/2022\/03\/izbori-2022-engleski-aktuelno.png","type":"image\/png"}],"author":"Branislav Grkovi\u0107","twitter_card":"summary_large_image","twitter_misc":{"Written by":"Branislav Grkovi\u0107","Est. reading time":"2 minutes"},"schema":{"@context":"https:\/\/schema.org","@graph":[{"@type":"Article","@id":"https:\/\/crta.rs\/en\/comparison-how-citizens-of-serbia-and-belgrade-voted-in-the-presidential-and-parliamentary-elections\/#article","isPartOf":{"@id":"https:\/\/crta.rs\/en\/comparison-how-citizens-of-serbia-and-belgrade-voted-in-the-presidential-and-parliamentary-elections\/"},"author":{"name":"Branislav Grkovi\u0107","@id":"https:\/\/crta.rs\/en\/#\/schema\/person\/a6e5fa47eb46bc71075c0ef78ce03f28"},"headline":"Comparison: How citizens of Serbia and Belgrade voted in the presidential and parliamentary elections?","datePublished":"2022-04-29T12:33:59+00:00","dateModified":"2022-04-29T12:34:15+00:00","mainEntityOfPage":{"@id":"https:\/\/crta.rs\/en\/comparison-how-citizens-of-serbia-and-belgrade-voted-in-the-presidential-and-parliamentary-elections\/"},"wordCount":128,"image":{"@id":"https:\/\/crta.rs\/en\/comparison-how-citizens-of-serbia-and-belgrade-voted-in-the-presidential-and-parliamentary-elections\/#primaryimage"},"thumbnailUrl":"https:\/\/crta.rs\/wp-content\/uploads\/2022\/03\/izbori-2022-engleski-aktuelno.png","articleSection":["Latest","News"],"inLanguage":"en-US"},{"@type":"WebPage","@id":"https:\/\/crta.rs\/en\/comparison-how-citizens-of-serbia-and-belgrade-voted-in-the-presidential-and-parliamentary-elections\/","url":"https:\/\/crta.rs\/en\/comparison-how-citizens-of-serbia-and-belgrade-voted-in-the-presidential-and-parliamentary-elections\/","name":"Comparison: How citizens of Serbia and Belgrade voted in the presidential and parliamentary elections? - CRTA","isPartOf":{"@id":"https:\/\/crta.rs\/en\/#website"},"primaryImageOfPage":{"@id":"https:\/\/crta.rs\/en\/comparison-how-citizens-of-serbia-and-belgrade-voted-in-the-presidential-and-parliamentary-elections\/#primaryimage"},"image":{"@id":"https:\/\/crta.rs\/en\/comparison-how-citizens-of-serbia-and-belgrade-voted-in-the-presidential-and-parliamentary-elections\/#primaryimage"},"thumbnailUrl":"https:\/\/crta.rs\/wp-content\/uploads\/2022\/03\/izbori-2022-engleski-aktuelno.png","datePublished":"2022-04-29T12:33:59+00:00","dateModified":"2022-04-29T12:34:15+00:00","author":{"@id":"https:\/\/crta.rs\/en\/#\/schema\/person\/a6e5fa47eb46bc71075c0ef78ce03f28"},"breadcrumb":{"@id":"https:\/\/crta.rs\/en\/comparison-how-citizens-of-serbia-and-belgrade-voted-in-the-presidential-and-parliamentary-elections\/#breadcrumb"},"inLanguage":"en-US","potentialAction":[{"@type":"ReadAction","target":["https:\/\/crta.rs\/en\/comparison-how-citizens-of-serbia-and-belgrade-voted-in-the-presidential-and-parliamentary-elections\/"]}]},{"@type":"ImageObject","inLanguage":"en-US","@id":"https:\/\/crta.rs\/en\/comparison-how-citizens-of-serbia-and-belgrade-voted-in-the-presidential-and-parliamentary-elections\/#primaryimage","url":"https:\/\/crta.rs\/wp-content\/uploads\/2022\/03\/izbori-2022-engleski-aktuelno.png","contentUrl":"https:\/\/crta.rs\/wp-content\/uploads\/2022\/03\/izbori-2022-engleski-aktuelno.png","width":940,"height":469},{"@type":"BreadcrumbList","@id":"https:\/\/crta.rs\/en\/comparison-how-citizens-of-serbia-and-belgrade-voted-in-the-presidential-and-parliamentary-elections\/#breadcrumb","itemListElement":[{"@type":"ListItem","position":1,"name":"Home","item":"https:\/\/crta.rs\/en\/"},{"@type":"ListItem","position":2,"name":"News","item":"https:\/\/crta.rs\/en\/category\/news\/"},{"@type":"ListItem","position":3,"name":"Comparison: How citizens of Serbia and Belgrade voted in the presidential and parliamentary elections?"}]},{"@type":"WebSite","@id":"https:\/\/crta.rs\/en\/#website","url":"https:\/\/crta.rs\/en\/","name":"CRTA","description":"Mi smo grupa aktivista i novinara koja zajedno sa gra\u0111anima uti\u010de na pove\u0107anje odgovornosti institucija i javnih funkcionera kroz pra\u0107enje i kontrolu njihovog rada.","potentialAction":[{"@type":"SearchAction","target":{"@type":"EntryPoint","urlTemplate":"https:\/\/crta.rs\/en\/?s={search_term_string}"},"query-input":{"@type":"PropertyValueSpecification","valueRequired":true,"valueName":"search_term_string"}}],"inLanguage":"en-US"},{"@type":"Person","@id":"https:\/\/crta.rs\/en\/#\/schema\/person\/a6e5fa47eb46bc71075c0ef78ce03f28","name":"Branislav Grkovi\u0107","url":"https:\/\/crta.rs\/en\/author\/branislav\/"}]}},"_links":{"self":[{"href":"https:\/\/crta.rs\/en\/wp-json\/wp\/v2\/posts\/30639","targetHints":{"allow":["GET"]}}],"collection":[{"href":"https:\/\/crta.rs\/en\/wp-json\/wp\/v2\/posts"}],"about":[{"href":"https:\/\/crta.rs\/en\/wp-json\/wp\/v2\/types\/post"}],"author":[{"embeddable":true,"href":"https:\/\/crta.rs\/en\/wp-json\/wp\/v2\/users\/18"}],"replies":[{"embeddable":true,"href":"https:\/\/crta.rs\/en\/wp-json\/wp\/v2\/comments?post=30639"}],"version-history":[{"count":2,"href":"https:\/\/crta.rs\/en\/wp-json\/wp\/v2\/posts\/30639\/revisions"}],"predecessor-version":[{"id":30645,"href":"https:\/\/crta.rs\/en\/wp-json\/wp\/v2\/posts\/30639\/revisions\/30645"}],"wp:featuredmedia":[{"embeddable":true,"href":"https:\/\/crta.rs\/en\/wp-json\/wp\/v2\/media\/29861"}],"wp:attachment":[{"href":"https:\/\/crta.rs\/en\/wp-json\/wp\/v2\/media?parent=30639"}],"wp:term":[{"taxonomy":"category","embeddable":true,"href":"https:\/\/crta.rs\/en\/wp-json\/wp\/v2\/categories?post=30639"},{"taxonomy":"post_tag","embeddable":true,"href":"https:\/\/crta.rs\/en\/wp-json\/wp\/v2\/tags?post=30639"}],"curies":[{"name":"wp","href":"https:\/\/api.w.org\/{rel}","templated":true}]}}