{"id":30369,"date":"2022-04-15T10:00:20","date_gmt":"2022-04-15T08:00:20","guid":{"rendered":"https:\/\/crta.rs\/?p=30369"},"modified":"2022-04-15T10:15:42","modified_gmt":"2022-04-15T08:15:42","slug":"elections-2022-preliminary-report-on-observing-the-election-day","status":"publish","type":"post","link":"https:\/\/crta.rs\/en\/elections-2022-preliminary-report-on-observing-the-election-day\/","title":{"rendered":"Elections 2022 &#8211; Preliminary Report on Observing the Election Day"},"content":{"rendered":"<p><span style=\"font-weight: 400;\">The election of members of the Parliament of the Republic of Serbia, the presidential election, and local elections in 13 local self-government units, including Belgrade, were held simultaneously on April 3, 2022. The parliamentary and presidential elections were organized with the Republic of Serbia as one constituency. The parliamentary and local elections were conducted using a proportional electoral system, and parliamentary mandates are distributed by the system of the highest quotient between candidate lists that have crossed the electoral threshold of 3 percent of all valid votes. The presidential elections were conducted using the majority electoral system, through direct voting for presidential candidates.<\/span><\/p>\n","protected":false},"excerpt":{"rendered":"<p>The election of members of the Parliament of the Republic of Serbia, the presidential election, and local elections in 13 local self-government units, including Belgrade, were held simultaneously on April 3, 2022. The parliamentary and presidential elections were organized with the Republic of Serbia as one constituency. The parliamentary and local elections were conducted using a proportional electoral system, and parliamentary mandates are distributed by the system of the highest quotient between candidate lists that have crossed the electoral threshold of 3 percent of all valid votes. The presidential elections were conducted using the majority electoral system, through direct voting for presidential candidates.<\/p>\n","protected":false},"author":3,"featured_media":30374,"comment_status":"closed","ping_status":"open","sticky":false,"template":"","format":"standard","meta":{"_acf_changed":false,"footnotes":"","_links_to":"","_links_to_target":""},"categories":[75],"tags":[883],"class_list":["post-30369","post","type-post","status-publish","format-standard","has-post-thumbnail","hentry","category-publication-en","tag-elections-2022","ciTrackContent"],"acf":[],"yoast_head":"<!-- This site is optimized with the Yoast SEO plugin v27.4 - https:\/\/yoast.com\/product\/yoast-seo-wordpress\/ -->\n<title>Elections 2022 - Preliminary Report on Observing the Election Day - CRTA<\/title>\n<meta name=\"robots\" content=\"index, follow, max-snippet:-1, max-image-preview:large, max-video-preview:-1\" \/>\n<link rel=\"canonical\" href=\"https:\/\/crta.rs\/en\/elections-2022-preliminary-report-on-observing-the-election-day\/\" \/>\n<meta property=\"og:locale\" content=\"en_US\" \/>\n<meta property=\"og:type\" content=\"article\" \/>\n<meta property=\"og:title\" content=\"Elections 2022 - Preliminary Report on Observing the Election Day - CRTA\" \/>\n<meta property=\"og:description\" content=\"The election of members of the Parliament of the Republic of Serbia, the presidential election, and local elections in 13 local self-government units, including Belgrade, were held simultaneously on April 3, 2022. The parliamentary and presidential elections were organized with the Republic of Serbia as one constituency. The parliamentary and local elections were conducted using a proportional electoral system, and parliamentary mandates are distributed by the system of the highest quotient between candidate lists that have crossed the electoral threshold of 3 percent of all valid votes. The presidential elections were conducted using the majority electoral system, through direct voting for presidential candidates.\" \/>\n<meta property=\"og:url\" content=\"https:\/\/crta.rs\/en\/elections-2022-preliminary-report-on-observing-the-election-day\/\" \/>\n<meta property=\"og:site_name\" content=\"CRTA\" \/>\n<meta property=\"article:publisher\" content=\"https:\/\/www.facebook.com\/CRTArs\/\" \/>\n<meta property=\"article:published_time\" content=\"2022-04-15T08:00:20+00:00\" \/>\n<meta property=\"article:modified_time\" content=\"2022-04-15T08:15:42+00:00\" \/>\n<meta property=\"og:image\" content=\"https:\/\/crta.rs\/wp-content\/uploads\/2022\/04\/Preliminary-Report-on-Observing-the-Election-Day-2022-image.png\" \/>\n\t<meta property=\"og:image:width\" content=\"669\" \/>\n\t<meta property=\"og:image:height\" content=\"868\" \/>\n\t<meta property=\"og:image:type\" content=\"image\/png\" \/>\n<meta name=\"author\" content=\"milica\" \/>\n<meta name=\"twitter:card\" content=\"summary_large_image\" \/>\n<meta name=\"twitter:label1\" content=\"Written by\" \/>\n\t<meta name=\"twitter:data1\" content=\"milica\" \/>\n\t<meta name=\"twitter:label2\" content=\"Est. reading time\" \/>\n\t<meta name=\"twitter:data2\" content=\"1 minute\" \/>\n<script type=\"application\/ld+json\" class=\"yoast-schema-graph\">{\"@context\":\"https:\\\/\\\/schema.org\",\"@graph\":[{\"@type\":\"Article\",\"@id\":\"https:\\\/\\\/crta.rs\\\/en\\\/elections-2022-preliminary-report-on-observing-the-election-day\\\/#article\",\"isPartOf\":{\"@id\":\"https:\\\/\\\/crta.rs\\\/en\\\/elections-2022-preliminary-report-on-observing-the-election-day\\\/\"},\"author\":{\"name\":\"milica\",\"@id\":\"https:\\\/\\\/crta.rs\\\/en\\\/#\\\/schema\\\/person\\\/0cc37dbc4cb7d35b32379de6f98e1c7f\"},\"headline\":\"Elections 2022 &#8211; Preliminary Report on Observing the Election Day\",\"datePublished\":\"2022-04-15T08:00:20+00:00\",\"dateModified\":\"2022-04-15T08:15:42+00:00\",\"mainEntityOfPage\":{\"@id\":\"https:\\\/\\\/crta.rs\\\/en\\\/elections-2022-preliminary-report-on-observing-the-election-day\\\/\"},\"wordCount\":108,\"image\":{\"@id\":\"https:\\\/\\\/crta.rs\\\/en\\\/elections-2022-preliminary-report-on-observing-the-election-day\\\/#primaryimage\"},\"thumbnailUrl\":\"https:\\\/\\\/crta.rs\\\/wp-content\\\/uploads\\\/2022\\\/04\\\/Preliminary-Report-on-Observing-the-Election-Day-2022-image.png\",\"keywords\":[\"Elections 2022\"],\"articleSection\":[\"Publications\"],\"inLanguage\":\"en-US\"},{\"@type\":\"WebPage\",\"@id\":\"https:\\\/\\\/crta.rs\\\/en\\\/elections-2022-preliminary-report-on-observing-the-election-day\\\/\",\"url\":\"https:\\\/\\\/crta.rs\\\/en\\\/elections-2022-preliminary-report-on-observing-the-election-day\\\/\",\"name\":\"Elections 2022 - Preliminary Report on Observing the Election Day - CRTA\",\"isPartOf\":{\"@id\":\"https:\\\/\\\/crta.rs\\\/en\\\/#website\"},\"primaryImageOfPage\":{\"@id\":\"https:\\\/\\\/crta.rs\\\/en\\\/elections-2022-preliminary-report-on-observing-the-election-day\\\/#primaryimage\"},\"image\":{\"@id\":\"https:\\\/\\\/crta.rs\\\/en\\\/elections-2022-preliminary-report-on-observing-the-election-day\\\/#primaryimage\"},\"thumbnailUrl\":\"https:\\\/\\\/crta.rs\\\/wp-content\\\/uploads\\\/2022\\\/04\\\/Preliminary-Report-on-Observing-the-Election-Day-2022-image.png\",\"datePublished\":\"2022-04-15T08:00:20+00:00\",\"dateModified\":\"2022-04-15T08:15:42+00:00\",\"author\":{\"@id\":\"https:\\\/\\\/crta.rs\\\/en\\\/#\\\/schema\\\/person\\\/0cc37dbc4cb7d35b32379de6f98e1c7f\"},\"breadcrumb\":{\"@id\":\"https:\\\/\\\/crta.rs\\\/en\\\/elections-2022-preliminary-report-on-observing-the-election-day\\\/#breadcrumb\"},\"inLanguage\":\"en-US\",\"potentialAction\":[{\"@type\":\"ReadAction\",\"target\":[\"https:\\\/\\\/crta.rs\\\/en\\\/elections-2022-preliminary-report-on-observing-the-election-day\\\/\"]}]},{\"@type\":\"ImageObject\",\"inLanguage\":\"en-US\",\"@id\":\"https:\\\/\\\/crta.rs\\\/en\\\/elections-2022-preliminary-report-on-observing-the-election-day\\\/#primaryimage\",\"url\":\"https:\\\/\\\/crta.rs\\\/wp-content\\\/uploads\\\/2022\\\/04\\\/Preliminary-Report-on-Observing-the-Election-Day-2022-image.png\",\"contentUrl\":\"https:\\\/\\\/crta.rs\\\/wp-content\\\/uploads\\\/2022\\\/04\\\/Preliminary-Report-on-Observing-the-Election-Day-2022-image.png\",\"width\":669,\"height\":868},{\"@type\":\"BreadcrumbList\",\"@id\":\"https:\\\/\\\/crta.rs\\\/en\\\/elections-2022-preliminary-report-on-observing-the-election-day\\\/#breadcrumb\",\"itemListElement\":[{\"@type\":\"ListItem\",\"position\":1,\"name\":\"Home\",\"item\":\"https:\\\/\\\/crta.rs\\\/en\\\/\"},{\"@type\":\"ListItem\",\"position\":2,\"name\":\"Publications\",\"item\":\"https:\\\/\\\/crta.rs\\\/en\\\/category\\\/publication-en\\\/\"},{\"@type\":\"ListItem\",\"position\":3,\"name\":\"Elections 2022 &#8211; Preliminary Report on Observing the Election Day\"}]},{\"@type\":\"WebSite\",\"@id\":\"https:\\\/\\\/crta.rs\\\/en\\\/#website\",\"url\":\"https:\\\/\\\/crta.rs\\\/en\\\/\",\"name\":\"CRTA\",\"description\":\"Mi smo grupa aktivista i novinara koja zajedno sa gra\u0111anima uti\u010de na pove\u0107anje odgovornosti institucija i javnih funkcionera kroz pra\u0107enje i kontrolu njihovog rada.\",\"potentialAction\":[{\"@type\":\"SearchAction\",\"target\":{\"@type\":\"EntryPoint\",\"urlTemplate\":\"https:\\\/\\\/crta.rs\\\/en\\\/?s={search_term_string}\"},\"query-input\":{\"@type\":\"PropertyValueSpecification\",\"valueRequired\":true,\"valueName\":\"search_term_string\"}}],\"inLanguage\":\"en-US\"},{\"@type\":\"Person\",\"@id\":\"https:\\\/\\\/crta.rs\\\/en\\\/#\\\/schema\\\/person\\\/0cc37dbc4cb7d35b32379de6f98e1c7f\",\"name\":\"milica\",\"url\":\"https:\\\/\\\/crta.rs\\\/en\\\/author\\\/milica\\\/\"}]}<\/script>\n<!-- \/ Yoast SEO plugin. -->","yoast_head_json":{"title":"Elections 2022 - Preliminary Report on Observing the Election Day - CRTA","robots":{"index":"index","follow":"follow","max-snippet":"max-snippet:-1","max-image-preview":"max-image-preview:large","max-video-preview":"max-video-preview:-1"},"canonical":"https:\/\/crta.rs\/en\/elections-2022-preliminary-report-on-observing-the-election-day\/","og_locale":"en_US","og_type":"article","og_title":"Elections 2022 - Preliminary Report on Observing the Election Day - CRTA","og_description":"The election of members of the Parliament of the Republic of Serbia, the presidential election, and local elections in 13 local self-government units, including Belgrade, were held simultaneously on April 3, 2022. The parliamentary and presidential elections were organized with the Republic of Serbia as one constituency. The parliamentary and local elections were conducted using a proportional electoral system, and parliamentary mandates are distributed by the system of the highest quotient between candidate lists that have crossed the electoral threshold of 3 percent of all valid votes. The presidential elections were conducted using the majority electoral system, through direct voting for presidential candidates.","og_url":"https:\/\/crta.rs\/en\/elections-2022-preliminary-report-on-observing-the-election-day\/","og_site_name":"CRTA","article_publisher":"https:\/\/www.facebook.com\/CRTArs\/","article_published_time":"2022-04-15T08:00:20+00:00","article_modified_time":"2022-04-15T08:15:42+00:00","og_image":[{"width":669,"height":868,"url":"https:\/\/crta.rs\/wp-content\/uploads\/2022\/04\/Preliminary-Report-on-Observing-the-Election-Day-2022-image.png","type":"image\/png"}],"author":"milica","twitter_card":"summary_large_image","twitter_misc":{"Written by":"milica","Est. reading time":"1 minute"},"schema":{"@context":"https:\/\/schema.org","@graph":[{"@type":"Article","@id":"https:\/\/crta.rs\/en\/elections-2022-preliminary-report-on-observing-the-election-day\/#article","isPartOf":{"@id":"https:\/\/crta.rs\/en\/elections-2022-preliminary-report-on-observing-the-election-day\/"},"author":{"name":"milica","@id":"https:\/\/crta.rs\/en\/#\/schema\/person\/0cc37dbc4cb7d35b32379de6f98e1c7f"},"headline":"Elections 2022 &#8211; Preliminary Report on Observing the Election Day","datePublished":"2022-04-15T08:00:20+00:00","dateModified":"2022-04-15T08:15:42+00:00","mainEntityOfPage":{"@id":"https:\/\/crta.rs\/en\/elections-2022-preliminary-report-on-observing-the-election-day\/"},"wordCount":108,"image":{"@id":"https:\/\/crta.rs\/en\/elections-2022-preliminary-report-on-observing-the-election-day\/#primaryimage"},"thumbnailUrl":"https:\/\/crta.rs\/wp-content\/uploads\/2022\/04\/Preliminary-Report-on-Observing-the-Election-Day-2022-image.png","keywords":["Elections 2022"],"articleSection":["Publications"],"inLanguage":"en-US"},{"@type":"WebPage","@id":"https:\/\/crta.rs\/en\/elections-2022-preliminary-report-on-observing-the-election-day\/","url":"https:\/\/crta.rs\/en\/elections-2022-preliminary-report-on-observing-the-election-day\/","name":"Elections 2022 - Preliminary Report on Observing the Election Day - CRTA","isPartOf":{"@id":"https:\/\/crta.rs\/en\/#website"},"primaryImageOfPage":{"@id":"https:\/\/crta.rs\/en\/elections-2022-preliminary-report-on-observing-the-election-day\/#primaryimage"},"image":{"@id":"https:\/\/crta.rs\/en\/elections-2022-preliminary-report-on-observing-the-election-day\/#primaryimage"},"thumbnailUrl":"https:\/\/crta.rs\/wp-content\/uploads\/2022\/04\/Preliminary-Report-on-Observing-the-Election-Day-2022-image.png","datePublished":"2022-04-15T08:00:20+00:00","dateModified":"2022-04-15T08:15:42+00:00","author":{"@id":"https:\/\/crta.rs\/en\/#\/schema\/person\/0cc37dbc4cb7d35b32379de6f98e1c7f"},"breadcrumb":{"@id":"https:\/\/crta.rs\/en\/elections-2022-preliminary-report-on-observing-the-election-day\/#breadcrumb"},"inLanguage":"en-US","potentialAction":[{"@type":"ReadAction","target":["https:\/\/crta.rs\/en\/elections-2022-preliminary-report-on-observing-the-election-day\/"]}]},{"@type":"ImageObject","inLanguage":"en-US","@id":"https:\/\/crta.rs\/en\/elections-2022-preliminary-report-on-observing-the-election-day\/#primaryimage","url":"https:\/\/crta.rs\/wp-content\/uploads\/2022\/04\/Preliminary-Report-on-Observing-the-Election-Day-2022-image.png","contentUrl":"https:\/\/crta.rs\/wp-content\/uploads\/2022\/04\/Preliminary-Report-on-Observing-the-Election-Day-2022-image.png","width":669,"height":868},{"@type":"BreadcrumbList","@id":"https:\/\/crta.rs\/en\/elections-2022-preliminary-report-on-observing-the-election-day\/#breadcrumb","itemListElement":[{"@type":"ListItem","position":1,"name":"Home","item":"https:\/\/crta.rs\/en\/"},{"@type":"ListItem","position":2,"name":"Publications","item":"https:\/\/crta.rs\/en\/category\/publication-en\/"},{"@type":"ListItem","position":3,"name":"Elections 2022 &#8211; Preliminary Report on Observing the Election Day"}]},{"@type":"WebSite","@id":"https:\/\/crta.rs\/en\/#website","url":"https:\/\/crta.rs\/en\/","name":"CRTA","description":"Mi smo grupa aktivista i novinara koja zajedno sa gra\u0111anima uti\u010de na pove\u0107anje odgovornosti institucija i javnih funkcionera kroz pra\u0107enje i kontrolu njihovog rada.","potentialAction":[{"@type":"SearchAction","target":{"@type":"EntryPoint","urlTemplate":"https:\/\/crta.rs\/en\/?s={search_term_string}"},"query-input":{"@type":"PropertyValueSpecification","valueRequired":true,"valueName":"search_term_string"}}],"inLanguage":"en-US"},{"@type":"Person","@id":"https:\/\/crta.rs\/en\/#\/schema\/person\/0cc37dbc4cb7d35b32379de6f98e1c7f","name":"milica","url":"https:\/\/crta.rs\/en\/author\/milica\/"}]}},"_links":{"self":[{"href":"https:\/\/crta.rs\/en\/wp-json\/wp\/v2\/posts\/30369","targetHints":{"allow":["GET"]}}],"collection":[{"href":"https:\/\/crta.rs\/en\/wp-json\/wp\/v2\/posts"}],"about":[{"href":"https:\/\/crta.rs\/en\/wp-json\/wp\/v2\/types\/post"}],"author":[{"embeddable":true,"href":"https:\/\/crta.rs\/en\/wp-json\/wp\/v2\/users\/3"}],"replies":[{"embeddable":true,"href":"https:\/\/crta.rs\/en\/wp-json\/wp\/v2\/comments?post=30369"}],"version-history":[{"count":5,"href":"https:\/\/crta.rs\/en\/wp-json\/wp\/v2\/posts\/30369\/revisions"}],"predecessor-version":[{"id":30376,"href":"https:\/\/crta.rs\/en\/wp-json\/wp\/v2\/posts\/30369\/revisions\/30376"}],"wp:featuredmedia":[{"embeddable":true,"href":"https:\/\/crta.rs\/en\/wp-json\/wp\/v2\/media\/30374"}],"wp:attachment":[{"href":"https:\/\/crta.rs\/en\/wp-json\/wp\/v2\/media?parent=30369"}],"wp:term":[{"taxonomy":"category","embeddable":true,"href":"https:\/\/crta.rs\/en\/wp-json\/wp\/v2\/categories?post=30369"},{"taxonomy":"post_tag","embeddable":true,"href":"https:\/\/crta.rs\/en\/wp-json\/wp\/v2\/tags?post=30369"}],"curies":[{"name":"wp","href":"https:\/\/api.w.org\/{rel}","templated":true}]}}