{"id":3029,"date":"2018-03-04T09:38:54","date_gmt":"2018-03-04T09:38:54","guid":{"rendered":"https:\/\/crta.rs\/?p=3029"},"modified":"2020-02-06T11:10:29","modified_gmt":"2020-02-06T10:10:29","slug":"voter-turnout-at-the-belgrade-city-council-elections-by-10-am-is-7-percent","status":"publish","type":"post","link":"https:\/\/crta.rs\/en\/voter-turnout-at-the-belgrade-city-council-elections-by-10-am-is-7-percent\/","title":{"rendered":"Voter turnout at the Belgrade City Council elections by 10 am is 7 percent"},"content":{"rendered":"<p>According to the CRTA election observation mission, voter turnout at the Belgrade City Council elections by 10 am is seven percent.<\/p>\n<p><em>CRTA\u2019s monitoring of the Belgrade elections is based on statistical principles that allow the effective and systemic observation of the election process on the day of the vote. CRTA uses the parallel vote tabulation methodology (PVT) that enables the assessment of the overall voting process on the Election Day \u2013 opening of polling stations, voting process and vote count \u2013 in an unbiased and systematic manner. PVT methodology uses a random and representative sample of polling stations, meaning that the results are representative for the entire territory. <\/em><\/p>\n<p>CRTA is a member of the global and European networks of election monitoring organizations &#8211; <a href=\"http:\/\/www.gndem.org\/members?page=2\">GNDEM <\/a>and <a href=\"http:\/\/www.enemo.eu\/en\/members\/members\/\">ENEMO<\/a>.<\/p>\n<p><strong>CRTA election observation mission will issue the next public statement at 8.15pm. You may follow the conference live at the website CRTA.rs or at the Facebook page CRTA.rs.<\/strong><\/p>\n","protected":false},"excerpt":{"rendered":"<p>According to the CRTA election observation mission, voter turnout at the Belgrade City Council elections by 10 am is seven percent.<\/p>\n","protected":false},"author":3,"featured_media":2981,"comment_status":"closed","ping_status":"open","sticky":false,"template":"","format":"standard","meta":{"_acf_changed":false,"footnotes":"","_links_to":"","_links_to_target":""},"categories":[218],"tags":[164],"class_list":["post-3029","post","type-post","status-publish","format-standard","has-post-thumbnail","hentry","category-latest-en","tag-elections","ciTrackContent"],"acf":[],"yoast_head":"<!-- This site is optimized with the Yoast SEO plugin v27.4 - https:\/\/yoast.com\/product\/yoast-seo-wordpress\/ -->\n<title>Voter turnout at the Belgrade City Council elections by 10 am is 7 percent - CRTA<\/title>\n<meta name=\"robots\" content=\"index, follow, max-snippet:-1, max-image-preview:large, max-video-preview:-1\" \/>\n<link rel=\"canonical\" href=\"https:\/\/crta.rs\/en\/voter-turnout-at-the-belgrade-city-council-elections-by-10-am-is-7-percent\/\" \/>\n<meta property=\"og:locale\" content=\"en_US\" \/>\n<meta property=\"og:type\" content=\"article\" \/>\n<meta property=\"og:title\" content=\"Voter turnout at the Belgrade City Council elections by 10 am is 7 percent - CRTA\" \/>\n<meta property=\"og:description\" content=\"According to the CRTA election observation mission, voter turnout at the Belgrade City Council elections by 10 am is seven percent.\" \/>\n<meta property=\"og:url\" content=\"https:\/\/crta.rs\/en\/voter-turnout-at-the-belgrade-city-council-elections-by-10-am-is-7-percent\/\" \/>\n<meta property=\"og:site_name\" content=\"CRTA\" \/>\n<meta property=\"article:publisher\" content=\"https:\/\/www.facebook.com\/CRTArs\/\" \/>\n<meta property=\"article:published_time\" content=\"2018-03-04T09:38:54+00:00\" \/>\n<meta property=\"article:modified_time\" content=\"2020-02-06T10:10:29+00:00\" \/>\n<meta property=\"og:image\" content=\"https:\/\/crta.rs\/wp-content\/uploads\/2018\/03\/vizual-4-ENG.png\" \/>\n\t<meta property=\"og:image:width\" content=\"1000\" \/>\n\t<meta property=\"og:image:height\" content=\"1000\" \/>\n\t<meta property=\"og:image:type\" content=\"image\/png\" \/>\n<meta name=\"author\" content=\"milica\" \/>\n<meta name=\"twitter:card\" content=\"summary_large_image\" \/>\n<meta name=\"twitter:label1\" content=\"Written by\" \/>\n\t<meta name=\"twitter:data1\" content=\"milica\" \/>\n\t<meta name=\"twitter:label2\" content=\"Est. reading time\" \/>\n\t<meta name=\"twitter:data2\" content=\"1 minute\" \/>\n<script type=\"application\/ld+json\" class=\"yoast-schema-graph\">{\"@context\":\"https:\\\/\\\/schema.org\",\"@graph\":[{\"@type\":\"Article\",\"@id\":\"https:\\\/\\\/crta.rs\\\/en\\\/voter-turnout-at-the-belgrade-city-council-elections-by-10-am-is-7-percent\\\/#article\",\"isPartOf\":{\"@id\":\"https:\\\/\\\/crta.rs\\\/en\\\/voter-turnout-at-the-belgrade-city-council-elections-by-10-am-is-7-percent\\\/\"},\"author\":{\"name\":\"milica\",\"@id\":\"https:\\\/\\\/crta.rs\\\/en\\\/#\\\/schema\\\/person\\\/0cc37dbc4cb7d35b32379de6f98e1c7f\"},\"headline\":\"Voter turnout at the Belgrade City Council elections by 10 am is 7 percent\",\"datePublished\":\"2018-03-04T09:38:54+00:00\",\"dateModified\":\"2020-02-06T10:10:29+00:00\",\"mainEntityOfPage\":{\"@id\":\"https:\\\/\\\/crta.rs\\\/en\\\/voter-turnout-at-the-belgrade-city-council-elections-by-10-am-is-7-percent\\\/\"},\"wordCount\":166,\"image\":{\"@id\":\"https:\\\/\\\/crta.rs\\\/en\\\/voter-turnout-at-the-belgrade-city-council-elections-by-10-am-is-7-percent\\\/#primaryimage\"},\"thumbnailUrl\":\"https:\\\/\\\/crta.rs\\\/wp-content\\\/uploads\\\/2018\\\/03\\\/vizual-4-ENG.png\",\"keywords\":[\"elections\"],\"articleSection\":[\"Latest\"],\"inLanguage\":\"en-US\"},{\"@type\":\"WebPage\",\"@id\":\"https:\\\/\\\/crta.rs\\\/en\\\/voter-turnout-at-the-belgrade-city-council-elections-by-10-am-is-7-percent\\\/\",\"url\":\"https:\\\/\\\/crta.rs\\\/en\\\/voter-turnout-at-the-belgrade-city-council-elections-by-10-am-is-7-percent\\\/\",\"name\":\"Voter turnout at the Belgrade City Council elections by 10 am is 7 percent - CRTA\",\"isPartOf\":{\"@id\":\"https:\\\/\\\/crta.rs\\\/en\\\/#website\"},\"primaryImageOfPage\":{\"@id\":\"https:\\\/\\\/crta.rs\\\/en\\\/voter-turnout-at-the-belgrade-city-council-elections-by-10-am-is-7-percent\\\/#primaryimage\"},\"image\":{\"@id\":\"https:\\\/\\\/crta.rs\\\/en\\\/voter-turnout-at-the-belgrade-city-council-elections-by-10-am-is-7-percent\\\/#primaryimage\"},\"thumbnailUrl\":\"https:\\\/\\\/crta.rs\\\/wp-content\\\/uploads\\\/2018\\\/03\\\/vizual-4-ENG.png\",\"datePublished\":\"2018-03-04T09:38:54+00:00\",\"dateModified\":\"2020-02-06T10:10:29+00:00\",\"author\":{\"@id\":\"https:\\\/\\\/crta.rs\\\/en\\\/#\\\/schema\\\/person\\\/0cc37dbc4cb7d35b32379de6f98e1c7f\"},\"breadcrumb\":{\"@id\":\"https:\\\/\\\/crta.rs\\\/en\\\/voter-turnout-at-the-belgrade-city-council-elections-by-10-am-is-7-percent\\\/#breadcrumb\"},\"inLanguage\":\"en-US\",\"potentialAction\":[{\"@type\":\"ReadAction\",\"target\":[\"https:\\\/\\\/crta.rs\\\/en\\\/voter-turnout-at-the-belgrade-city-council-elections-by-10-am-is-7-percent\\\/\"]}]},{\"@type\":\"ImageObject\",\"inLanguage\":\"en-US\",\"@id\":\"https:\\\/\\\/crta.rs\\\/en\\\/voter-turnout-at-the-belgrade-city-council-elections-by-10-am-is-7-percent\\\/#primaryimage\",\"url\":\"https:\\\/\\\/crta.rs\\\/wp-content\\\/uploads\\\/2018\\\/03\\\/vizual-4-ENG.png\",\"contentUrl\":\"https:\\\/\\\/crta.rs\\\/wp-content\\\/uploads\\\/2018\\\/03\\\/vizual-4-ENG.png\",\"width\":1000,\"height\":1000},{\"@type\":\"BreadcrumbList\",\"@id\":\"https:\\\/\\\/crta.rs\\\/en\\\/voter-turnout-at-the-belgrade-city-council-elections-by-10-am-is-7-percent\\\/#breadcrumb\",\"itemListElement\":[{\"@type\":\"ListItem\",\"position\":1,\"name\":\"Home\",\"item\":\"https:\\\/\\\/crta.rs\\\/en\\\/\"},{\"@type\":\"ListItem\",\"position\":2,\"name\":\"Latest\",\"item\":\"https:\\\/\\\/crta.rs\\\/en\\\/category\\\/latest-en\\\/\"},{\"@type\":\"ListItem\",\"position\":3,\"name\":\"Voter turnout at the Belgrade City Council elections by 10 am is 7 percent\"}]},{\"@type\":\"WebSite\",\"@id\":\"https:\\\/\\\/crta.rs\\\/en\\\/#website\",\"url\":\"https:\\\/\\\/crta.rs\\\/en\\\/\",\"name\":\"CRTA\",\"description\":\"Mi smo grupa aktivista i novinara koja zajedno sa gra\u0111anima uti\u010de na pove\u0107anje odgovornosti institucija i javnih funkcionera kroz pra\u0107enje i kontrolu njihovog rada.\",\"potentialAction\":[{\"@type\":\"SearchAction\",\"target\":{\"@type\":\"EntryPoint\",\"urlTemplate\":\"https:\\\/\\\/crta.rs\\\/en\\\/?s={search_term_string}\"},\"query-input\":{\"@type\":\"PropertyValueSpecification\",\"valueRequired\":true,\"valueName\":\"search_term_string\"}}],\"inLanguage\":\"en-US\"},{\"@type\":\"Person\",\"@id\":\"https:\\\/\\\/crta.rs\\\/en\\\/#\\\/schema\\\/person\\\/0cc37dbc4cb7d35b32379de6f98e1c7f\",\"name\":\"milica\",\"url\":\"https:\\\/\\\/crta.rs\\\/en\\\/author\\\/milica\\\/\"}]}<\/script>\n<!-- \/ Yoast SEO plugin. -->","yoast_head_json":{"title":"Voter turnout at the Belgrade City Council elections by 10 am is 7 percent - CRTA","robots":{"index":"index","follow":"follow","max-snippet":"max-snippet:-1","max-image-preview":"max-image-preview:large","max-video-preview":"max-video-preview:-1"},"canonical":"https:\/\/crta.rs\/en\/voter-turnout-at-the-belgrade-city-council-elections-by-10-am-is-7-percent\/","og_locale":"en_US","og_type":"article","og_title":"Voter turnout at the Belgrade City Council elections by 10 am is 7 percent - CRTA","og_description":"According to the CRTA election observation mission, voter turnout at the Belgrade City Council elections by 10 am is seven percent.","og_url":"https:\/\/crta.rs\/en\/voter-turnout-at-the-belgrade-city-council-elections-by-10-am-is-7-percent\/","og_site_name":"CRTA","article_publisher":"https:\/\/www.facebook.com\/CRTArs\/","article_published_time":"2018-03-04T09:38:54+00:00","article_modified_time":"2020-02-06T10:10:29+00:00","og_image":[{"width":1000,"height":1000,"url":"https:\/\/crta.rs\/wp-content\/uploads\/2018\/03\/vizual-4-ENG.png","type":"image\/png"}],"author":"milica","twitter_card":"summary_large_image","twitter_misc":{"Written by":"milica","Est. reading time":"1 minute"},"schema":{"@context":"https:\/\/schema.org","@graph":[{"@type":"Article","@id":"https:\/\/crta.rs\/en\/voter-turnout-at-the-belgrade-city-council-elections-by-10-am-is-7-percent\/#article","isPartOf":{"@id":"https:\/\/crta.rs\/en\/voter-turnout-at-the-belgrade-city-council-elections-by-10-am-is-7-percent\/"},"author":{"name":"milica","@id":"https:\/\/crta.rs\/en\/#\/schema\/person\/0cc37dbc4cb7d35b32379de6f98e1c7f"},"headline":"Voter turnout at the Belgrade City Council elections by 10 am is 7 percent","datePublished":"2018-03-04T09:38:54+00:00","dateModified":"2020-02-06T10:10:29+00:00","mainEntityOfPage":{"@id":"https:\/\/crta.rs\/en\/voter-turnout-at-the-belgrade-city-council-elections-by-10-am-is-7-percent\/"},"wordCount":166,"image":{"@id":"https:\/\/crta.rs\/en\/voter-turnout-at-the-belgrade-city-council-elections-by-10-am-is-7-percent\/#primaryimage"},"thumbnailUrl":"https:\/\/crta.rs\/wp-content\/uploads\/2018\/03\/vizual-4-ENG.png","keywords":["elections"],"articleSection":["Latest"],"inLanguage":"en-US"},{"@type":"WebPage","@id":"https:\/\/crta.rs\/en\/voter-turnout-at-the-belgrade-city-council-elections-by-10-am-is-7-percent\/","url":"https:\/\/crta.rs\/en\/voter-turnout-at-the-belgrade-city-council-elections-by-10-am-is-7-percent\/","name":"Voter turnout at the Belgrade City Council elections by 10 am is 7 percent - CRTA","isPartOf":{"@id":"https:\/\/crta.rs\/en\/#website"},"primaryImageOfPage":{"@id":"https:\/\/crta.rs\/en\/voter-turnout-at-the-belgrade-city-council-elections-by-10-am-is-7-percent\/#primaryimage"},"image":{"@id":"https:\/\/crta.rs\/en\/voter-turnout-at-the-belgrade-city-council-elections-by-10-am-is-7-percent\/#primaryimage"},"thumbnailUrl":"https:\/\/crta.rs\/wp-content\/uploads\/2018\/03\/vizual-4-ENG.png","datePublished":"2018-03-04T09:38:54+00:00","dateModified":"2020-02-06T10:10:29+00:00","author":{"@id":"https:\/\/crta.rs\/en\/#\/schema\/person\/0cc37dbc4cb7d35b32379de6f98e1c7f"},"breadcrumb":{"@id":"https:\/\/crta.rs\/en\/voter-turnout-at-the-belgrade-city-council-elections-by-10-am-is-7-percent\/#breadcrumb"},"inLanguage":"en-US","potentialAction":[{"@type":"ReadAction","target":["https:\/\/crta.rs\/en\/voter-turnout-at-the-belgrade-city-council-elections-by-10-am-is-7-percent\/"]}]},{"@type":"ImageObject","inLanguage":"en-US","@id":"https:\/\/crta.rs\/en\/voter-turnout-at-the-belgrade-city-council-elections-by-10-am-is-7-percent\/#primaryimage","url":"https:\/\/crta.rs\/wp-content\/uploads\/2018\/03\/vizual-4-ENG.png","contentUrl":"https:\/\/crta.rs\/wp-content\/uploads\/2018\/03\/vizual-4-ENG.png","width":1000,"height":1000},{"@type":"BreadcrumbList","@id":"https:\/\/crta.rs\/en\/voter-turnout-at-the-belgrade-city-council-elections-by-10-am-is-7-percent\/#breadcrumb","itemListElement":[{"@type":"ListItem","position":1,"name":"Home","item":"https:\/\/crta.rs\/en\/"},{"@type":"ListItem","position":2,"name":"Latest","item":"https:\/\/crta.rs\/en\/category\/latest-en\/"},{"@type":"ListItem","position":3,"name":"Voter turnout at the Belgrade City Council elections by 10 am is 7 percent"}]},{"@type":"WebSite","@id":"https:\/\/crta.rs\/en\/#website","url":"https:\/\/crta.rs\/en\/","name":"CRTA","description":"Mi smo grupa aktivista i novinara koja zajedno sa gra\u0111anima uti\u010de na pove\u0107anje odgovornosti institucija i javnih funkcionera kroz pra\u0107enje i kontrolu njihovog rada.","potentialAction":[{"@type":"SearchAction","target":{"@type":"EntryPoint","urlTemplate":"https:\/\/crta.rs\/en\/?s={search_term_string}"},"query-input":{"@type":"PropertyValueSpecification","valueRequired":true,"valueName":"search_term_string"}}],"inLanguage":"en-US"},{"@type":"Person","@id":"https:\/\/crta.rs\/en\/#\/schema\/person\/0cc37dbc4cb7d35b32379de6f98e1c7f","name":"milica","url":"https:\/\/crta.rs\/en\/author\/milica\/"}]}},"_links":{"self":[{"href":"https:\/\/crta.rs\/en\/wp-json\/wp\/v2\/posts\/3029","targetHints":{"allow":["GET"]}}],"collection":[{"href":"https:\/\/crta.rs\/en\/wp-json\/wp\/v2\/posts"}],"about":[{"href":"https:\/\/crta.rs\/en\/wp-json\/wp\/v2\/types\/post"}],"author":[{"embeddable":true,"href":"https:\/\/crta.rs\/en\/wp-json\/wp\/v2\/users\/3"}],"replies":[{"embeddable":true,"href":"https:\/\/crta.rs\/en\/wp-json\/wp\/v2\/comments?post=3029"}],"version-history":[{"count":1,"href":"https:\/\/crta.rs\/en\/wp-json\/wp\/v2\/posts\/3029\/revisions"}],"predecessor-version":[{"id":19087,"href":"https:\/\/crta.rs\/en\/wp-json\/wp\/v2\/posts\/3029\/revisions\/19087"}],"wp:featuredmedia":[{"embeddable":true,"href":"https:\/\/crta.rs\/en\/wp-json\/wp\/v2\/media\/2981"}],"wp:attachment":[{"href":"https:\/\/crta.rs\/en\/wp-json\/wp\/v2\/media?parent=3029"}],"wp:term":[{"taxonomy":"category","embeddable":true,"href":"https:\/\/crta.rs\/en\/wp-json\/wp\/v2\/categories?post=3029"},{"taxonomy":"post_tag","embeddable":true,"href":"https:\/\/crta.rs\/en\/wp-json\/wp\/v2\/tags?post=3029"}],"curies":[{"name":"wp","href":"https:\/\/api.w.org\/{rel}","templated":true}]}}