{"id":30135,"date":"2022-04-03T13:08:39","date_gmt":"2022-04-03T11:08:39","guid":{"rendered":"https:\/\/crta.rs\/?p=30135"},"modified":"2022-04-03T17:11:12","modified_gmt":"2022-04-03T15:11:12","slug":"a-total-of-267-percent-of-voters-voted-in-parliamentary-elections-by-1300","status":"publish","type":"post","link":"https:\/\/crta.rs\/en\/a-total-of-267-percent-of-voters-voted-in-parliamentary-elections-by-1300\/","title":{"rendered":"A total of 26,7 percent of voters voted in parliamentary elections by 13:00"},"content":{"rendered":"<p>A total of 26,7 percent of voters voted in parliamentary elections by 13:00 (margin of error 0,7).<\/p>\n<p>In comparison, voter turnout by 13:00 in the 2016 parliamentary and 2017 presidential elections was 25,1 percent, and 22,9 percent in the 2020 elections.<\/p>\n<p>On the territory of Belgrade, voter turnout in parliamentary elections is slightly lower than in the rest of Serbia, amounting to 23,3 percent (margin of error 0,3).<\/p>\n<p><strong>CRTA&#8217;s observers report that the voting process is very slow due to the conduct of elections on different levels, hampering the efficient work of polling boards, and that crowds are forming in front of polling stations.<\/strong><\/p>\n<p><em>The next conference of the CRTA&#8217;s election observation mission, scheduled for 16:30, can be followed live at the CRTA&#8217;s\u00a0<a href=\"https:\/\/crta.us12.list-manage.com\/track\/click?u=e4a25203f0e6aee4113765ced&amp;id=3451ed8703&amp;e=3ac32a5609\" target=\"_blank\" rel=\"noopener\" data-saferedirecturl=\"https:\/\/www.google.com\/url?q=https:\/\/crta.us12.list-manage.com\/track\/click?u%3De4a25203f0e6aee4113765ced%26id%3D3451ed8703%26e%3D3ac32a5609&amp;source=gmail&amp;ust=1649084830739000&amp;usg=AOvVaw0rYQZbtHpXaM2dSoHKI9HG\">Facebook page<\/a>\u00a0or\u00a0<a href=\"https:\/\/crta.us12.list-manage.com\/track\/click?u=e4a25203f0e6aee4113765ced&amp;id=385100d83e&amp;e=3ac32a5609\" target=\"_blank\" rel=\"noopener\" data-saferedirecturl=\"https:\/\/www.google.com\/url?q=https:\/\/crta.us12.list-manage.com\/track\/click?u%3De4a25203f0e6aee4113765ced%26id%3D385100d83e%26e%3D3ac32a5609&amp;source=gmail&amp;ust=1649084830739000&amp;usg=AOvVaw16bBKpbZsKLesdnb5U4AGt\">YouTube channel<\/a>.\u00a0<\/em><\/p>\n","protected":false},"excerpt":{"rendered":"<p>A total of 26,7 percent of voters voted in parliamentary elections by 13:00 (margin of error 0,7).\u00a0In comparison, voter turnout by 13:00 in the 2016 parliamentary and 2017 presidential elections was 25,1 percent, and 22,9 percent in the 2020 elections.\u00a0<\/p>\n","protected":false},"author":3,"featured_media":30136,"comment_status":"closed","ping_status":"open","sticky":false,"template":"","format":"standard","meta":{"_acf_changed":false,"footnotes":"","_links_to":"","_links_to_target":""},"categories":[218,681],"tags":[883],"class_list":["post-30135","post","type-post","status-publish","format-standard","has-post-thumbnail","hentry","category-latest-en","category-news","tag-elections-2022","ciTrackContent"],"acf":[],"yoast_head":"<!-- This site is optimized with the Yoast SEO plugin v27.4 - https:\/\/yoast.com\/product\/yoast-seo-wordpress\/ -->\n<title>A total of 26,7 percent of voters voted in parliamentary elections by 13:00 - CRTA<\/title>\n<meta name=\"robots\" content=\"index, follow, max-snippet:-1, max-image-preview:large, max-video-preview:-1\" \/>\n<link rel=\"canonical\" href=\"https:\/\/crta.rs\/en\/a-total-of-267-percent-of-voters-voted-in-parliamentary-elections-by-1300\/\" \/>\n<meta property=\"og:locale\" content=\"en_US\" \/>\n<meta property=\"og:type\" content=\"article\" \/>\n<meta property=\"og:title\" content=\"A total of 26,7 percent of voters voted in parliamentary elections by 13:00 - CRTA\" \/>\n<meta property=\"og:description\" content=\"A total of 26,7 percent of voters voted in parliamentary elections by 13:00 (margin of error 0,7).\u00a0In comparison, voter turnout by 13:00 in the 2016 parliamentary and 2017 presidential elections was 25,1 percent, and 22,9 percent in the 2020 elections.\u00a0\" \/>\n<meta property=\"og:url\" content=\"https:\/\/crta.rs\/en\/a-total-of-267-percent-of-voters-voted-in-parliamentary-elections-by-1300\/\" \/>\n<meta property=\"og:site_name\" content=\"CRTA\" \/>\n<meta property=\"article:publisher\" content=\"https:\/\/www.facebook.com\/CRTArs\/\" \/>\n<meta property=\"article:published_time\" content=\"2022-04-03T11:08:39+00:00\" \/>\n<meta property=\"article:modified_time\" content=\"2022-04-03T15:11:12+00:00\" \/>\n<meta property=\"og:image\" content=\"https:\/\/crta.rs\/wp-content\/uploads\/2022\/04\/2-izlaznost-do-13h-EN.png\" \/>\n\t<meta property=\"og:image:width\" content=\"1200\" \/>\n\t<meta property=\"og:image:height\" content=\"675\" \/>\n\t<meta property=\"og:image:type\" content=\"image\/png\" \/>\n<meta name=\"author\" content=\"milica\" \/>\n<meta name=\"twitter:card\" content=\"summary_large_image\" \/>\n<meta name=\"twitter:label1\" content=\"Written by\" \/>\n\t<meta name=\"twitter:data1\" content=\"milica\" \/>\n\t<meta name=\"twitter:label2\" content=\"Est. reading time\" \/>\n\t<meta name=\"twitter:data2\" content=\"1 minute\" \/>\n<script type=\"application\/ld+json\" class=\"yoast-schema-graph\">{\"@context\":\"https:\\\/\\\/schema.org\",\"@graph\":[{\"@type\":\"Article\",\"@id\":\"https:\\\/\\\/crta.rs\\\/en\\\/a-total-of-267-percent-of-voters-voted-in-parliamentary-elections-by-1300\\\/#article\",\"isPartOf\":{\"@id\":\"https:\\\/\\\/crta.rs\\\/en\\\/a-total-of-267-percent-of-voters-voted-in-parliamentary-elections-by-1300\\\/\"},\"author\":{\"name\":\"milica\",\"@id\":\"https:\\\/\\\/crta.rs\\\/en\\\/#\\\/schema\\\/person\\\/0cc37dbc4cb7d35b32379de6f98e1c7f\"},\"headline\":\"A total of 26,7 percent of voters voted in parliamentary elections by 13:00\",\"datePublished\":\"2022-04-03T11:08:39+00:00\",\"dateModified\":\"2022-04-03T15:11:12+00:00\",\"mainEntityOfPage\":{\"@id\":\"https:\\\/\\\/crta.rs\\\/en\\\/a-total-of-267-percent-of-voters-voted-in-parliamentary-elections-by-1300\\\/\"},\"wordCount\":130,\"image\":{\"@id\":\"https:\\\/\\\/crta.rs\\\/en\\\/a-total-of-267-percent-of-voters-voted-in-parliamentary-elections-by-1300\\\/#primaryimage\"},\"thumbnailUrl\":\"https:\\\/\\\/crta.rs\\\/wp-content\\\/uploads\\\/2022\\\/04\\\/2-izlaznost-do-13h-EN.png\",\"keywords\":[\"Elections 2022\"],\"articleSection\":[\"Latest\",\"News\"],\"inLanguage\":\"en-US\"},{\"@type\":\"WebPage\",\"@id\":\"https:\\\/\\\/crta.rs\\\/en\\\/a-total-of-267-percent-of-voters-voted-in-parliamentary-elections-by-1300\\\/\",\"url\":\"https:\\\/\\\/crta.rs\\\/en\\\/a-total-of-267-percent-of-voters-voted-in-parliamentary-elections-by-1300\\\/\",\"name\":\"A total of 26,7 percent of voters voted in parliamentary elections by 13:00 - CRTA\",\"isPartOf\":{\"@id\":\"https:\\\/\\\/crta.rs\\\/en\\\/#website\"},\"primaryImageOfPage\":{\"@id\":\"https:\\\/\\\/crta.rs\\\/en\\\/a-total-of-267-percent-of-voters-voted-in-parliamentary-elections-by-1300\\\/#primaryimage\"},\"image\":{\"@id\":\"https:\\\/\\\/crta.rs\\\/en\\\/a-total-of-267-percent-of-voters-voted-in-parliamentary-elections-by-1300\\\/#primaryimage\"},\"thumbnailUrl\":\"https:\\\/\\\/crta.rs\\\/wp-content\\\/uploads\\\/2022\\\/04\\\/2-izlaznost-do-13h-EN.png\",\"datePublished\":\"2022-04-03T11:08:39+00:00\",\"dateModified\":\"2022-04-03T15:11:12+00:00\",\"author\":{\"@id\":\"https:\\\/\\\/crta.rs\\\/en\\\/#\\\/schema\\\/person\\\/0cc37dbc4cb7d35b32379de6f98e1c7f\"},\"breadcrumb\":{\"@id\":\"https:\\\/\\\/crta.rs\\\/en\\\/a-total-of-267-percent-of-voters-voted-in-parliamentary-elections-by-1300\\\/#breadcrumb\"},\"inLanguage\":\"en-US\",\"potentialAction\":[{\"@type\":\"ReadAction\",\"target\":[\"https:\\\/\\\/crta.rs\\\/en\\\/a-total-of-267-percent-of-voters-voted-in-parliamentary-elections-by-1300\\\/\"]}]},{\"@type\":\"ImageObject\",\"inLanguage\":\"en-US\",\"@id\":\"https:\\\/\\\/crta.rs\\\/en\\\/a-total-of-267-percent-of-voters-voted-in-parliamentary-elections-by-1300\\\/#primaryimage\",\"url\":\"https:\\\/\\\/crta.rs\\\/wp-content\\\/uploads\\\/2022\\\/04\\\/2-izlaznost-do-13h-EN.png\",\"contentUrl\":\"https:\\\/\\\/crta.rs\\\/wp-content\\\/uploads\\\/2022\\\/04\\\/2-izlaznost-do-13h-EN.png\",\"width\":1200,\"height\":675},{\"@type\":\"BreadcrumbList\",\"@id\":\"https:\\\/\\\/crta.rs\\\/en\\\/a-total-of-267-percent-of-voters-voted-in-parliamentary-elections-by-1300\\\/#breadcrumb\",\"itemListElement\":[{\"@type\":\"ListItem\",\"position\":1,\"name\":\"Home\",\"item\":\"https:\\\/\\\/crta.rs\\\/en\\\/\"},{\"@type\":\"ListItem\",\"position\":2,\"name\":\"News\",\"item\":\"https:\\\/\\\/crta.rs\\\/en\\\/category\\\/news\\\/\"},{\"@type\":\"ListItem\",\"position\":3,\"name\":\"A total of 26,7 percent of voters voted in parliamentary elections by 13:00\"}]},{\"@type\":\"WebSite\",\"@id\":\"https:\\\/\\\/crta.rs\\\/en\\\/#website\",\"url\":\"https:\\\/\\\/crta.rs\\\/en\\\/\",\"name\":\"CRTA\",\"description\":\"Mi smo grupa aktivista i novinara koja zajedno sa gra\u0111anima uti\u010de na pove\u0107anje odgovornosti institucija i javnih funkcionera kroz pra\u0107enje i kontrolu njihovog rada.\",\"potentialAction\":[{\"@type\":\"SearchAction\",\"target\":{\"@type\":\"EntryPoint\",\"urlTemplate\":\"https:\\\/\\\/crta.rs\\\/en\\\/?s={search_term_string}\"},\"query-input\":{\"@type\":\"PropertyValueSpecification\",\"valueRequired\":true,\"valueName\":\"search_term_string\"}}],\"inLanguage\":\"en-US\"},{\"@type\":\"Person\",\"@id\":\"https:\\\/\\\/crta.rs\\\/en\\\/#\\\/schema\\\/person\\\/0cc37dbc4cb7d35b32379de6f98e1c7f\",\"name\":\"milica\",\"url\":\"https:\\\/\\\/crta.rs\\\/en\\\/author\\\/milica\\\/\"}]}<\/script>\n<!-- \/ Yoast SEO plugin. -->","yoast_head_json":{"title":"A total of 26,7 percent of voters voted in parliamentary elections by 13:00 - CRTA","robots":{"index":"index","follow":"follow","max-snippet":"max-snippet:-1","max-image-preview":"max-image-preview:large","max-video-preview":"max-video-preview:-1"},"canonical":"https:\/\/crta.rs\/en\/a-total-of-267-percent-of-voters-voted-in-parliamentary-elections-by-1300\/","og_locale":"en_US","og_type":"article","og_title":"A total of 26,7 percent of voters voted in parliamentary elections by 13:00 - CRTA","og_description":"A total of 26,7 percent of voters voted in parliamentary elections by 13:00 (margin of error 0,7).\u00a0In comparison, voter turnout by 13:00 in the 2016 parliamentary and 2017 presidential elections was 25,1 percent, and 22,9 percent in the 2020 elections.\u00a0","og_url":"https:\/\/crta.rs\/en\/a-total-of-267-percent-of-voters-voted-in-parliamentary-elections-by-1300\/","og_site_name":"CRTA","article_publisher":"https:\/\/www.facebook.com\/CRTArs\/","article_published_time":"2022-04-03T11:08:39+00:00","article_modified_time":"2022-04-03T15:11:12+00:00","og_image":[{"width":1200,"height":675,"url":"https:\/\/crta.rs\/wp-content\/uploads\/2022\/04\/2-izlaznost-do-13h-EN.png","type":"image\/png"}],"author":"milica","twitter_card":"summary_large_image","twitter_misc":{"Written by":"milica","Est. reading time":"1 minute"},"schema":{"@context":"https:\/\/schema.org","@graph":[{"@type":"Article","@id":"https:\/\/crta.rs\/en\/a-total-of-267-percent-of-voters-voted-in-parliamentary-elections-by-1300\/#article","isPartOf":{"@id":"https:\/\/crta.rs\/en\/a-total-of-267-percent-of-voters-voted-in-parliamentary-elections-by-1300\/"},"author":{"name":"milica","@id":"https:\/\/crta.rs\/en\/#\/schema\/person\/0cc37dbc4cb7d35b32379de6f98e1c7f"},"headline":"A total of 26,7 percent of voters voted in parliamentary elections by 13:00","datePublished":"2022-04-03T11:08:39+00:00","dateModified":"2022-04-03T15:11:12+00:00","mainEntityOfPage":{"@id":"https:\/\/crta.rs\/en\/a-total-of-267-percent-of-voters-voted-in-parliamentary-elections-by-1300\/"},"wordCount":130,"image":{"@id":"https:\/\/crta.rs\/en\/a-total-of-267-percent-of-voters-voted-in-parliamentary-elections-by-1300\/#primaryimage"},"thumbnailUrl":"https:\/\/crta.rs\/wp-content\/uploads\/2022\/04\/2-izlaznost-do-13h-EN.png","keywords":["Elections 2022"],"articleSection":["Latest","News"],"inLanguage":"en-US"},{"@type":"WebPage","@id":"https:\/\/crta.rs\/en\/a-total-of-267-percent-of-voters-voted-in-parliamentary-elections-by-1300\/","url":"https:\/\/crta.rs\/en\/a-total-of-267-percent-of-voters-voted-in-parliamentary-elections-by-1300\/","name":"A total of 26,7 percent of voters voted in parliamentary elections by 13:00 - CRTA","isPartOf":{"@id":"https:\/\/crta.rs\/en\/#website"},"primaryImageOfPage":{"@id":"https:\/\/crta.rs\/en\/a-total-of-267-percent-of-voters-voted-in-parliamentary-elections-by-1300\/#primaryimage"},"image":{"@id":"https:\/\/crta.rs\/en\/a-total-of-267-percent-of-voters-voted-in-parliamentary-elections-by-1300\/#primaryimage"},"thumbnailUrl":"https:\/\/crta.rs\/wp-content\/uploads\/2022\/04\/2-izlaznost-do-13h-EN.png","datePublished":"2022-04-03T11:08:39+00:00","dateModified":"2022-04-03T15:11:12+00:00","author":{"@id":"https:\/\/crta.rs\/en\/#\/schema\/person\/0cc37dbc4cb7d35b32379de6f98e1c7f"},"breadcrumb":{"@id":"https:\/\/crta.rs\/en\/a-total-of-267-percent-of-voters-voted-in-parliamentary-elections-by-1300\/#breadcrumb"},"inLanguage":"en-US","potentialAction":[{"@type":"ReadAction","target":["https:\/\/crta.rs\/en\/a-total-of-267-percent-of-voters-voted-in-parliamentary-elections-by-1300\/"]}]},{"@type":"ImageObject","inLanguage":"en-US","@id":"https:\/\/crta.rs\/en\/a-total-of-267-percent-of-voters-voted-in-parliamentary-elections-by-1300\/#primaryimage","url":"https:\/\/crta.rs\/wp-content\/uploads\/2022\/04\/2-izlaznost-do-13h-EN.png","contentUrl":"https:\/\/crta.rs\/wp-content\/uploads\/2022\/04\/2-izlaznost-do-13h-EN.png","width":1200,"height":675},{"@type":"BreadcrumbList","@id":"https:\/\/crta.rs\/en\/a-total-of-267-percent-of-voters-voted-in-parliamentary-elections-by-1300\/#breadcrumb","itemListElement":[{"@type":"ListItem","position":1,"name":"Home","item":"https:\/\/crta.rs\/en\/"},{"@type":"ListItem","position":2,"name":"News","item":"https:\/\/crta.rs\/en\/category\/news\/"},{"@type":"ListItem","position":3,"name":"A total of 26,7 percent of voters voted in parliamentary elections by 13:00"}]},{"@type":"WebSite","@id":"https:\/\/crta.rs\/en\/#website","url":"https:\/\/crta.rs\/en\/","name":"CRTA","description":"Mi smo grupa aktivista i novinara koja zajedno sa gra\u0111anima uti\u010de na pove\u0107anje odgovornosti institucija i javnih funkcionera kroz pra\u0107enje i kontrolu njihovog rada.","potentialAction":[{"@type":"SearchAction","target":{"@type":"EntryPoint","urlTemplate":"https:\/\/crta.rs\/en\/?s={search_term_string}"},"query-input":{"@type":"PropertyValueSpecification","valueRequired":true,"valueName":"search_term_string"}}],"inLanguage":"en-US"},{"@type":"Person","@id":"https:\/\/crta.rs\/en\/#\/schema\/person\/0cc37dbc4cb7d35b32379de6f98e1c7f","name":"milica","url":"https:\/\/crta.rs\/en\/author\/milica\/"}]}},"_links":{"self":[{"href":"https:\/\/crta.rs\/en\/wp-json\/wp\/v2\/posts\/30135","targetHints":{"allow":["GET"]}}],"collection":[{"href":"https:\/\/crta.rs\/en\/wp-json\/wp\/v2\/posts"}],"about":[{"href":"https:\/\/crta.rs\/en\/wp-json\/wp\/v2\/types\/post"}],"author":[{"embeddable":true,"href":"https:\/\/crta.rs\/en\/wp-json\/wp\/v2\/users\/3"}],"replies":[{"embeddable":true,"href":"https:\/\/crta.rs\/en\/wp-json\/wp\/v2\/comments?post=30135"}],"version-history":[{"count":2,"href":"https:\/\/crta.rs\/en\/wp-json\/wp\/v2\/posts\/30135\/revisions"}],"predecessor-version":[{"id":30139,"href":"https:\/\/crta.rs\/en\/wp-json\/wp\/v2\/posts\/30135\/revisions\/30139"}],"wp:featuredmedia":[{"embeddable":true,"href":"https:\/\/crta.rs\/en\/wp-json\/wp\/v2\/media\/30136"}],"wp:attachment":[{"href":"https:\/\/crta.rs\/en\/wp-json\/wp\/v2\/media?parent=30135"}],"wp:term":[{"taxonomy":"category","embeddable":true,"href":"https:\/\/crta.rs\/en\/wp-json\/wp\/v2\/categories?post=30135"},{"taxonomy":"post_tag","embeddable":true,"href":"https:\/\/crta.rs\/en\/wp-json\/wp\/v2\/tags?post=30135"}],"curies":[{"name":"wp","href":"https:\/\/api.w.org\/{rel}","templated":true}]}}