{"id":30111,"date":"2022-04-03T13:48:32","date_gmt":"2022-04-03T11:48:32","guid":{"rendered":"https:\/\/crta.rs\/?p=30111"},"modified":"2022-04-03T13:48:32","modified_gmt":"2022-04-03T11:48:32","slug":"put-the-stop-to-violence-and-tensions","status":"publish","type":"post","link":"https:\/\/crta.rs\/en\/put-the-stop-to-violence-and-tensions\/","title":{"rendered":"Put the Stop to Violence and Tensions"},"content":{"rendered":"<p>In the first half of the election day only, CRTA&#8217;s observers recorded several cases of physical and verbal violence at and in the vicinity of polling stations, while other violent incidents were reported as well.<\/p>\n<p>CRTA&#8217;s election observation mission condemns all violent acts and invites all electoral participants, members of polling boards and all citizens of Serbia not to allow the atmosphere of violence and fear to characterize the election day, and restrict citizens from the free exercise of their will.<\/p>\n","protected":false},"excerpt":{"rendered":"<p>In the first half of the election day only, CRTA&#8217;s observers recorded several cases of physical and verbal violence at and in the vicinity of polling stations, while other violent incidents were reported as well.<\/p>\n","protected":false},"author":3,"featured_media":29861,"comment_status":"closed","ping_status":"open","sticky":false,"template":"","format":"standard","meta":{"_acf_changed":false,"footnotes":"","_links_to":"","_links_to_target":""},"categories":[218,681],"tags":[883],"class_list":["post-30111","post","type-post","status-publish","format-standard","has-post-thumbnail","hentry","category-latest-en","category-news","tag-elections-2022","ciTrackContent"],"acf":[],"yoast_head":"<!-- This site is optimized with the Yoast SEO plugin v27.4 - https:\/\/yoast.com\/product\/yoast-seo-wordpress\/ -->\n<title>Put the Stop to Violence and Tensions - CRTA<\/title>\n<meta name=\"robots\" content=\"index, follow, max-snippet:-1, max-image-preview:large, max-video-preview:-1\" \/>\n<link rel=\"canonical\" href=\"https:\/\/crta.rs\/en\/put-the-stop-to-violence-and-tensions\/\" \/>\n<meta property=\"og:locale\" content=\"en_US\" \/>\n<meta property=\"og:type\" content=\"article\" \/>\n<meta property=\"og:title\" content=\"Put the Stop to Violence and Tensions - CRTA\" \/>\n<meta property=\"og:description\" content=\"In the first half of the election day only, CRTA&#039;s observers recorded several cases of physical and verbal violence at and in the vicinity of polling stations, while other violent incidents were reported as well.\" \/>\n<meta property=\"og:url\" content=\"https:\/\/crta.rs\/en\/put-the-stop-to-violence-and-tensions\/\" \/>\n<meta property=\"og:site_name\" content=\"CRTA\" \/>\n<meta property=\"article:publisher\" content=\"https:\/\/www.facebook.com\/CRTArs\/\" \/>\n<meta property=\"article:published_time\" content=\"2022-04-03T11:48:32+00:00\" \/>\n<meta property=\"og:image\" content=\"https:\/\/crta.rs\/wp-content\/uploads\/2022\/03\/izbori-2022-engleski-aktuelno.png\" \/>\n\t<meta property=\"og:image:width\" content=\"940\" \/>\n\t<meta property=\"og:image:height\" content=\"469\" \/>\n\t<meta property=\"og:image:type\" content=\"image\/png\" \/>\n<meta name=\"author\" content=\"milica\" \/>\n<meta name=\"twitter:card\" content=\"summary_large_image\" \/>\n<meta name=\"twitter:label1\" content=\"Written by\" \/>\n\t<meta name=\"twitter:data1\" content=\"milica\" \/>\n\t<meta name=\"twitter:label2\" content=\"Est. reading time\" \/>\n\t<meta name=\"twitter:data2\" content=\"1 minute\" \/>\n<script type=\"application\/ld+json\" class=\"yoast-schema-graph\">{\"@context\":\"https:\\\/\\\/schema.org\",\"@graph\":[{\"@type\":\"Article\",\"@id\":\"https:\\\/\\\/crta.rs\\\/en\\\/put-the-stop-to-violence-and-tensions\\\/#article\",\"isPartOf\":{\"@id\":\"https:\\\/\\\/crta.rs\\\/en\\\/put-the-stop-to-violence-and-tensions\\\/\"},\"author\":{\"name\":\"milica\",\"@id\":\"https:\\\/\\\/crta.rs\\\/en\\\/#\\\/schema\\\/person\\\/0cc37dbc4cb7d35b32379de6f98e1c7f\"},\"headline\":\"Put the Stop to Violence and Tensions\",\"datePublished\":\"2022-04-03T11:48:32+00:00\",\"mainEntityOfPage\":{\"@id\":\"https:\\\/\\\/crta.rs\\\/en\\\/put-the-stop-to-violence-and-tensions\\\/\"},\"wordCount\":90,\"image\":{\"@id\":\"https:\\\/\\\/crta.rs\\\/en\\\/put-the-stop-to-violence-and-tensions\\\/#primaryimage\"},\"thumbnailUrl\":\"https:\\\/\\\/crta.rs\\\/wp-content\\\/uploads\\\/2022\\\/03\\\/izbori-2022-engleski-aktuelno.png\",\"keywords\":[\"Elections 2022\"],\"articleSection\":[\"Latest\",\"News\"],\"inLanguage\":\"en-US\"},{\"@type\":\"WebPage\",\"@id\":\"https:\\\/\\\/crta.rs\\\/en\\\/put-the-stop-to-violence-and-tensions\\\/\",\"url\":\"https:\\\/\\\/crta.rs\\\/en\\\/put-the-stop-to-violence-and-tensions\\\/\",\"name\":\"Put the Stop to Violence and Tensions - CRTA\",\"isPartOf\":{\"@id\":\"https:\\\/\\\/crta.rs\\\/en\\\/#website\"},\"primaryImageOfPage\":{\"@id\":\"https:\\\/\\\/crta.rs\\\/en\\\/put-the-stop-to-violence-and-tensions\\\/#primaryimage\"},\"image\":{\"@id\":\"https:\\\/\\\/crta.rs\\\/en\\\/put-the-stop-to-violence-and-tensions\\\/#primaryimage\"},\"thumbnailUrl\":\"https:\\\/\\\/crta.rs\\\/wp-content\\\/uploads\\\/2022\\\/03\\\/izbori-2022-engleski-aktuelno.png\",\"datePublished\":\"2022-04-03T11:48:32+00:00\",\"author\":{\"@id\":\"https:\\\/\\\/crta.rs\\\/en\\\/#\\\/schema\\\/person\\\/0cc37dbc4cb7d35b32379de6f98e1c7f\"},\"breadcrumb\":{\"@id\":\"https:\\\/\\\/crta.rs\\\/en\\\/put-the-stop-to-violence-and-tensions\\\/#breadcrumb\"},\"inLanguage\":\"en-US\",\"potentialAction\":[{\"@type\":\"ReadAction\",\"target\":[\"https:\\\/\\\/crta.rs\\\/en\\\/put-the-stop-to-violence-and-tensions\\\/\"]}]},{\"@type\":\"ImageObject\",\"inLanguage\":\"en-US\",\"@id\":\"https:\\\/\\\/crta.rs\\\/en\\\/put-the-stop-to-violence-and-tensions\\\/#primaryimage\",\"url\":\"https:\\\/\\\/crta.rs\\\/wp-content\\\/uploads\\\/2022\\\/03\\\/izbori-2022-engleski-aktuelno.png\",\"contentUrl\":\"https:\\\/\\\/crta.rs\\\/wp-content\\\/uploads\\\/2022\\\/03\\\/izbori-2022-engleski-aktuelno.png\",\"width\":940,\"height\":469},{\"@type\":\"BreadcrumbList\",\"@id\":\"https:\\\/\\\/crta.rs\\\/en\\\/put-the-stop-to-violence-and-tensions\\\/#breadcrumb\",\"itemListElement\":[{\"@type\":\"ListItem\",\"position\":1,\"name\":\"Home\",\"item\":\"https:\\\/\\\/crta.rs\\\/en\\\/\"},{\"@type\":\"ListItem\",\"position\":2,\"name\":\"Latest\",\"item\":\"https:\\\/\\\/crta.rs\\\/en\\\/category\\\/latest-en\\\/\"},{\"@type\":\"ListItem\",\"position\":3,\"name\":\"Put the Stop to Violence and Tensions\"}]},{\"@type\":\"WebSite\",\"@id\":\"https:\\\/\\\/crta.rs\\\/en\\\/#website\",\"url\":\"https:\\\/\\\/crta.rs\\\/en\\\/\",\"name\":\"CRTA\",\"description\":\"Mi smo grupa aktivista i novinara koja zajedno sa gra\u0111anima uti\u010de na pove\u0107anje odgovornosti institucija i javnih funkcionera kroz pra\u0107enje i kontrolu njihovog rada.\",\"potentialAction\":[{\"@type\":\"SearchAction\",\"target\":{\"@type\":\"EntryPoint\",\"urlTemplate\":\"https:\\\/\\\/crta.rs\\\/en\\\/?s={search_term_string}\"},\"query-input\":{\"@type\":\"PropertyValueSpecification\",\"valueRequired\":true,\"valueName\":\"search_term_string\"}}],\"inLanguage\":\"en-US\"},{\"@type\":\"Person\",\"@id\":\"https:\\\/\\\/crta.rs\\\/en\\\/#\\\/schema\\\/person\\\/0cc37dbc4cb7d35b32379de6f98e1c7f\",\"name\":\"milica\",\"url\":\"https:\\\/\\\/crta.rs\\\/en\\\/author\\\/milica\\\/\"}]}<\/script>\n<!-- \/ Yoast SEO plugin. -->","yoast_head_json":{"title":"Put the Stop to Violence and Tensions - CRTA","robots":{"index":"index","follow":"follow","max-snippet":"max-snippet:-1","max-image-preview":"max-image-preview:large","max-video-preview":"max-video-preview:-1"},"canonical":"https:\/\/crta.rs\/en\/put-the-stop-to-violence-and-tensions\/","og_locale":"en_US","og_type":"article","og_title":"Put the Stop to Violence and Tensions - CRTA","og_description":"In the first half of the election day only, CRTA's observers recorded several cases of physical and verbal violence at and in the vicinity of polling stations, while other violent incidents were reported as well.","og_url":"https:\/\/crta.rs\/en\/put-the-stop-to-violence-and-tensions\/","og_site_name":"CRTA","article_publisher":"https:\/\/www.facebook.com\/CRTArs\/","article_published_time":"2022-04-03T11:48:32+00:00","og_image":[{"width":940,"height":469,"url":"https:\/\/crta.rs\/wp-content\/uploads\/2022\/03\/izbori-2022-engleski-aktuelno.png","type":"image\/png"}],"author":"milica","twitter_card":"summary_large_image","twitter_misc":{"Written by":"milica","Est. reading time":"1 minute"},"schema":{"@context":"https:\/\/schema.org","@graph":[{"@type":"Article","@id":"https:\/\/crta.rs\/en\/put-the-stop-to-violence-and-tensions\/#article","isPartOf":{"@id":"https:\/\/crta.rs\/en\/put-the-stop-to-violence-and-tensions\/"},"author":{"name":"milica","@id":"https:\/\/crta.rs\/en\/#\/schema\/person\/0cc37dbc4cb7d35b32379de6f98e1c7f"},"headline":"Put the Stop to Violence and Tensions","datePublished":"2022-04-03T11:48:32+00:00","mainEntityOfPage":{"@id":"https:\/\/crta.rs\/en\/put-the-stop-to-violence-and-tensions\/"},"wordCount":90,"image":{"@id":"https:\/\/crta.rs\/en\/put-the-stop-to-violence-and-tensions\/#primaryimage"},"thumbnailUrl":"https:\/\/crta.rs\/wp-content\/uploads\/2022\/03\/izbori-2022-engleski-aktuelno.png","keywords":["Elections 2022"],"articleSection":["Latest","News"],"inLanguage":"en-US"},{"@type":"WebPage","@id":"https:\/\/crta.rs\/en\/put-the-stop-to-violence-and-tensions\/","url":"https:\/\/crta.rs\/en\/put-the-stop-to-violence-and-tensions\/","name":"Put the Stop to Violence and Tensions - CRTA","isPartOf":{"@id":"https:\/\/crta.rs\/en\/#website"},"primaryImageOfPage":{"@id":"https:\/\/crta.rs\/en\/put-the-stop-to-violence-and-tensions\/#primaryimage"},"image":{"@id":"https:\/\/crta.rs\/en\/put-the-stop-to-violence-and-tensions\/#primaryimage"},"thumbnailUrl":"https:\/\/crta.rs\/wp-content\/uploads\/2022\/03\/izbori-2022-engleski-aktuelno.png","datePublished":"2022-04-03T11:48:32+00:00","author":{"@id":"https:\/\/crta.rs\/en\/#\/schema\/person\/0cc37dbc4cb7d35b32379de6f98e1c7f"},"breadcrumb":{"@id":"https:\/\/crta.rs\/en\/put-the-stop-to-violence-and-tensions\/#breadcrumb"},"inLanguage":"en-US","potentialAction":[{"@type":"ReadAction","target":["https:\/\/crta.rs\/en\/put-the-stop-to-violence-and-tensions\/"]}]},{"@type":"ImageObject","inLanguage":"en-US","@id":"https:\/\/crta.rs\/en\/put-the-stop-to-violence-and-tensions\/#primaryimage","url":"https:\/\/crta.rs\/wp-content\/uploads\/2022\/03\/izbori-2022-engleski-aktuelno.png","contentUrl":"https:\/\/crta.rs\/wp-content\/uploads\/2022\/03\/izbori-2022-engleski-aktuelno.png","width":940,"height":469},{"@type":"BreadcrumbList","@id":"https:\/\/crta.rs\/en\/put-the-stop-to-violence-and-tensions\/#breadcrumb","itemListElement":[{"@type":"ListItem","position":1,"name":"Home","item":"https:\/\/crta.rs\/en\/"},{"@type":"ListItem","position":2,"name":"Latest","item":"https:\/\/crta.rs\/en\/category\/latest-en\/"},{"@type":"ListItem","position":3,"name":"Put the Stop to Violence and Tensions"}]},{"@type":"WebSite","@id":"https:\/\/crta.rs\/en\/#website","url":"https:\/\/crta.rs\/en\/","name":"CRTA","description":"Mi smo grupa aktivista i novinara koja zajedno sa gra\u0111anima uti\u010de na pove\u0107anje odgovornosti institucija i javnih funkcionera kroz pra\u0107enje i kontrolu njihovog rada.","potentialAction":[{"@type":"SearchAction","target":{"@type":"EntryPoint","urlTemplate":"https:\/\/crta.rs\/en\/?s={search_term_string}"},"query-input":{"@type":"PropertyValueSpecification","valueRequired":true,"valueName":"search_term_string"}}],"inLanguage":"en-US"},{"@type":"Person","@id":"https:\/\/crta.rs\/en\/#\/schema\/person\/0cc37dbc4cb7d35b32379de6f98e1c7f","name":"milica","url":"https:\/\/crta.rs\/en\/author\/milica\/"}]}},"_links":{"self":[{"href":"https:\/\/crta.rs\/en\/wp-json\/wp\/v2\/posts\/30111","targetHints":{"allow":["GET"]}}],"collection":[{"href":"https:\/\/crta.rs\/en\/wp-json\/wp\/v2\/posts"}],"about":[{"href":"https:\/\/crta.rs\/en\/wp-json\/wp\/v2\/types\/post"}],"author":[{"embeddable":true,"href":"https:\/\/crta.rs\/en\/wp-json\/wp\/v2\/users\/3"}],"replies":[{"embeddable":true,"href":"https:\/\/crta.rs\/en\/wp-json\/wp\/v2\/comments?post=30111"}],"version-history":[{"count":1,"href":"https:\/\/crta.rs\/en\/wp-json\/wp\/v2\/posts\/30111\/revisions"}],"predecessor-version":[{"id":30112,"href":"https:\/\/crta.rs\/en\/wp-json\/wp\/v2\/posts\/30111\/revisions\/30112"}],"wp:featuredmedia":[{"embeddable":true,"href":"https:\/\/crta.rs\/en\/wp-json\/wp\/v2\/media\/29861"}],"wp:attachment":[{"href":"https:\/\/crta.rs\/en\/wp-json\/wp\/v2\/media?parent=30111"}],"wp:term":[{"taxonomy":"category","embeddable":true,"href":"https:\/\/crta.rs\/en\/wp-json\/wp\/v2\/categories?post=30111"},{"taxonomy":"post_tag","embeddable":true,"href":"https:\/\/crta.rs\/en\/wp-json\/wp\/v2\/tags?post=30111"}],"curies":[{"name":"wp","href":"https:\/\/api.w.org\/{rel}","templated":true}]}}