{"id":29900,"date":"2022-03-26T18:12:23","date_gmt":"2022-03-26T17:12:23","guid":{"rendered":"https:\/\/crta.rs\/?p=29900"},"modified":"2022-03-26T18:14:33","modified_gmt":"2022-03-26T17:14:33","slug":"preliminary-media-monitoring-report-the-deceptive-pluralism-of-the-election-campaign-february-15th-march-4th","status":"publish","type":"post","link":"https:\/\/crta.rs\/en\/preliminary-media-monitoring-report-the-deceptive-pluralism-of-the-election-campaign-february-15th-march-4th\/","title":{"rendered":"Preliminary media monitoring report: The deceptive pluralism of the election campaign; February 15th &#8211; March 4th"},"content":{"rendered":"<p>After several months in which political pluralism was almost non-existent due to the dominance of government representatives on television stations with national coverage, CRTA&#8217;s data show that during the first three weeks of the campaign there was a change in the coverage and reporting of opposition election actors. This change is marked by growing media representation of the opposition, which is a consequence of the introduction of blocks of election programming on television stations with national coverage. Nevertheless, further analysis of the data shows bias in the reporting on both government candidates and some opposition candidates.<\/p>\n","protected":false},"excerpt":{"rendered":"<p>After several months in which political pluralism was almost non-existent due to the dominance of government representatives on television stations with national coverage, CRTA&#8217;s data show that during the first three weeks of the campaign there was a change in the coverage and reporting of opposition election actors. This change is marked by growing media&#8230;<\/p>\n","protected":false},"author":3,"featured_media":29906,"comment_status":"closed","ping_status":"open","sticky":false,"template":"","format":"standard","meta":{"_acf_changed":false,"footnotes":"","_links_to":"","_links_to_target":""},"categories":[75],"tags":[883,878],"class_list":["post-29900","post","type-post","status-publish","format-standard","has-post-thumbnail","hentry","category-publication-en","tag-elections-2022","tag-media-monitoring","ciTrackContent"],"acf":[],"yoast_head":"<!-- This site is optimized with the Yoast SEO plugin v27.4 - https:\/\/yoast.com\/product\/yoast-seo-wordpress\/ -->\n<title>Preliminary media monitoring report: The deceptive pluralism of the election campaign; February 15th - March 4th - CRTA<\/title>\n<meta name=\"robots\" content=\"index, follow, max-snippet:-1, max-image-preview:large, max-video-preview:-1\" \/>\n<link rel=\"canonical\" href=\"https:\/\/crta.rs\/en\/preliminary-media-monitoring-report-the-deceptive-pluralism-of-the-election-campaign-february-15th-march-4th\/\" \/>\n<meta property=\"og:locale\" content=\"en_US\" \/>\n<meta property=\"og:type\" content=\"article\" \/>\n<meta property=\"og:title\" content=\"Preliminary media monitoring report: The deceptive pluralism of the election campaign; February 15th - March 4th - CRTA\" \/>\n<meta property=\"og:description\" content=\"After several months in which political pluralism was almost non-existent due to the dominance of government representatives on television stations with national coverage, CRTA&#8217;s data show that during the first three weeks of the campaign there was a change in the coverage and reporting of opposition election actors. This change is marked by growing media...\" \/>\n<meta property=\"og:url\" content=\"https:\/\/crta.rs\/en\/preliminary-media-monitoring-report-the-deceptive-pluralism-of-the-election-campaign-february-15th-march-4th\/\" \/>\n<meta property=\"og:site_name\" content=\"CRTA\" \/>\n<meta property=\"article:publisher\" content=\"https:\/\/www.facebook.com\/CRTArs\/\" \/>\n<meta property=\"article:published_time\" content=\"2022-03-26T17:12:23+00:00\" \/>\n<meta property=\"article:modified_time\" content=\"2022-03-26T17:14:33+00:00\" \/>\n<meta property=\"og:image\" content=\"https:\/\/crta.rs\/wp-content\/uploads\/2022\/03\/media-monitoring-februar-mart-ENG.jpg\" \/>\n\t<meta property=\"og:image:width\" content=\"1063\" \/>\n\t<meta property=\"og:image:height\" content=\"1504\" \/>\n\t<meta property=\"og:image:type\" content=\"image\/jpeg\" \/>\n<meta name=\"author\" content=\"milica\" \/>\n<meta name=\"twitter:card\" content=\"summary_large_image\" \/>\n<meta name=\"twitter:label1\" content=\"Written by\" \/>\n\t<meta name=\"twitter:data1\" content=\"milica\" \/>\n<script type=\"application\/ld+json\" class=\"yoast-schema-graph\">{\"@context\":\"https:\\\/\\\/schema.org\",\"@graph\":[{\"@type\":\"Article\",\"@id\":\"https:\\\/\\\/crta.rs\\\/en\\\/preliminary-media-monitoring-report-the-deceptive-pluralism-of-the-election-campaign-february-15th-march-4th\\\/#article\",\"isPartOf\":{\"@id\":\"https:\\\/\\\/crta.rs\\\/en\\\/preliminary-media-monitoring-report-the-deceptive-pluralism-of-the-election-campaign-february-15th-march-4th\\\/\"},\"author\":{\"name\":\"milica\",\"@id\":\"https:\\\/\\\/crta.rs\\\/en\\\/#\\\/schema\\\/person\\\/0cc37dbc4cb7d35b32379de6f98e1c7f\"},\"headline\":\"Preliminary media monitoring report: The deceptive pluralism of the election campaign; February 15th &#8211; March 4th\",\"datePublished\":\"2022-03-26T17:12:23+00:00\",\"dateModified\":\"2022-03-26T17:14:33+00:00\",\"mainEntityOfPage\":{\"@id\":\"https:\\\/\\\/crta.rs\\\/en\\\/preliminary-media-monitoring-report-the-deceptive-pluralism-of-the-election-campaign-february-15th-march-4th\\\/\"},\"wordCount\":113,\"image\":{\"@id\":\"https:\\\/\\\/crta.rs\\\/en\\\/preliminary-media-monitoring-report-the-deceptive-pluralism-of-the-election-campaign-february-15th-march-4th\\\/#primaryimage\"},\"thumbnailUrl\":\"https:\\\/\\\/crta.rs\\\/wp-content\\\/uploads\\\/2022\\\/03\\\/media-monitoring-februar-mart-ENG.jpg\",\"keywords\":[\"Elections 2022\",\"media monitoring\"],\"articleSection\":[\"Publications\"],\"inLanguage\":\"en-US\"},{\"@type\":\"WebPage\",\"@id\":\"https:\\\/\\\/crta.rs\\\/en\\\/preliminary-media-monitoring-report-the-deceptive-pluralism-of-the-election-campaign-february-15th-march-4th\\\/\",\"url\":\"https:\\\/\\\/crta.rs\\\/en\\\/preliminary-media-monitoring-report-the-deceptive-pluralism-of-the-election-campaign-february-15th-march-4th\\\/\",\"name\":\"Preliminary media monitoring report: The deceptive pluralism of the election campaign; February 15th - March 4th - CRTA\",\"isPartOf\":{\"@id\":\"https:\\\/\\\/crta.rs\\\/en\\\/#website\"},\"primaryImageOfPage\":{\"@id\":\"https:\\\/\\\/crta.rs\\\/en\\\/preliminary-media-monitoring-report-the-deceptive-pluralism-of-the-election-campaign-february-15th-march-4th\\\/#primaryimage\"},\"image\":{\"@id\":\"https:\\\/\\\/crta.rs\\\/en\\\/preliminary-media-monitoring-report-the-deceptive-pluralism-of-the-election-campaign-february-15th-march-4th\\\/#primaryimage\"},\"thumbnailUrl\":\"https:\\\/\\\/crta.rs\\\/wp-content\\\/uploads\\\/2022\\\/03\\\/media-monitoring-februar-mart-ENG.jpg\",\"datePublished\":\"2022-03-26T17:12:23+00:00\",\"dateModified\":\"2022-03-26T17:14:33+00:00\",\"author\":{\"@id\":\"https:\\\/\\\/crta.rs\\\/en\\\/#\\\/schema\\\/person\\\/0cc37dbc4cb7d35b32379de6f98e1c7f\"},\"breadcrumb\":{\"@id\":\"https:\\\/\\\/crta.rs\\\/en\\\/preliminary-media-monitoring-report-the-deceptive-pluralism-of-the-election-campaign-february-15th-march-4th\\\/#breadcrumb\"},\"inLanguage\":\"en-US\",\"potentialAction\":[{\"@type\":\"ReadAction\",\"target\":[\"https:\\\/\\\/crta.rs\\\/en\\\/preliminary-media-monitoring-report-the-deceptive-pluralism-of-the-election-campaign-february-15th-march-4th\\\/\"]}]},{\"@type\":\"ImageObject\",\"inLanguage\":\"en-US\",\"@id\":\"https:\\\/\\\/crta.rs\\\/en\\\/preliminary-media-monitoring-report-the-deceptive-pluralism-of-the-election-campaign-february-15th-march-4th\\\/#primaryimage\",\"url\":\"https:\\\/\\\/crta.rs\\\/wp-content\\\/uploads\\\/2022\\\/03\\\/media-monitoring-februar-mart-ENG.jpg\",\"contentUrl\":\"https:\\\/\\\/crta.rs\\\/wp-content\\\/uploads\\\/2022\\\/03\\\/media-monitoring-februar-mart-ENG.jpg\",\"width\":1063,\"height\":1504},{\"@type\":\"BreadcrumbList\",\"@id\":\"https:\\\/\\\/crta.rs\\\/en\\\/preliminary-media-monitoring-report-the-deceptive-pluralism-of-the-election-campaign-february-15th-march-4th\\\/#breadcrumb\",\"itemListElement\":[{\"@type\":\"ListItem\",\"position\":1,\"name\":\"Home\",\"item\":\"https:\\\/\\\/crta.rs\\\/en\\\/\"},{\"@type\":\"ListItem\",\"position\":2,\"name\":\"Publications\",\"item\":\"https:\\\/\\\/crta.rs\\\/en\\\/category\\\/publication-en\\\/\"},{\"@type\":\"ListItem\",\"position\":3,\"name\":\"Preliminary media monitoring report: The deceptive pluralism of the election campaign; February 15th &#8211; March 4th\"}]},{\"@type\":\"WebSite\",\"@id\":\"https:\\\/\\\/crta.rs\\\/en\\\/#website\",\"url\":\"https:\\\/\\\/crta.rs\\\/en\\\/\",\"name\":\"CRTA\",\"description\":\"Mi smo grupa aktivista i novinara koja zajedno sa gra\u0111anima uti\u010de na pove\u0107anje odgovornosti institucija i javnih funkcionera kroz pra\u0107enje i kontrolu njihovog rada.\",\"potentialAction\":[{\"@type\":\"SearchAction\",\"target\":{\"@type\":\"EntryPoint\",\"urlTemplate\":\"https:\\\/\\\/crta.rs\\\/en\\\/?s={search_term_string}\"},\"query-input\":{\"@type\":\"PropertyValueSpecification\",\"valueRequired\":true,\"valueName\":\"search_term_string\"}}],\"inLanguage\":\"en-US\"},{\"@type\":\"Person\",\"@id\":\"https:\\\/\\\/crta.rs\\\/en\\\/#\\\/schema\\\/person\\\/0cc37dbc4cb7d35b32379de6f98e1c7f\",\"name\":\"milica\",\"url\":\"https:\\\/\\\/crta.rs\\\/en\\\/author\\\/milica\\\/\"}]}<\/script>\n<!-- \/ Yoast SEO plugin. -->","yoast_head_json":{"title":"Preliminary media monitoring report: The deceptive pluralism of the election campaign; February 15th - March 4th - CRTA","robots":{"index":"index","follow":"follow","max-snippet":"max-snippet:-1","max-image-preview":"max-image-preview:large","max-video-preview":"max-video-preview:-1"},"canonical":"https:\/\/crta.rs\/en\/preliminary-media-monitoring-report-the-deceptive-pluralism-of-the-election-campaign-february-15th-march-4th\/","og_locale":"en_US","og_type":"article","og_title":"Preliminary media monitoring report: The deceptive pluralism of the election campaign; February 15th - March 4th - CRTA","og_description":"After several months in which political pluralism was almost non-existent due to the dominance of government representatives on television stations with national coverage, CRTA&#8217;s data show that during the first three weeks of the campaign there was a change in the coverage and reporting of opposition election actors. This change is marked by growing media...","og_url":"https:\/\/crta.rs\/en\/preliminary-media-monitoring-report-the-deceptive-pluralism-of-the-election-campaign-february-15th-march-4th\/","og_site_name":"CRTA","article_publisher":"https:\/\/www.facebook.com\/CRTArs\/","article_published_time":"2022-03-26T17:12:23+00:00","article_modified_time":"2022-03-26T17:14:33+00:00","og_image":[{"width":1063,"height":1504,"url":"https:\/\/crta.rs\/wp-content\/uploads\/2022\/03\/media-monitoring-februar-mart-ENG.jpg","type":"image\/jpeg"}],"author":"milica","twitter_card":"summary_large_image","twitter_misc":{"Written by":"milica"},"schema":{"@context":"https:\/\/schema.org","@graph":[{"@type":"Article","@id":"https:\/\/crta.rs\/en\/preliminary-media-monitoring-report-the-deceptive-pluralism-of-the-election-campaign-february-15th-march-4th\/#article","isPartOf":{"@id":"https:\/\/crta.rs\/en\/preliminary-media-monitoring-report-the-deceptive-pluralism-of-the-election-campaign-february-15th-march-4th\/"},"author":{"name":"milica","@id":"https:\/\/crta.rs\/en\/#\/schema\/person\/0cc37dbc4cb7d35b32379de6f98e1c7f"},"headline":"Preliminary media monitoring report: The deceptive pluralism of the election campaign; February 15th &#8211; March 4th","datePublished":"2022-03-26T17:12:23+00:00","dateModified":"2022-03-26T17:14:33+00:00","mainEntityOfPage":{"@id":"https:\/\/crta.rs\/en\/preliminary-media-monitoring-report-the-deceptive-pluralism-of-the-election-campaign-february-15th-march-4th\/"},"wordCount":113,"image":{"@id":"https:\/\/crta.rs\/en\/preliminary-media-monitoring-report-the-deceptive-pluralism-of-the-election-campaign-february-15th-march-4th\/#primaryimage"},"thumbnailUrl":"https:\/\/crta.rs\/wp-content\/uploads\/2022\/03\/media-monitoring-februar-mart-ENG.jpg","keywords":["Elections 2022","media monitoring"],"articleSection":["Publications"],"inLanguage":"en-US"},{"@type":"WebPage","@id":"https:\/\/crta.rs\/en\/preliminary-media-monitoring-report-the-deceptive-pluralism-of-the-election-campaign-february-15th-march-4th\/","url":"https:\/\/crta.rs\/en\/preliminary-media-monitoring-report-the-deceptive-pluralism-of-the-election-campaign-february-15th-march-4th\/","name":"Preliminary media monitoring report: The deceptive pluralism of the election campaign; February 15th - March 4th - CRTA","isPartOf":{"@id":"https:\/\/crta.rs\/en\/#website"},"primaryImageOfPage":{"@id":"https:\/\/crta.rs\/en\/preliminary-media-monitoring-report-the-deceptive-pluralism-of-the-election-campaign-february-15th-march-4th\/#primaryimage"},"image":{"@id":"https:\/\/crta.rs\/en\/preliminary-media-monitoring-report-the-deceptive-pluralism-of-the-election-campaign-february-15th-march-4th\/#primaryimage"},"thumbnailUrl":"https:\/\/crta.rs\/wp-content\/uploads\/2022\/03\/media-monitoring-februar-mart-ENG.jpg","datePublished":"2022-03-26T17:12:23+00:00","dateModified":"2022-03-26T17:14:33+00:00","author":{"@id":"https:\/\/crta.rs\/en\/#\/schema\/person\/0cc37dbc4cb7d35b32379de6f98e1c7f"},"breadcrumb":{"@id":"https:\/\/crta.rs\/en\/preliminary-media-monitoring-report-the-deceptive-pluralism-of-the-election-campaign-february-15th-march-4th\/#breadcrumb"},"inLanguage":"en-US","potentialAction":[{"@type":"ReadAction","target":["https:\/\/crta.rs\/en\/preliminary-media-monitoring-report-the-deceptive-pluralism-of-the-election-campaign-february-15th-march-4th\/"]}]},{"@type":"ImageObject","inLanguage":"en-US","@id":"https:\/\/crta.rs\/en\/preliminary-media-monitoring-report-the-deceptive-pluralism-of-the-election-campaign-february-15th-march-4th\/#primaryimage","url":"https:\/\/crta.rs\/wp-content\/uploads\/2022\/03\/media-monitoring-februar-mart-ENG.jpg","contentUrl":"https:\/\/crta.rs\/wp-content\/uploads\/2022\/03\/media-monitoring-februar-mart-ENG.jpg","width":1063,"height":1504},{"@type":"BreadcrumbList","@id":"https:\/\/crta.rs\/en\/preliminary-media-monitoring-report-the-deceptive-pluralism-of-the-election-campaign-february-15th-march-4th\/#breadcrumb","itemListElement":[{"@type":"ListItem","position":1,"name":"Home","item":"https:\/\/crta.rs\/en\/"},{"@type":"ListItem","position":2,"name":"Publications","item":"https:\/\/crta.rs\/en\/category\/publication-en\/"},{"@type":"ListItem","position":3,"name":"Preliminary media monitoring report: The deceptive pluralism of the election campaign; February 15th &#8211; March 4th"}]},{"@type":"WebSite","@id":"https:\/\/crta.rs\/en\/#website","url":"https:\/\/crta.rs\/en\/","name":"CRTA","description":"Mi smo grupa aktivista i novinara koja zajedno sa gra\u0111anima uti\u010de na pove\u0107anje odgovornosti institucija i javnih funkcionera kroz pra\u0107enje i kontrolu njihovog rada.","potentialAction":[{"@type":"SearchAction","target":{"@type":"EntryPoint","urlTemplate":"https:\/\/crta.rs\/en\/?s={search_term_string}"},"query-input":{"@type":"PropertyValueSpecification","valueRequired":true,"valueName":"search_term_string"}}],"inLanguage":"en-US"},{"@type":"Person","@id":"https:\/\/crta.rs\/en\/#\/schema\/person\/0cc37dbc4cb7d35b32379de6f98e1c7f","name":"milica","url":"https:\/\/crta.rs\/en\/author\/milica\/"}]}},"_links":{"self":[{"href":"https:\/\/crta.rs\/en\/wp-json\/wp\/v2\/posts\/29900","targetHints":{"allow":["GET"]}}],"collection":[{"href":"https:\/\/crta.rs\/en\/wp-json\/wp\/v2\/posts"}],"about":[{"href":"https:\/\/crta.rs\/en\/wp-json\/wp\/v2\/types\/post"}],"author":[{"embeddable":true,"href":"https:\/\/crta.rs\/en\/wp-json\/wp\/v2\/users\/3"}],"replies":[{"embeddable":true,"href":"https:\/\/crta.rs\/en\/wp-json\/wp\/v2\/comments?post=29900"}],"version-history":[{"count":2,"href":"https:\/\/crta.rs\/en\/wp-json\/wp\/v2\/posts\/29900\/revisions"}],"predecessor-version":[{"id":29908,"href":"https:\/\/crta.rs\/en\/wp-json\/wp\/v2\/posts\/29900\/revisions\/29908"}],"wp:featuredmedia":[{"embeddable":true,"href":"https:\/\/crta.rs\/en\/wp-json\/wp\/v2\/media\/29906"}],"wp:attachment":[{"href":"https:\/\/crta.rs\/en\/wp-json\/wp\/v2\/media?parent=29900"}],"wp:term":[{"taxonomy":"category","embeddable":true,"href":"https:\/\/crta.rs\/en\/wp-json\/wp\/v2\/categories?post=29900"},{"taxonomy":"post_tag","embeddable":true,"href":"https:\/\/crta.rs\/en\/wp-json\/wp\/v2\/tags?post=29900"}],"curies":[{"name":"wp","href":"https:\/\/api.w.org\/{rel}","templated":true}]}}