{"id":29859,"date":"2022-03-25T11:38:01","date_gmt":"2022-03-25T10:38:01","guid":{"rendered":"https:\/\/crta.rs\/?p=29859"},"modified":"2022-03-31T20:34:48","modified_gmt":"2022-03-31T18:34:48","slug":"three-thousand-of-crta-s-observers-will-monitor-the-election-day","status":"publish","type":"post","link":"https:\/\/crta.rs\/en\/three-thousand-of-crta-s-observers-will-monitor-the-election-day\/","title":{"rendered":"Three thousand of CRTA\u2019s observers will monitor the Election Day"},"content":{"rendered":"<p><span style=\"font-weight: 400;\">CRTA has formed the largest election observation mission so far, that will assess the quality of voting process at presidential, parliamentary and Belgrade elections on April 3.<\/span><\/p>\n<p><span style=\"font-weight: 400;\">More than three thousand of observers, trained in accordance with the highest international standards, will monitor elections, which is twice more observers than in 2020 elections.<\/span><\/p>\n<p><span style=\"font-weight: 400;\">CRTA will report about the republic (presidential and parliamentary) and Belgrade elections, on the basis of two random samples, representative for Serbia (500 polling stations) and Belgrade (450 polling stations), totaling a number of 950 polling stations.<\/span><\/p>\n<p><span style=\"font-weight: 400;\">Random representative sample of polling stations reflects the structure, size and territory of all polling stations, as well as regional and political characteristics, which ensures that information gathered from sampled polling stations are representative for Belgrade and the entire Serbia (not including polling stations designated for voters from Kosovo and Metohija).<\/span><\/p>\n<p><span style=\"font-weight: 400;\">Observers will be present at polling stations from preparation of polls for opening at 6am, until polling boards publically display election results, ensuring the comprehensive insight into developments at polling stations.<\/span><\/p>\n<p><span style=\"font-weight: 400;\">During the day, CRTA will regularly inform the public about the voters\u2019 turnout, voting process and compliance with voting procedures.<\/span><\/p>\n<p><span style=\"font-weight: 400;\">Considering that elections will be conducted at multiple levels on April 3, it is expected that counting of votes will last longer than in 2020 elections. In order to ensure reliability and accuracy of data, CRTA will publically announce election results after collection and processing of data from at least 95 percent of sampled polling stations.<\/span><\/p>\n","protected":false},"excerpt":{"rendered":"<p>CRTA has formed the largest election observation mission so far, that will assess the quality of voting process at presidential, parliamentary and Belgrade elections on April 3. More than three thousand of observers, trained in accordance with the highest international standards, will monitor elections, which is twice more observers than in 2020 elections.<\/p>\n","protected":false},"author":18,"featured_media":29861,"comment_status":"closed","ping_status":"open","sticky":false,"template":"","format":"standard","meta":{"_acf_changed":false,"footnotes":"","_links_to":"","_links_to_target":""},"categories":[218,681],"tags":[],"class_list":["post-29859","post","type-post","status-publish","format-standard","has-post-thumbnail","hentry","category-latest-en","category-news","ciTrackContent"],"acf":[],"yoast_head":"<!-- This site is optimized with the Yoast SEO plugin v27.4 - https:\/\/yoast.com\/product\/yoast-seo-wordpress\/ -->\n<title>Three thousand of CRTA\u2019s observers will monitor the Election Day - CRTA<\/title>\n<meta name=\"robots\" content=\"index, follow, max-snippet:-1, max-image-preview:large, max-video-preview:-1\" \/>\n<link rel=\"canonical\" href=\"https:\/\/crta.rs\/en\/three-thousand-of-crta-s-observers-will-monitor-the-election-day\/\" \/>\n<meta property=\"og:locale\" content=\"en_US\" \/>\n<meta property=\"og:type\" content=\"article\" \/>\n<meta property=\"og:title\" content=\"Three thousand of CRTA\u2019s observers will monitor the Election Day - CRTA\" \/>\n<meta property=\"og:description\" content=\"CRTA has formed the largest election observation mission so far, that will assess the quality of voting process at presidential, parliamentary and Belgrade elections on April 3. More than three thousand of observers, trained in accordance with the highest international standards, will monitor elections, which is twice more observers than in 2020 elections.\" \/>\n<meta property=\"og:url\" content=\"https:\/\/crta.rs\/en\/three-thousand-of-crta-s-observers-will-monitor-the-election-day\/\" \/>\n<meta property=\"og:site_name\" content=\"CRTA\" \/>\n<meta property=\"article:publisher\" content=\"https:\/\/www.facebook.com\/CRTArs\/\" \/>\n<meta property=\"article:published_time\" content=\"2022-03-25T10:38:01+00:00\" \/>\n<meta property=\"article:modified_time\" content=\"2022-03-31T18:34:48+00:00\" \/>\n<meta property=\"og:image\" content=\"https:\/\/crta.rs\/wp-content\/uploads\/2022\/03\/izbori-2022-engleski-aktuelno.png\" \/>\n\t<meta property=\"og:image:width\" content=\"940\" \/>\n\t<meta property=\"og:image:height\" content=\"469\" \/>\n\t<meta property=\"og:image:type\" content=\"image\/png\" \/>\n<meta name=\"author\" content=\"Branislav Grkovi\u0107\" \/>\n<meta name=\"twitter:card\" content=\"summary_large_image\" \/>\n<meta name=\"twitter:label1\" content=\"Written by\" \/>\n\t<meta name=\"twitter:data1\" content=\"Branislav Grkovi\u0107\" \/>\n\t<meta name=\"twitter:label2\" content=\"Est. reading time\" \/>\n\t<meta name=\"twitter:data2\" content=\"2 minutes\" \/>\n<script type=\"application\/ld+json\" class=\"yoast-schema-graph\">{\"@context\":\"https:\\\/\\\/schema.org\",\"@graph\":[{\"@type\":\"Article\",\"@id\":\"https:\\\/\\\/crta.rs\\\/en\\\/three-thousand-of-crta-s-observers-will-monitor-the-election-day\\\/#article\",\"isPartOf\":{\"@id\":\"https:\\\/\\\/crta.rs\\\/en\\\/three-thousand-of-crta-s-observers-will-monitor-the-election-day\\\/\"},\"author\":{\"name\":\"Branislav Grkovi\u0107\",\"@id\":\"https:\\\/\\\/crta.rs\\\/en\\\/#\\\/schema\\\/person\\\/a6e5fa47eb46bc71075c0ef78ce03f28\"},\"headline\":\"Three thousand of CRTA\u2019s observers will monitor the Election Day\",\"datePublished\":\"2022-03-25T10:38:01+00:00\",\"dateModified\":\"2022-03-31T18:34:48+00:00\",\"mainEntityOfPage\":{\"@id\":\"https:\\\/\\\/crta.rs\\\/en\\\/three-thousand-of-crta-s-observers-will-monitor-the-election-day\\\/\"},\"wordCount\":251,\"image\":{\"@id\":\"https:\\\/\\\/crta.rs\\\/en\\\/three-thousand-of-crta-s-observers-will-monitor-the-election-day\\\/#primaryimage\"},\"thumbnailUrl\":\"https:\\\/\\\/crta.rs\\\/wp-content\\\/uploads\\\/2022\\\/03\\\/izbori-2022-engleski-aktuelno.png\",\"articleSection\":[\"Latest\",\"News\"],\"inLanguage\":\"en-US\"},{\"@type\":\"WebPage\",\"@id\":\"https:\\\/\\\/crta.rs\\\/en\\\/three-thousand-of-crta-s-observers-will-monitor-the-election-day\\\/\",\"url\":\"https:\\\/\\\/crta.rs\\\/en\\\/three-thousand-of-crta-s-observers-will-monitor-the-election-day\\\/\",\"name\":\"Three thousand of CRTA\u2019s observers will monitor the Election Day - CRTA\",\"isPartOf\":{\"@id\":\"https:\\\/\\\/crta.rs\\\/en\\\/#website\"},\"primaryImageOfPage\":{\"@id\":\"https:\\\/\\\/crta.rs\\\/en\\\/three-thousand-of-crta-s-observers-will-monitor-the-election-day\\\/#primaryimage\"},\"image\":{\"@id\":\"https:\\\/\\\/crta.rs\\\/en\\\/three-thousand-of-crta-s-observers-will-monitor-the-election-day\\\/#primaryimage\"},\"thumbnailUrl\":\"https:\\\/\\\/crta.rs\\\/wp-content\\\/uploads\\\/2022\\\/03\\\/izbori-2022-engleski-aktuelno.png\",\"datePublished\":\"2022-03-25T10:38:01+00:00\",\"dateModified\":\"2022-03-31T18:34:48+00:00\",\"author\":{\"@id\":\"https:\\\/\\\/crta.rs\\\/en\\\/#\\\/schema\\\/person\\\/a6e5fa47eb46bc71075c0ef78ce03f28\"},\"breadcrumb\":{\"@id\":\"https:\\\/\\\/crta.rs\\\/en\\\/three-thousand-of-crta-s-observers-will-monitor-the-election-day\\\/#breadcrumb\"},\"inLanguage\":\"en-US\",\"potentialAction\":[{\"@type\":\"ReadAction\",\"target\":[\"https:\\\/\\\/crta.rs\\\/en\\\/three-thousand-of-crta-s-observers-will-monitor-the-election-day\\\/\"]}]},{\"@type\":\"ImageObject\",\"inLanguage\":\"en-US\",\"@id\":\"https:\\\/\\\/crta.rs\\\/en\\\/three-thousand-of-crta-s-observers-will-monitor-the-election-day\\\/#primaryimage\",\"url\":\"https:\\\/\\\/crta.rs\\\/wp-content\\\/uploads\\\/2022\\\/03\\\/izbori-2022-engleski-aktuelno.png\",\"contentUrl\":\"https:\\\/\\\/crta.rs\\\/wp-content\\\/uploads\\\/2022\\\/03\\\/izbori-2022-engleski-aktuelno.png\",\"width\":940,\"height\":469},{\"@type\":\"BreadcrumbList\",\"@id\":\"https:\\\/\\\/crta.rs\\\/en\\\/three-thousand-of-crta-s-observers-will-monitor-the-election-day\\\/#breadcrumb\",\"itemListElement\":[{\"@type\":\"ListItem\",\"position\":1,\"name\":\"Home\",\"item\":\"https:\\\/\\\/crta.rs\\\/en\\\/\"},{\"@type\":\"ListItem\",\"position\":2,\"name\":\"Latest\",\"item\":\"https:\\\/\\\/crta.rs\\\/en\\\/category\\\/latest-en\\\/\"},{\"@type\":\"ListItem\",\"position\":3,\"name\":\"Three thousand of CRTA\u2019s observers will monitor the Election Day\"}]},{\"@type\":\"WebSite\",\"@id\":\"https:\\\/\\\/crta.rs\\\/en\\\/#website\",\"url\":\"https:\\\/\\\/crta.rs\\\/en\\\/\",\"name\":\"CRTA\",\"description\":\"Mi smo grupa aktivista i novinara koja zajedno sa gra\u0111anima uti\u010de na pove\u0107anje odgovornosti institucija i javnih funkcionera kroz pra\u0107enje i kontrolu njihovog rada.\",\"potentialAction\":[{\"@type\":\"SearchAction\",\"target\":{\"@type\":\"EntryPoint\",\"urlTemplate\":\"https:\\\/\\\/crta.rs\\\/en\\\/?s={search_term_string}\"},\"query-input\":{\"@type\":\"PropertyValueSpecification\",\"valueRequired\":true,\"valueName\":\"search_term_string\"}}],\"inLanguage\":\"en-US\"},{\"@type\":\"Person\",\"@id\":\"https:\\\/\\\/crta.rs\\\/en\\\/#\\\/schema\\\/person\\\/a6e5fa47eb46bc71075c0ef78ce03f28\",\"name\":\"Branislav Grkovi\u0107\",\"url\":\"https:\\\/\\\/crta.rs\\\/en\\\/author\\\/branislav\\\/\"}]}<\/script>\n<!-- \/ Yoast SEO plugin. -->","yoast_head_json":{"title":"Three thousand of CRTA\u2019s observers will monitor the Election Day - CRTA","robots":{"index":"index","follow":"follow","max-snippet":"max-snippet:-1","max-image-preview":"max-image-preview:large","max-video-preview":"max-video-preview:-1"},"canonical":"https:\/\/crta.rs\/en\/three-thousand-of-crta-s-observers-will-monitor-the-election-day\/","og_locale":"en_US","og_type":"article","og_title":"Three thousand of CRTA\u2019s observers will monitor the Election Day - CRTA","og_description":"CRTA has formed the largest election observation mission so far, that will assess the quality of voting process at presidential, parliamentary and Belgrade elections on April 3. More than three thousand of observers, trained in accordance with the highest international standards, will monitor elections, which is twice more observers than in 2020 elections.","og_url":"https:\/\/crta.rs\/en\/three-thousand-of-crta-s-observers-will-monitor-the-election-day\/","og_site_name":"CRTA","article_publisher":"https:\/\/www.facebook.com\/CRTArs\/","article_published_time":"2022-03-25T10:38:01+00:00","article_modified_time":"2022-03-31T18:34:48+00:00","og_image":[{"width":940,"height":469,"url":"https:\/\/crta.rs\/wp-content\/uploads\/2022\/03\/izbori-2022-engleski-aktuelno.png","type":"image\/png"}],"author":"Branislav Grkovi\u0107","twitter_card":"summary_large_image","twitter_misc":{"Written by":"Branislav Grkovi\u0107","Est. reading time":"2 minutes"},"schema":{"@context":"https:\/\/schema.org","@graph":[{"@type":"Article","@id":"https:\/\/crta.rs\/en\/three-thousand-of-crta-s-observers-will-monitor-the-election-day\/#article","isPartOf":{"@id":"https:\/\/crta.rs\/en\/three-thousand-of-crta-s-observers-will-monitor-the-election-day\/"},"author":{"name":"Branislav Grkovi\u0107","@id":"https:\/\/crta.rs\/en\/#\/schema\/person\/a6e5fa47eb46bc71075c0ef78ce03f28"},"headline":"Three thousand of CRTA\u2019s observers will monitor the Election Day","datePublished":"2022-03-25T10:38:01+00:00","dateModified":"2022-03-31T18:34:48+00:00","mainEntityOfPage":{"@id":"https:\/\/crta.rs\/en\/three-thousand-of-crta-s-observers-will-monitor-the-election-day\/"},"wordCount":251,"image":{"@id":"https:\/\/crta.rs\/en\/three-thousand-of-crta-s-observers-will-monitor-the-election-day\/#primaryimage"},"thumbnailUrl":"https:\/\/crta.rs\/wp-content\/uploads\/2022\/03\/izbori-2022-engleski-aktuelno.png","articleSection":["Latest","News"],"inLanguage":"en-US"},{"@type":"WebPage","@id":"https:\/\/crta.rs\/en\/three-thousand-of-crta-s-observers-will-monitor-the-election-day\/","url":"https:\/\/crta.rs\/en\/three-thousand-of-crta-s-observers-will-monitor-the-election-day\/","name":"Three thousand of CRTA\u2019s observers will monitor the Election Day - CRTA","isPartOf":{"@id":"https:\/\/crta.rs\/en\/#website"},"primaryImageOfPage":{"@id":"https:\/\/crta.rs\/en\/three-thousand-of-crta-s-observers-will-monitor-the-election-day\/#primaryimage"},"image":{"@id":"https:\/\/crta.rs\/en\/three-thousand-of-crta-s-observers-will-monitor-the-election-day\/#primaryimage"},"thumbnailUrl":"https:\/\/crta.rs\/wp-content\/uploads\/2022\/03\/izbori-2022-engleski-aktuelno.png","datePublished":"2022-03-25T10:38:01+00:00","dateModified":"2022-03-31T18:34:48+00:00","author":{"@id":"https:\/\/crta.rs\/en\/#\/schema\/person\/a6e5fa47eb46bc71075c0ef78ce03f28"},"breadcrumb":{"@id":"https:\/\/crta.rs\/en\/three-thousand-of-crta-s-observers-will-monitor-the-election-day\/#breadcrumb"},"inLanguage":"en-US","potentialAction":[{"@type":"ReadAction","target":["https:\/\/crta.rs\/en\/three-thousand-of-crta-s-observers-will-monitor-the-election-day\/"]}]},{"@type":"ImageObject","inLanguage":"en-US","@id":"https:\/\/crta.rs\/en\/three-thousand-of-crta-s-observers-will-monitor-the-election-day\/#primaryimage","url":"https:\/\/crta.rs\/wp-content\/uploads\/2022\/03\/izbori-2022-engleski-aktuelno.png","contentUrl":"https:\/\/crta.rs\/wp-content\/uploads\/2022\/03\/izbori-2022-engleski-aktuelno.png","width":940,"height":469},{"@type":"BreadcrumbList","@id":"https:\/\/crta.rs\/en\/three-thousand-of-crta-s-observers-will-monitor-the-election-day\/#breadcrumb","itemListElement":[{"@type":"ListItem","position":1,"name":"Home","item":"https:\/\/crta.rs\/en\/"},{"@type":"ListItem","position":2,"name":"Latest","item":"https:\/\/crta.rs\/en\/category\/latest-en\/"},{"@type":"ListItem","position":3,"name":"Three thousand of CRTA\u2019s observers will monitor the Election Day"}]},{"@type":"WebSite","@id":"https:\/\/crta.rs\/en\/#website","url":"https:\/\/crta.rs\/en\/","name":"CRTA","description":"Mi smo grupa aktivista i novinara koja zajedno sa gra\u0111anima uti\u010de na pove\u0107anje odgovornosti institucija i javnih funkcionera kroz pra\u0107enje i kontrolu njihovog rada.","potentialAction":[{"@type":"SearchAction","target":{"@type":"EntryPoint","urlTemplate":"https:\/\/crta.rs\/en\/?s={search_term_string}"},"query-input":{"@type":"PropertyValueSpecification","valueRequired":true,"valueName":"search_term_string"}}],"inLanguage":"en-US"},{"@type":"Person","@id":"https:\/\/crta.rs\/en\/#\/schema\/person\/a6e5fa47eb46bc71075c0ef78ce03f28","name":"Branislav Grkovi\u0107","url":"https:\/\/crta.rs\/en\/author\/branislav\/"}]}},"_links":{"self":[{"href":"https:\/\/crta.rs\/en\/wp-json\/wp\/v2\/posts\/29859","targetHints":{"allow":["GET"]}}],"collection":[{"href":"https:\/\/crta.rs\/en\/wp-json\/wp\/v2\/posts"}],"about":[{"href":"https:\/\/crta.rs\/en\/wp-json\/wp\/v2\/types\/post"}],"author":[{"embeddable":true,"href":"https:\/\/crta.rs\/en\/wp-json\/wp\/v2\/users\/18"}],"replies":[{"embeddable":true,"href":"https:\/\/crta.rs\/en\/wp-json\/wp\/v2\/comments?post=29859"}],"version-history":[{"count":3,"href":"https:\/\/crta.rs\/en\/wp-json\/wp\/v2\/posts\/29859\/revisions"}],"predecessor-version":[{"id":30051,"href":"https:\/\/crta.rs\/en\/wp-json\/wp\/v2\/posts\/29859\/revisions\/30051"}],"wp:featuredmedia":[{"embeddable":true,"href":"https:\/\/crta.rs\/en\/wp-json\/wp\/v2\/media\/29861"}],"wp:attachment":[{"href":"https:\/\/crta.rs\/en\/wp-json\/wp\/v2\/media?parent=29859"}],"wp:term":[{"taxonomy":"category","embeddable":true,"href":"https:\/\/crta.rs\/en\/wp-json\/wp\/v2\/categories?post=29859"},{"taxonomy":"post_tag","embeddable":true,"href":"https:\/\/crta.rs\/en\/wp-json\/wp\/v2\/tags?post=29859"}],"curies":[{"name":"wp","href":"https:\/\/api.w.org\/{rel}","templated":true}]}}