{"id":29688,"date":"2022-03-15T10:41:24","date_gmt":"2022-03-15T09:41:24","guid":{"rendered":"https:\/\/crta.rs\/?p=29688"},"modified":"2022-03-15T10:41:24","modified_gmt":"2022-03-15T09:41:24","slug":"izbori-2022-election-observation-mission-established","status":"publish","type":"post","link":"https:\/\/crta.rs\/en\/izbori-2022-election-observation-mission-established\/","title":{"rendered":"#Izbori 2022 \u2013 Election Observation Mission Established"},"content":{"rendered":"<p><span style=\"font-weight: 400;\">Four months ahead of the official announcement of the 2022 elections, CRTA established the election observation mission and began with monitoring of developments preceding the official election campaign. Within this period, CRTA dedicated special attention to changes of electoral rules and procedures, that emerged from two rounds of the inter-party dialogue.<\/span><\/p>\n","protected":false},"excerpt":{"rendered":"<p>Four months ahead of the official announcement of the 2022 elections, CRTA established the election observation mission and began with monitoring of developments preceding the official election campaign. Within this period, CRTA dedicated special attention to changes of electoral rules and procedures, that emerged from two rounds of the inter-party dialogue.<\/p>\n","protected":false},"author":3,"featured_media":0,"comment_status":"closed","ping_status":"open","sticky":false,"template":"","format":"standard","meta":{"_acf_changed":false,"footnotes":"","_links_to":"","_links_to_target":""},"categories":[390],"tags":[],"class_list":["post-29688","post","type-post","status-publish","format-standard","hentry","category-history-en","ciTrackContent"],"acf":[],"yoast_head":"<!-- This site is optimized with the Yoast SEO plugin v27.4 - https:\/\/yoast.com\/product\/yoast-seo-wordpress\/ -->\n<title>#Izbori 2022 \u2013 Election Observation Mission Established - CRTA<\/title>\n<meta name=\"robots\" content=\"index, follow, max-snippet:-1, max-image-preview:large, max-video-preview:-1\" \/>\n<link rel=\"canonical\" href=\"https:\/\/crta.rs\/en\/izbori-2022-election-observation-mission-established\/\" \/>\n<meta property=\"og:locale\" content=\"en_US\" \/>\n<meta property=\"og:type\" content=\"article\" \/>\n<meta property=\"og:title\" content=\"#Izbori 2022 \u2013 Election Observation Mission Established - CRTA\" \/>\n<meta property=\"og:description\" content=\"Four months ahead of the official announcement of the 2022 elections, CRTA established the election observation mission and began with monitoring of developments preceding the official election campaign. Within this period, CRTA dedicated special attention to changes of electoral rules and procedures, that emerged from two rounds of the inter-party dialogue.\" \/>\n<meta property=\"og:url\" content=\"https:\/\/crta.rs\/en\/izbori-2022-election-observation-mission-established\/\" \/>\n<meta property=\"og:site_name\" content=\"CRTA\" \/>\n<meta property=\"article:publisher\" content=\"https:\/\/www.facebook.com\/CRTArs\/\" \/>\n<meta property=\"article:published_time\" content=\"2022-03-15T09:41:24+00:00\" \/>\n<meta property=\"og:image\" content=\"https:\/\/crta.rs\/wp-content\/uploads\/2019\/03\/CRTA-logo.jpg\" \/>\n\t<meta property=\"og:image:width\" content=\"2400\" \/>\n\t<meta property=\"og:image:height\" content=\"1596\" \/>\n\t<meta property=\"og:image:type\" content=\"image\/jpeg\" \/>\n<meta name=\"author\" content=\"milica\" \/>\n<meta name=\"twitter:card\" content=\"summary_large_image\" \/>\n<meta name=\"twitter:label1\" content=\"Written by\" \/>\n\t<meta name=\"twitter:data1\" content=\"milica\" \/>\n<script type=\"application\/ld+json\" class=\"yoast-schema-graph\">{\"@context\":\"https:\\\/\\\/schema.org\",\"@graph\":[{\"@type\":\"Article\",\"@id\":\"https:\\\/\\\/crta.rs\\\/en\\\/izbori-2022-election-observation-mission-established\\\/#article\",\"isPartOf\":{\"@id\":\"https:\\\/\\\/crta.rs\\\/en\\\/izbori-2022-election-observation-mission-established\\\/\"},\"author\":{\"name\":\"milica\",\"@id\":\"https:\\\/\\\/crta.rs\\\/en\\\/#\\\/schema\\\/person\\\/0cc37dbc4cb7d35b32379de6f98e1c7f\"},\"headline\":\"#Izbori 2022 \u2013 Election Observation Mission Established\",\"datePublished\":\"2022-03-15T09:41:24+00:00\",\"mainEntityOfPage\":{\"@id\":\"https:\\\/\\\/crta.rs\\\/en\\\/izbori-2022-election-observation-mission-established\\\/\"},\"wordCount\":55,\"articleSection\":[\"History English\"],\"inLanguage\":\"en-US\"},{\"@type\":\"WebPage\",\"@id\":\"https:\\\/\\\/crta.rs\\\/en\\\/izbori-2022-election-observation-mission-established\\\/\",\"url\":\"https:\\\/\\\/crta.rs\\\/en\\\/izbori-2022-election-observation-mission-established\\\/\",\"name\":\"#Izbori 2022 \u2013 Election Observation Mission Established - CRTA\",\"isPartOf\":{\"@id\":\"https:\\\/\\\/crta.rs\\\/en\\\/#website\"},\"datePublished\":\"2022-03-15T09:41:24+00:00\",\"author\":{\"@id\":\"https:\\\/\\\/crta.rs\\\/en\\\/#\\\/schema\\\/person\\\/0cc37dbc4cb7d35b32379de6f98e1c7f\"},\"breadcrumb\":{\"@id\":\"https:\\\/\\\/crta.rs\\\/en\\\/izbori-2022-election-observation-mission-established\\\/#breadcrumb\"},\"inLanguage\":\"en-US\",\"potentialAction\":[{\"@type\":\"ReadAction\",\"target\":[\"https:\\\/\\\/crta.rs\\\/en\\\/izbori-2022-election-observation-mission-established\\\/\"]}]},{\"@type\":\"BreadcrumbList\",\"@id\":\"https:\\\/\\\/crta.rs\\\/en\\\/izbori-2022-election-observation-mission-established\\\/#breadcrumb\",\"itemListElement\":[{\"@type\":\"ListItem\",\"position\":1,\"name\":\"Home\",\"item\":\"https:\\\/\\\/crta.rs\\\/en\\\/\"},{\"@type\":\"ListItem\",\"position\":2,\"name\":\"History English\",\"item\":\"https:\\\/\\\/crta.rs\\\/en\\\/category\\\/history-en\\\/\"},{\"@type\":\"ListItem\",\"position\":3,\"name\":\"#Izbori 2022 \u2013 Election Observation Mission Established\"}]},{\"@type\":\"WebSite\",\"@id\":\"https:\\\/\\\/crta.rs\\\/en\\\/#website\",\"url\":\"https:\\\/\\\/crta.rs\\\/en\\\/\",\"name\":\"CRTA\",\"description\":\"Mi smo grupa aktivista i novinara koja zajedno sa gra\u0111anima uti\u010de na pove\u0107anje odgovornosti institucija i javnih funkcionera kroz pra\u0107enje i kontrolu njihovog rada.\",\"potentialAction\":[{\"@type\":\"SearchAction\",\"target\":{\"@type\":\"EntryPoint\",\"urlTemplate\":\"https:\\\/\\\/crta.rs\\\/en\\\/?s={search_term_string}\"},\"query-input\":{\"@type\":\"PropertyValueSpecification\",\"valueRequired\":true,\"valueName\":\"search_term_string\"}}],\"inLanguage\":\"en-US\"},{\"@type\":\"Person\",\"@id\":\"https:\\\/\\\/crta.rs\\\/en\\\/#\\\/schema\\\/person\\\/0cc37dbc4cb7d35b32379de6f98e1c7f\",\"name\":\"milica\",\"url\":\"https:\\\/\\\/crta.rs\\\/en\\\/author\\\/milica\\\/\"}]}<\/script>\n<!-- \/ Yoast SEO plugin. -->","yoast_head_json":{"title":"#Izbori 2022 \u2013 Election Observation Mission Established - CRTA","robots":{"index":"index","follow":"follow","max-snippet":"max-snippet:-1","max-image-preview":"max-image-preview:large","max-video-preview":"max-video-preview:-1"},"canonical":"https:\/\/crta.rs\/en\/izbori-2022-election-observation-mission-established\/","og_locale":"en_US","og_type":"article","og_title":"#Izbori 2022 \u2013 Election Observation Mission Established - CRTA","og_description":"Four months ahead of the official announcement of the 2022 elections, CRTA established the election observation mission and began with monitoring of developments preceding the official election campaign. Within this period, CRTA dedicated special attention to changes of electoral rules and procedures, that emerged from two rounds of the inter-party dialogue.","og_url":"https:\/\/crta.rs\/en\/izbori-2022-election-observation-mission-established\/","og_site_name":"CRTA","article_publisher":"https:\/\/www.facebook.com\/CRTArs\/","article_published_time":"2022-03-15T09:41:24+00:00","og_image":[{"width":2400,"height":1596,"url":"https:\/\/crta.rs\/wp-content\/uploads\/2019\/03\/CRTA-logo.jpg","type":"image\/jpeg"}],"author":"milica","twitter_card":"summary_large_image","twitter_misc":{"Written by":"milica"},"schema":{"@context":"https:\/\/schema.org","@graph":[{"@type":"Article","@id":"https:\/\/crta.rs\/en\/izbori-2022-election-observation-mission-established\/#article","isPartOf":{"@id":"https:\/\/crta.rs\/en\/izbori-2022-election-observation-mission-established\/"},"author":{"name":"milica","@id":"https:\/\/crta.rs\/en\/#\/schema\/person\/0cc37dbc4cb7d35b32379de6f98e1c7f"},"headline":"#Izbori 2022 \u2013 Election Observation Mission Established","datePublished":"2022-03-15T09:41:24+00:00","mainEntityOfPage":{"@id":"https:\/\/crta.rs\/en\/izbori-2022-election-observation-mission-established\/"},"wordCount":55,"articleSection":["History English"],"inLanguage":"en-US"},{"@type":"WebPage","@id":"https:\/\/crta.rs\/en\/izbori-2022-election-observation-mission-established\/","url":"https:\/\/crta.rs\/en\/izbori-2022-election-observation-mission-established\/","name":"#Izbori 2022 \u2013 Election Observation Mission Established - CRTA","isPartOf":{"@id":"https:\/\/crta.rs\/en\/#website"},"datePublished":"2022-03-15T09:41:24+00:00","author":{"@id":"https:\/\/crta.rs\/en\/#\/schema\/person\/0cc37dbc4cb7d35b32379de6f98e1c7f"},"breadcrumb":{"@id":"https:\/\/crta.rs\/en\/izbori-2022-election-observation-mission-established\/#breadcrumb"},"inLanguage":"en-US","potentialAction":[{"@type":"ReadAction","target":["https:\/\/crta.rs\/en\/izbori-2022-election-observation-mission-established\/"]}]},{"@type":"BreadcrumbList","@id":"https:\/\/crta.rs\/en\/izbori-2022-election-observation-mission-established\/#breadcrumb","itemListElement":[{"@type":"ListItem","position":1,"name":"Home","item":"https:\/\/crta.rs\/en\/"},{"@type":"ListItem","position":2,"name":"History English","item":"https:\/\/crta.rs\/en\/category\/history-en\/"},{"@type":"ListItem","position":3,"name":"#Izbori 2022 \u2013 Election Observation Mission Established"}]},{"@type":"WebSite","@id":"https:\/\/crta.rs\/en\/#website","url":"https:\/\/crta.rs\/en\/","name":"CRTA","description":"Mi smo grupa aktivista i novinara koja zajedno sa gra\u0111anima uti\u010de na pove\u0107anje odgovornosti institucija i javnih funkcionera kroz pra\u0107enje i kontrolu njihovog rada.","potentialAction":[{"@type":"SearchAction","target":{"@type":"EntryPoint","urlTemplate":"https:\/\/crta.rs\/en\/?s={search_term_string}"},"query-input":{"@type":"PropertyValueSpecification","valueRequired":true,"valueName":"search_term_string"}}],"inLanguage":"en-US"},{"@type":"Person","@id":"https:\/\/crta.rs\/en\/#\/schema\/person\/0cc37dbc4cb7d35b32379de6f98e1c7f","name":"milica","url":"https:\/\/crta.rs\/en\/author\/milica\/"}]}},"_links":{"self":[{"href":"https:\/\/crta.rs\/en\/wp-json\/wp\/v2\/posts\/29688","targetHints":{"allow":["GET"]}}],"collection":[{"href":"https:\/\/crta.rs\/en\/wp-json\/wp\/v2\/posts"}],"about":[{"href":"https:\/\/crta.rs\/en\/wp-json\/wp\/v2\/types\/post"}],"author":[{"embeddable":true,"href":"https:\/\/crta.rs\/en\/wp-json\/wp\/v2\/users\/3"}],"replies":[{"embeddable":true,"href":"https:\/\/crta.rs\/en\/wp-json\/wp\/v2\/comments?post=29688"}],"version-history":[{"count":2,"href":"https:\/\/crta.rs\/en\/wp-json\/wp\/v2\/posts\/29688\/revisions"}],"predecessor-version":[{"id":29691,"href":"https:\/\/crta.rs\/en\/wp-json\/wp\/v2\/posts\/29688\/revisions\/29691"}],"wp:attachment":[{"href":"https:\/\/crta.rs\/en\/wp-json\/wp\/v2\/media?parent=29688"}],"wp:term":[{"taxonomy":"category","embeddable":true,"href":"https:\/\/crta.rs\/en\/wp-json\/wp\/v2\/categories?post=29688"},{"taxonomy":"post_tag","embeddable":true,"href":"https:\/\/crta.rs\/en\/wp-json\/wp\/v2\/tags?post=29688"}],"curies":[{"name":"wp","href":"https:\/\/api.w.org\/{rel}","templated":true}]}}