{"id":29618,"date":"2022-03-15T10:14:00","date_gmt":"2022-03-15T09:14:00","guid":{"rendered":"https:\/\/crta.rs\/?p=29618"},"modified":"2022-03-15T10:14:48","modified_gmt":"2022-03-15T09:14:48","slug":"voice-of-courage","status":"publish","type":"post","link":"https:\/\/crta.rs\/en\/voice-of-courage\/","title":{"rendered":"Voice of Courage"},"content":{"rendered":"<p><span style=\"font-weight: 400;\">CRTA established the \u201cVoice of Courage\u201d award to acknowledge those who do not give up and persist in the fight for protection of citizen rights, those who believe and act towards meaningful democratic changes, in an environment marked by the general lack of trust and growing apathy. The recipient of the 2018 award was the initiative \u201cWe do not give up the Nis airport\u201d.<\/span><\/p>\n<p><span style=\"font-weight: 400;\">\u00a0<\/span><\/p>\n","protected":false},"excerpt":{"rendered":"<p>CRTA established the \u201cVoice of Courage\u201d award to acknowledge those who do not give up and persist in the fight for protection of citizen rights, those who believe and act towards meaningful democratic changes, in an environment marked by the general lack of trust and growing apathy. The recipient of the 2018 award was the&#8230;<\/p>\n","protected":false},"author":3,"featured_media":0,"comment_status":"closed","ping_status":"open","sticky":false,"template":"","format":"standard","meta":{"_acf_changed":false,"footnotes":"","_links_to":"","_links_to_target":""},"categories":[390],"tags":[],"class_list":["post-29618","post","type-post","status-publish","format-standard","hentry","category-history-en","ciTrackContent"],"acf":[],"yoast_head":"<!-- This site is optimized with the Yoast SEO plugin v27.4 - https:\/\/yoast.com\/product\/yoast-seo-wordpress\/ -->\n<title>Voice of Courage - CRTA<\/title>\n<meta name=\"robots\" content=\"index, follow, max-snippet:-1, max-image-preview:large, max-video-preview:-1\" \/>\n<link rel=\"canonical\" href=\"https:\/\/crta.rs\/en\/voice-of-courage\/\" \/>\n<meta property=\"og:locale\" content=\"en_US\" \/>\n<meta property=\"og:type\" content=\"article\" \/>\n<meta property=\"og:title\" content=\"Voice of Courage - CRTA\" \/>\n<meta property=\"og:description\" content=\"CRTA established the \u201cVoice of Courage\u201d award to acknowledge those who do not give up and persist in the fight for protection of citizen rights, those who believe and act towards meaningful democratic changes, in an environment marked by the general lack of trust and growing apathy. The recipient of the 2018 award was the...\" \/>\n<meta property=\"og:url\" content=\"https:\/\/crta.rs\/en\/voice-of-courage\/\" \/>\n<meta property=\"og:site_name\" content=\"CRTA\" \/>\n<meta property=\"article:publisher\" content=\"https:\/\/www.facebook.com\/CRTArs\/\" \/>\n<meta property=\"article:published_time\" content=\"2022-03-15T09:14:00+00:00\" \/>\n<meta property=\"article:modified_time\" content=\"2022-03-15T09:14:48+00:00\" \/>\n<meta property=\"og:image\" content=\"https:\/\/crta.rs\/wp-content\/uploads\/2019\/03\/CRTA-logo.jpg\" \/>\n\t<meta property=\"og:image:width\" content=\"2400\" \/>\n\t<meta property=\"og:image:height\" content=\"1596\" \/>\n\t<meta property=\"og:image:type\" content=\"image\/jpeg\" \/>\n<meta name=\"author\" content=\"milica\" \/>\n<meta name=\"twitter:card\" content=\"summary_large_image\" \/>\n<meta name=\"twitter:label1\" content=\"Written by\" \/>\n\t<meta name=\"twitter:data1\" content=\"milica\" \/>\n\t<meta name=\"twitter:label2\" content=\"Est. reading time\" \/>\n\t<meta name=\"twitter:data2\" content=\"1 minute\" \/>\n<script type=\"application\/ld+json\" class=\"yoast-schema-graph\">{\"@context\":\"https:\\\/\\\/schema.org\",\"@graph\":[{\"@type\":\"Article\",\"@id\":\"https:\\\/\\\/crta.rs\\\/en\\\/voice-of-courage\\\/#article\",\"isPartOf\":{\"@id\":\"https:\\\/\\\/crta.rs\\\/en\\\/voice-of-courage\\\/\"},\"author\":{\"name\":\"milica\",\"@id\":\"https:\\\/\\\/crta.rs\\\/en\\\/#\\\/schema\\\/person\\\/0cc37dbc4cb7d35b32379de6f98e1c7f\"},\"headline\":\"Voice of Courage\",\"datePublished\":\"2022-03-15T09:14:00+00:00\",\"dateModified\":\"2022-03-15T09:14:48+00:00\",\"mainEntityOfPage\":{\"@id\":\"https:\\\/\\\/crta.rs\\\/en\\\/voice-of-courage\\\/\"},\"wordCount\":66,\"articleSection\":[\"History English\"],\"inLanguage\":\"en-US\"},{\"@type\":\"WebPage\",\"@id\":\"https:\\\/\\\/crta.rs\\\/en\\\/voice-of-courage\\\/\",\"url\":\"https:\\\/\\\/crta.rs\\\/en\\\/voice-of-courage\\\/\",\"name\":\"Voice of Courage - CRTA\",\"isPartOf\":{\"@id\":\"https:\\\/\\\/crta.rs\\\/en\\\/#website\"},\"datePublished\":\"2022-03-15T09:14:00+00:00\",\"dateModified\":\"2022-03-15T09:14:48+00:00\",\"author\":{\"@id\":\"https:\\\/\\\/crta.rs\\\/en\\\/#\\\/schema\\\/person\\\/0cc37dbc4cb7d35b32379de6f98e1c7f\"},\"breadcrumb\":{\"@id\":\"https:\\\/\\\/crta.rs\\\/en\\\/voice-of-courage\\\/#breadcrumb\"},\"inLanguage\":\"en-US\",\"potentialAction\":[{\"@type\":\"ReadAction\",\"target\":[\"https:\\\/\\\/crta.rs\\\/en\\\/voice-of-courage\\\/\"]}]},{\"@type\":\"BreadcrumbList\",\"@id\":\"https:\\\/\\\/crta.rs\\\/en\\\/voice-of-courage\\\/#breadcrumb\",\"itemListElement\":[{\"@type\":\"ListItem\",\"position\":1,\"name\":\"Home\",\"item\":\"https:\\\/\\\/crta.rs\\\/en\\\/\"},{\"@type\":\"ListItem\",\"position\":2,\"name\":\"History English\",\"item\":\"https:\\\/\\\/crta.rs\\\/en\\\/category\\\/history-en\\\/\"},{\"@type\":\"ListItem\",\"position\":3,\"name\":\"Voice of Courage\"}]},{\"@type\":\"WebSite\",\"@id\":\"https:\\\/\\\/crta.rs\\\/en\\\/#website\",\"url\":\"https:\\\/\\\/crta.rs\\\/en\\\/\",\"name\":\"CRTA\",\"description\":\"Mi smo grupa aktivista i novinara koja zajedno sa gra\u0111anima uti\u010de na pove\u0107anje odgovornosti institucija i javnih funkcionera kroz pra\u0107enje i kontrolu njihovog rada.\",\"potentialAction\":[{\"@type\":\"SearchAction\",\"target\":{\"@type\":\"EntryPoint\",\"urlTemplate\":\"https:\\\/\\\/crta.rs\\\/en\\\/?s={search_term_string}\"},\"query-input\":{\"@type\":\"PropertyValueSpecification\",\"valueRequired\":true,\"valueName\":\"search_term_string\"}}],\"inLanguage\":\"en-US\"},{\"@type\":\"Person\",\"@id\":\"https:\\\/\\\/crta.rs\\\/en\\\/#\\\/schema\\\/person\\\/0cc37dbc4cb7d35b32379de6f98e1c7f\",\"name\":\"milica\",\"url\":\"https:\\\/\\\/crta.rs\\\/en\\\/author\\\/milica\\\/\"}]}<\/script>\n<!-- \/ Yoast SEO plugin. -->","yoast_head_json":{"title":"Voice of Courage - CRTA","robots":{"index":"index","follow":"follow","max-snippet":"max-snippet:-1","max-image-preview":"max-image-preview:large","max-video-preview":"max-video-preview:-1"},"canonical":"https:\/\/crta.rs\/en\/voice-of-courage\/","og_locale":"en_US","og_type":"article","og_title":"Voice of Courage - CRTA","og_description":"CRTA established the \u201cVoice of Courage\u201d award to acknowledge those who do not give up and persist in the fight for protection of citizen rights, those who believe and act towards meaningful democratic changes, in an environment marked by the general lack of trust and growing apathy. The recipient of the 2018 award was the...","og_url":"https:\/\/crta.rs\/en\/voice-of-courage\/","og_site_name":"CRTA","article_publisher":"https:\/\/www.facebook.com\/CRTArs\/","article_published_time":"2022-03-15T09:14:00+00:00","article_modified_time":"2022-03-15T09:14:48+00:00","og_image":[{"width":2400,"height":1596,"url":"https:\/\/crta.rs\/wp-content\/uploads\/2019\/03\/CRTA-logo.jpg","type":"image\/jpeg"}],"author":"milica","twitter_card":"summary_large_image","twitter_misc":{"Written by":"milica","Est. reading time":"1 minute"},"schema":{"@context":"https:\/\/schema.org","@graph":[{"@type":"Article","@id":"https:\/\/crta.rs\/en\/voice-of-courage\/#article","isPartOf":{"@id":"https:\/\/crta.rs\/en\/voice-of-courage\/"},"author":{"name":"milica","@id":"https:\/\/crta.rs\/en\/#\/schema\/person\/0cc37dbc4cb7d35b32379de6f98e1c7f"},"headline":"Voice of Courage","datePublished":"2022-03-15T09:14:00+00:00","dateModified":"2022-03-15T09:14:48+00:00","mainEntityOfPage":{"@id":"https:\/\/crta.rs\/en\/voice-of-courage\/"},"wordCount":66,"articleSection":["History English"],"inLanguage":"en-US"},{"@type":"WebPage","@id":"https:\/\/crta.rs\/en\/voice-of-courage\/","url":"https:\/\/crta.rs\/en\/voice-of-courage\/","name":"Voice of Courage - CRTA","isPartOf":{"@id":"https:\/\/crta.rs\/en\/#website"},"datePublished":"2022-03-15T09:14:00+00:00","dateModified":"2022-03-15T09:14:48+00:00","author":{"@id":"https:\/\/crta.rs\/en\/#\/schema\/person\/0cc37dbc4cb7d35b32379de6f98e1c7f"},"breadcrumb":{"@id":"https:\/\/crta.rs\/en\/voice-of-courage\/#breadcrumb"},"inLanguage":"en-US","potentialAction":[{"@type":"ReadAction","target":["https:\/\/crta.rs\/en\/voice-of-courage\/"]}]},{"@type":"BreadcrumbList","@id":"https:\/\/crta.rs\/en\/voice-of-courage\/#breadcrumb","itemListElement":[{"@type":"ListItem","position":1,"name":"Home","item":"https:\/\/crta.rs\/en\/"},{"@type":"ListItem","position":2,"name":"History English","item":"https:\/\/crta.rs\/en\/category\/history-en\/"},{"@type":"ListItem","position":3,"name":"Voice of Courage"}]},{"@type":"WebSite","@id":"https:\/\/crta.rs\/en\/#website","url":"https:\/\/crta.rs\/en\/","name":"CRTA","description":"Mi smo grupa aktivista i novinara koja zajedno sa gra\u0111anima uti\u010de na pove\u0107anje odgovornosti institucija i javnih funkcionera kroz pra\u0107enje i kontrolu njihovog rada.","potentialAction":[{"@type":"SearchAction","target":{"@type":"EntryPoint","urlTemplate":"https:\/\/crta.rs\/en\/?s={search_term_string}"},"query-input":{"@type":"PropertyValueSpecification","valueRequired":true,"valueName":"search_term_string"}}],"inLanguage":"en-US"},{"@type":"Person","@id":"https:\/\/crta.rs\/en\/#\/schema\/person\/0cc37dbc4cb7d35b32379de6f98e1c7f","name":"milica","url":"https:\/\/crta.rs\/en\/author\/milica\/"}]}},"_links":{"self":[{"href":"https:\/\/crta.rs\/en\/wp-json\/wp\/v2\/posts\/29618","targetHints":{"allow":["GET"]}}],"collection":[{"href":"https:\/\/crta.rs\/en\/wp-json\/wp\/v2\/posts"}],"about":[{"href":"https:\/\/crta.rs\/en\/wp-json\/wp\/v2\/types\/post"}],"author":[{"embeddable":true,"href":"https:\/\/crta.rs\/en\/wp-json\/wp\/v2\/users\/3"}],"replies":[{"embeddable":true,"href":"https:\/\/crta.rs\/en\/wp-json\/wp\/v2\/comments?post=29618"}],"version-history":[{"count":2,"href":"https:\/\/crta.rs\/en\/wp-json\/wp\/v2\/posts\/29618\/revisions"}],"predecessor-version":[{"id":29620,"href":"https:\/\/crta.rs\/en\/wp-json\/wp\/v2\/posts\/29618\/revisions\/29620"}],"wp:attachment":[{"href":"https:\/\/crta.rs\/en\/wp-json\/wp\/v2\/media?parent=29618"}],"wp:term":[{"taxonomy":"category","embeddable":true,"href":"https:\/\/crta.rs\/en\/wp-json\/wp\/v2\/categories?post=29618"},{"taxonomy":"post_tag","embeddable":true,"href":"https:\/\/crta.rs\/en\/wp-json\/wp\/v2\/tags?post=29618"}],"curies":[{"name":"wp","href":"https:\/\/api.w.org\/{rel}","templated":true}]}}