{"id":29208,"date":"2022-03-03T17:08:10","date_gmt":"2022-03-03T16:08:10","guid":{"rendered":"https:\/\/crta.rs\/?p=29208"},"modified":"2022-03-25T14:38:54","modified_gmt":"2022-03-25T13:38:54","slug":"crta-s-program-director-speech-on-2022-elections-in-serbia-during-the-meeting-of-the-european-parliament-s-serbia-delegation","status":"publish","type":"post","link":"https:\/\/crta.rs\/en\/crta-s-program-director-speech-on-2022-elections-in-serbia-during-the-meeting-of-the-european-parliament-s-serbia-delegation\/","title":{"rendered":"Crta\u2019s Program Director speech on 2022 elections in Serbia during the meeting of the European Parliament\u2019s Serbia Delegation"},"content":{"rendered":"<p>Full speech of Rasa Nedeljkov, Crta Program Director and\u00a0Chief of the Crta\u2019s Election Observation Mission:<\/p>\n<p>&nbsp;<\/p>\n<p><span style=\"font-weight: 400;\">On behalf of CRTA, I would like to thank you for the opportunity to address the Delegation.\u00a0<\/span><\/p>\n<p><span style=\"font-weight: 400;\">2022 Elections will take place in the shadow of the Russian invasion of Ukraine. Serbian authorities\u2019 hesitation to fully align with the EU foreign policy is an outcome of a long-trend Russian political and economic influence and Serbian energy dependency from Russia. The context of war and lack of straightforward policies may intensify tensions in the ongoing election campaign. Pro-regime media are exploiting the war to glorify Russia and create new narratives that the president is heroically resisting pressures in securing Serbian independence.<\/span><\/p>\n<p><span style=\"font-weight: 400;\">The election campaign in Serbia started with diversity in the election offer but in less favorable conditions for parties that do not constitute the ruling majority.\u00a0<\/span><\/p>\n<p><span style=\"font-weight: 400;\">All of this is reflected in:<\/span><\/p>\n<ul>\n<li style=\"font-weight: 400;\" aria-level=\"1\"><span style=\"font-weight: 400;\">substantial misuse of institutional advantages by the ruling majority to impose itself to voters and build a negative image of their political opponents,<\/span><\/li>\n<li style=\"font-weight: 400;\" aria-level=\"1\"><span style=\"font-weight: 400;\">significant media reporting in favor of the ruling majority,\u00a0<\/span><\/li>\n<li style=\"font-weight: 400;\" aria-level=\"1\"><span style=\"font-weight: 400;\">sophisticated methods of pressure on voters,\u00a0<\/span><\/li>\n<li style=\"font-weight: 400;\" aria-level=\"1\"><span style=\"font-weight: 400;\">clientelistic methods which state institutions and ruling political parties are employing to garner voters\u2019 support, and, finally,<\/span><\/li>\n<li style=\"font-weight: 400;\" aria-level=\"1\"><span style=\"font-weight: 400;\">increasing social tensions and distrust between ruling parties and opposition reflected in their clashing narratives of state enemies and anticipated electoral fraud.<\/span><\/li>\n<\/ul>\n<p><span style=\"font-weight: 400;\">Instead of leveling the playing field for all election contestants and responding to these challenges, institutions remain silent. Institutions &#8211; from Parliament to the Government, the Regulatory Authority for Electronic Media, and the Anti-Corruption Agency &#8211; consciously remain complicit in creating a false impression of the quality of electoral conditions. Rather, they were strategically used by state officials as a channel for creating an advantage for the ruling majority and Serbian President, spreading narratives against opposition and critical voices.\u00a0<\/span><\/p>\n<p><span style=\"font-weight: 400;\">The abuse of institutional advantages enjoyed by the ruling majority has got a clientelistic shape through the official policy of intensive one-off programs of financial aid for citizens, contributing to the overall erasure of the line between the state and the political party ahead of the elections.\u00a0<\/span><\/p>\n<p><span style=\"font-weight: 400;\">CRTA\u2019s media monitoring reveals a chronic lack of political pluralism in the most-consumed media and biased reporting on the ruling majority. Between October and February, the media allocated 85 percent of total time to representatives of ruling parties. In comparison to 2020, media reporting on the opposition is even less.\u00a0<\/span><\/p>\n<p><span style=\"font-weight: 400;\">The significant coverage of the President in the programs of all television channels with national coverage is an essential feature of the months before the elections. CRTA&#8217;s media monitoring team noted that the President had received 40 percent of the time in four months. Anecdotal illustration of the media landscape is reflected in the fact that in the past 13 months, national televisions live broadcasted events at which the President spoke &#8211; on a daily basis.\u00a0<\/span><\/p>\n<p><span style=\"font-weight: 400;\">Overall, the results of the inter-party dialogue on election conditions demonstrate that the burning problems which create inequality between election participants and citizens&#8217; distrust in the elections were not mitigated before the start of the campaign. The attempt to influence the uneven media representation by introducing the Temporary Supervisory Body did not eliminate political bias in the work of the Media Regulator. Its first results in monitoring pluralism in the media are questionable in completeness and accuracy due to a flawed monitoring methodology. In addition, a dispute about the Voter Registry is again open in public by several opposition parties, deepening citizen distrust in elections.<\/span><\/p>\n<p><span style=\"font-weight: 400;\">According to CRTA\u2019s opinion poll from the last month, two in three citizens think that there were irregularities in the past elections. An atmosphere of distrust is likely to evolve, especially when an adequate and transparent institutional reaction is missing.<\/span><\/p>\n<p><span style=\"font-weight: 400;\">CRTA\u2019s findings also reveal that political clientelism is among the core strategies political parties in Serbia use &#8211; dominantly the ruling ones. CRTA also recognized a set of sophisticated mechanisms of pressuring and intimidating citizens, while as much as 41% of voters from CRTA\u2019s poll expect coercion and intimidation in the next elections.<\/span><\/p>\n<p><span style=\"font-weight: 400;\">Although there is hope for democracy, as 60% of citizens still favor it, there are several developments that could become a turning point for Serbia\u2019s EU future: 1) the doubled number of citizens who would feel worried if Serbia would join the EU, primarily within ranks of the ruling party supporters 2) the war in Ukraine and Serbia\u2019s positioning in international relations, and 3) developing anti-democratic narratives in the pre-election period.\u00a0<\/span><\/p>\n<p><span style=\"font-weight: 400;\">To conclude, lack of strategic vision, confusion about the future path of Serbia, and extreme state capture turns out to be too complex problems with a very long history, to be even slightly repaired with the upcoming elections.\u00a0 <\/span><\/p>\n","protected":false},"excerpt":{"rendered":"<p>On behalf of CRTA, I would like to thank you for the opportunity to address the Delegation.\u00a0 2022 Elections will take place in the shadow of the Russian invasion of Ukraine. Serbian authorities\u2019 hesitation to fully align with the EU foreign policy is an outcome of a long-trend Russian political and economic influence and Serbian energy dependency from Russia. The context of war and lack of straightforward policies may intensify tensions in the ongoing election campaign. Pro-regime media are exploiting the war to glorify Russia and create new narratives that the president is heroically resisting pressures in securing Serbian independence. The election campaign in Serbia started with diversity in the election offer but in less favorable conditions for parties that do not constitute the ruling majority.\u00a0<\/p>\n","protected":false},"author":3,"featured_media":29872,"comment_status":"closed","ping_status":"open","sticky":false,"template":"","format":"standard","meta":{"_acf_changed":false,"footnotes":"","_links_to":"","_links_to_target":""},"categories":[218,681],"tags":[],"class_list":["post-29208","post","type-post","status-publish","format-standard","has-post-thumbnail","hentry","category-latest-en","category-news","ciTrackContent"],"acf":[],"yoast_head":"<!-- This site is optimized with the Yoast SEO plugin v27.4 - https:\/\/yoast.com\/product\/yoast-seo-wordpress\/ -->\n<title>Crta\u2019s Program Director speech on 2022 elections in Serbia during the meeting of the European Parliament\u2019s Serbia Delegation - CRTA<\/title>\n<meta name=\"robots\" content=\"index, follow, max-snippet:-1, max-image-preview:large, max-video-preview:-1\" \/>\n<link rel=\"canonical\" href=\"https:\/\/crta.rs\/en\/crta-s-program-director-speech-on-2022-elections-in-serbia-during-the-meeting-of-the-european-parliament-s-serbia-delegation\/\" \/>\n<meta property=\"og:locale\" content=\"en_US\" \/>\n<meta property=\"og:type\" content=\"article\" \/>\n<meta property=\"og:title\" content=\"Crta\u2019s Program Director speech on 2022 elections in Serbia during the meeting of the European Parliament\u2019s Serbia Delegation - CRTA\" \/>\n<meta property=\"og:description\" content=\"On behalf of CRTA, I would like to thank you for the opportunity to address the Delegation.\u00a0 2022 Elections will take place in the shadow of the Russian invasion of Ukraine. Serbian authorities\u2019 hesitation to fully align with the EU foreign policy is an outcome of a long-trend Russian political and economic influence and Serbian energy dependency from Russia. The context of war and lack of straightforward policies may intensify tensions in the ongoing election campaign. Pro-regime media are exploiting the war to glorify Russia and create new narratives that the president is heroically resisting pressures in securing Serbian independence. The election campaign in Serbia started with diversity in the election offer but in less favorable conditions for parties that do not constitute the ruling majority.\u00a0\" \/>\n<meta property=\"og:url\" content=\"https:\/\/crta.rs\/en\/crta-s-program-director-speech-on-2022-elections-in-serbia-during-the-meeting-of-the-european-parliament-s-serbia-delegation\/\" \/>\n<meta property=\"og:site_name\" content=\"CRTA\" \/>\n<meta property=\"article:publisher\" content=\"https:\/\/www.facebook.com\/CRTArs\/\" \/>\n<meta property=\"article:published_time\" content=\"2022-03-03T16:08:10+00:00\" \/>\n<meta property=\"article:modified_time\" content=\"2022-03-25T13:38:54+00:00\" \/>\n<meta property=\"og:image\" content=\"https:\/\/crta.rs\/wp-content\/uploads\/2022\/03\/rasa-nedeljkov.jpeg\" \/>\n\t<meta property=\"og:image:width\" content=\"1600\" \/>\n\t<meta property=\"og:image:height\" content=\"1200\" \/>\n\t<meta property=\"og:image:type\" content=\"image\/jpeg\" \/>\n<meta name=\"author\" content=\"milica\" \/>\n<meta name=\"twitter:card\" content=\"summary_large_image\" \/>\n<meta name=\"twitter:label1\" content=\"Written by\" \/>\n\t<meta name=\"twitter:data1\" content=\"milica\" \/>\n\t<meta name=\"twitter:label2\" content=\"Est. reading time\" \/>\n\t<meta name=\"twitter:data2\" content=\"4 minutes\" \/>\n<script type=\"application\/ld+json\" class=\"yoast-schema-graph\">{\"@context\":\"https:\\\/\\\/schema.org\",\"@graph\":[{\"@type\":\"Article\",\"@id\":\"https:\\\/\\\/crta.rs\\\/en\\\/crta-s-program-director-speech-on-2022-elections-in-serbia-during-the-meeting-of-the-european-parliament-s-serbia-delegation\\\/#article\",\"isPartOf\":{\"@id\":\"https:\\\/\\\/crta.rs\\\/en\\\/crta-s-program-director-speech-on-2022-elections-in-serbia-during-the-meeting-of-the-european-parliament-s-serbia-delegation\\\/\"},\"author\":{\"name\":\"milica\",\"@id\":\"https:\\\/\\\/crta.rs\\\/en\\\/#\\\/schema\\\/person\\\/0cc37dbc4cb7d35b32379de6f98e1c7f\"},\"headline\":\"Crta\u2019s Program Director speech on 2022 elections in Serbia during the meeting of the European Parliament\u2019s Serbia Delegation\",\"datePublished\":\"2022-03-03T16:08:10+00:00\",\"dateModified\":\"2022-03-25T13:38:54+00:00\",\"mainEntityOfPage\":{\"@id\":\"https:\\\/\\\/crta.rs\\\/en\\\/crta-s-program-director-speech-on-2022-elections-in-serbia-during-the-meeting-of-the-european-parliament-s-serbia-delegation\\\/\"},\"wordCount\":802,\"image\":{\"@id\":\"https:\\\/\\\/crta.rs\\\/en\\\/crta-s-program-director-speech-on-2022-elections-in-serbia-during-the-meeting-of-the-european-parliament-s-serbia-delegation\\\/#primaryimage\"},\"thumbnailUrl\":\"https:\\\/\\\/crta.rs\\\/wp-content\\\/uploads\\\/2022\\\/03\\\/rasa-nedeljkov.jpeg\",\"articleSection\":[\"Latest\",\"News\"],\"inLanguage\":\"en-US\"},{\"@type\":\"WebPage\",\"@id\":\"https:\\\/\\\/crta.rs\\\/en\\\/crta-s-program-director-speech-on-2022-elections-in-serbia-during-the-meeting-of-the-european-parliament-s-serbia-delegation\\\/\",\"url\":\"https:\\\/\\\/crta.rs\\\/en\\\/crta-s-program-director-speech-on-2022-elections-in-serbia-during-the-meeting-of-the-european-parliament-s-serbia-delegation\\\/\",\"name\":\"Crta\u2019s Program Director speech on 2022 elections in Serbia during the meeting of the European Parliament\u2019s Serbia Delegation - CRTA\",\"isPartOf\":{\"@id\":\"https:\\\/\\\/crta.rs\\\/en\\\/#website\"},\"primaryImageOfPage\":{\"@id\":\"https:\\\/\\\/crta.rs\\\/en\\\/crta-s-program-director-speech-on-2022-elections-in-serbia-during-the-meeting-of-the-european-parliament-s-serbia-delegation\\\/#primaryimage\"},\"image\":{\"@id\":\"https:\\\/\\\/crta.rs\\\/en\\\/crta-s-program-director-speech-on-2022-elections-in-serbia-during-the-meeting-of-the-european-parliament-s-serbia-delegation\\\/#primaryimage\"},\"thumbnailUrl\":\"https:\\\/\\\/crta.rs\\\/wp-content\\\/uploads\\\/2022\\\/03\\\/rasa-nedeljkov.jpeg\",\"datePublished\":\"2022-03-03T16:08:10+00:00\",\"dateModified\":\"2022-03-25T13:38:54+00:00\",\"author\":{\"@id\":\"https:\\\/\\\/crta.rs\\\/en\\\/#\\\/schema\\\/person\\\/0cc37dbc4cb7d35b32379de6f98e1c7f\"},\"breadcrumb\":{\"@id\":\"https:\\\/\\\/crta.rs\\\/en\\\/crta-s-program-director-speech-on-2022-elections-in-serbia-during-the-meeting-of-the-european-parliament-s-serbia-delegation\\\/#breadcrumb\"},\"inLanguage\":\"en-US\",\"potentialAction\":[{\"@type\":\"ReadAction\",\"target\":[\"https:\\\/\\\/crta.rs\\\/en\\\/crta-s-program-director-speech-on-2022-elections-in-serbia-during-the-meeting-of-the-european-parliament-s-serbia-delegation\\\/\"]}]},{\"@type\":\"ImageObject\",\"inLanguage\":\"en-US\",\"@id\":\"https:\\\/\\\/crta.rs\\\/en\\\/crta-s-program-director-speech-on-2022-elections-in-serbia-during-the-meeting-of-the-european-parliament-s-serbia-delegation\\\/#primaryimage\",\"url\":\"https:\\\/\\\/crta.rs\\\/wp-content\\\/uploads\\\/2022\\\/03\\\/rasa-nedeljkov.jpeg\",\"contentUrl\":\"https:\\\/\\\/crta.rs\\\/wp-content\\\/uploads\\\/2022\\\/03\\\/rasa-nedeljkov.jpeg\",\"width\":1600,\"height\":1200},{\"@type\":\"BreadcrumbList\",\"@id\":\"https:\\\/\\\/crta.rs\\\/en\\\/crta-s-program-director-speech-on-2022-elections-in-serbia-during-the-meeting-of-the-european-parliament-s-serbia-delegation\\\/#breadcrumb\",\"itemListElement\":[{\"@type\":\"ListItem\",\"position\":1,\"name\":\"Home\",\"item\":\"https:\\\/\\\/crta.rs\\\/en\\\/\"},{\"@type\":\"ListItem\",\"position\":2,\"name\":\"Latest\",\"item\":\"https:\\\/\\\/crta.rs\\\/en\\\/category\\\/latest-en\\\/\"},{\"@type\":\"ListItem\",\"position\":3,\"name\":\"Crta\u2019s Program Director speech on 2022 elections in Serbia during the meeting of the European Parliament\u2019s Serbia Delegation\"}]},{\"@type\":\"WebSite\",\"@id\":\"https:\\\/\\\/crta.rs\\\/en\\\/#website\",\"url\":\"https:\\\/\\\/crta.rs\\\/en\\\/\",\"name\":\"CRTA\",\"description\":\"Mi smo grupa aktivista i novinara koja zajedno sa gra\u0111anima uti\u010de na pove\u0107anje odgovornosti institucija i javnih funkcionera kroz pra\u0107enje i kontrolu njihovog rada.\",\"potentialAction\":[{\"@type\":\"SearchAction\",\"target\":{\"@type\":\"EntryPoint\",\"urlTemplate\":\"https:\\\/\\\/crta.rs\\\/en\\\/?s={search_term_string}\"},\"query-input\":{\"@type\":\"PropertyValueSpecification\",\"valueRequired\":true,\"valueName\":\"search_term_string\"}}],\"inLanguage\":\"en-US\"},{\"@type\":\"Person\",\"@id\":\"https:\\\/\\\/crta.rs\\\/en\\\/#\\\/schema\\\/person\\\/0cc37dbc4cb7d35b32379de6f98e1c7f\",\"name\":\"milica\",\"url\":\"https:\\\/\\\/crta.rs\\\/en\\\/author\\\/milica\\\/\"}]}<\/script>\n<!-- \/ Yoast SEO plugin. -->","yoast_head_json":{"title":"Crta\u2019s Program Director speech on 2022 elections in Serbia during the meeting of the European Parliament\u2019s Serbia Delegation - CRTA","robots":{"index":"index","follow":"follow","max-snippet":"max-snippet:-1","max-image-preview":"max-image-preview:large","max-video-preview":"max-video-preview:-1"},"canonical":"https:\/\/crta.rs\/en\/crta-s-program-director-speech-on-2022-elections-in-serbia-during-the-meeting-of-the-european-parliament-s-serbia-delegation\/","og_locale":"en_US","og_type":"article","og_title":"Crta\u2019s Program Director speech on 2022 elections in Serbia during the meeting of the European Parliament\u2019s Serbia Delegation - CRTA","og_description":"On behalf of CRTA, I would like to thank you for the opportunity to address the Delegation.\u00a0 2022 Elections will take place in the shadow of the Russian invasion of Ukraine. Serbian authorities\u2019 hesitation to fully align with the EU foreign policy is an outcome of a long-trend Russian political and economic influence and Serbian energy dependency from Russia. The context of war and lack of straightforward policies may intensify tensions in the ongoing election campaign. Pro-regime media are exploiting the war to glorify Russia and create new narratives that the president is heroically resisting pressures in securing Serbian independence. The election campaign in Serbia started with diversity in the election offer but in less favorable conditions for parties that do not constitute the ruling majority.\u00a0","og_url":"https:\/\/crta.rs\/en\/crta-s-program-director-speech-on-2022-elections-in-serbia-during-the-meeting-of-the-european-parliament-s-serbia-delegation\/","og_site_name":"CRTA","article_publisher":"https:\/\/www.facebook.com\/CRTArs\/","article_published_time":"2022-03-03T16:08:10+00:00","article_modified_time":"2022-03-25T13:38:54+00:00","og_image":[{"width":1600,"height":1200,"url":"https:\/\/crta.rs\/wp-content\/uploads\/2022\/03\/rasa-nedeljkov.jpeg","type":"image\/jpeg"}],"author":"milica","twitter_card":"summary_large_image","twitter_misc":{"Written by":"milica","Est. reading time":"4 minutes"},"schema":{"@context":"https:\/\/schema.org","@graph":[{"@type":"Article","@id":"https:\/\/crta.rs\/en\/crta-s-program-director-speech-on-2022-elections-in-serbia-during-the-meeting-of-the-european-parliament-s-serbia-delegation\/#article","isPartOf":{"@id":"https:\/\/crta.rs\/en\/crta-s-program-director-speech-on-2022-elections-in-serbia-during-the-meeting-of-the-european-parliament-s-serbia-delegation\/"},"author":{"name":"milica","@id":"https:\/\/crta.rs\/en\/#\/schema\/person\/0cc37dbc4cb7d35b32379de6f98e1c7f"},"headline":"Crta\u2019s Program Director speech on 2022 elections in Serbia during the meeting of the European Parliament\u2019s Serbia Delegation","datePublished":"2022-03-03T16:08:10+00:00","dateModified":"2022-03-25T13:38:54+00:00","mainEntityOfPage":{"@id":"https:\/\/crta.rs\/en\/crta-s-program-director-speech-on-2022-elections-in-serbia-during-the-meeting-of-the-european-parliament-s-serbia-delegation\/"},"wordCount":802,"image":{"@id":"https:\/\/crta.rs\/en\/crta-s-program-director-speech-on-2022-elections-in-serbia-during-the-meeting-of-the-european-parliament-s-serbia-delegation\/#primaryimage"},"thumbnailUrl":"https:\/\/crta.rs\/wp-content\/uploads\/2022\/03\/rasa-nedeljkov.jpeg","articleSection":["Latest","News"],"inLanguage":"en-US"},{"@type":"WebPage","@id":"https:\/\/crta.rs\/en\/crta-s-program-director-speech-on-2022-elections-in-serbia-during-the-meeting-of-the-european-parliament-s-serbia-delegation\/","url":"https:\/\/crta.rs\/en\/crta-s-program-director-speech-on-2022-elections-in-serbia-during-the-meeting-of-the-european-parliament-s-serbia-delegation\/","name":"Crta\u2019s Program Director speech on 2022 elections in Serbia during the meeting of the European Parliament\u2019s Serbia Delegation - CRTA","isPartOf":{"@id":"https:\/\/crta.rs\/en\/#website"},"primaryImageOfPage":{"@id":"https:\/\/crta.rs\/en\/crta-s-program-director-speech-on-2022-elections-in-serbia-during-the-meeting-of-the-european-parliament-s-serbia-delegation\/#primaryimage"},"image":{"@id":"https:\/\/crta.rs\/en\/crta-s-program-director-speech-on-2022-elections-in-serbia-during-the-meeting-of-the-european-parliament-s-serbia-delegation\/#primaryimage"},"thumbnailUrl":"https:\/\/crta.rs\/wp-content\/uploads\/2022\/03\/rasa-nedeljkov.jpeg","datePublished":"2022-03-03T16:08:10+00:00","dateModified":"2022-03-25T13:38:54+00:00","author":{"@id":"https:\/\/crta.rs\/en\/#\/schema\/person\/0cc37dbc4cb7d35b32379de6f98e1c7f"},"breadcrumb":{"@id":"https:\/\/crta.rs\/en\/crta-s-program-director-speech-on-2022-elections-in-serbia-during-the-meeting-of-the-european-parliament-s-serbia-delegation\/#breadcrumb"},"inLanguage":"en-US","potentialAction":[{"@type":"ReadAction","target":["https:\/\/crta.rs\/en\/crta-s-program-director-speech-on-2022-elections-in-serbia-during-the-meeting-of-the-european-parliament-s-serbia-delegation\/"]}]},{"@type":"ImageObject","inLanguage":"en-US","@id":"https:\/\/crta.rs\/en\/crta-s-program-director-speech-on-2022-elections-in-serbia-during-the-meeting-of-the-european-parliament-s-serbia-delegation\/#primaryimage","url":"https:\/\/crta.rs\/wp-content\/uploads\/2022\/03\/rasa-nedeljkov.jpeg","contentUrl":"https:\/\/crta.rs\/wp-content\/uploads\/2022\/03\/rasa-nedeljkov.jpeg","width":1600,"height":1200},{"@type":"BreadcrumbList","@id":"https:\/\/crta.rs\/en\/crta-s-program-director-speech-on-2022-elections-in-serbia-during-the-meeting-of-the-european-parliament-s-serbia-delegation\/#breadcrumb","itemListElement":[{"@type":"ListItem","position":1,"name":"Home","item":"https:\/\/crta.rs\/en\/"},{"@type":"ListItem","position":2,"name":"Latest","item":"https:\/\/crta.rs\/en\/category\/latest-en\/"},{"@type":"ListItem","position":3,"name":"Crta\u2019s Program Director speech on 2022 elections in Serbia during the meeting of the European Parliament\u2019s Serbia Delegation"}]},{"@type":"WebSite","@id":"https:\/\/crta.rs\/en\/#website","url":"https:\/\/crta.rs\/en\/","name":"CRTA","description":"Mi smo grupa aktivista i novinara koja zajedno sa gra\u0111anima uti\u010de na pove\u0107anje odgovornosti institucija i javnih funkcionera kroz pra\u0107enje i kontrolu njihovog rada.","potentialAction":[{"@type":"SearchAction","target":{"@type":"EntryPoint","urlTemplate":"https:\/\/crta.rs\/en\/?s={search_term_string}"},"query-input":{"@type":"PropertyValueSpecification","valueRequired":true,"valueName":"search_term_string"}}],"inLanguage":"en-US"},{"@type":"Person","@id":"https:\/\/crta.rs\/en\/#\/schema\/person\/0cc37dbc4cb7d35b32379de6f98e1c7f","name":"milica","url":"https:\/\/crta.rs\/en\/author\/milica\/"}]}},"_links":{"self":[{"href":"https:\/\/crta.rs\/en\/wp-json\/wp\/v2\/posts\/29208","targetHints":{"allow":["GET"]}}],"collection":[{"href":"https:\/\/crta.rs\/en\/wp-json\/wp\/v2\/posts"}],"about":[{"href":"https:\/\/crta.rs\/en\/wp-json\/wp\/v2\/types\/post"}],"author":[{"embeddable":true,"href":"https:\/\/crta.rs\/en\/wp-json\/wp\/v2\/users\/3"}],"replies":[{"embeddable":true,"href":"https:\/\/crta.rs\/en\/wp-json\/wp\/v2\/comments?post=29208"}],"version-history":[{"count":3,"href":"https:\/\/crta.rs\/en\/wp-json\/wp\/v2\/posts\/29208\/revisions"}],"predecessor-version":[{"id":29874,"href":"https:\/\/crta.rs\/en\/wp-json\/wp\/v2\/posts\/29208\/revisions\/29874"}],"wp:featuredmedia":[{"embeddable":true,"href":"https:\/\/crta.rs\/en\/wp-json\/wp\/v2\/media\/29872"}],"wp:attachment":[{"href":"https:\/\/crta.rs\/en\/wp-json\/wp\/v2\/media?parent=29208"}],"wp:term":[{"taxonomy":"category","embeddable":true,"href":"https:\/\/crta.rs\/en\/wp-json\/wp\/v2\/categories?post=29208"},{"taxonomy":"post_tag","embeddable":true,"href":"https:\/\/crta.rs\/en\/wp-json\/wp\/v2\/tags?post=29208"}],"curies":[{"name":"wp","href":"https:\/\/api.w.org\/{rel}","templated":true}]}}