{"id":28911,"date":"2022-02-24T11:49:54","date_gmt":"2022-02-24T10:49:54","guid":{"rendered":"https:\/\/crta.rs\/?p=28911"},"modified":"2022-02-24T11:51:20","modified_gmt":"2022-02-24T10:51:20","slug":"elections-2022-campaign-before-the-campaign","status":"publish","type":"post","link":"https:\/\/crta.rs\/en\/elections-2022-campaign-before-the-campaign\/","title":{"rendered":"Elections 2022: Campaign before the campaign"},"content":{"rendered":"<p>The findings of the CRTA Observation Mission are that, unlike previous pre-election periods,\u00a0 and in the context of a parliament without any opposition parties , state institutions were strongly involved in running the campaign before the campaign until the calling of the elections. The key feature of this period and institutional practice was the production of narratives in favour of the government, and against the opposition and critical voices from the public. Institutions of legislative and executive power and the President of the Republic of Serbia, as well as the most influential media in the country, have been used by state officials as a continuous channel for creating an advantage for the ruling majority and building the cult of personality of President Aleksandar Vu\u010di\u0107 &#8211; through the promotion of their work and position and confrontations with political opponents, civil society and independent media. The abuse of institutional advantages enjoyed by the ruling majority has also gained a clientelist flavour through the official policy of intensive one-off programs of financial aid for citizens.<\/p>\n","protected":false},"excerpt":{"rendered":"<p>The findings of the CRTA Observation Mission are that, unlike previous pre-election periods,\u00a0 and in the context of a parliament without any opposition parties , state institutions were strongly involved in running the campaign before the campaign until the calling of the elections. The key feature of this period and institutional practice was the production&#8230;<\/p>\n","protected":false},"author":3,"featured_media":28915,"comment_status":"closed","ping_status":"open","sticky":false,"template":"","format":"standard","meta":{"_acf_changed":false,"footnotes":"","_links_to":"","_links_to_target":""},"categories":[75],"tags":[883],"class_list":["post-28911","post","type-post","status-publish","format-standard","has-post-thumbnail","hentry","category-publication-en","tag-elections-2022","ciTrackContent"],"acf":[],"yoast_head":"<!-- This site is optimized with the Yoast SEO plugin v27.4 - https:\/\/yoast.com\/product\/yoast-seo-wordpress\/ -->\n<title>Elections 2022: Campaign before the campaign - CRTA<\/title>\n<meta name=\"robots\" content=\"index, follow, max-snippet:-1, max-image-preview:large, max-video-preview:-1\" \/>\n<link rel=\"canonical\" href=\"https:\/\/crta.rs\/en\/elections-2022-campaign-before-the-campaign\/\" \/>\n<meta property=\"og:locale\" content=\"en_US\" \/>\n<meta property=\"og:type\" content=\"article\" \/>\n<meta property=\"og:title\" content=\"Elections 2022: Campaign before the campaign - CRTA\" \/>\n<meta property=\"og:description\" content=\"The findings of the CRTA Observation Mission are that, unlike previous pre-election periods,\u00a0 and in the context of a parliament without any opposition parties , state institutions were strongly involved in running the campaign before the campaign until the calling of the elections. The key feature of this period and institutional practice was the production...\" \/>\n<meta property=\"og:url\" content=\"https:\/\/crta.rs\/en\/elections-2022-campaign-before-the-campaign\/\" \/>\n<meta property=\"og:site_name\" content=\"CRTA\" \/>\n<meta property=\"article:publisher\" content=\"https:\/\/www.facebook.com\/CRTArs\/\" \/>\n<meta property=\"article:published_time\" content=\"2022-02-24T10:49:54+00:00\" \/>\n<meta property=\"article:modified_time\" content=\"2022-02-24T10:51:20+00:00\" \/>\n<meta property=\"og:image\" content=\"https:\/\/crta.rs\/wp-content\/uploads\/2022\/02\/izvestaj-kampanja-pre-kampanje-2022-ENG.jpg\" \/>\n\t<meta property=\"og:image:width\" content=\"595\" \/>\n\t<meta property=\"og:image:height\" content=\"842\" \/>\n\t<meta property=\"og:image:type\" content=\"image\/jpeg\" \/>\n<meta name=\"author\" content=\"milica\" \/>\n<meta name=\"twitter:card\" content=\"summary_large_image\" \/>\n<meta name=\"twitter:label1\" content=\"Written by\" \/>\n\t<meta name=\"twitter:data1\" content=\"milica\" \/>\n\t<meta name=\"twitter:label2\" content=\"Est. reading time\" \/>\n\t<meta name=\"twitter:data2\" content=\"1 minute\" \/>\n<script type=\"application\/ld+json\" class=\"yoast-schema-graph\">{\"@context\":\"https:\\\/\\\/schema.org\",\"@graph\":[{\"@type\":\"Article\",\"@id\":\"https:\\\/\\\/crta.rs\\\/en\\\/elections-2022-campaign-before-the-campaign\\\/#article\",\"isPartOf\":{\"@id\":\"https:\\\/\\\/crta.rs\\\/en\\\/elections-2022-campaign-before-the-campaign\\\/\"},\"author\":{\"name\":\"milica\",\"@id\":\"https:\\\/\\\/crta.rs\\\/en\\\/#\\\/schema\\\/person\\\/0cc37dbc4cb7d35b32379de6f98e1c7f\"},\"headline\":\"Elections 2022: Campaign before the campaign\",\"datePublished\":\"2022-02-24T10:49:54+00:00\",\"dateModified\":\"2022-02-24T10:51:20+00:00\",\"mainEntityOfPage\":{\"@id\":\"https:\\\/\\\/crta.rs\\\/en\\\/elections-2022-campaign-before-the-campaign\\\/\"},\"wordCount\":177,\"image\":{\"@id\":\"https:\\\/\\\/crta.rs\\\/en\\\/elections-2022-campaign-before-the-campaign\\\/#primaryimage\"},\"thumbnailUrl\":\"https:\\\/\\\/crta.rs\\\/wp-content\\\/uploads\\\/2022\\\/02\\\/izvestaj-kampanja-pre-kampanje-2022-ENG.jpg\",\"keywords\":[\"Elections 2022\"],\"articleSection\":[\"Publications\"],\"inLanguage\":\"en-US\"},{\"@type\":\"WebPage\",\"@id\":\"https:\\\/\\\/crta.rs\\\/en\\\/elections-2022-campaign-before-the-campaign\\\/\",\"url\":\"https:\\\/\\\/crta.rs\\\/en\\\/elections-2022-campaign-before-the-campaign\\\/\",\"name\":\"Elections 2022: Campaign before the campaign - CRTA\",\"isPartOf\":{\"@id\":\"https:\\\/\\\/crta.rs\\\/en\\\/#website\"},\"primaryImageOfPage\":{\"@id\":\"https:\\\/\\\/crta.rs\\\/en\\\/elections-2022-campaign-before-the-campaign\\\/#primaryimage\"},\"image\":{\"@id\":\"https:\\\/\\\/crta.rs\\\/en\\\/elections-2022-campaign-before-the-campaign\\\/#primaryimage\"},\"thumbnailUrl\":\"https:\\\/\\\/crta.rs\\\/wp-content\\\/uploads\\\/2022\\\/02\\\/izvestaj-kampanja-pre-kampanje-2022-ENG.jpg\",\"datePublished\":\"2022-02-24T10:49:54+00:00\",\"dateModified\":\"2022-02-24T10:51:20+00:00\",\"author\":{\"@id\":\"https:\\\/\\\/crta.rs\\\/en\\\/#\\\/schema\\\/person\\\/0cc37dbc4cb7d35b32379de6f98e1c7f\"},\"breadcrumb\":{\"@id\":\"https:\\\/\\\/crta.rs\\\/en\\\/elections-2022-campaign-before-the-campaign\\\/#breadcrumb\"},\"inLanguage\":\"en-US\",\"potentialAction\":[{\"@type\":\"ReadAction\",\"target\":[\"https:\\\/\\\/crta.rs\\\/en\\\/elections-2022-campaign-before-the-campaign\\\/\"]}]},{\"@type\":\"ImageObject\",\"inLanguage\":\"en-US\",\"@id\":\"https:\\\/\\\/crta.rs\\\/en\\\/elections-2022-campaign-before-the-campaign\\\/#primaryimage\",\"url\":\"https:\\\/\\\/crta.rs\\\/wp-content\\\/uploads\\\/2022\\\/02\\\/izvestaj-kampanja-pre-kampanje-2022-ENG.jpg\",\"contentUrl\":\"https:\\\/\\\/crta.rs\\\/wp-content\\\/uploads\\\/2022\\\/02\\\/izvestaj-kampanja-pre-kampanje-2022-ENG.jpg\",\"width\":595,\"height\":842},{\"@type\":\"BreadcrumbList\",\"@id\":\"https:\\\/\\\/crta.rs\\\/en\\\/elections-2022-campaign-before-the-campaign\\\/#breadcrumb\",\"itemListElement\":[{\"@type\":\"ListItem\",\"position\":1,\"name\":\"Home\",\"item\":\"https:\\\/\\\/crta.rs\\\/en\\\/\"},{\"@type\":\"ListItem\",\"position\":2,\"name\":\"Publications\",\"item\":\"https:\\\/\\\/crta.rs\\\/en\\\/category\\\/publication-en\\\/\"},{\"@type\":\"ListItem\",\"position\":3,\"name\":\"Elections 2022: Campaign before the campaign\"}]},{\"@type\":\"WebSite\",\"@id\":\"https:\\\/\\\/crta.rs\\\/en\\\/#website\",\"url\":\"https:\\\/\\\/crta.rs\\\/en\\\/\",\"name\":\"CRTA\",\"description\":\"Mi smo grupa aktivista i novinara koja zajedno sa gra\u0111anima uti\u010de na pove\u0107anje odgovornosti institucija i javnih funkcionera kroz pra\u0107enje i kontrolu njihovog rada.\",\"potentialAction\":[{\"@type\":\"SearchAction\",\"target\":{\"@type\":\"EntryPoint\",\"urlTemplate\":\"https:\\\/\\\/crta.rs\\\/en\\\/?s={search_term_string}\"},\"query-input\":{\"@type\":\"PropertyValueSpecification\",\"valueRequired\":true,\"valueName\":\"search_term_string\"}}],\"inLanguage\":\"en-US\"},{\"@type\":\"Person\",\"@id\":\"https:\\\/\\\/crta.rs\\\/en\\\/#\\\/schema\\\/person\\\/0cc37dbc4cb7d35b32379de6f98e1c7f\",\"name\":\"milica\",\"url\":\"https:\\\/\\\/crta.rs\\\/en\\\/author\\\/milica\\\/\"}]}<\/script>\n<!-- \/ Yoast SEO plugin. -->","yoast_head_json":{"title":"Elections 2022: Campaign before the campaign - CRTA","robots":{"index":"index","follow":"follow","max-snippet":"max-snippet:-1","max-image-preview":"max-image-preview:large","max-video-preview":"max-video-preview:-1"},"canonical":"https:\/\/crta.rs\/en\/elections-2022-campaign-before-the-campaign\/","og_locale":"en_US","og_type":"article","og_title":"Elections 2022: Campaign before the campaign - CRTA","og_description":"The findings of the CRTA Observation Mission are that, unlike previous pre-election periods,\u00a0 and in the context of a parliament without any opposition parties , state institutions were strongly involved in running the campaign before the campaign until the calling of the elections. The key feature of this period and institutional practice was the production...","og_url":"https:\/\/crta.rs\/en\/elections-2022-campaign-before-the-campaign\/","og_site_name":"CRTA","article_publisher":"https:\/\/www.facebook.com\/CRTArs\/","article_published_time":"2022-02-24T10:49:54+00:00","article_modified_time":"2022-02-24T10:51:20+00:00","og_image":[{"width":595,"height":842,"url":"https:\/\/crta.rs\/wp-content\/uploads\/2022\/02\/izvestaj-kampanja-pre-kampanje-2022-ENG.jpg","type":"image\/jpeg"}],"author":"milica","twitter_card":"summary_large_image","twitter_misc":{"Written by":"milica","Est. reading time":"1 minute"},"schema":{"@context":"https:\/\/schema.org","@graph":[{"@type":"Article","@id":"https:\/\/crta.rs\/en\/elections-2022-campaign-before-the-campaign\/#article","isPartOf":{"@id":"https:\/\/crta.rs\/en\/elections-2022-campaign-before-the-campaign\/"},"author":{"name":"milica","@id":"https:\/\/crta.rs\/en\/#\/schema\/person\/0cc37dbc4cb7d35b32379de6f98e1c7f"},"headline":"Elections 2022: Campaign before the campaign","datePublished":"2022-02-24T10:49:54+00:00","dateModified":"2022-02-24T10:51:20+00:00","mainEntityOfPage":{"@id":"https:\/\/crta.rs\/en\/elections-2022-campaign-before-the-campaign\/"},"wordCount":177,"image":{"@id":"https:\/\/crta.rs\/en\/elections-2022-campaign-before-the-campaign\/#primaryimage"},"thumbnailUrl":"https:\/\/crta.rs\/wp-content\/uploads\/2022\/02\/izvestaj-kampanja-pre-kampanje-2022-ENG.jpg","keywords":["Elections 2022"],"articleSection":["Publications"],"inLanguage":"en-US"},{"@type":"WebPage","@id":"https:\/\/crta.rs\/en\/elections-2022-campaign-before-the-campaign\/","url":"https:\/\/crta.rs\/en\/elections-2022-campaign-before-the-campaign\/","name":"Elections 2022: Campaign before the campaign - CRTA","isPartOf":{"@id":"https:\/\/crta.rs\/en\/#website"},"primaryImageOfPage":{"@id":"https:\/\/crta.rs\/en\/elections-2022-campaign-before-the-campaign\/#primaryimage"},"image":{"@id":"https:\/\/crta.rs\/en\/elections-2022-campaign-before-the-campaign\/#primaryimage"},"thumbnailUrl":"https:\/\/crta.rs\/wp-content\/uploads\/2022\/02\/izvestaj-kampanja-pre-kampanje-2022-ENG.jpg","datePublished":"2022-02-24T10:49:54+00:00","dateModified":"2022-02-24T10:51:20+00:00","author":{"@id":"https:\/\/crta.rs\/en\/#\/schema\/person\/0cc37dbc4cb7d35b32379de6f98e1c7f"},"breadcrumb":{"@id":"https:\/\/crta.rs\/en\/elections-2022-campaign-before-the-campaign\/#breadcrumb"},"inLanguage":"en-US","potentialAction":[{"@type":"ReadAction","target":["https:\/\/crta.rs\/en\/elections-2022-campaign-before-the-campaign\/"]}]},{"@type":"ImageObject","inLanguage":"en-US","@id":"https:\/\/crta.rs\/en\/elections-2022-campaign-before-the-campaign\/#primaryimage","url":"https:\/\/crta.rs\/wp-content\/uploads\/2022\/02\/izvestaj-kampanja-pre-kampanje-2022-ENG.jpg","contentUrl":"https:\/\/crta.rs\/wp-content\/uploads\/2022\/02\/izvestaj-kampanja-pre-kampanje-2022-ENG.jpg","width":595,"height":842},{"@type":"BreadcrumbList","@id":"https:\/\/crta.rs\/en\/elections-2022-campaign-before-the-campaign\/#breadcrumb","itemListElement":[{"@type":"ListItem","position":1,"name":"Home","item":"https:\/\/crta.rs\/en\/"},{"@type":"ListItem","position":2,"name":"Publications","item":"https:\/\/crta.rs\/en\/category\/publication-en\/"},{"@type":"ListItem","position":3,"name":"Elections 2022: Campaign before the campaign"}]},{"@type":"WebSite","@id":"https:\/\/crta.rs\/en\/#website","url":"https:\/\/crta.rs\/en\/","name":"CRTA","description":"Mi smo grupa aktivista i novinara koja zajedno sa gra\u0111anima uti\u010de na pove\u0107anje odgovornosti institucija i javnih funkcionera kroz pra\u0107enje i kontrolu njihovog rada.","potentialAction":[{"@type":"SearchAction","target":{"@type":"EntryPoint","urlTemplate":"https:\/\/crta.rs\/en\/?s={search_term_string}"},"query-input":{"@type":"PropertyValueSpecification","valueRequired":true,"valueName":"search_term_string"}}],"inLanguage":"en-US"},{"@type":"Person","@id":"https:\/\/crta.rs\/en\/#\/schema\/person\/0cc37dbc4cb7d35b32379de6f98e1c7f","name":"milica","url":"https:\/\/crta.rs\/en\/author\/milica\/"}]}},"_links":{"self":[{"href":"https:\/\/crta.rs\/en\/wp-json\/wp\/v2\/posts\/28911","targetHints":{"allow":["GET"]}}],"collection":[{"href":"https:\/\/crta.rs\/en\/wp-json\/wp\/v2\/posts"}],"about":[{"href":"https:\/\/crta.rs\/en\/wp-json\/wp\/v2\/types\/post"}],"author":[{"embeddable":true,"href":"https:\/\/crta.rs\/en\/wp-json\/wp\/v2\/users\/3"}],"replies":[{"embeddable":true,"href":"https:\/\/crta.rs\/en\/wp-json\/wp\/v2\/comments?post=28911"}],"version-history":[{"count":4,"href":"https:\/\/crta.rs\/en\/wp-json\/wp\/v2\/posts\/28911\/revisions"}],"predecessor-version":[{"id":28919,"href":"https:\/\/crta.rs\/en\/wp-json\/wp\/v2\/posts\/28911\/revisions\/28919"}],"wp:featuredmedia":[{"embeddable":true,"href":"https:\/\/crta.rs\/en\/wp-json\/wp\/v2\/media\/28915"}],"wp:attachment":[{"href":"https:\/\/crta.rs\/en\/wp-json\/wp\/v2\/media?parent=28911"}],"wp:term":[{"taxonomy":"category","embeddable":true,"href":"https:\/\/crta.rs\/en\/wp-json\/wp\/v2\/categories?post=28911"},{"taxonomy":"post_tag","embeddable":true,"href":"https:\/\/crta.rs\/en\/wp-json\/wp\/v2\/tags?post=28911"}],"curies":[{"name":"wp","href":"https:\/\/api.w.org\/{rel}","templated":true}]}}