{"id":27948,"date":"2021-11-23T16:48:14","date_gmt":"2021-11-23T15:48:14","guid":{"rendered":"https:\/\/crta.rs\/?p=27948"},"modified":"2021-12-09T12:41:25","modified_gmt":"2021-12-09T11:41:25","slug":"crta-started-to-observe-an-electoral-process-full-of-uncertainties","status":"publish","type":"post","link":"https:\/\/crta.rs\/en\/crta-started-to-observe-an-electoral-process-full-of-uncertainties\/","title":{"rendered":"CRTA started to observe an electoral process full of uncertainties"},"content":{"rendered":"<p><span style=\"font-weight: 400;\">CRTA has formed an observation mission for the upcoming 2022 elections, and has begun to observe the period leading up to the official start of the election campaign. Our long-term observation will be focused on the work of state institutions and potential law changes, reporting of televisions with national coverage and local media, as well as the behavior of political actors and public institutions in local communities throughout Serbia.\u00a0<\/span><\/p>\n<p><span style=\"font-weight: 400;\">In the following weeks, CRTA will pay special attention to the announced changes of electoral rules and procedures, coming as a result of the two tracks of the Inter-party dialogue on electoral conditions. It is expected that a referendum on changes to the Constitution will be organized prior to calling the elections.\u00a0<\/span><\/p>\n<p><span style=\"font-weight: 400;\">The head of CRTA\u2019s observation mission, Ra\u0161a Nedeljkov, stated that \u201cit is incredibly important to observe how the announced law changes, as well as the referendum due to which citizens will cast their votes twice in just three monts, will impact the quality of the elections. At this point, there are numerous unknowns, causing uncertainty in terms of the conduct of the electoral process.\u201d<\/span><\/p>\n<p><span style=\"font-weight: 400;\">Following the 2020 parliamentary elections, and the CRTA observation mission <\/span><span style=\"font-weight: 400;\">estimation that it had been the worst of all election processes observed by CRTA so far<\/span><span style=\"font-weight: 400;\">, we have continued monitoring the state of democracy in Serbia, the work of state institutions, as well as the quality of political pluralism in the most influential media. It should be noted again that CRTA\u2019s analysis of central news programmes on television channels with national coverage, between the 2020 elections and October 2021, showed pronounced inequality in media representation between the government and the opposition, having in mind that representatives of the ruling majority obtained as much as 94% of time in programmes covering political actors, while the opposition was present in the remaining 6%.\u00a0<\/span><\/p>\n<p><span style=\"font-weight: 400;\">Since 2016, CRTA has, in line with international standards, observed all national elections (2016 and 2020 parliamentary, and 2017 presidential elections), the 2018 Belgrade elections, as well as local elections in local self-government units of Zaje\u010dar, Pe\u0107inci and Lu\u010dani. Based on observation findings, CRTA has defined and published numerous recommendations for improving electoral conditions. However, to this day, there has been no substantial progress in key areas, such as equal media representation, abuse of state resources, pressures on voters, and voter rights protection. <\/span><\/p>\n","protected":false},"excerpt":{"rendered":"<p>CRTA has formed an observation mission for the upcoming 2022 elections, and has begun to observe the period leading up to the official start of the election campaign. Our long-term observation will be focused on the work of state institutions and potential law changes, reporting of televisions with national coverage and local media, as well&#8230;<\/p>\n","protected":false},"author":18,"featured_media":27355,"comment_status":"closed","ping_status":"open","sticky":false,"template":"","format":"standard","meta":{"_acf_changed":false,"footnotes":"","_links_to":"","_links_to_target":""},"categories":[218,681],"tags":[],"class_list":["post-27948","post","type-post","status-publish","format-standard","has-post-thumbnail","hentry","category-latest-en","category-news","ciTrackContent"],"acf":[],"yoast_head":"<!-- This site is optimized with the Yoast SEO plugin v27.4 - https:\/\/yoast.com\/product\/yoast-seo-wordpress\/ -->\n<title>CRTA started to observe an electoral process full of uncertainties - CRTA<\/title>\n<meta name=\"robots\" content=\"index, follow, max-snippet:-1, max-image-preview:large, max-video-preview:-1\" \/>\n<link rel=\"canonical\" href=\"https:\/\/crta.rs\/en\/crta-started-to-observe-an-electoral-process-full-of-uncertainties\/\" \/>\n<meta property=\"og:locale\" content=\"en_US\" \/>\n<meta property=\"og:type\" content=\"article\" \/>\n<meta property=\"og:title\" content=\"CRTA started to observe an electoral process full of uncertainties - CRTA\" \/>\n<meta property=\"og:description\" content=\"CRTA has formed an observation mission for the upcoming 2022 elections, and has begun to observe the period leading up to the official start of the election campaign. Our long-term observation will be focused on the work of state institutions and potential law changes, reporting of televisions with national coverage and local media, as well...\" \/>\n<meta property=\"og:url\" content=\"https:\/\/crta.rs\/en\/crta-started-to-observe-an-electoral-process-full-of-uncertainties\/\" \/>\n<meta property=\"og:site_name\" content=\"CRTA\" \/>\n<meta property=\"article:publisher\" content=\"https:\/\/www.facebook.com\/CRTArs\/\" \/>\n<meta property=\"article:published_time\" content=\"2021-11-23T15:48:14+00:00\" \/>\n<meta property=\"article:modified_time\" content=\"2021-12-09T11:41:25+00:00\" \/>\n<meta property=\"og:image\" content=\"https:\/\/crta.rs\/wp-content\/uploads\/2021\/09\/izbori-2020-kutija-aktuelno.png\" \/>\n\t<meta property=\"og:image:width\" content=\"727\" \/>\n\t<meta property=\"og:image:height\" content=\"362\" \/>\n\t<meta property=\"og:image:type\" content=\"image\/png\" \/>\n<meta name=\"author\" content=\"Branislav Grkovi\u0107\" \/>\n<meta name=\"twitter:card\" content=\"summary_large_image\" \/>\n<meta name=\"twitter:label1\" content=\"Written by\" \/>\n\t<meta name=\"twitter:data1\" content=\"Branislav Grkovi\u0107\" \/>\n\t<meta name=\"twitter:label2\" content=\"Est. reading time\" \/>\n\t<meta name=\"twitter:data2\" content=\"2 minutes\" \/>\n<script type=\"application\/ld+json\" class=\"yoast-schema-graph\">{\"@context\":\"https:\\\/\\\/schema.org\",\"@graph\":[{\"@type\":\"Article\",\"@id\":\"https:\\\/\\\/crta.rs\\\/en\\\/crta-started-to-observe-an-electoral-process-full-of-uncertainties\\\/#article\",\"isPartOf\":{\"@id\":\"https:\\\/\\\/crta.rs\\\/en\\\/crta-started-to-observe-an-electoral-process-full-of-uncertainties\\\/\"},\"author\":{\"name\":\"Branislav Grkovi\u0107\",\"@id\":\"https:\\\/\\\/crta.rs\\\/en\\\/#\\\/schema\\\/person\\\/a6e5fa47eb46bc71075c0ef78ce03f28\"},\"headline\":\"CRTA started to observe an electoral process full of uncertainties\",\"datePublished\":\"2021-11-23T15:48:14+00:00\",\"dateModified\":\"2021-12-09T11:41:25+00:00\",\"mainEntityOfPage\":{\"@id\":\"https:\\\/\\\/crta.rs\\\/en\\\/crta-started-to-observe-an-electoral-process-full-of-uncertainties\\\/\"},\"wordCount\":394,\"image\":{\"@id\":\"https:\\\/\\\/crta.rs\\\/en\\\/crta-started-to-observe-an-electoral-process-full-of-uncertainties\\\/#primaryimage\"},\"thumbnailUrl\":\"https:\\\/\\\/crta.rs\\\/wp-content\\\/uploads\\\/2021\\\/09\\\/izbori-2020-kutija-aktuelno.png\",\"articleSection\":[\"Latest\",\"News\"],\"inLanguage\":\"en-US\"},{\"@type\":\"WebPage\",\"@id\":\"https:\\\/\\\/crta.rs\\\/en\\\/crta-started-to-observe-an-electoral-process-full-of-uncertainties\\\/\",\"url\":\"https:\\\/\\\/crta.rs\\\/en\\\/crta-started-to-observe-an-electoral-process-full-of-uncertainties\\\/\",\"name\":\"CRTA started to observe an electoral process full of uncertainties - CRTA\",\"isPartOf\":{\"@id\":\"https:\\\/\\\/crta.rs\\\/en\\\/#website\"},\"primaryImageOfPage\":{\"@id\":\"https:\\\/\\\/crta.rs\\\/en\\\/crta-started-to-observe-an-electoral-process-full-of-uncertainties\\\/#primaryimage\"},\"image\":{\"@id\":\"https:\\\/\\\/crta.rs\\\/en\\\/crta-started-to-observe-an-electoral-process-full-of-uncertainties\\\/#primaryimage\"},\"thumbnailUrl\":\"https:\\\/\\\/crta.rs\\\/wp-content\\\/uploads\\\/2021\\\/09\\\/izbori-2020-kutija-aktuelno.png\",\"datePublished\":\"2021-11-23T15:48:14+00:00\",\"dateModified\":\"2021-12-09T11:41:25+00:00\",\"author\":{\"@id\":\"https:\\\/\\\/crta.rs\\\/en\\\/#\\\/schema\\\/person\\\/a6e5fa47eb46bc71075c0ef78ce03f28\"},\"breadcrumb\":{\"@id\":\"https:\\\/\\\/crta.rs\\\/en\\\/crta-started-to-observe-an-electoral-process-full-of-uncertainties\\\/#breadcrumb\"},\"inLanguage\":\"en-US\",\"potentialAction\":[{\"@type\":\"ReadAction\",\"target\":[\"https:\\\/\\\/crta.rs\\\/en\\\/crta-started-to-observe-an-electoral-process-full-of-uncertainties\\\/\"]}]},{\"@type\":\"ImageObject\",\"inLanguage\":\"en-US\",\"@id\":\"https:\\\/\\\/crta.rs\\\/en\\\/crta-started-to-observe-an-electoral-process-full-of-uncertainties\\\/#primaryimage\",\"url\":\"https:\\\/\\\/crta.rs\\\/wp-content\\\/uploads\\\/2021\\\/09\\\/izbori-2020-kutija-aktuelno.png\",\"contentUrl\":\"https:\\\/\\\/crta.rs\\\/wp-content\\\/uploads\\\/2021\\\/09\\\/izbori-2020-kutija-aktuelno.png\",\"width\":727,\"height\":362,\"caption\":\"Izborna kutija vizual\"},{\"@type\":\"BreadcrumbList\",\"@id\":\"https:\\\/\\\/crta.rs\\\/en\\\/crta-started-to-observe-an-electoral-process-full-of-uncertainties\\\/#breadcrumb\",\"itemListElement\":[{\"@type\":\"ListItem\",\"position\":1,\"name\":\"Home\",\"item\":\"https:\\\/\\\/crta.rs\\\/en\\\/\"},{\"@type\":\"ListItem\",\"position\":2,\"name\":\"News\",\"item\":\"https:\\\/\\\/crta.rs\\\/en\\\/category\\\/news\\\/\"},{\"@type\":\"ListItem\",\"position\":3,\"name\":\"CRTA started to observe an electoral process full of uncertainties\"}]},{\"@type\":\"WebSite\",\"@id\":\"https:\\\/\\\/crta.rs\\\/en\\\/#website\",\"url\":\"https:\\\/\\\/crta.rs\\\/en\\\/\",\"name\":\"CRTA\",\"description\":\"Mi smo grupa aktivista i novinara koja zajedno sa gra\u0111anima uti\u010de na pove\u0107anje odgovornosti institucija i javnih funkcionera kroz pra\u0107enje i kontrolu njihovog rada.\",\"potentialAction\":[{\"@type\":\"SearchAction\",\"target\":{\"@type\":\"EntryPoint\",\"urlTemplate\":\"https:\\\/\\\/crta.rs\\\/en\\\/?s={search_term_string}\"},\"query-input\":{\"@type\":\"PropertyValueSpecification\",\"valueRequired\":true,\"valueName\":\"search_term_string\"}}],\"inLanguage\":\"en-US\"},{\"@type\":\"Person\",\"@id\":\"https:\\\/\\\/crta.rs\\\/en\\\/#\\\/schema\\\/person\\\/a6e5fa47eb46bc71075c0ef78ce03f28\",\"name\":\"Branislav Grkovi\u0107\",\"url\":\"https:\\\/\\\/crta.rs\\\/en\\\/author\\\/branislav\\\/\"}]}<\/script>\n<!-- \/ Yoast SEO plugin. -->","yoast_head_json":{"title":"CRTA started to observe an electoral process full of uncertainties - CRTA","robots":{"index":"index","follow":"follow","max-snippet":"max-snippet:-1","max-image-preview":"max-image-preview:large","max-video-preview":"max-video-preview:-1"},"canonical":"https:\/\/crta.rs\/en\/crta-started-to-observe-an-electoral-process-full-of-uncertainties\/","og_locale":"en_US","og_type":"article","og_title":"CRTA started to observe an electoral process full of uncertainties - CRTA","og_description":"CRTA has formed an observation mission for the upcoming 2022 elections, and has begun to observe the period leading up to the official start of the election campaign. Our long-term observation will be focused on the work of state institutions and potential law changes, reporting of televisions with national coverage and local media, as well...","og_url":"https:\/\/crta.rs\/en\/crta-started-to-observe-an-electoral-process-full-of-uncertainties\/","og_site_name":"CRTA","article_publisher":"https:\/\/www.facebook.com\/CRTArs\/","article_published_time":"2021-11-23T15:48:14+00:00","article_modified_time":"2021-12-09T11:41:25+00:00","og_image":[{"width":727,"height":362,"url":"https:\/\/crta.rs\/wp-content\/uploads\/2021\/09\/izbori-2020-kutija-aktuelno.png","type":"image\/png"}],"author":"Branislav Grkovi\u0107","twitter_card":"summary_large_image","twitter_misc":{"Written by":"Branislav Grkovi\u0107","Est. reading time":"2 minutes"},"schema":{"@context":"https:\/\/schema.org","@graph":[{"@type":"Article","@id":"https:\/\/crta.rs\/en\/crta-started-to-observe-an-electoral-process-full-of-uncertainties\/#article","isPartOf":{"@id":"https:\/\/crta.rs\/en\/crta-started-to-observe-an-electoral-process-full-of-uncertainties\/"},"author":{"name":"Branislav Grkovi\u0107","@id":"https:\/\/crta.rs\/en\/#\/schema\/person\/a6e5fa47eb46bc71075c0ef78ce03f28"},"headline":"CRTA started to observe an electoral process full of uncertainties","datePublished":"2021-11-23T15:48:14+00:00","dateModified":"2021-12-09T11:41:25+00:00","mainEntityOfPage":{"@id":"https:\/\/crta.rs\/en\/crta-started-to-observe-an-electoral-process-full-of-uncertainties\/"},"wordCount":394,"image":{"@id":"https:\/\/crta.rs\/en\/crta-started-to-observe-an-electoral-process-full-of-uncertainties\/#primaryimage"},"thumbnailUrl":"https:\/\/crta.rs\/wp-content\/uploads\/2021\/09\/izbori-2020-kutija-aktuelno.png","articleSection":["Latest","News"],"inLanguage":"en-US"},{"@type":"WebPage","@id":"https:\/\/crta.rs\/en\/crta-started-to-observe-an-electoral-process-full-of-uncertainties\/","url":"https:\/\/crta.rs\/en\/crta-started-to-observe-an-electoral-process-full-of-uncertainties\/","name":"CRTA started to observe an electoral process full of uncertainties - CRTA","isPartOf":{"@id":"https:\/\/crta.rs\/en\/#website"},"primaryImageOfPage":{"@id":"https:\/\/crta.rs\/en\/crta-started-to-observe-an-electoral-process-full-of-uncertainties\/#primaryimage"},"image":{"@id":"https:\/\/crta.rs\/en\/crta-started-to-observe-an-electoral-process-full-of-uncertainties\/#primaryimage"},"thumbnailUrl":"https:\/\/crta.rs\/wp-content\/uploads\/2021\/09\/izbori-2020-kutija-aktuelno.png","datePublished":"2021-11-23T15:48:14+00:00","dateModified":"2021-12-09T11:41:25+00:00","author":{"@id":"https:\/\/crta.rs\/en\/#\/schema\/person\/a6e5fa47eb46bc71075c0ef78ce03f28"},"breadcrumb":{"@id":"https:\/\/crta.rs\/en\/crta-started-to-observe-an-electoral-process-full-of-uncertainties\/#breadcrumb"},"inLanguage":"en-US","potentialAction":[{"@type":"ReadAction","target":["https:\/\/crta.rs\/en\/crta-started-to-observe-an-electoral-process-full-of-uncertainties\/"]}]},{"@type":"ImageObject","inLanguage":"en-US","@id":"https:\/\/crta.rs\/en\/crta-started-to-observe-an-electoral-process-full-of-uncertainties\/#primaryimage","url":"https:\/\/crta.rs\/wp-content\/uploads\/2021\/09\/izbori-2020-kutija-aktuelno.png","contentUrl":"https:\/\/crta.rs\/wp-content\/uploads\/2021\/09\/izbori-2020-kutija-aktuelno.png","width":727,"height":362,"caption":"Izborna kutija vizual"},{"@type":"BreadcrumbList","@id":"https:\/\/crta.rs\/en\/crta-started-to-observe-an-electoral-process-full-of-uncertainties\/#breadcrumb","itemListElement":[{"@type":"ListItem","position":1,"name":"Home","item":"https:\/\/crta.rs\/en\/"},{"@type":"ListItem","position":2,"name":"News","item":"https:\/\/crta.rs\/en\/category\/news\/"},{"@type":"ListItem","position":3,"name":"CRTA started to observe an electoral process full of uncertainties"}]},{"@type":"WebSite","@id":"https:\/\/crta.rs\/en\/#website","url":"https:\/\/crta.rs\/en\/","name":"CRTA","description":"Mi smo grupa aktivista i novinara koja zajedno sa gra\u0111anima uti\u010de na pove\u0107anje odgovornosti institucija i javnih funkcionera kroz pra\u0107enje i kontrolu njihovog rada.","potentialAction":[{"@type":"SearchAction","target":{"@type":"EntryPoint","urlTemplate":"https:\/\/crta.rs\/en\/?s={search_term_string}"},"query-input":{"@type":"PropertyValueSpecification","valueRequired":true,"valueName":"search_term_string"}}],"inLanguage":"en-US"},{"@type":"Person","@id":"https:\/\/crta.rs\/en\/#\/schema\/person\/a6e5fa47eb46bc71075c0ef78ce03f28","name":"Branislav Grkovi\u0107","url":"https:\/\/crta.rs\/en\/author\/branislav\/"}]}},"_links":{"self":[{"href":"https:\/\/crta.rs\/en\/wp-json\/wp\/v2\/posts\/27948","targetHints":{"allow":["GET"]}}],"collection":[{"href":"https:\/\/crta.rs\/en\/wp-json\/wp\/v2\/posts"}],"about":[{"href":"https:\/\/crta.rs\/en\/wp-json\/wp\/v2\/types\/post"}],"author":[{"embeddable":true,"href":"https:\/\/crta.rs\/en\/wp-json\/wp\/v2\/users\/18"}],"replies":[{"embeddable":true,"href":"https:\/\/crta.rs\/en\/wp-json\/wp\/v2\/comments?post=27948"}],"version-history":[{"count":2,"href":"https:\/\/crta.rs\/en\/wp-json\/wp\/v2\/posts\/27948\/revisions"}],"predecessor-version":[{"id":28047,"href":"https:\/\/crta.rs\/en\/wp-json\/wp\/v2\/posts\/27948\/revisions\/28047"}],"wp:featuredmedia":[{"embeddable":true,"href":"https:\/\/crta.rs\/en\/wp-json\/wp\/v2\/media\/27355"}],"wp:attachment":[{"href":"https:\/\/crta.rs\/en\/wp-json\/wp\/v2\/media?parent=27948"}],"wp:term":[{"taxonomy":"category","embeddable":true,"href":"https:\/\/crta.rs\/en\/wp-json\/wp\/v2\/categories?post=27948"},{"taxonomy":"post_tag","embeddable":true,"href":"https:\/\/crta.rs\/en\/wp-json\/wp\/v2\/tags?post=27948"}],"curies":[{"name":"wp","href":"https:\/\/api.w.org\/{rel}","templated":true}]}}