{"id":2775,"date":"2018-03-26T12:46:18","date_gmt":"2018-03-26T12:46:18","guid":{"rendered":"https:\/\/crta.rs\/?p=2775"},"modified":"2020-01-15T12:17:14","modified_gmt":"2020-01-15T12:17:14","slug":"belgrade-elections","status":"publish","type":"post","link":"https:\/\/crta.rs\/en\/belgrade-elections\/","title":{"rendered":"Belgrade Elections"},"content":{"rendered":"<p>CRTA monitored elections for the Assembly of the City of Belgrade councillors. As the capital and the largest city in the country, Belgrade bears a huge political and economic significance\u00a0 (one fourth of Serbia\u2019s voters have the right to vote at these elections and that the ratio of political powers in Belgrade and in the rest of the country is not entirely identical).<\/p>\n","protected":false},"excerpt":{"rendered":"<p>CRTA monitored elections for the Assembly of the City of Belgrade councillors. As the capital and the largest city in the country, Belgrade bears a huge political and economic significance\u00a0 (one fourth of Serbia\u2019s voters have the right to vote at these elections and that the ratio of political powers in Belgrade and in the&#8230;<\/p>\n","protected":false},"author":4,"featured_media":0,"comment_status":"open","ping_status":"open","sticky":false,"template":"","format":"standard","meta":{"_acf_changed":false,"footnotes":"","_links_to":"","_links_to_target":""},"categories":[390],"tags":[],"class_list":["post-2775","post","type-post","status-publish","format-standard","hentry","category-history-en","ciTrackContent"],"acf":[],"yoast_head":"<!-- This site is optimized with the Yoast SEO plugin v27.4 - https:\/\/yoast.com\/product\/yoast-seo-wordpress\/ -->\n<title>Belgrade Elections - CRTA<\/title>\n<meta name=\"robots\" content=\"index, follow, max-snippet:-1, max-image-preview:large, max-video-preview:-1\" \/>\n<link rel=\"canonical\" href=\"https:\/\/crta.rs\/en\/belgrade-elections\/\" \/>\n<meta property=\"og:locale\" content=\"en_US\" \/>\n<meta property=\"og:type\" content=\"article\" \/>\n<meta property=\"og:title\" content=\"Belgrade Elections - CRTA\" \/>\n<meta property=\"og:description\" content=\"CRTA monitored elections for the Assembly of the City of Belgrade councillors. As the capital and the largest city in the country, Belgrade bears a huge political and economic significance\u00a0 (one fourth of Serbia\u2019s voters have the right to vote at these elections and that the ratio of political powers in Belgrade and in the...\" \/>\n<meta property=\"og:url\" content=\"https:\/\/crta.rs\/en\/belgrade-elections\/\" \/>\n<meta property=\"og:site_name\" content=\"CRTA\" \/>\n<meta property=\"article:publisher\" content=\"https:\/\/www.facebook.com\/CRTArs\/\" \/>\n<meta property=\"article:published_time\" content=\"2018-03-26T12:46:18+00:00\" \/>\n<meta property=\"article:modified_time\" content=\"2020-01-15T12:17:14+00:00\" \/>\n<meta property=\"og:image\" content=\"https:\/\/crta.rs\/wp-content\/uploads\/2019\/03\/CRTA-logo.jpg\" \/>\n\t<meta property=\"og:image:width\" content=\"2400\" \/>\n\t<meta property=\"og:image:height\" content=\"1596\" \/>\n\t<meta property=\"og:image:type\" content=\"image\/jpeg\" \/>\n<meta name=\"author\" content=\"jovana\" \/>\n<meta name=\"twitter:card\" content=\"summary_large_image\" \/>\n<meta name=\"twitter:label1\" content=\"Written by\" \/>\n\t<meta name=\"twitter:data1\" content=\"jovana\" \/>\n<script type=\"application\/ld+json\" class=\"yoast-schema-graph\">{\"@context\":\"https:\\\/\\\/schema.org\",\"@graph\":[{\"@type\":\"Article\",\"@id\":\"https:\\\/\\\/crta.rs\\\/en\\\/belgrade-elections\\\/#article\",\"isPartOf\":{\"@id\":\"https:\\\/\\\/crta.rs\\\/en\\\/belgrade-elections\\\/\"},\"author\":{\"name\":\"jovana\",\"@id\":\"https:\\\/\\\/crta.rs\\\/en\\\/#\\\/schema\\\/person\\\/fcec63b1238fb442e1e414f45bb83f8f\"},\"headline\":\"Belgrade Elections\",\"datePublished\":\"2018-03-26T12:46:18+00:00\",\"dateModified\":\"2020-01-15T12:17:14+00:00\",\"mainEntityOfPage\":{\"@id\":\"https:\\\/\\\/crta.rs\\\/en\\\/belgrade-elections\\\/\"},\"wordCount\":66,\"commentCount\":0,\"articleSection\":[\"History English\"],\"inLanguage\":\"en-US\",\"potentialAction\":[{\"@type\":\"CommentAction\",\"name\":\"Comment\",\"target\":[\"https:\\\/\\\/crta.rs\\\/en\\\/belgrade-elections\\\/#respond\"]}]},{\"@type\":\"WebPage\",\"@id\":\"https:\\\/\\\/crta.rs\\\/en\\\/belgrade-elections\\\/\",\"url\":\"https:\\\/\\\/crta.rs\\\/en\\\/belgrade-elections\\\/\",\"name\":\"Belgrade Elections - CRTA\",\"isPartOf\":{\"@id\":\"https:\\\/\\\/crta.rs\\\/en\\\/#website\"},\"datePublished\":\"2018-03-26T12:46:18+00:00\",\"dateModified\":\"2020-01-15T12:17:14+00:00\",\"author\":{\"@id\":\"https:\\\/\\\/crta.rs\\\/en\\\/#\\\/schema\\\/person\\\/fcec63b1238fb442e1e414f45bb83f8f\"},\"breadcrumb\":{\"@id\":\"https:\\\/\\\/crta.rs\\\/en\\\/belgrade-elections\\\/#breadcrumb\"},\"inLanguage\":\"en-US\",\"potentialAction\":[{\"@type\":\"ReadAction\",\"target\":[\"https:\\\/\\\/crta.rs\\\/en\\\/belgrade-elections\\\/\"]}]},{\"@type\":\"BreadcrumbList\",\"@id\":\"https:\\\/\\\/crta.rs\\\/en\\\/belgrade-elections\\\/#breadcrumb\",\"itemListElement\":[{\"@type\":\"ListItem\",\"position\":1,\"name\":\"Home\",\"item\":\"https:\\\/\\\/crta.rs\\\/en\\\/\"},{\"@type\":\"ListItem\",\"position\":2,\"name\":\"History English\",\"item\":\"https:\\\/\\\/crta.rs\\\/en\\\/category\\\/history-en\\\/\"},{\"@type\":\"ListItem\",\"position\":3,\"name\":\"Belgrade Elections\"}]},{\"@type\":\"WebSite\",\"@id\":\"https:\\\/\\\/crta.rs\\\/en\\\/#website\",\"url\":\"https:\\\/\\\/crta.rs\\\/en\\\/\",\"name\":\"CRTA\",\"description\":\"Mi smo grupa aktivista i novinara koja zajedno sa gra\u0111anima uti\u010de na pove\u0107anje odgovornosti institucija i javnih funkcionera kroz pra\u0107enje i kontrolu njihovog rada.\",\"potentialAction\":[{\"@type\":\"SearchAction\",\"target\":{\"@type\":\"EntryPoint\",\"urlTemplate\":\"https:\\\/\\\/crta.rs\\\/en\\\/?s={search_term_string}\"},\"query-input\":{\"@type\":\"PropertyValueSpecification\",\"valueRequired\":true,\"valueName\":\"search_term_string\"}}],\"inLanguage\":\"en-US\"},{\"@type\":\"Person\",\"@id\":\"https:\\\/\\\/crta.rs\\\/en\\\/#\\\/schema\\\/person\\\/fcec63b1238fb442e1e414f45bb83f8f\",\"name\":\"jovana\",\"url\":\"https:\\\/\\\/crta.rs\\\/en\\\/author\\\/jovana\\\/\"}]}<\/script>\n<!-- \/ Yoast SEO plugin. -->","yoast_head_json":{"title":"Belgrade Elections - CRTA","robots":{"index":"index","follow":"follow","max-snippet":"max-snippet:-1","max-image-preview":"max-image-preview:large","max-video-preview":"max-video-preview:-1"},"canonical":"https:\/\/crta.rs\/en\/belgrade-elections\/","og_locale":"en_US","og_type":"article","og_title":"Belgrade Elections - CRTA","og_description":"CRTA monitored elections for the Assembly of the City of Belgrade councillors. As the capital and the largest city in the country, Belgrade bears a huge political and economic significance\u00a0 (one fourth of Serbia\u2019s voters have the right to vote at these elections and that the ratio of political powers in Belgrade and in the...","og_url":"https:\/\/crta.rs\/en\/belgrade-elections\/","og_site_name":"CRTA","article_publisher":"https:\/\/www.facebook.com\/CRTArs\/","article_published_time":"2018-03-26T12:46:18+00:00","article_modified_time":"2020-01-15T12:17:14+00:00","og_image":[{"width":2400,"height":1596,"url":"https:\/\/crta.rs\/wp-content\/uploads\/2019\/03\/CRTA-logo.jpg","type":"image\/jpeg"}],"author":"jovana","twitter_card":"summary_large_image","twitter_misc":{"Written by":"jovana"},"schema":{"@context":"https:\/\/schema.org","@graph":[{"@type":"Article","@id":"https:\/\/crta.rs\/en\/belgrade-elections\/#article","isPartOf":{"@id":"https:\/\/crta.rs\/en\/belgrade-elections\/"},"author":{"name":"jovana","@id":"https:\/\/crta.rs\/en\/#\/schema\/person\/fcec63b1238fb442e1e414f45bb83f8f"},"headline":"Belgrade Elections","datePublished":"2018-03-26T12:46:18+00:00","dateModified":"2020-01-15T12:17:14+00:00","mainEntityOfPage":{"@id":"https:\/\/crta.rs\/en\/belgrade-elections\/"},"wordCount":66,"commentCount":0,"articleSection":["History English"],"inLanguage":"en-US","potentialAction":[{"@type":"CommentAction","name":"Comment","target":["https:\/\/crta.rs\/en\/belgrade-elections\/#respond"]}]},{"@type":"WebPage","@id":"https:\/\/crta.rs\/en\/belgrade-elections\/","url":"https:\/\/crta.rs\/en\/belgrade-elections\/","name":"Belgrade Elections - CRTA","isPartOf":{"@id":"https:\/\/crta.rs\/en\/#website"},"datePublished":"2018-03-26T12:46:18+00:00","dateModified":"2020-01-15T12:17:14+00:00","author":{"@id":"https:\/\/crta.rs\/en\/#\/schema\/person\/fcec63b1238fb442e1e414f45bb83f8f"},"breadcrumb":{"@id":"https:\/\/crta.rs\/en\/belgrade-elections\/#breadcrumb"},"inLanguage":"en-US","potentialAction":[{"@type":"ReadAction","target":["https:\/\/crta.rs\/en\/belgrade-elections\/"]}]},{"@type":"BreadcrumbList","@id":"https:\/\/crta.rs\/en\/belgrade-elections\/#breadcrumb","itemListElement":[{"@type":"ListItem","position":1,"name":"Home","item":"https:\/\/crta.rs\/en\/"},{"@type":"ListItem","position":2,"name":"History English","item":"https:\/\/crta.rs\/en\/category\/history-en\/"},{"@type":"ListItem","position":3,"name":"Belgrade Elections"}]},{"@type":"WebSite","@id":"https:\/\/crta.rs\/en\/#website","url":"https:\/\/crta.rs\/en\/","name":"CRTA","description":"Mi smo grupa aktivista i novinara koja zajedno sa gra\u0111anima uti\u010de na pove\u0107anje odgovornosti institucija i javnih funkcionera kroz pra\u0107enje i kontrolu njihovog rada.","potentialAction":[{"@type":"SearchAction","target":{"@type":"EntryPoint","urlTemplate":"https:\/\/crta.rs\/en\/?s={search_term_string}"},"query-input":{"@type":"PropertyValueSpecification","valueRequired":true,"valueName":"search_term_string"}}],"inLanguage":"en-US"},{"@type":"Person","@id":"https:\/\/crta.rs\/en\/#\/schema\/person\/fcec63b1238fb442e1e414f45bb83f8f","name":"jovana","url":"https:\/\/crta.rs\/en\/author\/jovana\/"}]}},"_links":{"self":[{"href":"https:\/\/crta.rs\/en\/wp-json\/wp\/v2\/posts\/2775","targetHints":{"allow":["GET"]}}],"collection":[{"href":"https:\/\/crta.rs\/en\/wp-json\/wp\/v2\/posts"}],"about":[{"href":"https:\/\/crta.rs\/en\/wp-json\/wp\/v2\/types\/post"}],"author":[{"embeddable":true,"href":"https:\/\/crta.rs\/en\/wp-json\/wp\/v2\/users\/4"}],"replies":[{"embeddable":true,"href":"https:\/\/crta.rs\/en\/wp-json\/wp\/v2\/comments?post=2775"}],"version-history":[{"count":1,"href":"https:\/\/crta.rs\/en\/wp-json\/wp\/v2\/posts\/2775\/revisions"}],"predecessor-version":[{"id":19309,"href":"https:\/\/crta.rs\/en\/wp-json\/wp\/v2\/posts\/2775\/revisions\/19309"}],"wp:attachment":[{"href":"https:\/\/crta.rs\/en\/wp-json\/wp\/v2\/media?parent=2775"}],"wp:term":[{"taxonomy":"category","embeddable":true,"href":"https:\/\/crta.rs\/en\/wp-json\/wp\/v2\/categories?post=2775"},{"taxonomy":"post_tag","embeddable":true,"href":"https:\/\/crta.rs\/en\/wp-json\/wp\/v2\/tags?post=2775"}],"curies":[{"name":"wp","href":"https:\/\/api.w.org\/{rel}","templated":true}]}}