{"id":2763,"date":"2018-03-26T12:41:09","date_gmt":"2018-03-26T12:41:09","guid":{"rendered":"https:\/\/crta.rs\/?p=2763"},"modified":"2020-01-15T12:14:53","modified_gmt":"2020-01-15T12:14:53","slug":"2763-2","status":"publish","type":"post","link":"https:\/\/crta.rs\/en\/2763-2\/","title":{"rendered":"\u201cWho is my Government\u201d Initiative"},"content":{"rendered":"<p>The CRTA launched the portal<strong> <a href=\"http:\/\/kojenavlasti.rs\/\">\u201cWho is my Government\u201d<\/a><\/strong> where citizens can quickly and easily find all information about deputies\u2019 party affiliation, who shifted allegiance after the elections, who supports the Government and who does not.\u00a0 In almost one third of cities and municipalities in Serbia, there were more than one hundred cases of turncoat politicians after the last local elections held in 2016.<\/p>\n<p>&nbsp;<\/p>\n","protected":false},"excerpt":{"rendered":"<p>The CRTA launched the portal \u201cWho is my Government\u201d where citizens can quickly and easily find all information about deputies\u2019 party affiliation, who shifted allegiance after the elections, who supports the Government and who does not.\u00a0 In almost one third of cities and municipalities in Serbia, there were more than one hundred cases of turncoat&#8230;<\/p>\n","protected":false},"author":4,"featured_media":0,"comment_status":"open","ping_status":"open","sticky":false,"template":"","format":"standard","meta":{"_acf_changed":false,"footnotes":"","_links_to":"","_links_to_target":""},"categories":[390],"tags":[],"class_list":["post-2763","post","type-post","status-publish","format-standard","hentry","category-history-en","ciTrackContent"],"acf":[],"yoast_head":"<!-- This site is optimized with the Yoast SEO plugin v27.4 - https:\/\/yoast.com\/product\/yoast-seo-wordpress\/ -->\n<title>\u201cWho is my Government\u201d Initiative - CRTA<\/title>\n<meta name=\"robots\" content=\"index, follow, max-snippet:-1, max-image-preview:large, max-video-preview:-1\" \/>\n<link rel=\"canonical\" href=\"https:\/\/crta.rs\/en\/2763-2\/\" \/>\n<meta property=\"og:locale\" content=\"en_US\" \/>\n<meta property=\"og:type\" content=\"article\" \/>\n<meta property=\"og:title\" content=\"\u201cWho is my Government\u201d Initiative - CRTA\" \/>\n<meta property=\"og:description\" content=\"The CRTA launched the portal \u201cWho is my Government\u201d where citizens can quickly and easily find all information about deputies\u2019 party affiliation, who shifted allegiance after the elections, who supports the Government and who does not.\u00a0 In almost one third of cities and municipalities in Serbia, there were more than one hundred cases of turncoat...\" \/>\n<meta property=\"og:url\" content=\"https:\/\/crta.rs\/en\/2763-2\/\" \/>\n<meta property=\"og:site_name\" content=\"CRTA\" \/>\n<meta property=\"article:publisher\" content=\"https:\/\/www.facebook.com\/CRTArs\/\" \/>\n<meta property=\"article:published_time\" content=\"2018-03-26T12:41:09+00:00\" \/>\n<meta property=\"article:modified_time\" content=\"2020-01-15T12:14:53+00:00\" \/>\n<meta property=\"og:image\" content=\"https:\/\/crta.rs\/wp-content\/uploads\/2019\/03\/CRTA-logo.jpg\" \/>\n\t<meta property=\"og:image:width\" content=\"2400\" \/>\n\t<meta property=\"og:image:height\" content=\"1596\" \/>\n\t<meta property=\"og:image:type\" content=\"image\/jpeg\" \/>\n<meta name=\"author\" content=\"jovana\" \/>\n<meta name=\"twitter:card\" content=\"summary_large_image\" \/>\n<meta name=\"twitter:label1\" content=\"Written by\" \/>\n\t<meta name=\"twitter:data1\" content=\"jovana\" \/>\n<script type=\"application\/ld+json\" class=\"yoast-schema-graph\">{\"@context\":\"https:\\\/\\\/schema.org\",\"@graph\":[{\"@type\":\"Article\",\"@id\":\"https:\\\/\\\/crta.rs\\\/en\\\/2763-2\\\/#article\",\"isPartOf\":{\"@id\":\"https:\\\/\\\/crta.rs\\\/en\\\/2763-2\\\/\"},\"author\":{\"name\":\"jovana\",\"@id\":\"https:\\\/\\\/crta.rs\\\/en\\\/#\\\/schema\\\/person\\\/fcec63b1238fb442e1e414f45bb83f8f\"},\"headline\":\"\u201cWho is my Government\u201d Initiative\",\"datePublished\":\"2018-03-26T12:41:09+00:00\",\"dateModified\":\"2020-01-15T12:14:53+00:00\",\"mainEntityOfPage\":{\"@id\":\"https:\\\/\\\/crta.rs\\\/en\\\/2763-2\\\/\"},\"wordCount\":69,\"commentCount\":0,\"articleSection\":[\"History English\"],\"inLanguage\":\"en-US\",\"potentialAction\":[{\"@type\":\"CommentAction\",\"name\":\"Comment\",\"target\":[\"https:\\\/\\\/crta.rs\\\/en\\\/2763-2\\\/#respond\"]}]},{\"@type\":\"WebPage\",\"@id\":\"https:\\\/\\\/crta.rs\\\/en\\\/2763-2\\\/\",\"url\":\"https:\\\/\\\/crta.rs\\\/en\\\/2763-2\\\/\",\"name\":\"\u201cWho is my Government\u201d Initiative - CRTA\",\"isPartOf\":{\"@id\":\"https:\\\/\\\/crta.rs\\\/en\\\/#website\"},\"datePublished\":\"2018-03-26T12:41:09+00:00\",\"dateModified\":\"2020-01-15T12:14:53+00:00\",\"author\":{\"@id\":\"https:\\\/\\\/crta.rs\\\/en\\\/#\\\/schema\\\/person\\\/fcec63b1238fb442e1e414f45bb83f8f\"},\"breadcrumb\":{\"@id\":\"https:\\\/\\\/crta.rs\\\/en\\\/2763-2\\\/#breadcrumb\"},\"inLanguage\":\"en-US\",\"potentialAction\":[{\"@type\":\"ReadAction\",\"target\":[\"https:\\\/\\\/crta.rs\\\/en\\\/2763-2\\\/\"]}]},{\"@type\":\"BreadcrumbList\",\"@id\":\"https:\\\/\\\/crta.rs\\\/en\\\/2763-2\\\/#breadcrumb\",\"itemListElement\":[{\"@type\":\"ListItem\",\"position\":1,\"name\":\"Home\",\"item\":\"https:\\\/\\\/crta.rs\\\/en\\\/\"},{\"@type\":\"ListItem\",\"position\":2,\"name\":\"History English\",\"item\":\"https:\\\/\\\/crta.rs\\\/en\\\/category\\\/history-en\\\/\"},{\"@type\":\"ListItem\",\"position\":3,\"name\":\"\u201cWho is my Government\u201d Initiative\"}]},{\"@type\":\"WebSite\",\"@id\":\"https:\\\/\\\/crta.rs\\\/en\\\/#website\",\"url\":\"https:\\\/\\\/crta.rs\\\/en\\\/\",\"name\":\"CRTA\",\"description\":\"Mi smo grupa aktivista i novinara koja zajedno sa gra\u0111anima uti\u010de na pove\u0107anje odgovornosti institucija i javnih funkcionera kroz pra\u0107enje i kontrolu njihovog rada.\",\"potentialAction\":[{\"@type\":\"SearchAction\",\"target\":{\"@type\":\"EntryPoint\",\"urlTemplate\":\"https:\\\/\\\/crta.rs\\\/en\\\/?s={search_term_string}\"},\"query-input\":{\"@type\":\"PropertyValueSpecification\",\"valueRequired\":true,\"valueName\":\"search_term_string\"}}],\"inLanguage\":\"en-US\"},{\"@type\":\"Person\",\"@id\":\"https:\\\/\\\/crta.rs\\\/en\\\/#\\\/schema\\\/person\\\/fcec63b1238fb442e1e414f45bb83f8f\",\"name\":\"jovana\",\"url\":\"https:\\\/\\\/crta.rs\\\/en\\\/author\\\/jovana\\\/\"}]}<\/script>\n<!-- \/ Yoast SEO plugin. -->","yoast_head_json":{"title":"\u201cWho is my Government\u201d Initiative - CRTA","robots":{"index":"index","follow":"follow","max-snippet":"max-snippet:-1","max-image-preview":"max-image-preview:large","max-video-preview":"max-video-preview:-1"},"canonical":"https:\/\/crta.rs\/en\/2763-2\/","og_locale":"en_US","og_type":"article","og_title":"\u201cWho is my Government\u201d Initiative - CRTA","og_description":"The CRTA launched the portal \u201cWho is my Government\u201d where citizens can quickly and easily find all information about deputies\u2019 party affiliation, who shifted allegiance after the elections, who supports the Government and who does not.\u00a0 In almost one third of cities and municipalities in Serbia, there were more than one hundred cases of turncoat...","og_url":"https:\/\/crta.rs\/en\/2763-2\/","og_site_name":"CRTA","article_publisher":"https:\/\/www.facebook.com\/CRTArs\/","article_published_time":"2018-03-26T12:41:09+00:00","article_modified_time":"2020-01-15T12:14:53+00:00","og_image":[{"width":2400,"height":1596,"url":"https:\/\/crta.rs\/wp-content\/uploads\/2019\/03\/CRTA-logo.jpg","type":"image\/jpeg"}],"author":"jovana","twitter_card":"summary_large_image","twitter_misc":{"Written by":"jovana"},"schema":{"@context":"https:\/\/schema.org","@graph":[{"@type":"Article","@id":"https:\/\/crta.rs\/en\/2763-2\/#article","isPartOf":{"@id":"https:\/\/crta.rs\/en\/2763-2\/"},"author":{"name":"jovana","@id":"https:\/\/crta.rs\/en\/#\/schema\/person\/fcec63b1238fb442e1e414f45bb83f8f"},"headline":"\u201cWho is my Government\u201d Initiative","datePublished":"2018-03-26T12:41:09+00:00","dateModified":"2020-01-15T12:14:53+00:00","mainEntityOfPage":{"@id":"https:\/\/crta.rs\/en\/2763-2\/"},"wordCount":69,"commentCount":0,"articleSection":["History English"],"inLanguage":"en-US","potentialAction":[{"@type":"CommentAction","name":"Comment","target":["https:\/\/crta.rs\/en\/2763-2\/#respond"]}]},{"@type":"WebPage","@id":"https:\/\/crta.rs\/en\/2763-2\/","url":"https:\/\/crta.rs\/en\/2763-2\/","name":"\u201cWho is my Government\u201d Initiative - CRTA","isPartOf":{"@id":"https:\/\/crta.rs\/en\/#website"},"datePublished":"2018-03-26T12:41:09+00:00","dateModified":"2020-01-15T12:14:53+00:00","author":{"@id":"https:\/\/crta.rs\/en\/#\/schema\/person\/fcec63b1238fb442e1e414f45bb83f8f"},"breadcrumb":{"@id":"https:\/\/crta.rs\/en\/2763-2\/#breadcrumb"},"inLanguage":"en-US","potentialAction":[{"@type":"ReadAction","target":["https:\/\/crta.rs\/en\/2763-2\/"]}]},{"@type":"BreadcrumbList","@id":"https:\/\/crta.rs\/en\/2763-2\/#breadcrumb","itemListElement":[{"@type":"ListItem","position":1,"name":"Home","item":"https:\/\/crta.rs\/en\/"},{"@type":"ListItem","position":2,"name":"History English","item":"https:\/\/crta.rs\/en\/category\/history-en\/"},{"@type":"ListItem","position":3,"name":"\u201cWho is my Government\u201d Initiative"}]},{"@type":"WebSite","@id":"https:\/\/crta.rs\/en\/#website","url":"https:\/\/crta.rs\/en\/","name":"CRTA","description":"Mi smo grupa aktivista i novinara koja zajedno sa gra\u0111anima uti\u010de na pove\u0107anje odgovornosti institucija i javnih funkcionera kroz pra\u0107enje i kontrolu njihovog rada.","potentialAction":[{"@type":"SearchAction","target":{"@type":"EntryPoint","urlTemplate":"https:\/\/crta.rs\/en\/?s={search_term_string}"},"query-input":{"@type":"PropertyValueSpecification","valueRequired":true,"valueName":"search_term_string"}}],"inLanguage":"en-US"},{"@type":"Person","@id":"https:\/\/crta.rs\/en\/#\/schema\/person\/fcec63b1238fb442e1e414f45bb83f8f","name":"jovana","url":"https:\/\/crta.rs\/en\/author\/jovana\/"}]}},"_links":{"self":[{"href":"https:\/\/crta.rs\/en\/wp-json\/wp\/v2\/posts\/2763","targetHints":{"allow":["GET"]}}],"collection":[{"href":"https:\/\/crta.rs\/en\/wp-json\/wp\/v2\/posts"}],"about":[{"href":"https:\/\/crta.rs\/en\/wp-json\/wp\/v2\/types\/post"}],"author":[{"embeddable":true,"href":"https:\/\/crta.rs\/en\/wp-json\/wp\/v2\/users\/4"}],"replies":[{"embeddable":true,"href":"https:\/\/crta.rs\/en\/wp-json\/wp\/v2\/comments?post=2763"}],"version-history":[{"count":1,"href":"https:\/\/crta.rs\/en\/wp-json\/wp\/v2\/posts\/2763\/revisions"}],"predecessor-version":[{"id":19302,"href":"https:\/\/crta.rs\/en\/wp-json\/wp\/v2\/posts\/2763\/revisions\/19302"}],"wp:attachment":[{"href":"https:\/\/crta.rs\/en\/wp-json\/wp\/v2\/media?parent=2763"}],"wp:term":[{"taxonomy":"category","embeddable":true,"href":"https:\/\/crta.rs\/en\/wp-json\/wp\/v2\/categories?post=2763"},{"taxonomy":"post_tag","embeddable":true,"href":"https:\/\/crta.rs\/en\/wp-json\/wp\/v2\/tags?post=2763"}],"curies":[{"name":"wp","href":"https:\/\/api.w.org\/{rel}","templated":true}]}}