{"id":2747,"date":"2018-03-26T12:32:58","date_gmt":"2018-03-26T12:32:58","guid":{"rendered":"https:\/\/crta.rs\/?p=2747"},"modified":"2020-01-15T12:12:03","modified_gmt":"2020-01-15T12:12:03","slug":"citizens-demonstrate-an-increasing-interest-in-politics","status":"publish","type":"post","link":"https:\/\/crta.rs\/en\/citizens-demonstrate-an-increasing-interest-in-politics\/","title":{"rendered":"Citizens demonstrate an increasing interest in politics"},"content":{"rendered":"<p>The third research \u201c<a href=\"https:\/\/crta.rs\/wp-content\/uploads\/2018\/03\/Audit-of-political-engagement-in-Serbia-2015.pdf\">Audit of political engagement 2015\u201d<\/a> \u00a0presented on the occasion of the International Day of Democracy showed that a\u00a0 large number of respondents in Serbia (70 per cent) believe that politicians should be primarily accountable to citizens. The results show a mild increase in citizens\u2019 interest in politics in relation to previous years when their lack of interest was constantly growing.<\/p>\n","protected":false},"excerpt":{"rendered":"<p>The third research \u201cAudit of political engagement 2015\u201d \u00a0presented on the occasion of the International Day of Democracy showed that a\u00a0 large number of respondents in Serbia (70 per cent) believe that politicians should be primarily accountable to citizens. The results show a mild increase in citizens\u2019 interest in politics in relation to previous years&#8230;<\/p>\n","protected":false},"author":4,"featured_media":0,"comment_status":"open","ping_status":"open","sticky":false,"template":"","format":"standard","meta":{"_acf_changed":false,"footnotes":"","_links_to":"","_links_to_target":""},"categories":[390],"tags":[],"class_list":["post-2747","post","type-post","status-publish","format-standard","hentry","category-history-en","ciTrackContent"],"acf":[],"yoast_head":"<!-- This site is optimized with the Yoast SEO plugin v27.4 - https:\/\/yoast.com\/product\/yoast-seo-wordpress\/ -->\n<title>Citizens demonstrate an increasing interest in politics - CRTA<\/title>\n<meta name=\"robots\" content=\"index, follow, max-snippet:-1, max-image-preview:large, max-video-preview:-1\" \/>\n<link rel=\"canonical\" href=\"https:\/\/crta.rs\/en\/citizens-demonstrate-an-increasing-interest-in-politics\/\" \/>\n<meta property=\"og:locale\" content=\"en_US\" \/>\n<meta property=\"og:type\" content=\"article\" \/>\n<meta property=\"og:title\" content=\"Citizens demonstrate an increasing interest in politics - CRTA\" \/>\n<meta property=\"og:description\" content=\"The third research \u201cAudit of political engagement 2015\u201d \u00a0presented on the occasion of the International Day of Democracy showed that a\u00a0 large number of respondents in Serbia (70 per cent) believe that politicians should be primarily accountable to citizens. The results show a mild increase in citizens\u2019 interest in politics in relation to previous years...\" \/>\n<meta property=\"og:url\" content=\"https:\/\/crta.rs\/en\/citizens-demonstrate-an-increasing-interest-in-politics\/\" \/>\n<meta property=\"og:site_name\" content=\"CRTA\" \/>\n<meta property=\"article:publisher\" content=\"https:\/\/www.facebook.com\/CRTArs\/\" \/>\n<meta property=\"article:published_time\" content=\"2018-03-26T12:32:58+00:00\" \/>\n<meta property=\"article:modified_time\" content=\"2020-01-15T12:12:03+00:00\" \/>\n<meta property=\"og:image\" content=\"https:\/\/crta.rs\/wp-content\/uploads\/2019\/03\/CRTA-logo.jpg\" \/>\n\t<meta property=\"og:image:width\" content=\"2400\" \/>\n\t<meta property=\"og:image:height\" content=\"1596\" \/>\n\t<meta property=\"og:image:type\" content=\"image\/jpeg\" \/>\n<meta name=\"author\" content=\"jovana\" \/>\n<meta name=\"twitter:card\" content=\"summary_large_image\" \/>\n<meta name=\"twitter:label1\" content=\"Written by\" \/>\n\t<meta name=\"twitter:data1\" content=\"jovana\" \/>\n<script type=\"application\/ld+json\" class=\"yoast-schema-graph\">{\"@context\":\"https:\\\/\\\/schema.org\",\"@graph\":[{\"@type\":\"Article\",\"@id\":\"https:\\\/\\\/crta.rs\\\/en\\\/citizens-demonstrate-an-increasing-interest-in-politics\\\/#article\",\"isPartOf\":{\"@id\":\"https:\\\/\\\/crta.rs\\\/en\\\/citizens-demonstrate-an-increasing-interest-in-politics\\\/\"},\"author\":{\"name\":\"jovana\",\"@id\":\"https:\\\/\\\/crta.rs\\\/en\\\/#\\\/schema\\\/person\\\/fcec63b1238fb442e1e414f45bb83f8f\"},\"headline\":\"Citizens demonstrate an increasing interest in politics\",\"datePublished\":\"2018-03-26T12:32:58+00:00\",\"dateModified\":\"2020-01-15T12:12:03+00:00\",\"mainEntityOfPage\":{\"@id\":\"https:\\\/\\\/crta.rs\\\/en\\\/citizens-demonstrate-an-increasing-interest-in-politics\\\/\"},\"wordCount\":68,\"commentCount\":0,\"articleSection\":[\"History English\"],\"inLanguage\":\"en-US\",\"potentialAction\":[{\"@type\":\"CommentAction\",\"name\":\"Comment\",\"target\":[\"https:\\\/\\\/crta.rs\\\/en\\\/citizens-demonstrate-an-increasing-interest-in-politics\\\/#respond\"]}]},{\"@type\":\"WebPage\",\"@id\":\"https:\\\/\\\/crta.rs\\\/en\\\/citizens-demonstrate-an-increasing-interest-in-politics\\\/\",\"url\":\"https:\\\/\\\/crta.rs\\\/en\\\/citizens-demonstrate-an-increasing-interest-in-politics\\\/\",\"name\":\"Citizens demonstrate an increasing interest in politics - CRTA\",\"isPartOf\":{\"@id\":\"https:\\\/\\\/crta.rs\\\/en\\\/#website\"},\"datePublished\":\"2018-03-26T12:32:58+00:00\",\"dateModified\":\"2020-01-15T12:12:03+00:00\",\"author\":{\"@id\":\"https:\\\/\\\/crta.rs\\\/en\\\/#\\\/schema\\\/person\\\/fcec63b1238fb442e1e414f45bb83f8f\"},\"breadcrumb\":{\"@id\":\"https:\\\/\\\/crta.rs\\\/en\\\/citizens-demonstrate-an-increasing-interest-in-politics\\\/#breadcrumb\"},\"inLanguage\":\"en-US\",\"potentialAction\":[{\"@type\":\"ReadAction\",\"target\":[\"https:\\\/\\\/crta.rs\\\/en\\\/citizens-demonstrate-an-increasing-interest-in-politics\\\/\"]}]},{\"@type\":\"BreadcrumbList\",\"@id\":\"https:\\\/\\\/crta.rs\\\/en\\\/citizens-demonstrate-an-increasing-interest-in-politics\\\/#breadcrumb\",\"itemListElement\":[{\"@type\":\"ListItem\",\"position\":1,\"name\":\"Home\",\"item\":\"https:\\\/\\\/crta.rs\\\/en\\\/\"},{\"@type\":\"ListItem\",\"position\":2,\"name\":\"History English\",\"item\":\"https:\\\/\\\/crta.rs\\\/en\\\/category\\\/history-en\\\/\"},{\"@type\":\"ListItem\",\"position\":3,\"name\":\"Citizens demonstrate an increasing interest in politics\"}]},{\"@type\":\"WebSite\",\"@id\":\"https:\\\/\\\/crta.rs\\\/en\\\/#website\",\"url\":\"https:\\\/\\\/crta.rs\\\/en\\\/\",\"name\":\"CRTA\",\"description\":\"Mi smo grupa aktivista i novinara koja zajedno sa gra\u0111anima uti\u010de na pove\u0107anje odgovornosti institucija i javnih funkcionera kroz pra\u0107enje i kontrolu njihovog rada.\",\"potentialAction\":[{\"@type\":\"SearchAction\",\"target\":{\"@type\":\"EntryPoint\",\"urlTemplate\":\"https:\\\/\\\/crta.rs\\\/en\\\/?s={search_term_string}\"},\"query-input\":{\"@type\":\"PropertyValueSpecification\",\"valueRequired\":true,\"valueName\":\"search_term_string\"}}],\"inLanguage\":\"en-US\"},{\"@type\":\"Person\",\"@id\":\"https:\\\/\\\/crta.rs\\\/en\\\/#\\\/schema\\\/person\\\/fcec63b1238fb442e1e414f45bb83f8f\",\"name\":\"jovana\",\"url\":\"https:\\\/\\\/crta.rs\\\/en\\\/author\\\/jovana\\\/\"}]}<\/script>\n<!-- \/ Yoast SEO plugin. -->","yoast_head_json":{"title":"Citizens demonstrate an increasing interest in politics - CRTA","robots":{"index":"index","follow":"follow","max-snippet":"max-snippet:-1","max-image-preview":"max-image-preview:large","max-video-preview":"max-video-preview:-1"},"canonical":"https:\/\/crta.rs\/en\/citizens-demonstrate-an-increasing-interest-in-politics\/","og_locale":"en_US","og_type":"article","og_title":"Citizens demonstrate an increasing interest in politics - CRTA","og_description":"The third research \u201cAudit of political engagement 2015\u201d \u00a0presented on the occasion of the International Day of Democracy showed that a\u00a0 large number of respondents in Serbia (70 per cent) believe that politicians should be primarily accountable to citizens. The results show a mild increase in citizens\u2019 interest in politics in relation to previous years...","og_url":"https:\/\/crta.rs\/en\/citizens-demonstrate-an-increasing-interest-in-politics\/","og_site_name":"CRTA","article_publisher":"https:\/\/www.facebook.com\/CRTArs\/","article_published_time":"2018-03-26T12:32:58+00:00","article_modified_time":"2020-01-15T12:12:03+00:00","og_image":[{"width":2400,"height":1596,"url":"https:\/\/crta.rs\/wp-content\/uploads\/2019\/03\/CRTA-logo.jpg","type":"image\/jpeg"}],"author":"jovana","twitter_card":"summary_large_image","twitter_misc":{"Written by":"jovana"},"schema":{"@context":"https:\/\/schema.org","@graph":[{"@type":"Article","@id":"https:\/\/crta.rs\/en\/citizens-demonstrate-an-increasing-interest-in-politics\/#article","isPartOf":{"@id":"https:\/\/crta.rs\/en\/citizens-demonstrate-an-increasing-interest-in-politics\/"},"author":{"name":"jovana","@id":"https:\/\/crta.rs\/en\/#\/schema\/person\/fcec63b1238fb442e1e414f45bb83f8f"},"headline":"Citizens demonstrate an increasing interest in politics","datePublished":"2018-03-26T12:32:58+00:00","dateModified":"2020-01-15T12:12:03+00:00","mainEntityOfPage":{"@id":"https:\/\/crta.rs\/en\/citizens-demonstrate-an-increasing-interest-in-politics\/"},"wordCount":68,"commentCount":0,"articleSection":["History English"],"inLanguage":"en-US","potentialAction":[{"@type":"CommentAction","name":"Comment","target":["https:\/\/crta.rs\/en\/citizens-demonstrate-an-increasing-interest-in-politics\/#respond"]}]},{"@type":"WebPage","@id":"https:\/\/crta.rs\/en\/citizens-demonstrate-an-increasing-interest-in-politics\/","url":"https:\/\/crta.rs\/en\/citizens-demonstrate-an-increasing-interest-in-politics\/","name":"Citizens demonstrate an increasing interest in politics - CRTA","isPartOf":{"@id":"https:\/\/crta.rs\/en\/#website"},"datePublished":"2018-03-26T12:32:58+00:00","dateModified":"2020-01-15T12:12:03+00:00","author":{"@id":"https:\/\/crta.rs\/en\/#\/schema\/person\/fcec63b1238fb442e1e414f45bb83f8f"},"breadcrumb":{"@id":"https:\/\/crta.rs\/en\/citizens-demonstrate-an-increasing-interest-in-politics\/#breadcrumb"},"inLanguage":"en-US","potentialAction":[{"@type":"ReadAction","target":["https:\/\/crta.rs\/en\/citizens-demonstrate-an-increasing-interest-in-politics\/"]}]},{"@type":"BreadcrumbList","@id":"https:\/\/crta.rs\/en\/citizens-demonstrate-an-increasing-interest-in-politics\/#breadcrumb","itemListElement":[{"@type":"ListItem","position":1,"name":"Home","item":"https:\/\/crta.rs\/en\/"},{"@type":"ListItem","position":2,"name":"History English","item":"https:\/\/crta.rs\/en\/category\/history-en\/"},{"@type":"ListItem","position":3,"name":"Citizens demonstrate an increasing interest in politics"}]},{"@type":"WebSite","@id":"https:\/\/crta.rs\/en\/#website","url":"https:\/\/crta.rs\/en\/","name":"CRTA","description":"Mi smo grupa aktivista i novinara koja zajedno sa gra\u0111anima uti\u010de na pove\u0107anje odgovornosti institucija i javnih funkcionera kroz pra\u0107enje i kontrolu njihovog rada.","potentialAction":[{"@type":"SearchAction","target":{"@type":"EntryPoint","urlTemplate":"https:\/\/crta.rs\/en\/?s={search_term_string}"},"query-input":{"@type":"PropertyValueSpecification","valueRequired":true,"valueName":"search_term_string"}}],"inLanguage":"en-US"},{"@type":"Person","@id":"https:\/\/crta.rs\/en\/#\/schema\/person\/fcec63b1238fb442e1e414f45bb83f8f","name":"jovana","url":"https:\/\/crta.rs\/en\/author\/jovana\/"}]}},"_links":{"self":[{"href":"https:\/\/crta.rs\/en\/wp-json\/wp\/v2\/posts\/2747","targetHints":{"allow":["GET"]}}],"collection":[{"href":"https:\/\/crta.rs\/en\/wp-json\/wp\/v2\/posts"}],"about":[{"href":"https:\/\/crta.rs\/en\/wp-json\/wp\/v2\/types\/post"}],"author":[{"embeddable":true,"href":"https:\/\/crta.rs\/en\/wp-json\/wp\/v2\/users\/4"}],"replies":[{"embeddable":true,"href":"https:\/\/crta.rs\/en\/wp-json\/wp\/v2\/comments?post=2747"}],"version-history":[{"count":2,"href":"https:\/\/crta.rs\/en\/wp-json\/wp\/v2\/posts\/2747\/revisions"}],"predecessor-version":[{"id":19293,"href":"https:\/\/crta.rs\/en\/wp-json\/wp\/v2\/posts\/2747\/revisions\/19293"}],"wp:attachment":[{"href":"https:\/\/crta.rs\/en\/wp-json\/wp\/v2\/media?parent=2747"}],"wp:term":[{"taxonomy":"category","embeddable":true,"href":"https:\/\/crta.rs\/en\/wp-json\/wp\/v2\/categories?post=2747"},{"taxonomy":"post_tag","embeddable":true,"href":"https:\/\/crta.rs\/en\/wp-json\/wp\/v2\/tags?post=2747"}],"curies":[{"name":"wp","href":"https:\/\/api.w.org\/{rel}","templated":true}]}}