{"id":27205,"date":"2020-12-02T16:36:42","date_gmt":"2020-12-02T15:36:42","guid":{"rendered":"https:\/\/crta.rs\/?p=27205"},"modified":"2022-03-01T16:56:40","modified_gmt":"2022-03-01T15:56:40","slug":"elections-2020-final-report-with-recommendations","status":"publish","type":"post","link":"https:\/\/crta.rs\/en\/elections-2020-final-report-with-recommendations\/","title":{"rendered":"Parliamentary Elections 2020: Final report with Recommendations"},"content":{"rendered":"<div class=\"singlepost row\">\n<div class=\"col-12 px-0\">\n<div class=\"col-12 pcont\">\n<p>Elections for MPs of the 12th convocation of the National Assembly of the Republic of Serbia were held on June 21st, 2020. In addition to the regular parliamentary elections, regular provincial elections were held on the same day, as well as elections for local assemblies in 154 cities and municipalities in Serbia. The CRTA observation mission, as a non-partisan and independent national observer, monitored the entire course of the parliamentary elections, pre-election period, the Election Day and post-election period, until the announcement of the final election results, while local and provincial elections were not observed.<\/p>\n<\/div>\n<\/div>\n<\/div>\n","protected":false},"excerpt":{"rendered":"<p>Elections for MPs of the 12th convocation of the National Assembly of the Republic of Serbia were held on June 21st, 2020. In addition to the regular parliamentary elections, regular provincial elections were held on the same day, as well as elections for local assemblies in 154 cities and municipalities in Serbia. The CRTA observation&#8230;<\/p>\n","protected":false},"author":3,"featured_media":27207,"comment_status":"closed","ping_status":"open","sticky":false,"template":"","format":"standard","meta":{"_acf_changed":false,"footnotes":"","_links_to":"","_links_to_target":""},"categories":[75],"tags":[811],"class_list":["post-27205","post","type-post","status-publish","format-standard","has-post-thumbnail","hentry","category-publication-en","tag-elections-2020","ciTrackContent"],"acf":[],"yoast_head":"<!-- This site is optimized with the Yoast SEO plugin v27.4 - https:\/\/yoast.com\/product\/yoast-seo-wordpress\/ -->\n<title>Parliamentary Elections 2020: Final report with Recommendations - CRTA<\/title>\n<meta name=\"robots\" content=\"index, follow, max-snippet:-1, max-image-preview:large, max-video-preview:-1\" \/>\n<link rel=\"canonical\" href=\"https:\/\/crta.rs\/en\/elections-2020-final-report-with-recommendations\/\" \/>\n<meta property=\"og:locale\" content=\"en_US\" \/>\n<meta property=\"og:type\" content=\"article\" \/>\n<meta property=\"og:title\" content=\"Parliamentary Elections 2020: Final report with Recommendations - CRTA\" \/>\n<meta property=\"og:description\" content=\"Elections for MPs of the 12th convocation of the National Assembly of the Republic of Serbia were held on June 21st, 2020. In addition to the regular parliamentary elections, regular provincial elections were held on the same day, as well as elections for local assemblies in 154 cities and municipalities in Serbia. The CRTA observation...\" \/>\n<meta property=\"og:url\" content=\"https:\/\/crta.rs\/en\/elections-2020-final-report-with-recommendations\/\" \/>\n<meta property=\"og:site_name\" content=\"CRTA\" \/>\n<meta property=\"article:publisher\" content=\"https:\/\/www.facebook.com\/CRTArs\/\" \/>\n<meta property=\"article:published_time\" content=\"2020-12-02T15:36:42+00:00\" \/>\n<meta property=\"article:modified_time\" content=\"2022-03-01T15:56:40+00:00\" \/>\n<meta property=\"og:image\" content=\"https:\/\/crta.rs\/wp-content\/uploads\/2021\/08\/Final-report-elections-2020-with-recommendations.jpg\" \/>\n\t<meta property=\"og:image:width\" content=\"1240\" \/>\n\t<meta property=\"og:image:height\" content=\"1754\" \/>\n\t<meta property=\"og:image:type\" content=\"image\/jpeg\" \/>\n<meta name=\"author\" content=\"milica\" \/>\n<meta name=\"twitter:card\" content=\"summary_large_image\" \/>\n<meta name=\"twitter:label1\" content=\"Written by\" \/>\n\t<meta name=\"twitter:data1\" content=\"milica\" \/>\n\t<meta name=\"twitter:label2\" content=\"Est. reading time\" \/>\n\t<meta name=\"twitter:data2\" content=\"1 minute\" \/>\n<script type=\"application\/ld+json\" class=\"yoast-schema-graph\">{\"@context\":\"https:\\\/\\\/schema.org\",\"@graph\":[{\"@type\":\"Article\",\"@id\":\"https:\\\/\\\/crta.rs\\\/en\\\/elections-2020-final-report-with-recommendations\\\/#article\",\"isPartOf\":{\"@id\":\"https:\\\/\\\/crta.rs\\\/en\\\/elections-2020-final-report-with-recommendations\\\/\"},\"author\":{\"name\":\"milica\",\"@id\":\"https:\\\/\\\/crta.rs\\\/en\\\/#\\\/schema\\\/person\\\/0cc37dbc4cb7d35b32379de6f98e1c7f\"},\"headline\":\"Parliamentary Elections 2020: Final report with Recommendations\",\"datePublished\":\"2020-12-02T15:36:42+00:00\",\"dateModified\":\"2022-03-01T15:56:40+00:00\",\"mainEntityOfPage\":{\"@id\":\"https:\\\/\\\/crta.rs\\\/en\\\/elections-2020-final-report-with-recommendations\\\/\"},\"wordCount\":99,\"image\":{\"@id\":\"https:\\\/\\\/crta.rs\\\/en\\\/elections-2020-final-report-with-recommendations\\\/#primaryimage\"},\"thumbnailUrl\":\"https:\\\/\\\/crta.rs\\\/wp-content\\\/uploads\\\/2021\\\/08\\\/Final-report-elections-2020-with-recommendations.jpg\",\"keywords\":[\"elections 2020\"],\"articleSection\":[\"Publications\"],\"inLanguage\":\"en-US\"},{\"@type\":\"WebPage\",\"@id\":\"https:\\\/\\\/crta.rs\\\/en\\\/elections-2020-final-report-with-recommendations\\\/\",\"url\":\"https:\\\/\\\/crta.rs\\\/en\\\/elections-2020-final-report-with-recommendations\\\/\",\"name\":\"Parliamentary Elections 2020: Final report with Recommendations - CRTA\",\"isPartOf\":{\"@id\":\"https:\\\/\\\/crta.rs\\\/en\\\/#website\"},\"primaryImageOfPage\":{\"@id\":\"https:\\\/\\\/crta.rs\\\/en\\\/elections-2020-final-report-with-recommendations\\\/#primaryimage\"},\"image\":{\"@id\":\"https:\\\/\\\/crta.rs\\\/en\\\/elections-2020-final-report-with-recommendations\\\/#primaryimage\"},\"thumbnailUrl\":\"https:\\\/\\\/crta.rs\\\/wp-content\\\/uploads\\\/2021\\\/08\\\/Final-report-elections-2020-with-recommendations.jpg\",\"datePublished\":\"2020-12-02T15:36:42+00:00\",\"dateModified\":\"2022-03-01T15:56:40+00:00\",\"author\":{\"@id\":\"https:\\\/\\\/crta.rs\\\/en\\\/#\\\/schema\\\/person\\\/0cc37dbc4cb7d35b32379de6f98e1c7f\"},\"breadcrumb\":{\"@id\":\"https:\\\/\\\/crta.rs\\\/en\\\/elections-2020-final-report-with-recommendations\\\/#breadcrumb\"},\"inLanguage\":\"en-US\",\"potentialAction\":[{\"@type\":\"ReadAction\",\"target\":[\"https:\\\/\\\/crta.rs\\\/en\\\/elections-2020-final-report-with-recommendations\\\/\"]}]},{\"@type\":\"ImageObject\",\"inLanguage\":\"en-US\",\"@id\":\"https:\\\/\\\/crta.rs\\\/en\\\/elections-2020-final-report-with-recommendations\\\/#primaryimage\",\"url\":\"https:\\\/\\\/crta.rs\\\/wp-content\\\/uploads\\\/2021\\\/08\\\/Final-report-elections-2020-with-recommendations.jpg\",\"contentUrl\":\"https:\\\/\\\/crta.rs\\\/wp-content\\\/uploads\\\/2021\\\/08\\\/Final-report-elections-2020-with-recommendations.jpg\",\"width\":1240,\"height\":1754},{\"@type\":\"BreadcrumbList\",\"@id\":\"https:\\\/\\\/crta.rs\\\/en\\\/elections-2020-final-report-with-recommendations\\\/#breadcrumb\",\"itemListElement\":[{\"@type\":\"ListItem\",\"position\":1,\"name\":\"Home\",\"item\":\"https:\\\/\\\/crta.rs\\\/en\\\/\"},{\"@type\":\"ListItem\",\"position\":2,\"name\":\"Publications\",\"item\":\"https:\\\/\\\/crta.rs\\\/en\\\/category\\\/publication-en\\\/\"},{\"@type\":\"ListItem\",\"position\":3,\"name\":\"Parliamentary Elections 2020: Final report with Recommendations\"}]},{\"@type\":\"WebSite\",\"@id\":\"https:\\\/\\\/crta.rs\\\/en\\\/#website\",\"url\":\"https:\\\/\\\/crta.rs\\\/en\\\/\",\"name\":\"CRTA\",\"description\":\"Mi smo grupa aktivista i novinara koja zajedno sa gra\u0111anima uti\u010de na pove\u0107anje odgovornosti institucija i javnih funkcionera kroz pra\u0107enje i kontrolu njihovog rada.\",\"potentialAction\":[{\"@type\":\"SearchAction\",\"target\":{\"@type\":\"EntryPoint\",\"urlTemplate\":\"https:\\\/\\\/crta.rs\\\/en\\\/?s={search_term_string}\"},\"query-input\":{\"@type\":\"PropertyValueSpecification\",\"valueRequired\":true,\"valueName\":\"search_term_string\"}}],\"inLanguage\":\"en-US\"},{\"@type\":\"Person\",\"@id\":\"https:\\\/\\\/crta.rs\\\/en\\\/#\\\/schema\\\/person\\\/0cc37dbc4cb7d35b32379de6f98e1c7f\",\"name\":\"milica\",\"url\":\"https:\\\/\\\/crta.rs\\\/en\\\/author\\\/milica\\\/\"}]}<\/script>\n<!-- \/ Yoast SEO plugin. -->","yoast_head_json":{"title":"Parliamentary Elections 2020: Final report with Recommendations - CRTA","robots":{"index":"index","follow":"follow","max-snippet":"max-snippet:-1","max-image-preview":"max-image-preview:large","max-video-preview":"max-video-preview:-1"},"canonical":"https:\/\/crta.rs\/en\/elections-2020-final-report-with-recommendations\/","og_locale":"en_US","og_type":"article","og_title":"Parliamentary Elections 2020: Final report with Recommendations - CRTA","og_description":"Elections for MPs of the 12th convocation of the National Assembly of the Republic of Serbia were held on June 21st, 2020. In addition to the regular parliamentary elections, regular provincial elections were held on the same day, as well as elections for local assemblies in 154 cities and municipalities in Serbia. The CRTA observation...","og_url":"https:\/\/crta.rs\/en\/elections-2020-final-report-with-recommendations\/","og_site_name":"CRTA","article_publisher":"https:\/\/www.facebook.com\/CRTArs\/","article_published_time":"2020-12-02T15:36:42+00:00","article_modified_time":"2022-03-01T15:56:40+00:00","og_image":[{"width":1240,"height":1754,"url":"https:\/\/crta.rs\/wp-content\/uploads\/2021\/08\/Final-report-elections-2020-with-recommendations.jpg","type":"image\/jpeg"}],"author":"milica","twitter_card":"summary_large_image","twitter_misc":{"Written by":"milica","Est. reading time":"1 minute"},"schema":{"@context":"https:\/\/schema.org","@graph":[{"@type":"Article","@id":"https:\/\/crta.rs\/en\/elections-2020-final-report-with-recommendations\/#article","isPartOf":{"@id":"https:\/\/crta.rs\/en\/elections-2020-final-report-with-recommendations\/"},"author":{"name":"milica","@id":"https:\/\/crta.rs\/en\/#\/schema\/person\/0cc37dbc4cb7d35b32379de6f98e1c7f"},"headline":"Parliamentary Elections 2020: Final report with Recommendations","datePublished":"2020-12-02T15:36:42+00:00","dateModified":"2022-03-01T15:56:40+00:00","mainEntityOfPage":{"@id":"https:\/\/crta.rs\/en\/elections-2020-final-report-with-recommendations\/"},"wordCount":99,"image":{"@id":"https:\/\/crta.rs\/en\/elections-2020-final-report-with-recommendations\/#primaryimage"},"thumbnailUrl":"https:\/\/crta.rs\/wp-content\/uploads\/2021\/08\/Final-report-elections-2020-with-recommendations.jpg","keywords":["elections 2020"],"articleSection":["Publications"],"inLanguage":"en-US"},{"@type":"WebPage","@id":"https:\/\/crta.rs\/en\/elections-2020-final-report-with-recommendations\/","url":"https:\/\/crta.rs\/en\/elections-2020-final-report-with-recommendations\/","name":"Parliamentary Elections 2020: Final report with Recommendations - CRTA","isPartOf":{"@id":"https:\/\/crta.rs\/en\/#website"},"primaryImageOfPage":{"@id":"https:\/\/crta.rs\/en\/elections-2020-final-report-with-recommendations\/#primaryimage"},"image":{"@id":"https:\/\/crta.rs\/en\/elections-2020-final-report-with-recommendations\/#primaryimage"},"thumbnailUrl":"https:\/\/crta.rs\/wp-content\/uploads\/2021\/08\/Final-report-elections-2020-with-recommendations.jpg","datePublished":"2020-12-02T15:36:42+00:00","dateModified":"2022-03-01T15:56:40+00:00","author":{"@id":"https:\/\/crta.rs\/en\/#\/schema\/person\/0cc37dbc4cb7d35b32379de6f98e1c7f"},"breadcrumb":{"@id":"https:\/\/crta.rs\/en\/elections-2020-final-report-with-recommendations\/#breadcrumb"},"inLanguage":"en-US","potentialAction":[{"@type":"ReadAction","target":["https:\/\/crta.rs\/en\/elections-2020-final-report-with-recommendations\/"]}]},{"@type":"ImageObject","inLanguage":"en-US","@id":"https:\/\/crta.rs\/en\/elections-2020-final-report-with-recommendations\/#primaryimage","url":"https:\/\/crta.rs\/wp-content\/uploads\/2021\/08\/Final-report-elections-2020-with-recommendations.jpg","contentUrl":"https:\/\/crta.rs\/wp-content\/uploads\/2021\/08\/Final-report-elections-2020-with-recommendations.jpg","width":1240,"height":1754},{"@type":"BreadcrumbList","@id":"https:\/\/crta.rs\/en\/elections-2020-final-report-with-recommendations\/#breadcrumb","itemListElement":[{"@type":"ListItem","position":1,"name":"Home","item":"https:\/\/crta.rs\/en\/"},{"@type":"ListItem","position":2,"name":"Publications","item":"https:\/\/crta.rs\/en\/category\/publication-en\/"},{"@type":"ListItem","position":3,"name":"Parliamentary Elections 2020: Final report with Recommendations"}]},{"@type":"WebSite","@id":"https:\/\/crta.rs\/en\/#website","url":"https:\/\/crta.rs\/en\/","name":"CRTA","description":"Mi smo grupa aktivista i novinara koja zajedno sa gra\u0111anima uti\u010de na pove\u0107anje odgovornosti institucija i javnih funkcionera kroz pra\u0107enje i kontrolu njihovog rada.","potentialAction":[{"@type":"SearchAction","target":{"@type":"EntryPoint","urlTemplate":"https:\/\/crta.rs\/en\/?s={search_term_string}"},"query-input":{"@type":"PropertyValueSpecification","valueRequired":true,"valueName":"search_term_string"}}],"inLanguage":"en-US"},{"@type":"Person","@id":"https:\/\/crta.rs\/en\/#\/schema\/person\/0cc37dbc4cb7d35b32379de6f98e1c7f","name":"milica","url":"https:\/\/crta.rs\/en\/author\/milica\/"}]}},"_links":{"self":[{"href":"https:\/\/crta.rs\/en\/wp-json\/wp\/v2\/posts\/27205","targetHints":{"allow":["GET"]}}],"collection":[{"href":"https:\/\/crta.rs\/en\/wp-json\/wp\/v2\/posts"}],"about":[{"href":"https:\/\/crta.rs\/en\/wp-json\/wp\/v2\/types\/post"}],"author":[{"embeddable":true,"href":"https:\/\/crta.rs\/en\/wp-json\/wp\/v2\/users\/3"}],"replies":[{"embeddable":true,"href":"https:\/\/crta.rs\/en\/wp-json\/wp\/v2\/comments?post=27205"}],"version-history":[{"count":4,"href":"https:\/\/crta.rs\/en\/wp-json\/wp\/v2\/posts\/27205\/revisions"}],"predecessor-version":[{"id":27857,"href":"https:\/\/crta.rs\/en\/wp-json\/wp\/v2\/posts\/27205\/revisions\/27857"}],"wp:featuredmedia":[{"embeddable":true,"href":"https:\/\/crta.rs\/en\/wp-json\/wp\/v2\/media\/27207"}],"wp:attachment":[{"href":"https:\/\/crta.rs\/en\/wp-json\/wp\/v2\/media?parent=27205"}],"wp:term":[{"taxonomy":"category","embeddable":true,"href":"https:\/\/crta.rs\/en\/wp-json\/wp\/v2\/categories?post=27205"},{"taxonomy":"post_tag","embeddable":true,"href":"https:\/\/crta.rs\/en\/wp-json\/wp\/v2\/tags?post=27205"}],"curies":[{"name":"wp","href":"https:\/\/api.w.org\/{rel}","templated":true}]}}