{"id":2718,"date":"2018-03-26T12:03:49","date_gmt":"2018-03-26T12:03:49","guid":{"rendered":"https:\/\/crta.rs\/?p=2718"},"modified":"2020-01-15T12:07:44","modified_gmt":"2020-01-15T12:07:44","slug":"truth-o-meter-campaign-no-to-mrkonjic-in-the-government","status":"publish","type":"post","link":"https:\/\/crta.rs\/en\/truth-o-meter-campaign-no-to-mrkonjic-in-the-government\/","title":{"rendered":"Truth-O-Meter campaign \u201cNo to Mrkonji\u0107 in the Government\u201d"},"content":{"rendered":"<p>The Truth-O-Meter initiated an online petition asking people to react against a new appointing of the Serbian Socialist Party official Milutin Mrkonji\u0107 to the Government, as according to the Truth-O-Meter analysis, he had been the least accountable public official in the previous four years. In only four days, the petition was signed by more than 4,000 citizens.<\/p>\n","protected":false},"excerpt":{"rendered":"<p>The Truth-O-Meter initiated an online petition asking people to react against a new appointing of the Serbian Socialist Party official Milutin Mrkonji\u0107 to the Government, as according to the Truth-O-Meter analysis, he had been the least accountable public official in the previous four years. In only four days, the petition was signed by more than&#8230;<\/p>\n","protected":false},"author":4,"featured_media":0,"comment_status":"open","ping_status":"open","sticky":false,"template":"","format":"standard","meta":{"_acf_changed":false,"footnotes":"","_links_to":"","_links_to_target":""},"categories":[390],"tags":[],"class_list":["post-2718","post","type-post","status-publish","format-standard","hentry","category-history-en","ciTrackContent"],"acf":[],"yoast_head":"<!-- This site is optimized with the Yoast SEO plugin v27.4 - https:\/\/yoast.com\/product\/yoast-seo-wordpress\/ -->\n<title>Truth-O-Meter campaign \u201cNo to Mrkonji\u0107 in the Government\u201d - CRTA<\/title>\n<meta name=\"robots\" content=\"index, follow, max-snippet:-1, max-image-preview:large, max-video-preview:-1\" \/>\n<link rel=\"canonical\" href=\"https:\/\/crta.rs\/en\/truth-o-meter-campaign-no-to-mrkonjic-in-the-government\/\" \/>\n<meta property=\"og:locale\" content=\"en_US\" \/>\n<meta property=\"og:type\" content=\"article\" \/>\n<meta property=\"og:title\" content=\"Truth-O-Meter campaign \u201cNo to Mrkonji\u0107 in the Government\u201d - CRTA\" \/>\n<meta property=\"og:description\" content=\"The Truth-O-Meter initiated an online petition asking people to react against a new appointing of the Serbian Socialist Party official Milutin Mrkonji\u0107 to the Government, as according to the Truth-O-Meter analysis, he had been the least accountable public official in the previous four years. In only four days, the petition was signed by more than...\" \/>\n<meta property=\"og:url\" content=\"https:\/\/crta.rs\/en\/truth-o-meter-campaign-no-to-mrkonjic-in-the-government\/\" \/>\n<meta property=\"og:site_name\" content=\"CRTA\" \/>\n<meta property=\"article:publisher\" content=\"https:\/\/www.facebook.com\/CRTArs\/\" \/>\n<meta property=\"article:published_time\" content=\"2018-03-26T12:03:49+00:00\" \/>\n<meta property=\"article:modified_time\" content=\"2020-01-15T12:07:44+00:00\" \/>\n<meta property=\"og:image\" content=\"https:\/\/crta.rs\/wp-content\/uploads\/2019\/03\/CRTA-logo.jpg\" \/>\n\t<meta property=\"og:image:width\" content=\"2400\" \/>\n\t<meta property=\"og:image:height\" content=\"1596\" \/>\n\t<meta property=\"og:image:type\" content=\"image\/jpeg\" \/>\n<meta name=\"author\" content=\"jovana\" \/>\n<meta name=\"twitter:card\" content=\"summary_large_image\" \/>\n<meta name=\"twitter:label1\" content=\"Written by\" \/>\n\t<meta name=\"twitter:data1\" content=\"jovana\" \/>\n<script type=\"application\/ld+json\" class=\"yoast-schema-graph\">{\"@context\":\"https:\\\/\\\/schema.org\",\"@graph\":[{\"@type\":\"Article\",\"@id\":\"https:\\\/\\\/crta.rs\\\/en\\\/truth-o-meter-campaign-no-to-mrkonjic-in-the-government\\\/#article\",\"isPartOf\":{\"@id\":\"https:\\\/\\\/crta.rs\\\/en\\\/truth-o-meter-campaign-no-to-mrkonjic-in-the-government\\\/\"},\"author\":{\"name\":\"jovana\",\"@id\":\"https:\\\/\\\/crta.rs\\\/en\\\/#\\\/schema\\\/person\\\/fcec63b1238fb442e1e414f45bb83f8f\"},\"headline\":\"Truth-O-Meter campaign \u201cNo to Mrkonji\u0107 in the Government\u201d\",\"datePublished\":\"2018-03-26T12:03:49+00:00\",\"dateModified\":\"2020-01-15T12:07:44+00:00\",\"mainEntityOfPage\":{\"@id\":\"https:\\\/\\\/crta.rs\\\/en\\\/truth-o-meter-campaign-no-to-mrkonjic-in-the-government\\\/\"},\"wordCount\":64,\"commentCount\":0,\"articleSection\":[\"History English\"],\"inLanguage\":\"en-US\",\"potentialAction\":[{\"@type\":\"CommentAction\",\"name\":\"Comment\",\"target\":[\"https:\\\/\\\/crta.rs\\\/en\\\/truth-o-meter-campaign-no-to-mrkonjic-in-the-government\\\/#respond\"]}]},{\"@type\":\"WebPage\",\"@id\":\"https:\\\/\\\/crta.rs\\\/en\\\/truth-o-meter-campaign-no-to-mrkonjic-in-the-government\\\/\",\"url\":\"https:\\\/\\\/crta.rs\\\/en\\\/truth-o-meter-campaign-no-to-mrkonjic-in-the-government\\\/\",\"name\":\"Truth-O-Meter campaign \u201cNo to Mrkonji\u0107 in the Government\u201d - CRTA\",\"isPartOf\":{\"@id\":\"https:\\\/\\\/crta.rs\\\/en\\\/#website\"},\"datePublished\":\"2018-03-26T12:03:49+00:00\",\"dateModified\":\"2020-01-15T12:07:44+00:00\",\"author\":{\"@id\":\"https:\\\/\\\/crta.rs\\\/en\\\/#\\\/schema\\\/person\\\/fcec63b1238fb442e1e414f45bb83f8f\"},\"breadcrumb\":{\"@id\":\"https:\\\/\\\/crta.rs\\\/en\\\/truth-o-meter-campaign-no-to-mrkonjic-in-the-government\\\/#breadcrumb\"},\"inLanguage\":\"en-US\",\"potentialAction\":[{\"@type\":\"ReadAction\",\"target\":[\"https:\\\/\\\/crta.rs\\\/en\\\/truth-o-meter-campaign-no-to-mrkonjic-in-the-government\\\/\"]}]},{\"@type\":\"BreadcrumbList\",\"@id\":\"https:\\\/\\\/crta.rs\\\/en\\\/truth-o-meter-campaign-no-to-mrkonjic-in-the-government\\\/#breadcrumb\",\"itemListElement\":[{\"@type\":\"ListItem\",\"position\":1,\"name\":\"Home\",\"item\":\"https:\\\/\\\/crta.rs\\\/en\\\/\"},{\"@type\":\"ListItem\",\"position\":2,\"name\":\"History English\",\"item\":\"https:\\\/\\\/crta.rs\\\/en\\\/category\\\/history-en\\\/\"},{\"@type\":\"ListItem\",\"position\":3,\"name\":\"Truth-O-Meter campaign \u201cNo to Mrkonji\u0107 in the Government\u201d\"}]},{\"@type\":\"WebSite\",\"@id\":\"https:\\\/\\\/crta.rs\\\/en\\\/#website\",\"url\":\"https:\\\/\\\/crta.rs\\\/en\\\/\",\"name\":\"CRTA\",\"description\":\"Mi smo grupa aktivista i novinara koja zajedno sa gra\u0111anima uti\u010de na pove\u0107anje odgovornosti institucija i javnih funkcionera kroz pra\u0107enje i kontrolu njihovog rada.\",\"potentialAction\":[{\"@type\":\"SearchAction\",\"target\":{\"@type\":\"EntryPoint\",\"urlTemplate\":\"https:\\\/\\\/crta.rs\\\/en\\\/?s={search_term_string}\"},\"query-input\":{\"@type\":\"PropertyValueSpecification\",\"valueRequired\":true,\"valueName\":\"search_term_string\"}}],\"inLanguage\":\"en-US\"},{\"@type\":\"Person\",\"@id\":\"https:\\\/\\\/crta.rs\\\/en\\\/#\\\/schema\\\/person\\\/fcec63b1238fb442e1e414f45bb83f8f\",\"name\":\"jovana\",\"url\":\"https:\\\/\\\/crta.rs\\\/en\\\/author\\\/jovana\\\/\"}]}<\/script>\n<!-- \/ Yoast SEO plugin. -->","yoast_head_json":{"title":"Truth-O-Meter campaign \u201cNo to Mrkonji\u0107 in the Government\u201d - CRTA","robots":{"index":"index","follow":"follow","max-snippet":"max-snippet:-1","max-image-preview":"max-image-preview:large","max-video-preview":"max-video-preview:-1"},"canonical":"https:\/\/crta.rs\/en\/truth-o-meter-campaign-no-to-mrkonjic-in-the-government\/","og_locale":"en_US","og_type":"article","og_title":"Truth-O-Meter campaign \u201cNo to Mrkonji\u0107 in the Government\u201d - CRTA","og_description":"The Truth-O-Meter initiated an online petition asking people to react against a new appointing of the Serbian Socialist Party official Milutin Mrkonji\u0107 to the Government, as according to the Truth-O-Meter analysis, he had been the least accountable public official in the previous four years. In only four days, the petition was signed by more than...","og_url":"https:\/\/crta.rs\/en\/truth-o-meter-campaign-no-to-mrkonjic-in-the-government\/","og_site_name":"CRTA","article_publisher":"https:\/\/www.facebook.com\/CRTArs\/","article_published_time":"2018-03-26T12:03:49+00:00","article_modified_time":"2020-01-15T12:07:44+00:00","og_image":[{"width":2400,"height":1596,"url":"https:\/\/crta.rs\/wp-content\/uploads\/2019\/03\/CRTA-logo.jpg","type":"image\/jpeg"}],"author":"jovana","twitter_card":"summary_large_image","twitter_misc":{"Written by":"jovana"},"schema":{"@context":"https:\/\/schema.org","@graph":[{"@type":"Article","@id":"https:\/\/crta.rs\/en\/truth-o-meter-campaign-no-to-mrkonjic-in-the-government\/#article","isPartOf":{"@id":"https:\/\/crta.rs\/en\/truth-o-meter-campaign-no-to-mrkonjic-in-the-government\/"},"author":{"name":"jovana","@id":"https:\/\/crta.rs\/en\/#\/schema\/person\/fcec63b1238fb442e1e414f45bb83f8f"},"headline":"Truth-O-Meter campaign \u201cNo to Mrkonji\u0107 in the Government\u201d","datePublished":"2018-03-26T12:03:49+00:00","dateModified":"2020-01-15T12:07:44+00:00","mainEntityOfPage":{"@id":"https:\/\/crta.rs\/en\/truth-o-meter-campaign-no-to-mrkonjic-in-the-government\/"},"wordCount":64,"commentCount":0,"articleSection":["History English"],"inLanguage":"en-US","potentialAction":[{"@type":"CommentAction","name":"Comment","target":["https:\/\/crta.rs\/en\/truth-o-meter-campaign-no-to-mrkonjic-in-the-government\/#respond"]}]},{"@type":"WebPage","@id":"https:\/\/crta.rs\/en\/truth-o-meter-campaign-no-to-mrkonjic-in-the-government\/","url":"https:\/\/crta.rs\/en\/truth-o-meter-campaign-no-to-mrkonjic-in-the-government\/","name":"Truth-O-Meter campaign \u201cNo to Mrkonji\u0107 in the Government\u201d - CRTA","isPartOf":{"@id":"https:\/\/crta.rs\/en\/#website"},"datePublished":"2018-03-26T12:03:49+00:00","dateModified":"2020-01-15T12:07:44+00:00","author":{"@id":"https:\/\/crta.rs\/en\/#\/schema\/person\/fcec63b1238fb442e1e414f45bb83f8f"},"breadcrumb":{"@id":"https:\/\/crta.rs\/en\/truth-o-meter-campaign-no-to-mrkonjic-in-the-government\/#breadcrumb"},"inLanguage":"en-US","potentialAction":[{"@type":"ReadAction","target":["https:\/\/crta.rs\/en\/truth-o-meter-campaign-no-to-mrkonjic-in-the-government\/"]}]},{"@type":"BreadcrumbList","@id":"https:\/\/crta.rs\/en\/truth-o-meter-campaign-no-to-mrkonjic-in-the-government\/#breadcrumb","itemListElement":[{"@type":"ListItem","position":1,"name":"Home","item":"https:\/\/crta.rs\/en\/"},{"@type":"ListItem","position":2,"name":"History English","item":"https:\/\/crta.rs\/en\/category\/history-en\/"},{"@type":"ListItem","position":3,"name":"Truth-O-Meter campaign \u201cNo to Mrkonji\u0107 in the Government\u201d"}]},{"@type":"WebSite","@id":"https:\/\/crta.rs\/en\/#website","url":"https:\/\/crta.rs\/en\/","name":"CRTA","description":"Mi smo grupa aktivista i novinara koja zajedno sa gra\u0111anima uti\u010de na pove\u0107anje odgovornosti institucija i javnih funkcionera kroz pra\u0107enje i kontrolu njihovog rada.","potentialAction":[{"@type":"SearchAction","target":{"@type":"EntryPoint","urlTemplate":"https:\/\/crta.rs\/en\/?s={search_term_string}"},"query-input":{"@type":"PropertyValueSpecification","valueRequired":true,"valueName":"search_term_string"}}],"inLanguage":"en-US"},{"@type":"Person","@id":"https:\/\/crta.rs\/en\/#\/schema\/person\/fcec63b1238fb442e1e414f45bb83f8f","name":"jovana","url":"https:\/\/crta.rs\/en\/author\/jovana\/"}]}},"_links":{"self":[{"href":"https:\/\/crta.rs\/en\/wp-json\/wp\/v2\/posts\/2718","targetHints":{"allow":["GET"]}}],"collection":[{"href":"https:\/\/crta.rs\/en\/wp-json\/wp\/v2\/posts"}],"about":[{"href":"https:\/\/crta.rs\/en\/wp-json\/wp\/v2\/types\/post"}],"author":[{"embeddable":true,"href":"https:\/\/crta.rs\/en\/wp-json\/wp\/v2\/users\/4"}],"replies":[{"embeddable":true,"href":"https:\/\/crta.rs\/en\/wp-json\/wp\/v2\/comments?post=2718"}],"version-history":[{"count":3,"href":"https:\/\/crta.rs\/en\/wp-json\/wp\/v2\/posts\/2718\/revisions"}],"predecessor-version":[{"id":19283,"href":"https:\/\/crta.rs\/en\/wp-json\/wp\/v2\/posts\/2718\/revisions\/19283"}],"wp:attachment":[{"href":"https:\/\/crta.rs\/en\/wp-json\/wp\/v2\/media?parent=2718"}],"wp:term":[{"taxonomy":"category","embeddable":true,"href":"https:\/\/crta.rs\/en\/wp-json\/wp\/v2\/categories?post=2718"},{"taxonomy":"post_tag","embeddable":true,"href":"https:\/\/crta.rs\/en\/wp-json\/wp\/v2\/tags?post=2718"}],"curies":[{"name":"wp","href":"https:\/\/api.w.org\/{rel}","templated":true}]}}