{"id":27011,"date":"2021-07-13T09:31:27","date_gmt":"2021-07-13T07:31:27","guid":{"rendered":"https:\/\/crta.rs\/?p=27011"},"modified":"2021-07-13T09:34:36","modified_gmt":"2021-07-13T07:34:36","slug":"a-year-of-groupthink-in-the-parliament-and-the-media","status":"publish","type":"post","link":"https:\/\/crta.rs\/en\/a-year-of-groupthink-in-the-parliament-and-the-media\/","title":{"rendered":"A year of groupthink in the Parliament and the media"},"content":{"rendered":"<p>The Serbian political scene has long been characterised by a worrying lack of political pluralism and the collapse of the basic mechanisms that protect democracy. The last parliamentary elections were preceded by a dialogue on improving election conditions, which did not yield results. Subsequently, the elections themselves, were marked not only by the pandemic, but also by a boycott of one part of opposition parties, which assessed that there were no minimum conditions that would enable the holding of democratic elections. Even the period after the elections did not lead to the improvement of election conditions, which resulted in the fact that Serbian political parties are again conducting a dialogue, on \u201ctwo tracks\u201d, with and without representatives of the European Parliament (EP).<\/p>\n<p>The past year was actually marked by the unrelenting ruling majority domination in the media and the abuse of the functions of the National Assembly for the purpose of additional party promotion. <strong><a href=\"https:\/\/crta.rs\/wp-content\/uploads\/2021\/07\/CRTA_Political-pluralism_media-monitoring-in-Serbia_july-20-june-21.pdf\">The CRTA\u2019s media monitoring<\/a><\/strong> showed that the representation of the ruling parties on the public service (RTS) and private televisions with national coverage (TV Pink, TV Prva, TV Happy, TV B92) reached 94% of the time in the central news programmes in June, while in the past 12 months, it averaged to 93%. The ruling majority representatives\u2019 moves were not reported critically, and more than one third of the news was unequivocally positive. About 50% of the time in the central news programmes of televisions with national coverage was dedicated to the President of the Republic of Serbia, Aleksandar Vu\u010di\u0107. The dominant position of the President of Serbia and the Serbian Progressive Party (SNS) in the media can be illustrated by the amount of direct media addresses, which were delivered almost every day during March and May (29 addresses per month). A quite modest rest of the media space was occupied by representatives of opposition parties, whose activities were predominantly reported in a negative and neutral tone, with only 4% of positive mentions.<\/p>\n<p>If we analyse it separately, the reporting of the national media service RTS does not deviate significantly from the reporting of private televisions with national coverage. To illustrate, in the past 12 months, the representatives of the ruling majority received 95% of the time in the central news programme. His activities as the President of the Republic, which are often difficult to separate from his role of the President of the Serbian Progressive Party, received 43% of the time in the central news programmes of the public service.<\/p>\n<p>The current convocation of the National Assembly of Serbia has become yet another channel for spreading the Government\u2019s propaganda message, since as much as 97% of MPs belong to the ruling majority. <strong><a href=\"https:\/\/crta.rs\/wp-content\/uploads\/2021\/07\/Analysis-of-narratives-created-around-political-actors-in-the-National-Assembly-of-Serbia-_july-2021.pdf\">The research of the Open Parliament<\/a><\/strong> showed that the MPs used the language that undermines the dignity of the National Assembly to say the least, in order to replicate and amplify in their addresses off the agenda, the current reporting of the pro-government media. A typical example is the \u201cMauritius affair\u201d, which, in addition to intensive media coverage, was \u201cbacked up\u201d by the speeches of MPs, who mentioned it as many as 186 times in the period from March 11<sup>th<\/sup> to April 7<sup>th<\/sup>. During the spring session of the National Assembly, the President of the Republic and the Serbian Progressive Party were mentioned as many as 2,569 times, followed by one of the leaders of the opposition, Dragan \u0110ilas (2,423 times). However, while Aleksandar Vu\u010di\u0107 was talked about in a positive (53%) and neutral (47%) tone, \u0110ilas was predominantly mentioned with a negative connotation (89%) or in a neutral context (11%). Instead of performing its legislative and oversight role, the National Assembly increasingly serves to send messages to voters and build a public discourse in which the President of the Republic and the leader of the Serbian Progressive Party is presented as the \u201csaviour\u201d of our society. In addition to reinforcing this kind of political messages, the Parliament currently serves to intimidate and discredit independent media, civil society organisations and all public figures who dare to express a critical opinion or to question in any way the narratives on which the ruling majority builds its political power.<\/p>\n<p>A year later, the public space in Serbia is completely deprived of pluralism not only in the media, but also in the institutions. The main problem is that the most influential televisions with national coverage still close doors of their news programmes to opposition representatives. Furthermore, state institutions, led by the Parliament, are harnessed in the regime propaganda machine through which the only truth is created \u2013 the moral correctness and infallibility of the ruling party and its leader, as opposed to \u201cothers\u201d whose intentions are exclusively malicious and threaten the stability and prosperity of our society. Inventing the enemy has thus become part of the official narrative, as one of the well-known strategies by which authoritarian regimes are maintained. In such circumstances, the formal diversity of the election offer is only a simulation of pluralism that does not change the essence of the existing situation. This change will be difficult to achieve even if the results of the ongoing dialogue are positive.<\/p>\n<p>&nbsp;<\/p>\n<p style=\"text-align: left;\"><em>Author: Milena Manojlovic, Policy Analyst<\/em><\/p>\n","protected":false},"excerpt":{"rendered":"<p>The Serbian political scene has long been characterised by a worrying lack of political pluralism and the collapse of the basic mechanisms that protect democracy. The last parliamentary elections were preceded by a dialogue on improving election conditions, which did not yield results.<\/p>\n","protected":false},"author":3,"featured_media":26992,"comment_status":"closed","ping_status":"open","sticky":false,"template":"","format":"standard","meta":{"_acf_changed":false,"footnotes":"","_links_to":"","_links_to_target":""},"categories":[218],"tags":[],"class_list":["post-27011","post","type-post","status-publish","format-standard","has-post-thumbnail","hentry","category-latest-en","ciTrackContent"],"acf":[],"yoast_head":"<!-- This site is optimized with the Yoast SEO plugin v27.4 - https:\/\/yoast.com\/product\/yoast-seo-wordpress\/ -->\n<title>A year of groupthink in the Parliament and the media - CRTA<\/title>\n<meta name=\"robots\" content=\"index, follow, max-snippet:-1, max-image-preview:large, max-video-preview:-1\" \/>\n<link rel=\"canonical\" href=\"https:\/\/crta.rs\/en\/a-year-of-groupthink-in-the-parliament-and-the-media\/\" \/>\n<meta property=\"og:locale\" content=\"en_US\" \/>\n<meta property=\"og:type\" content=\"article\" \/>\n<meta property=\"og:title\" content=\"A year of groupthink in the Parliament and the media - CRTA\" \/>\n<meta property=\"og:description\" content=\"The Serbian political scene has long been characterised by a worrying lack of political pluralism and the collapse of the basic mechanisms that protect democracy. The last parliamentary elections were preceded by a dialogue on improving election conditions, which did not yield results.\" \/>\n<meta property=\"og:url\" content=\"https:\/\/crta.rs\/en\/a-year-of-groupthink-in-the-parliament-and-the-media\/\" \/>\n<meta property=\"og:site_name\" content=\"CRTA\" \/>\n<meta property=\"article:publisher\" content=\"https:\/\/www.facebook.com\/CRTArs\/\" \/>\n<meta property=\"article:published_time\" content=\"2021-07-13T07:31:27+00:00\" \/>\n<meta property=\"article:modified_time\" content=\"2021-07-13T07:34:36+00:00\" \/>\n<meta property=\"og:image\" content=\"https:\/\/crta.rs\/wp-content\/uploads\/2021\/07\/Milena-Manojlovic-blog-II-1-scaled.jpg\" \/>\n\t<meta property=\"og:image:width\" content=\"2560\" \/>\n\t<meta property=\"og:image:height\" content=\"1519\" \/>\n\t<meta property=\"og:image:type\" content=\"image\/jpeg\" \/>\n<meta name=\"author\" content=\"milica\" \/>\n<meta name=\"twitter:card\" content=\"summary_large_image\" \/>\n<meta name=\"twitter:label1\" content=\"Written by\" \/>\n\t<meta name=\"twitter:data1\" content=\"milica\" \/>\n\t<meta name=\"twitter:label2\" content=\"Est. reading time\" \/>\n\t<meta name=\"twitter:data2\" content=\"4 minutes\" \/>\n<script type=\"application\/ld+json\" class=\"yoast-schema-graph\">{\"@context\":\"https:\\\/\\\/schema.org\",\"@graph\":[{\"@type\":\"Article\",\"@id\":\"https:\\\/\\\/crta.rs\\\/en\\\/a-year-of-groupthink-in-the-parliament-and-the-media\\\/#article\",\"isPartOf\":{\"@id\":\"https:\\\/\\\/crta.rs\\\/en\\\/a-year-of-groupthink-in-the-parliament-and-the-media\\\/\"},\"author\":{\"name\":\"milica\",\"@id\":\"https:\\\/\\\/crta.rs\\\/en\\\/#\\\/schema\\\/person\\\/0cc37dbc4cb7d35b32379de6f98e1c7f\"},\"headline\":\"A year of groupthink in the Parliament and the media\",\"datePublished\":\"2021-07-13T07:31:27+00:00\",\"dateModified\":\"2021-07-13T07:34:36+00:00\",\"mainEntityOfPage\":{\"@id\":\"https:\\\/\\\/crta.rs\\\/en\\\/a-year-of-groupthink-in-the-parliament-and-the-media\\\/\"},\"wordCount\":859,\"image\":{\"@id\":\"https:\\\/\\\/crta.rs\\\/en\\\/a-year-of-groupthink-in-the-parliament-and-the-media\\\/#primaryimage\"},\"thumbnailUrl\":\"https:\\\/\\\/crta.rs\\\/wp-content\\\/uploads\\\/2021\\\/07\\\/Milena-Manojlovic-blog-II-1-scaled.jpg\",\"articleSection\":[\"Latest\"],\"inLanguage\":\"en-US\"},{\"@type\":\"WebPage\",\"@id\":\"https:\\\/\\\/crta.rs\\\/en\\\/a-year-of-groupthink-in-the-parliament-and-the-media\\\/\",\"url\":\"https:\\\/\\\/crta.rs\\\/en\\\/a-year-of-groupthink-in-the-parliament-and-the-media\\\/\",\"name\":\"A year of groupthink in the Parliament and the media - CRTA\",\"isPartOf\":{\"@id\":\"https:\\\/\\\/crta.rs\\\/en\\\/#website\"},\"primaryImageOfPage\":{\"@id\":\"https:\\\/\\\/crta.rs\\\/en\\\/a-year-of-groupthink-in-the-parliament-and-the-media\\\/#primaryimage\"},\"image\":{\"@id\":\"https:\\\/\\\/crta.rs\\\/en\\\/a-year-of-groupthink-in-the-parliament-and-the-media\\\/#primaryimage\"},\"thumbnailUrl\":\"https:\\\/\\\/crta.rs\\\/wp-content\\\/uploads\\\/2021\\\/07\\\/Milena-Manojlovic-blog-II-1-scaled.jpg\",\"datePublished\":\"2021-07-13T07:31:27+00:00\",\"dateModified\":\"2021-07-13T07:34:36+00:00\",\"author\":{\"@id\":\"https:\\\/\\\/crta.rs\\\/en\\\/#\\\/schema\\\/person\\\/0cc37dbc4cb7d35b32379de6f98e1c7f\"},\"breadcrumb\":{\"@id\":\"https:\\\/\\\/crta.rs\\\/en\\\/a-year-of-groupthink-in-the-parliament-and-the-media\\\/#breadcrumb\"},\"inLanguage\":\"en-US\",\"potentialAction\":[{\"@type\":\"ReadAction\",\"target\":[\"https:\\\/\\\/crta.rs\\\/en\\\/a-year-of-groupthink-in-the-parliament-and-the-media\\\/\"]}]},{\"@type\":\"ImageObject\",\"inLanguage\":\"en-US\",\"@id\":\"https:\\\/\\\/crta.rs\\\/en\\\/a-year-of-groupthink-in-the-parliament-and-the-media\\\/#primaryimage\",\"url\":\"https:\\\/\\\/crta.rs\\\/wp-content\\\/uploads\\\/2021\\\/07\\\/Milena-Manojlovic-blog-II-1-scaled.jpg\",\"contentUrl\":\"https:\\\/\\\/crta.rs\\\/wp-content\\\/uploads\\\/2021\\\/07\\\/Milena-Manojlovic-blog-II-1-scaled.jpg\",\"width\":2560,\"height\":1519},{\"@type\":\"BreadcrumbList\",\"@id\":\"https:\\\/\\\/crta.rs\\\/en\\\/a-year-of-groupthink-in-the-parliament-and-the-media\\\/#breadcrumb\",\"itemListElement\":[{\"@type\":\"ListItem\",\"position\":1,\"name\":\"Home\",\"item\":\"https:\\\/\\\/crta.rs\\\/en\\\/\"},{\"@type\":\"ListItem\",\"position\":2,\"name\":\"Latest\",\"item\":\"https:\\\/\\\/crta.rs\\\/en\\\/category\\\/latest-en\\\/\"},{\"@type\":\"ListItem\",\"position\":3,\"name\":\"A year of groupthink in the Parliament and the media\"}]},{\"@type\":\"WebSite\",\"@id\":\"https:\\\/\\\/crta.rs\\\/en\\\/#website\",\"url\":\"https:\\\/\\\/crta.rs\\\/en\\\/\",\"name\":\"CRTA\",\"description\":\"Mi smo grupa aktivista i novinara koja zajedno sa gra\u0111anima uti\u010de na pove\u0107anje odgovornosti institucija i javnih funkcionera kroz pra\u0107enje i kontrolu njihovog rada.\",\"potentialAction\":[{\"@type\":\"SearchAction\",\"target\":{\"@type\":\"EntryPoint\",\"urlTemplate\":\"https:\\\/\\\/crta.rs\\\/en\\\/?s={search_term_string}\"},\"query-input\":{\"@type\":\"PropertyValueSpecification\",\"valueRequired\":true,\"valueName\":\"search_term_string\"}}],\"inLanguage\":\"en-US\"},{\"@type\":\"Person\",\"@id\":\"https:\\\/\\\/crta.rs\\\/en\\\/#\\\/schema\\\/person\\\/0cc37dbc4cb7d35b32379de6f98e1c7f\",\"name\":\"milica\",\"url\":\"https:\\\/\\\/crta.rs\\\/en\\\/author\\\/milica\\\/\"}]}<\/script>\n<!-- \/ Yoast SEO plugin. -->","yoast_head_json":{"title":"A year of groupthink in the Parliament and the media - CRTA","robots":{"index":"index","follow":"follow","max-snippet":"max-snippet:-1","max-image-preview":"max-image-preview:large","max-video-preview":"max-video-preview:-1"},"canonical":"https:\/\/crta.rs\/en\/a-year-of-groupthink-in-the-parliament-and-the-media\/","og_locale":"en_US","og_type":"article","og_title":"A year of groupthink in the Parliament and the media - CRTA","og_description":"The Serbian political scene has long been characterised by a worrying lack of political pluralism and the collapse of the basic mechanisms that protect democracy. The last parliamentary elections were preceded by a dialogue on improving election conditions, which did not yield results.","og_url":"https:\/\/crta.rs\/en\/a-year-of-groupthink-in-the-parliament-and-the-media\/","og_site_name":"CRTA","article_publisher":"https:\/\/www.facebook.com\/CRTArs\/","article_published_time":"2021-07-13T07:31:27+00:00","article_modified_time":"2021-07-13T07:34:36+00:00","og_image":[{"width":2560,"height":1519,"url":"https:\/\/crta.rs\/wp-content\/uploads\/2021\/07\/Milena-Manojlovic-blog-II-1-scaled.jpg","type":"image\/jpeg"}],"author":"milica","twitter_card":"summary_large_image","twitter_misc":{"Written by":"milica","Est. reading time":"4 minutes"},"schema":{"@context":"https:\/\/schema.org","@graph":[{"@type":"Article","@id":"https:\/\/crta.rs\/en\/a-year-of-groupthink-in-the-parliament-and-the-media\/#article","isPartOf":{"@id":"https:\/\/crta.rs\/en\/a-year-of-groupthink-in-the-parliament-and-the-media\/"},"author":{"name":"milica","@id":"https:\/\/crta.rs\/en\/#\/schema\/person\/0cc37dbc4cb7d35b32379de6f98e1c7f"},"headline":"A year of groupthink in the Parliament and the media","datePublished":"2021-07-13T07:31:27+00:00","dateModified":"2021-07-13T07:34:36+00:00","mainEntityOfPage":{"@id":"https:\/\/crta.rs\/en\/a-year-of-groupthink-in-the-parliament-and-the-media\/"},"wordCount":859,"image":{"@id":"https:\/\/crta.rs\/en\/a-year-of-groupthink-in-the-parliament-and-the-media\/#primaryimage"},"thumbnailUrl":"https:\/\/crta.rs\/wp-content\/uploads\/2021\/07\/Milena-Manojlovic-blog-II-1-scaled.jpg","articleSection":["Latest"],"inLanguage":"en-US"},{"@type":"WebPage","@id":"https:\/\/crta.rs\/en\/a-year-of-groupthink-in-the-parliament-and-the-media\/","url":"https:\/\/crta.rs\/en\/a-year-of-groupthink-in-the-parliament-and-the-media\/","name":"A year of groupthink in the Parliament and the media - CRTA","isPartOf":{"@id":"https:\/\/crta.rs\/en\/#website"},"primaryImageOfPage":{"@id":"https:\/\/crta.rs\/en\/a-year-of-groupthink-in-the-parliament-and-the-media\/#primaryimage"},"image":{"@id":"https:\/\/crta.rs\/en\/a-year-of-groupthink-in-the-parliament-and-the-media\/#primaryimage"},"thumbnailUrl":"https:\/\/crta.rs\/wp-content\/uploads\/2021\/07\/Milena-Manojlovic-blog-II-1-scaled.jpg","datePublished":"2021-07-13T07:31:27+00:00","dateModified":"2021-07-13T07:34:36+00:00","author":{"@id":"https:\/\/crta.rs\/en\/#\/schema\/person\/0cc37dbc4cb7d35b32379de6f98e1c7f"},"breadcrumb":{"@id":"https:\/\/crta.rs\/en\/a-year-of-groupthink-in-the-parliament-and-the-media\/#breadcrumb"},"inLanguage":"en-US","potentialAction":[{"@type":"ReadAction","target":["https:\/\/crta.rs\/en\/a-year-of-groupthink-in-the-parliament-and-the-media\/"]}]},{"@type":"ImageObject","inLanguage":"en-US","@id":"https:\/\/crta.rs\/en\/a-year-of-groupthink-in-the-parliament-and-the-media\/#primaryimage","url":"https:\/\/crta.rs\/wp-content\/uploads\/2021\/07\/Milena-Manojlovic-blog-II-1-scaled.jpg","contentUrl":"https:\/\/crta.rs\/wp-content\/uploads\/2021\/07\/Milena-Manojlovic-blog-II-1-scaled.jpg","width":2560,"height":1519},{"@type":"BreadcrumbList","@id":"https:\/\/crta.rs\/en\/a-year-of-groupthink-in-the-parliament-and-the-media\/#breadcrumb","itemListElement":[{"@type":"ListItem","position":1,"name":"Home","item":"https:\/\/crta.rs\/en\/"},{"@type":"ListItem","position":2,"name":"Latest","item":"https:\/\/crta.rs\/en\/category\/latest-en\/"},{"@type":"ListItem","position":3,"name":"A year of groupthink in the Parliament and the media"}]},{"@type":"WebSite","@id":"https:\/\/crta.rs\/en\/#website","url":"https:\/\/crta.rs\/en\/","name":"CRTA","description":"Mi smo grupa aktivista i novinara koja zajedno sa gra\u0111anima uti\u010de na pove\u0107anje odgovornosti institucija i javnih funkcionera kroz pra\u0107enje i kontrolu njihovog rada.","potentialAction":[{"@type":"SearchAction","target":{"@type":"EntryPoint","urlTemplate":"https:\/\/crta.rs\/en\/?s={search_term_string}"},"query-input":{"@type":"PropertyValueSpecification","valueRequired":true,"valueName":"search_term_string"}}],"inLanguage":"en-US"},{"@type":"Person","@id":"https:\/\/crta.rs\/en\/#\/schema\/person\/0cc37dbc4cb7d35b32379de6f98e1c7f","name":"milica","url":"https:\/\/crta.rs\/en\/author\/milica\/"}]}},"_links":{"self":[{"href":"https:\/\/crta.rs\/en\/wp-json\/wp\/v2\/posts\/27011","targetHints":{"allow":["GET"]}}],"collection":[{"href":"https:\/\/crta.rs\/en\/wp-json\/wp\/v2\/posts"}],"about":[{"href":"https:\/\/crta.rs\/en\/wp-json\/wp\/v2\/types\/post"}],"author":[{"embeddable":true,"href":"https:\/\/crta.rs\/en\/wp-json\/wp\/v2\/users\/3"}],"replies":[{"embeddable":true,"href":"https:\/\/crta.rs\/en\/wp-json\/wp\/v2\/comments?post=27011"}],"version-history":[{"count":5,"href":"https:\/\/crta.rs\/en\/wp-json\/wp\/v2\/posts\/27011\/revisions"}],"predecessor-version":[{"id":27018,"href":"https:\/\/crta.rs\/en\/wp-json\/wp\/v2\/posts\/27011\/revisions\/27018"}],"wp:featuredmedia":[{"embeddable":true,"href":"https:\/\/crta.rs\/en\/wp-json\/wp\/v2\/media\/26992"}],"wp:attachment":[{"href":"https:\/\/crta.rs\/en\/wp-json\/wp\/v2\/media?parent=27011"}],"wp:term":[{"taxonomy":"category","embeddable":true,"href":"https:\/\/crta.rs\/en\/wp-json\/wp\/v2\/categories?post=27011"},{"taxonomy":"post_tag","embeddable":true,"href":"https:\/\/crta.rs\/en\/wp-json\/wp\/v2\/tags?post=27011"}],"curies":[{"name":"wp","href":"https:\/\/api.w.org\/{rel}","templated":true}]}}