{"id":26159,"date":"2021-03-24T13:11:30","date_gmt":"2021-03-24T12:11:30","guid":{"rendered":"https:\/\/crta.rs\/?p=26159"},"modified":"2021-03-24T13:37:18","modified_gmt":"2021-03-24T12:37:18","slug":"attitudes-of-serbian-citizens-about-participation-in-democratic-processes-2020","status":"publish","type":"post","link":"https:\/\/crta.rs\/en\/attitudes-of-serbian-citizens-about-participation-in-democratic-processes-2020\/","title":{"rendered":"Attitudes of Serbian citizens about participation in democratic processes 2020"},"content":{"rendered":"<p>CRTA conducted a survey &#8220;Attitudes of Serbian citizens on participation in democratic processes 2020&#8221; during November 2020. The aim of the research was to determine the attitudes of Serbian citizens regarding political issues, as well as the degree of their readiness to participate in democratic processes that include various forms of civic participation \u2013 from voting in the elections to initiating and participating in actions. The research is a noteworthy presentation of the democratic state of society. The extent to which citizens are ready to get involved in social processes, to exercise their civil rights and to influence decision-makers are indicators of the \u201chealth\u201d of a democracy.<\/p>\n","protected":false},"excerpt":{"rendered":"<p>CRTA conducted a survey &#8220;Attitudes of Serbian citizens on participation in democratic processes 2020&#8221; during November 2020. The aim of the research was to determine the attitudes of Serbian citizens regarding political issues, as well as the degree of their readiness to participate in democratic processes that include various forms of civic participation \u2013 from voting in the elections to initiating and participating in actions. The research is a noteworthy presentation of the democratic state of society. The extent to which citizens are ready to get involved in social processes, to exercise their civil rights and to influence decision-makers are indicators of the \u201chealth\u201d of a democracy.<\/p>\n","protected":false},"author":3,"featured_media":26167,"comment_status":"closed","ping_status":"open","sticky":false,"template":"","format":"standard","meta":{"_acf_changed":false,"footnotes":"","_links_to":"","_links_to_target":""},"categories":[75],"tags":[],"class_list":["post-26159","post","type-post","status-publish","format-standard","has-post-thumbnail","hentry","category-publication-en","ciTrackContent"],"acf":[],"yoast_head":"<!-- This site is optimized with the Yoast SEO plugin v27.4 - https:\/\/yoast.com\/product\/yoast-seo-wordpress\/ -->\n<title>Attitudes of Serbian citizens about participation in democratic processes 2020 - CRTA<\/title>\n<meta name=\"robots\" content=\"index, follow, max-snippet:-1, max-image-preview:large, max-video-preview:-1\" \/>\n<link rel=\"canonical\" href=\"https:\/\/crta.rs\/en\/attitudes-of-serbian-citizens-about-participation-in-democratic-processes-2020\/\" \/>\n<meta property=\"og:locale\" content=\"en_US\" \/>\n<meta property=\"og:type\" content=\"article\" \/>\n<meta property=\"og:title\" content=\"Attitudes of Serbian citizens about participation in democratic processes 2020 - CRTA\" \/>\n<meta property=\"og:description\" content=\"CRTA conducted a survey &quot;Attitudes of Serbian citizens on participation in democratic processes 2020&quot; during November 2020. The aim of the research was to determine the attitudes of Serbian citizens regarding political issues, as well as the degree of their readiness to participate in democratic processes that include various forms of civic participation \u2013 from voting in the elections to initiating and participating in actions. The research is a noteworthy presentation of the democratic state of society. The extent to which citizens are ready to get involved in social processes, to exercise their civil rights and to influence decision-makers are indicators of the \u201chealth\u201d of a democracy.\" \/>\n<meta property=\"og:url\" content=\"https:\/\/crta.rs\/en\/attitudes-of-serbian-citizens-about-participation-in-democratic-processes-2020\/\" \/>\n<meta property=\"og:site_name\" content=\"CRTA\" \/>\n<meta property=\"article:publisher\" content=\"https:\/\/www.facebook.com\/CRTArs\/\" \/>\n<meta property=\"article:published_time\" content=\"2021-03-24T12:11:30+00:00\" \/>\n<meta property=\"article:modified_time\" content=\"2021-03-24T12:37:18+00:00\" \/>\n<meta property=\"og:image\" content=\"https:\/\/crta.rs\/wp-content\/uploads\/2021\/03\/Audit-2020-eng-cover-2.png\" \/>\n\t<meta property=\"og:image:width\" content=\"2537\" \/>\n\t<meta property=\"og:image:height\" content=\"3498\" \/>\n\t<meta property=\"og:image:type\" content=\"image\/png\" \/>\n<meta name=\"author\" content=\"milica\" \/>\n<meta name=\"twitter:card\" content=\"summary_large_image\" \/>\n<meta name=\"twitter:label1\" content=\"Written by\" \/>\n\t<meta name=\"twitter:data1\" content=\"milica\" \/>\n\t<meta name=\"twitter:label2\" content=\"Est. reading time\" \/>\n\t<meta name=\"twitter:data2\" content=\"1 minute\" \/>\n<script type=\"application\/ld+json\" class=\"yoast-schema-graph\">{\"@context\":\"https:\\\/\\\/schema.org\",\"@graph\":[{\"@type\":\"Article\",\"@id\":\"https:\\\/\\\/crta.rs\\\/en\\\/attitudes-of-serbian-citizens-about-participation-in-democratic-processes-2020\\\/#article\",\"isPartOf\":{\"@id\":\"https:\\\/\\\/crta.rs\\\/en\\\/attitudes-of-serbian-citizens-about-participation-in-democratic-processes-2020\\\/\"},\"author\":{\"name\":\"milica\",\"@id\":\"https:\\\/\\\/crta.rs\\\/en\\\/#\\\/schema\\\/person\\\/0cc37dbc4cb7d35b32379de6f98e1c7f\"},\"headline\":\"Attitudes of Serbian citizens about participation in democratic processes 2020\",\"datePublished\":\"2021-03-24T12:11:30+00:00\",\"dateModified\":\"2021-03-24T12:37:18+00:00\",\"mainEntityOfPage\":{\"@id\":\"https:\\\/\\\/crta.rs\\\/en\\\/attitudes-of-serbian-citizens-about-participation-in-democratic-processes-2020\\\/\"},\"wordCount\":113,\"image\":{\"@id\":\"https:\\\/\\\/crta.rs\\\/en\\\/attitudes-of-serbian-citizens-about-participation-in-democratic-processes-2020\\\/#primaryimage\"},\"thumbnailUrl\":\"https:\\\/\\\/crta.rs\\\/wp-content\\\/uploads\\\/2021\\\/03\\\/Audit-2020-eng-cover-2.png\",\"articleSection\":[\"Publications\"],\"inLanguage\":\"en-US\"},{\"@type\":\"WebPage\",\"@id\":\"https:\\\/\\\/crta.rs\\\/en\\\/attitudes-of-serbian-citizens-about-participation-in-democratic-processes-2020\\\/\",\"url\":\"https:\\\/\\\/crta.rs\\\/en\\\/attitudes-of-serbian-citizens-about-participation-in-democratic-processes-2020\\\/\",\"name\":\"Attitudes of Serbian citizens about participation in democratic processes 2020 - CRTA\",\"isPartOf\":{\"@id\":\"https:\\\/\\\/crta.rs\\\/en\\\/#website\"},\"primaryImageOfPage\":{\"@id\":\"https:\\\/\\\/crta.rs\\\/en\\\/attitudes-of-serbian-citizens-about-participation-in-democratic-processes-2020\\\/#primaryimage\"},\"image\":{\"@id\":\"https:\\\/\\\/crta.rs\\\/en\\\/attitudes-of-serbian-citizens-about-participation-in-democratic-processes-2020\\\/#primaryimage\"},\"thumbnailUrl\":\"https:\\\/\\\/crta.rs\\\/wp-content\\\/uploads\\\/2021\\\/03\\\/Audit-2020-eng-cover-2.png\",\"datePublished\":\"2021-03-24T12:11:30+00:00\",\"dateModified\":\"2021-03-24T12:37:18+00:00\",\"author\":{\"@id\":\"https:\\\/\\\/crta.rs\\\/en\\\/#\\\/schema\\\/person\\\/0cc37dbc4cb7d35b32379de6f98e1c7f\"},\"breadcrumb\":{\"@id\":\"https:\\\/\\\/crta.rs\\\/en\\\/attitudes-of-serbian-citizens-about-participation-in-democratic-processes-2020\\\/#breadcrumb\"},\"inLanguage\":\"en-US\",\"potentialAction\":[{\"@type\":\"ReadAction\",\"target\":[\"https:\\\/\\\/crta.rs\\\/en\\\/attitudes-of-serbian-citizens-about-participation-in-democratic-processes-2020\\\/\"]}]},{\"@type\":\"ImageObject\",\"inLanguage\":\"en-US\",\"@id\":\"https:\\\/\\\/crta.rs\\\/en\\\/attitudes-of-serbian-citizens-about-participation-in-democratic-processes-2020\\\/#primaryimage\",\"url\":\"https:\\\/\\\/crta.rs\\\/wp-content\\\/uploads\\\/2021\\\/03\\\/Audit-2020-eng-cover-2.png\",\"contentUrl\":\"https:\\\/\\\/crta.rs\\\/wp-content\\\/uploads\\\/2021\\\/03\\\/Audit-2020-eng-cover-2.png\",\"width\":2537,\"height\":3498},{\"@type\":\"BreadcrumbList\",\"@id\":\"https:\\\/\\\/crta.rs\\\/en\\\/attitudes-of-serbian-citizens-about-participation-in-democratic-processes-2020\\\/#breadcrumb\",\"itemListElement\":[{\"@type\":\"ListItem\",\"position\":1,\"name\":\"Home\",\"item\":\"https:\\\/\\\/crta.rs\\\/en\\\/\"},{\"@type\":\"ListItem\",\"position\":2,\"name\":\"Publications\",\"item\":\"https:\\\/\\\/crta.rs\\\/en\\\/category\\\/publication-en\\\/\"},{\"@type\":\"ListItem\",\"position\":3,\"name\":\"Attitudes of Serbian citizens about participation in democratic processes 2020\"}]},{\"@type\":\"WebSite\",\"@id\":\"https:\\\/\\\/crta.rs\\\/en\\\/#website\",\"url\":\"https:\\\/\\\/crta.rs\\\/en\\\/\",\"name\":\"CRTA\",\"description\":\"Mi smo grupa aktivista i novinara koja zajedno sa gra\u0111anima uti\u010de na pove\u0107anje odgovornosti institucija i javnih funkcionera kroz pra\u0107enje i kontrolu njihovog rada.\",\"potentialAction\":[{\"@type\":\"SearchAction\",\"target\":{\"@type\":\"EntryPoint\",\"urlTemplate\":\"https:\\\/\\\/crta.rs\\\/en\\\/?s={search_term_string}\"},\"query-input\":{\"@type\":\"PropertyValueSpecification\",\"valueRequired\":true,\"valueName\":\"search_term_string\"}}],\"inLanguage\":\"en-US\"},{\"@type\":\"Person\",\"@id\":\"https:\\\/\\\/crta.rs\\\/en\\\/#\\\/schema\\\/person\\\/0cc37dbc4cb7d35b32379de6f98e1c7f\",\"name\":\"milica\",\"url\":\"https:\\\/\\\/crta.rs\\\/en\\\/author\\\/milica\\\/\"}]}<\/script>\n<!-- \/ Yoast SEO plugin. -->","yoast_head_json":{"title":"Attitudes of Serbian citizens about participation in democratic processes 2020 - CRTA","robots":{"index":"index","follow":"follow","max-snippet":"max-snippet:-1","max-image-preview":"max-image-preview:large","max-video-preview":"max-video-preview:-1"},"canonical":"https:\/\/crta.rs\/en\/attitudes-of-serbian-citizens-about-participation-in-democratic-processes-2020\/","og_locale":"en_US","og_type":"article","og_title":"Attitudes of Serbian citizens about participation in democratic processes 2020 - CRTA","og_description":"CRTA conducted a survey \"Attitudes of Serbian citizens on participation in democratic processes 2020\" during November 2020. The aim of the research was to determine the attitudes of Serbian citizens regarding political issues, as well as the degree of their readiness to participate in democratic processes that include various forms of civic participation \u2013 from voting in the elections to initiating and participating in actions. The research is a noteworthy presentation of the democratic state of society. The extent to which citizens are ready to get involved in social processes, to exercise their civil rights and to influence decision-makers are indicators of the \u201chealth\u201d of a democracy.","og_url":"https:\/\/crta.rs\/en\/attitudes-of-serbian-citizens-about-participation-in-democratic-processes-2020\/","og_site_name":"CRTA","article_publisher":"https:\/\/www.facebook.com\/CRTArs\/","article_published_time":"2021-03-24T12:11:30+00:00","article_modified_time":"2021-03-24T12:37:18+00:00","og_image":[{"width":2537,"height":3498,"url":"https:\/\/crta.rs\/wp-content\/uploads\/2021\/03\/Audit-2020-eng-cover-2.png","type":"image\/png"}],"author":"milica","twitter_card":"summary_large_image","twitter_misc":{"Written by":"milica","Est. reading time":"1 minute"},"schema":{"@context":"https:\/\/schema.org","@graph":[{"@type":"Article","@id":"https:\/\/crta.rs\/en\/attitudes-of-serbian-citizens-about-participation-in-democratic-processes-2020\/#article","isPartOf":{"@id":"https:\/\/crta.rs\/en\/attitudes-of-serbian-citizens-about-participation-in-democratic-processes-2020\/"},"author":{"name":"milica","@id":"https:\/\/crta.rs\/en\/#\/schema\/person\/0cc37dbc4cb7d35b32379de6f98e1c7f"},"headline":"Attitudes of Serbian citizens about participation in democratic processes 2020","datePublished":"2021-03-24T12:11:30+00:00","dateModified":"2021-03-24T12:37:18+00:00","mainEntityOfPage":{"@id":"https:\/\/crta.rs\/en\/attitudes-of-serbian-citizens-about-participation-in-democratic-processes-2020\/"},"wordCount":113,"image":{"@id":"https:\/\/crta.rs\/en\/attitudes-of-serbian-citizens-about-participation-in-democratic-processes-2020\/#primaryimage"},"thumbnailUrl":"https:\/\/crta.rs\/wp-content\/uploads\/2021\/03\/Audit-2020-eng-cover-2.png","articleSection":["Publications"],"inLanguage":"en-US"},{"@type":"WebPage","@id":"https:\/\/crta.rs\/en\/attitudes-of-serbian-citizens-about-participation-in-democratic-processes-2020\/","url":"https:\/\/crta.rs\/en\/attitudes-of-serbian-citizens-about-participation-in-democratic-processes-2020\/","name":"Attitudes of Serbian citizens about participation in democratic processes 2020 - CRTA","isPartOf":{"@id":"https:\/\/crta.rs\/en\/#website"},"primaryImageOfPage":{"@id":"https:\/\/crta.rs\/en\/attitudes-of-serbian-citizens-about-participation-in-democratic-processes-2020\/#primaryimage"},"image":{"@id":"https:\/\/crta.rs\/en\/attitudes-of-serbian-citizens-about-participation-in-democratic-processes-2020\/#primaryimage"},"thumbnailUrl":"https:\/\/crta.rs\/wp-content\/uploads\/2021\/03\/Audit-2020-eng-cover-2.png","datePublished":"2021-03-24T12:11:30+00:00","dateModified":"2021-03-24T12:37:18+00:00","author":{"@id":"https:\/\/crta.rs\/en\/#\/schema\/person\/0cc37dbc4cb7d35b32379de6f98e1c7f"},"breadcrumb":{"@id":"https:\/\/crta.rs\/en\/attitudes-of-serbian-citizens-about-participation-in-democratic-processes-2020\/#breadcrumb"},"inLanguage":"en-US","potentialAction":[{"@type":"ReadAction","target":["https:\/\/crta.rs\/en\/attitudes-of-serbian-citizens-about-participation-in-democratic-processes-2020\/"]}]},{"@type":"ImageObject","inLanguage":"en-US","@id":"https:\/\/crta.rs\/en\/attitudes-of-serbian-citizens-about-participation-in-democratic-processes-2020\/#primaryimage","url":"https:\/\/crta.rs\/wp-content\/uploads\/2021\/03\/Audit-2020-eng-cover-2.png","contentUrl":"https:\/\/crta.rs\/wp-content\/uploads\/2021\/03\/Audit-2020-eng-cover-2.png","width":2537,"height":3498},{"@type":"BreadcrumbList","@id":"https:\/\/crta.rs\/en\/attitudes-of-serbian-citizens-about-participation-in-democratic-processes-2020\/#breadcrumb","itemListElement":[{"@type":"ListItem","position":1,"name":"Home","item":"https:\/\/crta.rs\/en\/"},{"@type":"ListItem","position":2,"name":"Publications","item":"https:\/\/crta.rs\/en\/category\/publication-en\/"},{"@type":"ListItem","position":3,"name":"Attitudes of Serbian citizens about participation in democratic processes 2020"}]},{"@type":"WebSite","@id":"https:\/\/crta.rs\/en\/#website","url":"https:\/\/crta.rs\/en\/","name":"CRTA","description":"Mi smo grupa aktivista i novinara koja zajedno sa gra\u0111anima uti\u010de na pove\u0107anje odgovornosti institucija i javnih funkcionera kroz pra\u0107enje i kontrolu njihovog rada.","potentialAction":[{"@type":"SearchAction","target":{"@type":"EntryPoint","urlTemplate":"https:\/\/crta.rs\/en\/?s={search_term_string}"},"query-input":{"@type":"PropertyValueSpecification","valueRequired":true,"valueName":"search_term_string"}}],"inLanguage":"en-US"},{"@type":"Person","@id":"https:\/\/crta.rs\/en\/#\/schema\/person\/0cc37dbc4cb7d35b32379de6f98e1c7f","name":"milica","url":"https:\/\/crta.rs\/en\/author\/milica\/"}]}},"_links":{"self":[{"href":"https:\/\/crta.rs\/en\/wp-json\/wp\/v2\/posts\/26159","targetHints":{"allow":["GET"]}}],"collection":[{"href":"https:\/\/crta.rs\/en\/wp-json\/wp\/v2\/posts"}],"about":[{"href":"https:\/\/crta.rs\/en\/wp-json\/wp\/v2\/types\/post"}],"author":[{"embeddable":true,"href":"https:\/\/crta.rs\/en\/wp-json\/wp\/v2\/users\/3"}],"replies":[{"embeddable":true,"href":"https:\/\/crta.rs\/en\/wp-json\/wp\/v2\/comments?post=26159"}],"version-history":[{"count":4,"href":"https:\/\/crta.rs\/en\/wp-json\/wp\/v2\/posts\/26159\/revisions"}],"predecessor-version":[{"id":26171,"href":"https:\/\/crta.rs\/en\/wp-json\/wp\/v2\/posts\/26159\/revisions\/26171"}],"wp:featuredmedia":[{"embeddable":true,"href":"https:\/\/crta.rs\/en\/wp-json\/wp\/v2\/media\/26167"}],"wp:attachment":[{"href":"https:\/\/crta.rs\/en\/wp-json\/wp\/v2\/media?parent=26159"}],"wp:term":[{"taxonomy":"category","embeddable":true,"href":"https:\/\/crta.rs\/en\/wp-json\/wp\/v2\/categories?post=26159"},{"taxonomy":"post_tag","embeddable":true,"href":"https:\/\/crta.rs\/en\/wp-json\/wp\/v2\/tags?post=26159"}],"curies":[{"name":"wp","href":"https:\/\/api.w.org\/{rel}","templated":true}]}}