{"id":26132,"date":"2021-03-18T17:00:25","date_gmt":"2021-03-18T16:00:25","guid":{"rendered":"https:\/\/crta.rs\/?p=26132"},"modified":"2021-03-24T13:44:14","modified_gmt":"2021-03-24T12:44:14","slug":"citizens-are-tired-of-the-quest-for-democracy","status":"publish","type":"post","link":"https:\/\/crta.rs\/en\/citizens-are-tired-of-the-quest-for-democracy\/","title":{"rendered":"Citizens are tired of the quest for democracy"},"content":{"rendered":"<p>Serbia is formally a democratic state and a polarised society in which key democratic institutions, such as the Parliament or the elections, have been collapsing for years, critical thinking restrained, and citizens discouraged and detracted from participating in democratic processes \u2013 this is the conclusion of the conference at which the findings of the public opinion survey \u201cAttitudes of Serbian citizens on participation in democratic processes 2020\u201d conducted by the CRTA were presented.<\/p>\n<p><em>\u201cFor a long time now, those who run the country have been deliberately ignoring the problems of weakening democracy. As advocates of the values of democracy, we do not promise easy solutions and we do not use populist tricks, which are pouring in from everywhere. Our task is to convince the citizens that they \u201clive\u201d on democracy and that the future of this society depends on the recovery of democratic institutions. There is no freedom without democracy,\u201d <\/em>said Vukosava Crnjanski, Director of the CRTA.<\/p>\n<p>While slightly more than one third of Serbian citizens, 37 percent, are interested in politics, the majority generally do not believe that their activity can influence change in Serbia. In the past year, two thirds of citizens did not participate in any action or initiative aimed at solving problems in the local community.<\/p>\n<p>Voting in the elections is an activity that the largest number of citizens, about 50 percent, see as an opportunity for personally contributing to change. The most common motive for going to the polls is a sense of duty (for 44 percent of citizens), and only after that the desire to influence politics in the country (for 32 percent). The most common motive for abstinence is the fact that citizens do not believe in the promises made by parties participating in the elections.<\/p>\n<p><em>\u00a0<\/em><em>\u201cWhen we talk about participation in democratic processes, the most pronounced and present differences in the attitudes of citizens are related to their political affiliation. The citizens\u2019 inclination to ruling parties, to the opposition or neither, is strongly related to almost all findings on their interest in political issues, participation in democratic processes, main political views and satisfaction with the work of political institutions,\u201d <\/em>said Vujo Ili\u0107, Public Policy and Research Advisor at the CRTA.<\/p>\n<p>As far as the citizens\u2019 participation in political processes is concerned, it is important to find a way to alleviate the dominant political divisions, and also to include in democratic processes the majority of citizens who find the existing political options distant from them.<\/p>\n<p><em>\u201cCitizens are tired of searching for democracy, they are moving away from politics because they think that \u201ceveryone is the same\u201d and that \u201cpolitics is something bad\u201d. In a situation of such demotivation, support should be provided to all those who are still engaged, and all citizens should be motivated to participate in the election process because there are no other options for change,\u201d <\/em>said Du\u0161an Spasojevi\u0107, associate professor at the Faculty of Political Sciences<em>.<\/em><\/p>\n<p>The survey was conducted by telephone on a random and representative sample in November 2020.<\/p>\n<p><span style=\"font-weight: 400;\">A summary of the research in the form of a presentation can be found <\/span><strong><a href=\"https:\/\/crta.rs\/wp-content\/uploads\/2021\/03\/CRTA-research_Participation-in-democratic-processes-2020.pdf\">here<\/a>.<br \/>\n<\/strong><br \/>\nThe complete research report is available on this <a href=\"https:\/\/crta.rs\/en\/attitudes-of-serbian-citizens-about-participation-in-democratic-processes-2020\/\">link.<\/a><strong><br \/>\n<\/strong><\/p>\n","protected":false},"excerpt":{"rendered":"<p>Serbia is formally a democratic state and a polarised society in which key democratic institutions, such as the Parliament or the elections, have been collapsing for years, critical thinking restrained, and citizens discouraged and detracted from participating in democratic processes \u2013 this is the conclusion of the conference at which the findings of the public opinion survey \u201cAttitudes of Serbian citizens on participation in democratic processes 2020\u201d conducted by the CRTA were presented.<\/p>\n","protected":false},"author":3,"featured_media":26074,"comment_status":"closed","ping_status":"open","sticky":false,"template":"","format":"standard","meta":{"_acf_changed":false,"footnotes":"","_links_to":"","_links_to_target":""},"categories":[218],"tags":[],"class_list":["post-26132","post","type-post","status-publish","format-standard","has-post-thumbnail","hentry","category-latest-en","ciTrackContent"],"acf":[],"yoast_head":"<!-- This site is optimized with the Yoast SEO plugin v27.4 - https:\/\/yoast.com\/product\/yoast-seo-wordpress\/ -->\n<title>Citizens are tired of the quest for democracy - CRTA<\/title>\n<meta name=\"robots\" content=\"index, follow, max-snippet:-1, max-image-preview:large, max-video-preview:-1\" \/>\n<link rel=\"canonical\" href=\"https:\/\/crta.rs\/en\/citizens-are-tired-of-the-quest-for-democracy\/\" \/>\n<meta property=\"og:locale\" content=\"en_US\" \/>\n<meta property=\"og:type\" content=\"article\" \/>\n<meta property=\"og:title\" content=\"Citizens are tired of the quest for democracy - CRTA\" \/>\n<meta property=\"og:description\" content=\"Serbia is formally a democratic state and a polarised society in which key democratic institutions, such as the Parliament or the elections, have been collapsing for years, critical thinking restrained, and citizens discouraged and detracted from participating in democratic processes \u2013 this is the conclusion of the conference at which the findings of the public opinion survey \u201cAttitudes of Serbian citizens on participation in democratic processes 2020\u201d conducted by the CRTA were presented.\" \/>\n<meta property=\"og:url\" content=\"https:\/\/crta.rs\/en\/citizens-are-tired-of-the-quest-for-democracy\/\" \/>\n<meta property=\"og:site_name\" content=\"CRTA\" \/>\n<meta property=\"article:publisher\" content=\"https:\/\/www.facebook.com\/CRTArs\/\" \/>\n<meta property=\"article:published_time\" content=\"2021-03-18T16:00:25+00:00\" \/>\n<meta property=\"article:modified_time\" content=\"2021-03-24T12:44:14+00:00\" \/>\n<meta property=\"og:image\" content=\"https:\/\/crta.rs\/wp-content\/uploads\/2021\/03\/Audit-2020-aktuelno.png\" \/>\n\t<meta property=\"og:image:width\" content=\"727\" \/>\n\t<meta property=\"og:image:height\" content=\"363\" \/>\n\t<meta property=\"og:image:type\" content=\"image\/png\" \/>\n<meta name=\"author\" content=\"milica\" \/>\n<meta name=\"twitter:card\" content=\"summary_large_image\" \/>\n<meta name=\"twitter:label1\" content=\"Written by\" \/>\n\t<meta name=\"twitter:data1\" content=\"milica\" \/>\n\t<meta name=\"twitter:label2\" content=\"Est. reading time\" \/>\n\t<meta name=\"twitter:data2\" content=\"3 minutes\" \/>\n<script type=\"application\/ld+json\" class=\"yoast-schema-graph\">{\"@context\":\"https:\\\/\\\/schema.org\",\"@graph\":[{\"@type\":\"Article\",\"@id\":\"https:\\\/\\\/crta.rs\\\/en\\\/citizens-are-tired-of-the-quest-for-democracy\\\/#article\",\"isPartOf\":{\"@id\":\"https:\\\/\\\/crta.rs\\\/en\\\/citizens-are-tired-of-the-quest-for-democracy\\\/\"},\"author\":{\"name\":\"milica\",\"@id\":\"https:\\\/\\\/crta.rs\\\/en\\\/#\\\/schema\\\/person\\\/0cc37dbc4cb7d35b32379de6f98e1c7f\"},\"headline\":\"Citizens are tired of the quest for democracy\",\"datePublished\":\"2021-03-18T16:00:25+00:00\",\"dateModified\":\"2021-03-24T12:44:14+00:00\",\"mainEntityOfPage\":{\"@id\":\"https:\\\/\\\/crta.rs\\\/en\\\/citizens-are-tired-of-the-quest-for-democracy\\\/\"},\"wordCount\":528,\"image\":{\"@id\":\"https:\\\/\\\/crta.rs\\\/en\\\/citizens-are-tired-of-the-quest-for-democracy\\\/#primaryimage\"},\"thumbnailUrl\":\"https:\\\/\\\/crta.rs\\\/wp-content\\\/uploads\\\/2021\\\/03\\\/Audit-2020-aktuelno.png\",\"articleSection\":[\"Latest\"],\"inLanguage\":\"en-US\"},{\"@type\":\"WebPage\",\"@id\":\"https:\\\/\\\/crta.rs\\\/en\\\/citizens-are-tired-of-the-quest-for-democracy\\\/\",\"url\":\"https:\\\/\\\/crta.rs\\\/en\\\/citizens-are-tired-of-the-quest-for-democracy\\\/\",\"name\":\"Citizens are tired of the quest for democracy - CRTA\",\"isPartOf\":{\"@id\":\"https:\\\/\\\/crta.rs\\\/en\\\/#website\"},\"primaryImageOfPage\":{\"@id\":\"https:\\\/\\\/crta.rs\\\/en\\\/citizens-are-tired-of-the-quest-for-democracy\\\/#primaryimage\"},\"image\":{\"@id\":\"https:\\\/\\\/crta.rs\\\/en\\\/citizens-are-tired-of-the-quest-for-democracy\\\/#primaryimage\"},\"thumbnailUrl\":\"https:\\\/\\\/crta.rs\\\/wp-content\\\/uploads\\\/2021\\\/03\\\/Audit-2020-aktuelno.png\",\"datePublished\":\"2021-03-18T16:00:25+00:00\",\"dateModified\":\"2021-03-24T12:44:14+00:00\",\"author\":{\"@id\":\"https:\\\/\\\/crta.rs\\\/en\\\/#\\\/schema\\\/person\\\/0cc37dbc4cb7d35b32379de6f98e1c7f\"},\"breadcrumb\":{\"@id\":\"https:\\\/\\\/crta.rs\\\/en\\\/citizens-are-tired-of-the-quest-for-democracy\\\/#breadcrumb\"},\"inLanguage\":\"en-US\",\"potentialAction\":[{\"@type\":\"ReadAction\",\"target\":[\"https:\\\/\\\/crta.rs\\\/en\\\/citizens-are-tired-of-the-quest-for-democracy\\\/\"]}]},{\"@type\":\"ImageObject\",\"inLanguage\":\"en-US\",\"@id\":\"https:\\\/\\\/crta.rs\\\/en\\\/citizens-are-tired-of-the-quest-for-democracy\\\/#primaryimage\",\"url\":\"https:\\\/\\\/crta.rs\\\/wp-content\\\/uploads\\\/2021\\\/03\\\/Audit-2020-aktuelno.png\",\"contentUrl\":\"https:\\\/\\\/crta.rs\\\/wp-content\\\/uploads\\\/2021\\\/03\\\/Audit-2020-aktuelno.png\",\"width\":727,\"height\":363},{\"@type\":\"BreadcrumbList\",\"@id\":\"https:\\\/\\\/crta.rs\\\/en\\\/citizens-are-tired-of-the-quest-for-democracy\\\/#breadcrumb\",\"itemListElement\":[{\"@type\":\"ListItem\",\"position\":1,\"name\":\"Home\",\"item\":\"https:\\\/\\\/crta.rs\\\/en\\\/\"},{\"@type\":\"ListItem\",\"position\":2,\"name\":\"Latest\",\"item\":\"https:\\\/\\\/crta.rs\\\/en\\\/category\\\/latest-en\\\/\"},{\"@type\":\"ListItem\",\"position\":3,\"name\":\"Citizens are tired of the quest for democracy\"}]},{\"@type\":\"WebSite\",\"@id\":\"https:\\\/\\\/crta.rs\\\/en\\\/#website\",\"url\":\"https:\\\/\\\/crta.rs\\\/en\\\/\",\"name\":\"CRTA\",\"description\":\"Mi smo grupa aktivista i novinara koja zajedno sa gra\u0111anima uti\u010de na pove\u0107anje odgovornosti institucija i javnih funkcionera kroz pra\u0107enje i kontrolu njihovog rada.\",\"potentialAction\":[{\"@type\":\"SearchAction\",\"target\":{\"@type\":\"EntryPoint\",\"urlTemplate\":\"https:\\\/\\\/crta.rs\\\/en\\\/?s={search_term_string}\"},\"query-input\":{\"@type\":\"PropertyValueSpecification\",\"valueRequired\":true,\"valueName\":\"search_term_string\"}}],\"inLanguage\":\"en-US\"},{\"@type\":\"Person\",\"@id\":\"https:\\\/\\\/crta.rs\\\/en\\\/#\\\/schema\\\/person\\\/0cc37dbc4cb7d35b32379de6f98e1c7f\",\"name\":\"milica\",\"url\":\"https:\\\/\\\/crta.rs\\\/en\\\/author\\\/milica\\\/\"}]}<\/script>\n<!-- \/ Yoast SEO plugin. -->","yoast_head_json":{"title":"Citizens are tired of the quest for democracy - CRTA","robots":{"index":"index","follow":"follow","max-snippet":"max-snippet:-1","max-image-preview":"max-image-preview:large","max-video-preview":"max-video-preview:-1"},"canonical":"https:\/\/crta.rs\/en\/citizens-are-tired-of-the-quest-for-democracy\/","og_locale":"en_US","og_type":"article","og_title":"Citizens are tired of the quest for democracy - CRTA","og_description":"Serbia is formally a democratic state and a polarised society in which key democratic institutions, such as the Parliament or the elections, have been collapsing for years, critical thinking restrained, and citizens discouraged and detracted from participating in democratic processes \u2013 this is the conclusion of the conference at which the findings of the public opinion survey \u201cAttitudes of Serbian citizens on participation in democratic processes 2020\u201d conducted by the CRTA were presented.","og_url":"https:\/\/crta.rs\/en\/citizens-are-tired-of-the-quest-for-democracy\/","og_site_name":"CRTA","article_publisher":"https:\/\/www.facebook.com\/CRTArs\/","article_published_time":"2021-03-18T16:00:25+00:00","article_modified_time":"2021-03-24T12:44:14+00:00","og_image":[{"width":727,"height":363,"url":"https:\/\/crta.rs\/wp-content\/uploads\/2021\/03\/Audit-2020-aktuelno.png","type":"image\/png"}],"author":"milica","twitter_card":"summary_large_image","twitter_misc":{"Written by":"milica","Est. reading time":"3 minutes"},"schema":{"@context":"https:\/\/schema.org","@graph":[{"@type":"Article","@id":"https:\/\/crta.rs\/en\/citizens-are-tired-of-the-quest-for-democracy\/#article","isPartOf":{"@id":"https:\/\/crta.rs\/en\/citizens-are-tired-of-the-quest-for-democracy\/"},"author":{"name":"milica","@id":"https:\/\/crta.rs\/en\/#\/schema\/person\/0cc37dbc4cb7d35b32379de6f98e1c7f"},"headline":"Citizens are tired of the quest for democracy","datePublished":"2021-03-18T16:00:25+00:00","dateModified":"2021-03-24T12:44:14+00:00","mainEntityOfPage":{"@id":"https:\/\/crta.rs\/en\/citizens-are-tired-of-the-quest-for-democracy\/"},"wordCount":528,"image":{"@id":"https:\/\/crta.rs\/en\/citizens-are-tired-of-the-quest-for-democracy\/#primaryimage"},"thumbnailUrl":"https:\/\/crta.rs\/wp-content\/uploads\/2021\/03\/Audit-2020-aktuelno.png","articleSection":["Latest"],"inLanguage":"en-US"},{"@type":"WebPage","@id":"https:\/\/crta.rs\/en\/citizens-are-tired-of-the-quest-for-democracy\/","url":"https:\/\/crta.rs\/en\/citizens-are-tired-of-the-quest-for-democracy\/","name":"Citizens are tired of the quest for democracy - CRTA","isPartOf":{"@id":"https:\/\/crta.rs\/en\/#website"},"primaryImageOfPage":{"@id":"https:\/\/crta.rs\/en\/citizens-are-tired-of-the-quest-for-democracy\/#primaryimage"},"image":{"@id":"https:\/\/crta.rs\/en\/citizens-are-tired-of-the-quest-for-democracy\/#primaryimage"},"thumbnailUrl":"https:\/\/crta.rs\/wp-content\/uploads\/2021\/03\/Audit-2020-aktuelno.png","datePublished":"2021-03-18T16:00:25+00:00","dateModified":"2021-03-24T12:44:14+00:00","author":{"@id":"https:\/\/crta.rs\/en\/#\/schema\/person\/0cc37dbc4cb7d35b32379de6f98e1c7f"},"breadcrumb":{"@id":"https:\/\/crta.rs\/en\/citizens-are-tired-of-the-quest-for-democracy\/#breadcrumb"},"inLanguage":"en-US","potentialAction":[{"@type":"ReadAction","target":["https:\/\/crta.rs\/en\/citizens-are-tired-of-the-quest-for-democracy\/"]}]},{"@type":"ImageObject","inLanguage":"en-US","@id":"https:\/\/crta.rs\/en\/citizens-are-tired-of-the-quest-for-democracy\/#primaryimage","url":"https:\/\/crta.rs\/wp-content\/uploads\/2021\/03\/Audit-2020-aktuelno.png","contentUrl":"https:\/\/crta.rs\/wp-content\/uploads\/2021\/03\/Audit-2020-aktuelno.png","width":727,"height":363},{"@type":"BreadcrumbList","@id":"https:\/\/crta.rs\/en\/citizens-are-tired-of-the-quest-for-democracy\/#breadcrumb","itemListElement":[{"@type":"ListItem","position":1,"name":"Home","item":"https:\/\/crta.rs\/en\/"},{"@type":"ListItem","position":2,"name":"Latest","item":"https:\/\/crta.rs\/en\/category\/latest-en\/"},{"@type":"ListItem","position":3,"name":"Citizens are tired of the quest for democracy"}]},{"@type":"WebSite","@id":"https:\/\/crta.rs\/en\/#website","url":"https:\/\/crta.rs\/en\/","name":"CRTA","description":"Mi smo grupa aktivista i novinara koja zajedno sa gra\u0111anima uti\u010de na pove\u0107anje odgovornosti institucija i javnih funkcionera kroz pra\u0107enje i kontrolu njihovog rada.","potentialAction":[{"@type":"SearchAction","target":{"@type":"EntryPoint","urlTemplate":"https:\/\/crta.rs\/en\/?s={search_term_string}"},"query-input":{"@type":"PropertyValueSpecification","valueRequired":true,"valueName":"search_term_string"}}],"inLanguage":"en-US"},{"@type":"Person","@id":"https:\/\/crta.rs\/en\/#\/schema\/person\/0cc37dbc4cb7d35b32379de6f98e1c7f","name":"milica","url":"https:\/\/crta.rs\/en\/author\/milica\/"}]}},"_links":{"self":[{"href":"https:\/\/crta.rs\/en\/wp-json\/wp\/v2\/posts\/26132","targetHints":{"allow":["GET"]}}],"collection":[{"href":"https:\/\/crta.rs\/en\/wp-json\/wp\/v2\/posts"}],"about":[{"href":"https:\/\/crta.rs\/en\/wp-json\/wp\/v2\/types\/post"}],"author":[{"embeddable":true,"href":"https:\/\/crta.rs\/en\/wp-json\/wp\/v2\/users\/3"}],"replies":[{"embeddable":true,"href":"https:\/\/crta.rs\/en\/wp-json\/wp\/v2\/comments?post=26132"}],"version-history":[{"count":4,"href":"https:\/\/crta.rs\/en\/wp-json\/wp\/v2\/posts\/26132\/revisions"}],"predecessor-version":[{"id":26174,"href":"https:\/\/crta.rs\/en\/wp-json\/wp\/v2\/posts\/26132\/revisions\/26174"}],"wp:featuredmedia":[{"embeddable":true,"href":"https:\/\/crta.rs\/en\/wp-json\/wp\/v2\/media\/26074"}],"wp:attachment":[{"href":"https:\/\/crta.rs\/en\/wp-json\/wp\/v2\/media?parent=26132"}],"wp:term":[{"taxonomy":"category","embeddable":true,"href":"https:\/\/crta.rs\/en\/wp-json\/wp\/v2\/categories?post=26132"},{"taxonomy":"post_tag","embeddable":true,"href":"https:\/\/crta.rs\/en\/wp-json\/wp\/v2\/tags?post=26132"}],"curies":[{"name":"wp","href":"https:\/\/api.w.org\/{rel}","templated":true}]}}