{"id":24743,"date":"2020-11-04T10:43:19","date_gmt":"2020-11-04T09:43:19","guid":{"rendered":"https:\/\/crta.rs\/?p=24743"},"modified":"2020-11-06T11:52:04","modified_gmt":"2020-11-06T10:52:04","slug":"crta-s-program-director-speech-on-the-state-of-democracy-in-serbia-during-the-meeting-of-the-european-parliament-s-serbia-delegation","status":"publish","type":"post","link":"https:\/\/crta.rs\/en\/crta-s-program-director-speech-on-the-state-of-democracy-in-serbia-during-the-meeting-of-the-european-parliament-s-serbia-delegation\/","title":{"rendered":"Crta\u2019s Program Director speech on the state of democracy in Serbia during the meeting of the European Parliament\u2019s Serbia Delegation"},"content":{"rendered":"<p><span style=\"font-weight: 400;\">During the European Parliament\u2019s Serbia Delegation meeting <\/span><span style=\"font-weight: 400;\">on the post-electoral landscape in Serbia, <\/span><span style=\"font-weight: 400;\">held on November 4th 2020, attended by the Ambassador of the Republic of Serbia to the EU H.E. Ms Ana Hrustanovic, Deputy Head of Unit for Serbia in the European Commission Mr Christos Makridis and Head of Division &#8216;Western Balkans&#8217; in the European External Action Service Ms Elsa Fenet, Crta\u2019s Program Director and <\/span><span style=\"font-weight: 400;\">Chief of the Crta\u2019s Election Observation Mission pointed out that:<\/span><\/p>\n<ul>\n<li style=\"font-weight: 400;\"><span style=\"font-weight: 400;\">The post-election atmosphere is not encouraging for democracy in Serbia,\u00a0<\/span><\/li>\n<li style=\"font-weight: 400;\"><span style=\"font-weight: 400;\">Numerous electoral breaches, despite being thoroughly documented by domestic observers, and then underlined by the ODIHR and European Commission in their latest reports, remain neglected and rejected by the ruling coalition, even described as superficial and with poor argumentation,\u00a0<\/span><\/li>\n<li style=\"font-weight: 400;\"><span style=\"font-weight: 400;\">In this situation, where one party deliberately chooses to turn the blind eye to these electoral challenges, right now it is virtually impossible to talk about any kind of a meaningful dialogue. Without mutual recognition that certain problems exist, the space for discussion progressively closes.<\/span><\/li>\n<\/ul>\n<p><span style=\"font-weight: 400;\">Full speech of Rasa Nedeljkov, Crta Program Director and <\/span><span style=\"font-weight: 400;\">Chief of the Crta\u2019s Election Observation Mission:<\/span><\/p>\n<p>&nbsp;<\/p>\n<p>On behalf of CRTA, I would like to thank you for the opportunity to address the Delegation.<\/p>\n<p>The parliamentary elections were held in the ambience of a longer trend of declining democracy in Serbia. Key challenges included drastic media inequality in favor of ruling parties which deprived voters of equal and objective information about the electoral offer. Further, the abuse of state resources and office by public officials, as well as pressures on voters and clientelistic practices, were widespread and were followed with poor performance of institutions to prevent or prosecute such malpractices.<\/p>\n<p>While a large part of opposition declared for boycott and was not prepared for dialogue on electoral conditions, the ruling majority opted for simulating pluralism. This was done by introducing core changes in the electoral system, which nobody requested, few weeks before elections, without agreement and public debate, opposite to international democratic standards. This \u201cgerrymandering&#8221; sort of speak &#8211; did nominally increase the electoral offer to 21 lists, but fair competition was impossible due to the ruling majority&#8217;s overwhelming advantage that was capitalised from their decision-making positions and presence in the media, which is well noted in the ODIHR report. Madam Ambassador Hrustanovic was right when she said that 70% of recommendations were fully or partially implemented. However, this could be misleading if we take into account that areas of media equality, pressures on voters, abuses of state resources remain unaddressed. In other words, the government cherry picked those mainly technical measures that did not bring substantial improvements in critical areas.<\/p>\n<p>Parliamentary elections, which looked more like presidential, resulted in the lowest turnout at parliamentary elections since 2000 and finally produced the least pluralistic parliament in Serbia\u2019s multiparty history. Illustration of weak institutions is reflected in the process of forming the government with four months of delays without any rational and publicly presented justification. Also, while the government was not even formed, its mandate was reduced to last only 18 months, as announced by the President Vucic. This is particularly worrying having in mind many processes that are on hold due to the lack of institutional responsiveness to recognise and tackle numerous burning issues, like alarmingly poor performance in the EU accession process with Serbia failing to open a new chapter ever since December 2019. Then media, with the delay in adopting the Action Plan for the Media Strategy that disabled its implementation. Also, the lack of parliamentary oversight and government accountability, as the Parliament failed to make use of committees, to prepare the ground for the new convocation to address the independent institutions\u2019 reports, or burning topics that have recently shaken the public &#8211; such as the management of the COVID-19 crisis or the allegations of excessive use of police force against citizens protests in July.<\/p>\n<p>This lack of institutional response is an outcome of the ruling coalition\u2019s intention to neglect problems of weakening democracy and democratic institutions in Serbia. Numerous electoral breaches, despite being thoroughly documented by domestic observers, and then underlined by the ODIHR and European Commission in their latest reports, remain neglected and rejected by the ruling coalition, even described as superficial and with poor argumentation.<\/p>\n<p>In this situation, where one party deliberately chooses to turn the blind eye to these electoral challenges, right now it is virtually impossible to talk about any kind of a meaningful dialogue. Without mutual recognition that certain problems exist, the space for discussion progressively closes.<\/p>\n<p>The post-election atmosphere is not encouraging for democracy in Serbia, in fact we truly fear that its quality will further deteriorate. After the elections, the media gap between the government and opposition again increased, with 75% of extended prime time occupied by the ruling majority. We also witness that democracy advocates remain under constant pressure. As we already heard, civil society organisations are being subjected to opaque investigations, while approximately 15 attacks on journalists monthly were recorded only this year.<\/p>\n<p>With all these considerations, we believe that the new parliament and the government do not have any more excuses, nor obstacles, for not delivering policies and progressing on Serbia\u2019s EU path.<\/p>\n<p>Still, we very much fear that the overwhelming ruling majority is only concerned with window dressing for failing Serbia\u2019s democracy, instead of bringing meaningful improvements towards the truly functioning democracy and the country\u2019s European future.<\/p>\n<p>I am happy to take questions. Thank you, again for the opportunity to address you.<\/p>\n","protected":false},"excerpt":{"rendered":"<p>During the European Parliament\u2019s Serbia Delegation meeting on the post-electoral landscape in Serbia, held on November 4th 2020, Crta\u2019s Program Director and Chief of the Crta\u2019s Election Observation Mission pointed out that the post-election atmosphere is not encouraging for democracy in Serbia.<\/p>\n","protected":false},"author":3,"featured_media":24926,"comment_status":"closed","ping_status":"open","sticky":false,"template":"","format":"standard","meta":{"_acf_changed":false,"footnotes":"","_links_to":"","_links_to_target":""},"categories":[218,681],"tags":[],"class_list":["post-24743","post","type-post","status-publish","format-standard","has-post-thumbnail","hentry","category-latest-en","category-news","ciTrackContent"],"acf":[],"yoast_head":"<!-- This site is optimized with the Yoast SEO plugin v27.4 - https:\/\/yoast.com\/product\/yoast-seo-wordpress\/ -->\n<title>Crta\u2019s Program Director speech on the state of democracy in Serbia during the meeting of the European Parliament\u2019s Serbia Delegation - CRTA<\/title>\n<meta name=\"robots\" content=\"index, follow, max-snippet:-1, max-image-preview:large, max-video-preview:-1\" \/>\n<link rel=\"canonical\" href=\"https:\/\/crta.rs\/en\/crta-s-program-director-speech-on-the-state-of-democracy-in-serbia-during-the-meeting-of-the-european-parliament-s-serbia-delegation\/\" \/>\n<meta property=\"og:locale\" content=\"en_US\" \/>\n<meta property=\"og:type\" content=\"article\" \/>\n<meta property=\"og:title\" content=\"Crta\u2019s Program Director speech on the state of democracy in Serbia during the meeting of the European Parliament\u2019s Serbia Delegation - CRTA\" \/>\n<meta property=\"og:description\" content=\"During the European Parliament\u2019s Serbia Delegation meeting on the post-electoral landscape in Serbia, held on November 4th 2020, Crta\u2019s Program Director and Chief of the Crta\u2019s Election Observation Mission pointed out that the post-election atmosphere is not encouraging for democracy in Serbia.\" \/>\n<meta property=\"og:url\" content=\"https:\/\/crta.rs\/en\/crta-s-program-director-speech-on-the-state-of-democracy-in-serbia-during-the-meeting-of-the-european-parliament-s-serbia-delegation\/\" \/>\n<meta property=\"og:site_name\" content=\"CRTA\" \/>\n<meta property=\"article:publisher\" content=\"https:\/\/www.facebook.com\/CRTArs\/\" \/>\n<meta property=\"article:published_time\" content=\"2020-11-04T09:43:19+00:00\" \/>\n<meta property=\"article:modified_time\" content=\"2020-11-06T10:52:04+00:00\" \/>\n<meta property=\"og:image\" content=\"https:\/\/crta.rs\/wp-content\/uploads\/2020\/11\/A_DSC2874-1.jpg\" \/>\n\t<meta property=\"og:image:width\" content=\"1237\" \/>\n\t<meta property=\"og:image:height\" content=\"679\" \/>\n\t<meta property=\"og:image:type\" content=\"image\/jpeg\" \/>\n<meta name=\"author\" content=\"milica\" \/>\n<meta name=\"twitter:card\" content=\"summary_large_image\" \/>\n<meta name=\"twitter:label1\" content=\"Written by\" \/>\n\t<meta name=\"twitter:data1\" content=\"milica\" \/>\n\t<meta name=\"twitter:label2\" content=\"Est. reading time\" \/>\n\t<meta name=\"twitter:data2\" content=\"5 minutes\" \/>\n<script type=\"application\/ld+json\" class=\"yoast-schema-graph\">{\"@context\":\"https:\\\/\\\/schema.org\",\"@graph\":[{\"@type\":\"Article\",\"@id\":\"https:\\\/\\\/crta.rs\\\/en\\\/crta-s-program-director-speech-on-the-state-of-democracy-in-serbia-during-the-meeting-of-the-european-parliament-s-serbia-delegation\\\/#article\",\"isPartOf\":{\"@id\":\"https:\\\/\\\/crta.rs\\\/en\\\/crta-s-program-director-speech-on-the-state-of-democracy-in-serbia-during-the-meeting-of-the-european-parliament-s-serbia-delegation\\\/\"},\"author\":{\"name\":\"milica\",\"@id\":\"https:\\\/\\\/crta.rs\\\/en\\\/#\\\/schema\\\/person\\\/0cc37dbc4cb7d35b32379de6f98e1c7f\"},\"headline\":\"Crta\u2019s Program Director speech on the state of democracy in Serbia during the meeting of the European Parliament\u2019s Serbia Delegation\",\"datePublished\":\"2020-11-04T09:43:19+00:00\",\"dateModified\":\"2020-11-06T10:52:04+00:00\",\"mainEntityOfPage\":{\"@id\":\"https:\\\/\\\/crta.rs\\\/en\\\/crta-s-program-director-speech-on-the-state-of-democracy-in-serbia-during-the-meeting-of-the-european-parliament-s-serbia-delegation\\\/\"},\"wordCount\":941,\"image\":{\"@id\":\"https:\\\/\\\/crta.rs\\\/en\\\/crta-s-program-director-speech-on-the-state-of-democracy-in-serbia-during-the-meeting-of-the-european-parliament-s-serbia-delegation\\\/#primaryimage\"},\"thumbnailUrl\":\"https:\\\/\\\/crta.rs\\\/wp-content\\\/uploads\\\/2020\\\/11\\\/A_DSC2874-1.jpg\",\"articleSection\":[\"Latest\",\"News\"],\"inLanguage\":\"en-US\"},{\"@type\":\"WebPage\",\"@id\":\"https:\\\/\\\/crta.rs\\\/en\\\/crta-s-program-director-speech-on-the-state-of-democracy-in-serbia-during-the-meeting-of-the-european-parliament-s-serbia-delegation\\\/\",\"url\":\"https:\\\/\\\/crta.rs\\\/en\\\/crta-s-program-director-speech-on-the-state-of-democracy-in-serbia-during-the-meeting-of-the-european-parliament-s-serbia-delegation\\\/\",\"name\":\"Crta\u2019s Program Director speech on the state of democracy in Serbia during the meeting of the European Parliament\u2019s Serbia Delegation - CRTA\",\"isPartOf\":{\"@id\":\"https:\\\/\\\/crta.rs\\\/en\\\/#website\"},\"primaryImageOfPage\":{\"@id\":\"https:\\\/\\\/crta.rs\\\/en\\\/crta-s-program-director-speech-on-the-state-of-democracy-in-serbia-during-the-meeting-of-the-european-parliament-s-serbia-delegation\\\/#primaryimage\"},\"image\":{\"@id\":\"https:\\\/\\\/crta.rs\\\/en\\\/crta-s-program-director-speech-on-the-state-of-democracy-in-serbia-during-the-meeting-of-the-european-parliament-s-serbia-delegation\\\/#primaryimage\"},\"thumbnailUrl\":\"https:\\\/\\\/crta.rs\\\/wp-content\\\/uploads\\\/2020\\\/11\\\/A_DSC2874-1.jpg\",\"datePublished\":\"2020-11-04T09:43:19+00:00\",\"dateModified\":\"2020-11-06T10:52:04+00:00\",\"author\":{\"@id\":\"https:\\\/\\\/crta.rs\\\/en\\\/#\\\/schema\\\/person\\\/0cc37dbc4cb7d35b32379de6f98e1c7f\"},\"breadcrumb\":{\"@id\":\"https:\\\/\\\/crta.rs\\\/en\\\/crta-s-program-director-speech-on-the-state-of-democracy-in-serbia-during-the-meeting-of-the-european-parliament-s-serbia-delegation\\\/#breadcrumb\"},\"inLanguage\":\"en-US\",\"potentialAction\":[{\"@type\":\"ReadAction\",\"target\":[\"https:\\\/\\\/crta.rs\\\/en\\\/crta-s-program-director-speech-on-the-state-of-democracy-in-serbia-during-the-meeting-of-the-european-parliament-s-serbia-delegation\\\/\"]}]},{\"@type\":\"ImageObject\",\"inLanguage\":\"en-US\",\"@id\":\"https:\\\/\\\/crta.rs\\\/en\\\/crta-s-program-director-speech-on-the-state-of-democracy-in-serbia-during-the-meeting-of-the-european-parliament-s-serbia-delegation\\\/#primaryimage\",\"url\":\"https:\\\/\\\/crta.rs\\\/wp-content\\\/uploads\\\/2020\\\/11\\\/A_DSC2874-1.jpg\",\"contentUrl\":\"https:\\\/\\\/crta.rs\\\/wp-content\\\/uploads\\\/2020\\\/11\\\/A_DSC2874-1.jpg\",\"width\":1237,\"height\":679,\"caption\":\"Photo - Zoran Drekalovic\"},{\"@type\":\"BreadcrumbList\",\"@id\":\"https:\\\/\\\/crta.rs\\\/en\\\/crta-s-program-director-speech-on-the-state-of-democracy-in-serbia-during-the-meeting-of-the-european-parliament-s-serbia-delegation\\\/#breadcrumb\",\"itemListElement\":[{\"@type\":\"ListItem\",\"position\":1,\"name\":\"Home\",\"item\":\"https:\\\/\\\/crta.rs\\\/en\\\/\"},{\"@type\":\"ListItem\",\"position\":2,\"name\":\"Latest\",\"item\":\"https:\\\/\\\/crta.rs\\\/en\\\/category\\\/latest-en\\\/\"},{\"@type\":\"ListItem\",\"position\":3,\"name\":\"Crta\u2019s Program Director speech on the state of democracy in Serbia during the meeting of the European Parliament\u2019s Serbia Delegation\"}]},{\"@type\":\"WebSite\",\"@id\":\"https:\\\/\\\/crta.rs\\\/en\\\/#website\",\"url\":\"https:\\\/\\\/crta.rs\\\/en\\\/\",\"name\":\"CRTA\",\"description\":\"Mi smo grupa aktivista i novinara koja zajedno sa gra\u0111anima uti\u010de na pove\u0107anje odgovornosti institucija i javnih funkcionera kroz pra\u0107enje i kontrolu njihovog rada.\",\"potentialAction\":[{\"@type\":\"SearchAction\",\"target\":{\"@type\":\"EntryPoint\",\"urlTemplate\":\"https:\\\/\\\/crta.rs\\\/en\\\/?s={search_term_string}\"},\"query-input\":{\"@type\":\"PropertyValueSpecification\",\"valueRequired\":true,\"valueName\":\"search_term_string\"}}],\"inLanguage\":\"en-US\"},{\"@type\":\"Person\",\"@id\":\"https:\\\/\\\/crta.rs\\\/en\\\/#\\\/schema\\\/person\\\/0cc37dbc4cb7d35b32379de6f98e1c7f\",\"name\":\"milica\",\"url\":\"https:\\\/\\\/crta.rs\\\/en\\\/author\\\/milica\\\/\"}]}<\/script>\n<!-- \/ Yoast SEO plugin. -->","yoast_head_json":{"title":"Crta\u2019s Program Director speech on the state of democracy in Serbia during the meeting of the European Parliament\u2019s Serbia Delegation - CRTA","robots":{"index":"index","follow":"follow","max-snippet":"max-snippet:-1","max-image-preview":"max-image-preview:large","max-video-preview":"max-video-preview:-1"},"canonical":"https:\/\/crta.rs\/en\/crta-s-program-director-speech-on-the-state-of-democracy-in-serbia-during-the-meeting-of-the-european-parliament-s-serbia-delegation\/","og_locale":"en_US","og_type":"article","og_title":"Crta\u2019s Program Director speech on the state of democracy in Serbia during the meeting of the European Parliament\u2019s Serbia Delegation - CRTA","og_description":"During the European Parliament\u2019s Serbia Delegation meeting on the post-electoral landscape in Serbia, held on November 4th 2020, Crta\u2019s Program Director and Chief of the Crta\u2019s Election Observation Mission pointed out that the post-election atmosphere is not encouraging for democracy in Serbia.","og_url":"https:\/\/crta.rs\/en\/crta-s-program-director-speech-on-the-state-of-democracy-in-serbia-during-the-meeting-of-the-european-parliament-s-serbia-delegation\/","og_site_name":"CRTA","article_publisher":"https:\/\/www.facebook.com\/CRTArs\/","article_published_time":"2020-11-04T09:43:19+00:00","article_modified_time":"2020-11-06T10:52:04+00:00","og_image":[{"width":1237,"height":679,"url":"https:\/\/crta.rs\/wp-content\/uploads\/2020\/11\/A_DSC2874-1.jpg","type":"image\/jpeg"}],"author":"milica","twitter_card":"summary_large_image","twitter_misc":{"Written by":"milica","Est. reading time":"5 minutes"},"schema":{"@context":"https:\/\/schema.org","@graph":[{"@type":"Article","@id":"https:\/\/crta.rs\/en\/crta-s-program-director-speech-on-the-state-of-democracy-in-serbia-during-the-meeting-of-the-european-parliament-s-serbia-delegation\/#article","isPartOf":{"@id":"https:\/\/crta.rs\/en\/crta-s-program-director-speech-on-the-state-of-democracy-in-serbia-during-the-meeting-of-the-european-parliament-s-serbia-delegation\/"},"author":{"name":"milica","@id":"https:\/\/crta.rs\/en\/#\/schema\/person\/0cc37dbc4cb7d35b32379de6f98e1c7f"},"headline":"Crta\u2019s Program Director speech on the state of democracy in Serbia during the meeting of the European Parliament\u2019s Serbia Delegation","datePublished":"2020-11-04T09:43:19+00:00","dateModified":"2020-11-06T10:52:04+00:00","mainEntityOfPage":{"@id":"https:\/\/crta.rs\/en\/crta-s-program-director-speech-on-the-state-of-democracy-in-serbia-during-the-meeting-of-the-european-parliament-s-serbia-delegation\/"},"wordCount":941,"image":{"@id":"https:\/\/crta.rs\/en\/crta-s-program-director-speech-on-the-state-of-democracy-in-serbia-during-the-meeting-of-the-european-parliament-s-serbia-delegation\/#primaryimage"},"thumbnailUrl":"https:\/\/crta.rs\/wp-content\/uploads\/2020\/11\/A_DSC2874-1.jpg","articleSection":["Latest","News"],"inLanguage":"en-US"},{"@type":"WebPage","@id":"https:\/\/crta.rs\/en\/crta-s-program-director-speech-on-the-state-of-democracy-in-serbia-during-the-meeting-of-the-european-parliament-s-serbia-delegation\/","url":"https:\/\/crta.rs\/en\/crta-s-program-director-speech-on-the-state-of-democracy-in-serbia-during-the-meeting-of-the-european-parliament-s-serbia-delegation\/","name":"Crta\u2019s Program Director speech on the state of democracy in Serbia during the meeting of the European Parliament\u2019s Serbia Delegation - CRTA","isPartOf":{"@id":"https:\/\/crta.rs\/en\/#website"},"primaryImageOfPage":{"@id":"https:\/\/crta.rs\/en\/crta-s-program-director-speech-on-the-state-of-democracy-in-serbia-during-the-meeting-of-the-european-parliament-s-serbia-delegation\/#primaryimage"},"image":{"@id":"https:\/\/crta.rs\/en\/crta-s-program-director-speech-on-the-state-of-democracy-in-serbia-during-the-meeting-of-the-european-parliament-s-serbia-delegation\/#primaryimage"},"thumbnailUrl":"https:\/\/crta.rs\/wp-content\/uploads\/2020\/11\/A_DSC2874-1.jpg","datePublished":"2020-11-04T09:43:19+00:00","dateModified":"2020-11-06T10:52:04+00:00","author":{"@id":"https:\/\/crta.rs\/en\/#\/schema\/person\/0cc37dbc4cb7d35b32379de6f98e1c7f"},"breadcrumb":{"@id":"https:\/\/crta.rs\/en\/crta-s-program-director-speech-on-the-state-of-democracy-in-serbia-during-the-meeting-of-the-european-parliament-s-serbia-delegation\/#breadcrumb"},"inLanguage":"en-US","potentialAction":[{"@type":"ReadAction","target":["https:\/\/crta.rs\/en\/crta-s-program-director-speech-on-the-state-of-democracy-in-serbia-during-the-meeting-of-the-european-parliament-s-serbia-delegation\/"]}]},{"@type":"ImageObject","inLanguage":"en-US","@id":"https:\/\/crta.rs\/en\/crta-s-program-director-speech-on-the-state-of-democracy-in-serbia-during-the-meeting-of-the-european-parliament-s-serbia-delegation\/#primaryimage","url":"https:\/\/crta.rs\/wp-content\/uploads\/2020\/11\/A_DSC2874-1.jpg","contentUrl":"https:\/\/crta.rs\/wp-content\/uploads\/2020\/11\/A_DSC2874-1.jpg","width":1237,"height":679,"caption":"Photo - Zoran Drekalovic"},{"@type":"BreadcrumbList","@id":"https:\/\/crta.rs\/en\/crta-s-program-director-speech-on-the-state-of-democracy-in-serbia-during-the-meeting-of-the-european-parliament-s-serbia-delegation\/#breadcrumb","itemListElement":[{"@type":"ListItem","position":1,"name":"Home","item":"https:\/\/crta.rs\/en\/"},{"@type":"ListItem","position":2,"name":"Latest","item":"https:\/\/crta.rs\/en\/category\/latest-en\/"},{"@type":"ListItem","position":3,"name":"Crta\u2019s Program Director speech on the state of democracy in Serbia during the meeting of the European Parliament\u2019s Serbia Delegation"}]},{"@type":"WebSite","@id":"https:\/\/crta.rs\/en\/#website","url":"https:\/\/crta.rs\/en\/","name":"CRTA","description":"Mi smo grupa aktivista i novinara koja zajedno sa gra\u0111anima uti\u010de na pove\u0107anje odgovornosti institucija i javnih funkcionera kroz pra\u0107enje i kontrolu njihovog rada.","potentialAction":[{"@type":"SearchAction","target":{"@type":"EntryPoint","urlTemplate":"https:\/\/crta.rs\/en\/?s={search_term_string}"},"query-input":{"@type":"PropertyValueSpecification","valueRequired":true,"valueName":"search_term_string"}}],"inLanguage":"en-US"},{"@type":"Person","@id":"https:\/\/crta.rs\/en\/#\/schema\/person\/0cc37dbc4cb7d35b32379de6f98e1c7f","name":"milica","url":"https:\/\/crta.rs\/en\/author\/milica\/"}]}},"_links":{"self":[{"href":"https:\/\/crta.rs\/en\/wp-json\/wp\/v2\/posts\/24743","targetHints":{"allow":["GET"]}}],"collection":[{"href":"https:\/\/crta.rs\/en\/wp-json\/wp\/v2\/posts"}],"about":[{"href":"https:\/\/crta.rs\/en\/wp-json\/wp\/v2\/types\/post"}],"author":[{"embeddable":true,"href":"https:\/\/crta.rs\/en\/wp-json\/wp\/v2\/users\/3"}],"replies":[{"embeddable":true,"href":"https:\/\/crta.rs\/en\/wp-json\/wp\/v2\/comments?post=24743"}],"version-history":[{"count":3,"href":"https:\/\/crta.rs\/en\/wp-json\/wp\/v2\/posts\/24743\/revisions"}],"predecessor-version":[{"id":24746,"href":"https:\/\/crta.rs\/en\/wp-json\/wp\/v2\/posts\/24743\/revisions\/24746"}],"wp:featuredmedia":[{"embeddable":true,"href":"https:\/\/crta.rs\/en\/wp-json\/wp\/v2\/media\/24926"}],"wp:attachment":[{"href":"https:\/\/crta.rs\/en\/wp-json\/wp\/v2\/media?parent=24743"}],"wp:term":[{"taxonomy":"category","embeddable":true,"href":"https:\/\/crta.rs\/en\/wp-json\/wp\/v2\/categories?post=24743"},{"taxonomy":"post_tag","embeddable":true,"href":"https:\/\/crta.rs\/en\/wp-json\/wp\/v2\/tags?post=24743"}],"curies":[{"name":"wp","href":"https:\/\/api.w.org\/{rel}","templated":true}]}}