{"id":24568,"date":"2020-10-09T16:03:24","date_gmt":"2020-10-09T14:03:24","guid":{"rendered":"https:\/\/crta.rs\/?p=24568"},"modified":"2020-10-09T16:03:24","modified_gmt":"2020-10-09T14:03:24","slug":"job-opportunity-advocacy-manager","status":"publish","type":"post","link":"https:\/\/crta.rs\/en\/job-opportunity-advocacy-manager\/","title":{"rendered":"Job Opportunity: Advocacy Manager"},"content":{"rendered":"<p>We are looking for a colleague committed to supporting democracy, parliamentarism, elections, activism, media, civil society, to strengthen our program \u201cDemocratic Institutions\u201d from the position of the Advocacy Manager.<\/p>\n<p>Advocacy Manager is responsible for development and implementation of programs, managing project teams, preparation of program strategies, periodic activity and communication plans, with consideration of the political context, and analyses and data obtained through CRTA\u2019s different initiatives, as well as through other sources.<\/p>\n<p>If you value democracy and understand political conditions in Serbia, approach problem solving creatively and with innovation, and enjoy working in a dynamic environment, please send us your CV presenting your advocacy experience, along with a short essay with up to 500 words focusing on one of the following topics:<\/p>\n<ol>\n<li>How to bridge the gap between citizens and their representatives in the Parliament?<\/li>\n<li>Which actions could help strengthen the role of independent institutions?<\/li>\n<li>How to motivate citizens for democratic participation?<\/li>\n<li>What is needed today to successfully advocate for democracy in Serbia?<\/li>\n<\/ol>\n<p>Please send your application to\u00a0<a href=\"mailto:budideo@crta.rs\">budideo@crta.rs<\/a>\u00a0no later than Monday, October 26, 2020 by 23:59.<\/p>\n<p>Incomplete applications will not be considered for the next selection round.<\/p>\n<p>&nbsp;<\/p>\n<p>&nbsp;<\/p>\n","protected":false},"excerpt":{"rendered":"<p>We are looking for a colleague committed to supporting democracy, parliamentarism, elections, activism, media, civil society, to strengthen our program \u201cDemocratic Institutions\u201d from the position of the Advocacy Manager.<\/p>\n","protected":false},"author":3,"featured_media":24571,"comment_status":"closed","ping_status":"open","sticky":false,"template":"","format":"standard","meta":{"_acf_changed":false,"footnotes":"","_links_to":"","_links_to_target":""},"categories":[218],"tags":[],"class_list":["post-24568","post","type-post","status-publish","format-standard","has-post-thumbnail","hentry","category-latest-en","ciTrackContent"],"acf":[],"yoast_head":"<!-- This site is optimized with the Yoast SEO plugin v27.4 - https:\/\/yoast.com\/product\/yoast-seo-wordpress\/ -->\n<title>Job Opportunity: Advocacy Manager - CRTA<\/title>\n<meta name=\"robots\" content=\"index, follow, max-snippet:-1, max-image-preview:large, max-video-preview:-1\" \/>\n<link rel=\"canonical\" href=\"https:\/\/crta.rs\/en\/job-opportunity-advocacy-manager\/\" \/>\n<meta property=\"og:locale\" content=\"en_US\" \/>\n<meta property=\"og:type\" content=\"article\" \/>\n<meta property=\"og:title\" content=\"Job Opportunity: Advocacy Manager - CRTA\" \/>\n<meta property=\"og:description\" content=\"We are looking for a colleague committed to supporting democracy, parliamentarism, elections, activism, media, civil society, to strengthen our program \u201cDemocratic Institutions\u201d from the position of the Advocacy Manager.\" \/>\n<meta property=\"og:url\" content=\"https:\/\/crta.rs\/en\/job-opportunity-advocacy-manager\/\" \/>\n<meta property=\"og:site_name\" content=\"CRTA\" \/>\n<meta property=\"article:publisher\" content=\"https:\/\/www.facebook.com\/CRTArs\/\" \/>\n<meta property=\"article:published_time\" content=\"2020-10-09T14:03:24+00:00\" \/>\n<meta property=\"og:image\" content=\"https:\/\/crta.rs\/wp-content\/uploads\/2020\/10\/konkurs-AM-Aktuelno-EN.png\" \/>\n\t<meta property=\"og:image:width\" content=\"727\" \/>\n\t<meta property=\"og:image:height\" content=\"363\" \/>\n\t<meta property=\"og:image:type\" content=\"image\/png\" \/>\n<meta name=\"author\" content=\"milica\" \/>\n<meta name=\"twitter:card\" content=\"summary_large_image\" \/>\n<meta name=\"twitter:label1\" content=\"Written by\" \/>\n\t<meta name=\"twitter:data1\" content=\"milica\" \/>\n\t<meta name=\"twitter:label2\" content=\"Est. reading time\" \/>\n\t<meta name=\"twitter:data2\" content=\"1 minute\" \/>\n<script type=\"application\/ld+json\" class=\"yoast-schema-graph\">{\"@context\":\"https:\\\/\\\/schema.org\",\"@graph\":[{\"@type\":\"Article\",\"@id\":\"https:\\\/\\\/crta.rs\\\/en\\\/job-opportunity-advocacy-manager\\\/#article\",\"isPartOf\":{\"@id\":\"https:\\\/\\\/crta.rs\\\/en\\\/job-opportunity-advocacy-manager\\\/\"},\"author\":{\"name\":\"milica\",\"@id\":\"https:\\\/\\\/crta.rs\\\/en\\\/#\\\/schema\\\/person\\\/0cc37dbc4cb7d35b32379de6f98e1c7f\"},\"headline\":\"Job Opportunity: Advocacy Manager\",\"datePublished\":\"2020-10-09T14:03:24+00:00\",\"mainEntityOfPage\":{\"@id\":\"https:\\\/\\\/crta.rs\\\/en\\\/job-opportunity-advocacy-manager\\\/\"},\"wordCount\":194,\"image\":{\"@id\":\"https:\\\/\\\/crta.rs\\\/en\\\/job-opportunity-advocacy-manager\\\/#primaryimage\"},\"thumbnailUrl\":\"https:\\\/\\\/crta.rs\\\/wp-content\\\/uploads\\\/2020\\\/10\\\/konkurs-AM-Aktuelno-EN.png\",\"articleSection\":[\"Latest\"],\"inLanguage\":\"en-US\"},{\"@type\":\"WebPage\",\"@id\":\"https:\\\/\\\/crta.rs\\\/en\\\/job-opportunity-advocacy-manager\\\/\",\"url\":\"https:\\\/\\\/crta.rs\\\/en\\\/job-opportunity-advocacy-manager\\\/\",\"name\":\"Job Opportunity: Advocacy Manager - CRTA\",\"isPartOf\":{\"@id\":\"https:\\\/\\\/crta.rs\\\/en\\\/#website\"},\"primaryImageOfPage\":{\"@id\":\"https:\\\/\\\/crta.rs\\\/en\\\/job-opportunity-advocacy-manager\\\/#primaryimage\"},\"image\":{\"@id\":\"https:\\\/\\\/crta.rs\\\/en\\\/job-opportunity-advocacy-manager\\\/#primaryimage\"},\"thumbnailUrl\":\"https:\\\/\\\/crta.rs\\\/wp-content\\\/uploads\\\/2020\\\/10\\\/konkurs-AM-Aktuelno-EN.png\",\"datePublished\":\"2020-10-09T14:03:24+00:00\",\"author\":{\"@id\":\"https:\\\/\\\/crta.rs\\\/en\\\/#\\\/schema\\\/person\\\/0cc37dbc4cb7d35b32379de6f98e1c7f\"},\"breadcrumb\":{\"@id\":\"https:\\\/\\\/crta.rs\\\/en\\\/job-opportunity-advocacy-manager\\\/#breadcrumb\"},\"inLanguage\":\"en-US\",\"potentialAction\":[{\"@type\":\"ReadAction\",\"target\":[\"https:\\\/\\\/crta.rs\\\/en\\\/job-opportunity-advocacy-manager\\\/\"]}]},{\"@type\":\"ImageObject\",\"inLanguage\":\"en-US\",\"@id\":\"https:\\\/\\\/crta.rs\\\/en\\\/job-opportunity-advocacy-manager\\\/#primaryimage\",\"url\":\"https:\\\/\\\/crta.rs\\\/wp-content\\\/uploads\\\/2020\\\/10\\\/konkurs-AM-Aktuelno-EN.png\",\"contentUrl\":\"https:\\\/\\\/crta.rs\\\/wp-content\\\/uploads\\\/2020\\\/10\\\/konkurs-AM-Aktuelno-EN.png\",\"width\":727,\"height\":363},{\"@type\":\"BreadcrumbList\",\"@id\":\"https:\\\/\\\/crta.rs\\\/en\\\/job-opportunity-advocacy-manager\\\/#breadcrumb\",\"itemListElement\":[{\"@type\":\"ListItem\",\"position\":1,\"name\":\"Home\",\"item\":\"https:\\\/\\\/crta.rs\\\/en\\\/\"},{\"@type\":\"ListItem\",\"position\":2,\"name\":\"Latest\",\"item\":\"https:\\\/\\\/crta.rs\\\/en\\\/category\\\/latest-en\\\/\"},{\"@type\":\"ListItem\",\"position\":3,\"name\":\"Job Opportunity: Advocacy Manager\"}]},{\"@type\":\"WebSite\",\"@id\":\"https:\\\/\\\/crta.rs\\\/en\\\/#website\",\"url\":\"https:\\\/\\\/crta.rs\\\/en\\\/\",\"name\":\"CRTA\",\"description\":\"Mi smo grupa aktivista i novinara koja zajedno sa gra\u0111anima uti\u010de na pove\u0107anje odgovornosti institucija i javnih funkcionera kroz pra\u0107enje i kontrolu njihovog rada.\",\"potentialAction\":[{\"@type\":\"SearchAction\",\"target\":{\"@type\":\"EntryPoint\",\"urlTemplate\":\"https:\\\/\\\/crta.rs\\\/en\\\/?s={search_term_string}\"},\"query-input\":{\"@type\":\"PropertyValueSpecification\",\"valueRequired\":true,\"valueName\":\"search_term_string\"}}],\"inLanguage\":\"en-US\"},{\"@type\":\"Person\",\"@id\":\"https:\\\/\\\/crta.rs\\\/en\\\/#\\\/schema\\\/person\\\/0cc37dbc4cb7d35b32379de6f98e1c7f\",\"name\":\"milica\",\"url\":\"https:\\\/\\\/crta.rs\\\/en\\\/author\\\/milica\\\/\"}]}<\/script>\n<!-- \/ Yoast SEO plugin. -->","yoast_head_json":{"title":"Job Opportunity: Advocacy Manager - CRTA","robots":{"index":"index","follow":"follow","max-snippet":"max-snippet:-1","max-image-preview":"max-image-preview:large","max-video-preview":"max-video-preview:-1"},"canonical":"https:\/\/crta.rs\/en\/job-opportunity-advocacy-manager\/","og_locale":"en_US","og_type":"article","og_title":"Job Opportunity: Advocacy Manager - CRTA","og_description":"We are looking for a colleague committed to supporting democracy, parliamentarism, elections, activism, media, civil society, to strengthen our program \u201cDemocratic Institutions\u201d from the position of the Advocacy Manager.","og_url":"https:\/\/crta.rs\/en\/job-opportunity-advocacy-manager\/","og_site_name":"CRTA","article_publisher":"https:\/\/www.facebook.com\/CRTArs\/","article_published_time":"2020-10-09T14:03:24+00:00","og_image":[{"width":727,"height":363,"url":"https:\/\/crta.rs\/wp-content\/uploads\/2020\/10\/konkurs-AM-Aktuelno-EN.png","type":"image\/png"}],"author":"milica","twitter_card":"summary_large_image","twitter_misc":{"Written by":"milica","Est. reading time":"1 minute"},"schema":{"@context":"https:\/\/schema.org","@graph":[{"@type":"Article","@id":"https:\/\/crta.rs\/en\/job-opportunity-advocacy-manager\/#article","isPartOf":{"@id":"https:\/\/crta.rs\/en\/job-opportunity-advocacy-manager\/"},"author":{"name":"milica","@id":"https:\/\/crta.rs\/en\/#\/schema\/person\/0cc37dbc4cb7d35b32379de6f98e1c7f"},"headline":"Job Opportunity: Advocacy Manager","datePublished":"2020-10-09T14:03:24+00:00","mainEntityOfPage":{"@id":"https:\/\/crta.rs\/en\/job-opportunity-advocacy-manager\/"},"wordCount":194,"image":{"@id":"https:\/\/crta.rs\/en\/job-opportunity-advocacy-manager\/#primaryimage"},"thumbnailUrl":"https:\/\/crta.rs\/wp-content\/uploads\/2020\/10\/konkurs-AM-Aktuelno-EN.png","articleSection":["Latest"],"inLanguage":"en-US"},{"@type":"WebPage","@id":"https:\/\/crta.rs\/en\/job-opportunity-advocacy-manager\/","url":"https:\/\/crta.rs\/en\/job-opportunity-advocacy-manager\/","name":"Job Opportunity: Advocacy Manager - CRTA","isPartOf":{"@id":"https:\/\/crta.rs\/en\/#website"},"primaryImageOfPage":{"@id":"https:\/\/crta.rs\/en\/job-opportunity-advocacy-manager\/#primaryimage"},"image":{"@id":"https:\/\/crta.rs\/en\/job-opportunity-advocacy-manager\/#primaryimage"},"thumbnailUrl":"https:\/\/crta.rs\/wp-content\/uploads\/2020\/10\/konkurs-AM-Aktuelno-EN.png","datePublished":"2020-10-09T14:03:24+00:00","author":{"@id":"https:\/\/crta.rs\/en\/#\/schema\/person\/0cc37dbc4cb7d35b32379de6f98e1c7f"},"breadcrumb":{"@id":"https:\/\/crta.rs\/en\/job-opportunity-advocacy-manager\/#breadcrumb"},"inLanguage":"en-US","potentialAction":[{"@type":"ReadAction","target":["https:\/\/crta.rs\/en\/job-opportunity-advocacy-manager\/"]}]},{"@type":"ImageObject","inLanguage":"en-US","@id":"https:\/\/crta.rs\/en\/job-opportunity-advocacy-manager\/#primaryimage","url":"https:\/\/crta.rs\/wp-content\/uploads\/2020\/10\/konkurs-AM-Aktuelno-EN.png","contentUrl":"https:\/\/crta.rs\/wp-content\/uploads\/2020\/10\/konkurs-AM-Aktuelno-EN.png","width":727,"height":363},{"@type":"BreadcrumbList","@id":"https:\/\/crta.rs\/en\/job-opportunity-advocacy-manager\/#breadcrumb","itemListElement":[{"@type":"ListItem","position":1,"name":"Home","item":"https:\/\/crta.rs\/en\/"},{"@type":"ListItem","position":2,"name":"Latest","item":"https:\/\/crta.rs\/en\/category\/latest-en\/"},{"@type":"ListItem","position":3,"name":"Job Opportunity: Advocacy Manager"}]},{"@type":"WebSite","@id":"https:\/\/crta.rs\/en\/#website","url":"https:\/\/crta.rs\/en\/","name":"CRTA","description":"Mi smo grupa aktivista i novinara koja zajedno sa gra\u0111anima uti\u010de na pove\u0107anje odgovornosti institucija i javnih funkcionera kroz pra\u0107enje i kontrolu njihovog rada.","potentialAction":[{"@type":"SearchAction","target":{"@type":"EntryPoint","urlTemplate":"https:\/\/crta.rs\/en\/?s={search_term_string}"},"query-input":{"@type":"PropertyValueSpecification","valueRequired":true,"valueName":"search_term_string"}}],"inLanguage":"en-US"},{"@type":"Person","@id":"https:\/\/crta.rs\/en\/#\/schema\/person\/0cc37dbc4cb7d35b32379de6f98e1c7f","name":"milica","url":"https:\/\/crta.rs\/en\/author\/milica\/"}]}},"_links":{"self":[{"href":"https:\/\/crta.rs\/en\/wp-json\/wp\/v2\/posts\/24568","targetHints":{"allow":["GET"]}}],"collection":[{"href":"https:\/\/crta.rs\/en\/wp-json\/wp\/v2\/posts"}],"about":[{"href":"https:\/\/crta.rs\/en\/wp-json\/wp\/v2\/types\/post"}],"author":[{"embeddable":true,"href":"https:\/\/crta.rs\/en\/wp-json\/wp\/v2\/users\/3"}],"replies":[{"embeddable":true,"href":"https:\/\/crta.rs\/en\/wp-json\/wp\/v2\/comments?post=24568"}],"version-history":[{"count":1,"href":"https:\/\/crta.rs\/en\/wp-json\/wp\/v2\/posts\/24568\/revisions"}],"predecessor-version":[{"id":24573,"href":"https:\/\/crta.rs\/en\/wp-json\/wp\/v2\/posts\/24568\/revisions\/24573"}],"wp:featuredmedia":[{"embeddable":true,"href":"https:\/\/crta.rs\/en\/wp-json\/wp\/v2\/media\/24571"}],"wp:attachment":[{"href":"https:\/\/crta.rs\/en\/wp-json\/wp\/v2\/media?parent=24568"}],"wp:term":[{"taxonomy":"category","embeddable":true,"href":"https:\/\/crta.rs\/en\/wp-json\/wp\/v2\/categories?post=24568"},{"taxonomy":"post_tag","embeddable":true,"href":"https:\/\/crta.rs\/en\/wp-json\/wp\/v2\/tags?post=24568"}],"curies":[{"name":"wp","href":"https:\/\/api.w.org\/{rel}","templated":true}]}}