{"id":24047,"date":"2020-07-28T21:10:38","date_gmt":"2020-07-28T19:10:38","guid":{"rendered":"https:\/\/crta.rs\/?p=24047"},"modified":"2020-08-09T14:45:28","modified_gmt":"2020-08-09T12:45:28","slug":"civil-society-and-media-will-not-give-up-the-fight-for-a-democratic-and-free-serbia","status":"publish","type":"post","link":"https:\/\/crta.rs\/en\/civil-society-and-media-will-not-give-up-the-fight-for-a-democratic-and-free-serbia\/","title":{"rendered":"Civil society and media will not give up the fight for a democratic and free Serbia"},"content":{"rendered":"<p>The media and civil society organizations demand from the Ministry of Finance and the Administration for the Prevention of Money Laundering to immediately present the grounds for suspicion due to which they ordered the extraordinary collection of information about organizations, media, and individuals from the commercial banks. The article of the law, referred to by the director of the Administration for the Prevention of Money Laundering, states that such inspection should be performed exclusively for organizations for which there are grounds for suspicion of their involvement in the financing of terrorism. Since the list includes numerous organizations and individuals dealing with investigative journalism, protection of human rights, transparency, film production, development of democracy, rule of law and philanthropy, the conclusion is that this is a political abuse of institutions and a dangerous attempt to further collapse the rule of law in Serbia.<\/p>\n<p>The abuse of legal mechanisms and institutions to unlawfully put pressure on the media and civil society organizations is a drastic attack on freedom of association and freedom of information. For years, the government in Serbia has been facing serious criticism from both international and domestic organizations regarding the threat to these two important freedoms. Such an attack on organizations that advocate for establishing Serbia as a state governed by the rule of law with respect for the law and a genuine fight against corruption, is an additional argument that these values are seriously endangered in Serbia. Organizations, media and citizens will not give up the fight for a free and democratic state, regardless of threats and pressures. Such and similar moves by the authorities only further motivate us as citizens to persevere in the defense of our own country.<\/p>\n<p>The media and organizations will take all appropriate legal actions against those involved in this abuse, including the prosecution of those responsible, but above all they will insist on complete and clear answers on how this could have happened. We remind the public that the organizations and media from the list are subject to various types of regular state control, including inspections and rigorous checks of financial operations by the Tax Administration and the National Bank of Serbia, as well as by their own donors. Any legal inspection of the work of organizations is welcome and we will always support it. On the other hand, we will fiercely oppose the abuse of institutions and procedures, because that is our mission &#8211; the fight for a democratic and legal state.<\/p>\n<p>Signatories:<\/p>\n<ol>\n<li>A1 Novi Pazar<\/li>\n<li>Academy of Women\u2019s Leadership<\/li>\n<li>Aida Corovic, HUman rights activist<\/li>\n<li>Alliance of Antifascists of Vojvodina<\/li>\n<li>Alternative Girls\u2019 Center<\/li>\n<li>Dr Sre\u0107ko Djuki\u0107, Forum for International Relations of the European Movement in Serbia (FMO)<\/li>\n<li>Andja Jocic<\/li>\n<li>Anja Andjusic, FM<\/li>\n<li>AS \u2013 Center for Empowerment of Young People Living with HIV and AIDS<\/li>\n<li>Association &#8220;Na\u0161 svet, na\u0161a pravila&#8221;<\/li>\n<li>Association \u201cKutija\u201d, Nis<\/li>\n<li>Association Fenomena<\/li>\n<li>Association for Consumer Protection &#8220;Prosperity&#8221; &#8211; Novi Sad<\/li>\n<li>Association for the help of mentally challenged people \u201cPearl\u201c of the municipality of Srbobran<\/li>\n<li>Association iRevolution Valjevo<\/li>\n<li>Association Lu\u017enica- my house Babu\u0161nica<\/li>\n<li>Association of Citizens \u201cNE-BO\u201d, Negotin<\/li>\n<li>Association of Independent Electronic Media \u2013 ANEM<\/li>\n<li>Association of parents and children Brodi\u0107 Parki\u0107<\/li>\n<li>Association Prostor, Belgrade<\/li>\n<li>Association Stara planina Pirot<\/li>\n<li>Association Voice of Citizens of \u0160umadija, Kragujevac<\/li>\n<li>Associations Film Club Prokuplje<\/li>\n<li>ASTRA &#8211; Anti Trafficking Action<\/li>\n<li>Autonomous Women\u2019s Center<\/li>\n<li>B92 Fund<\/li>\n<li>Balkan Civil Society Develepoment Network<\/li>\n<li>BalkanIDEA Novi Sad<\/li>\n<li>Becej Youth Association<\/li>\n<li>BeFem<\/li>\n<li>Belgrade Center for Human Rights<\/li>\n<li>Belgrade Center for Security Policy<\/li>\n<li>Belgrade Fund for Political Excellence<\/li>\n<li>Belgrade Open School<\/li>\n<li>Belgrade Pride<\/li>\n<li>Beta News agency<\/li>\n<li>Biber team<\/li>\n<li>Biljana Stepanovi\u0107<\/li>\n<li>BIRN<\/li>\n<li>BIRODI<\/li>\n<li>Boom93<\/li>\n<li>Borivoj Staji\u0107<\/li>\n<li>Branko Vuckovic, a journalist from Kragujevac<\/li>\n<li>Business Association of Local and Independent Media Association &#8220;Lokal Press&#8221;<\/li>\n<li>Business Info Group<\/li>\n<li>CANVAS<\/li>\n<li>Catalyst Balkans Foundation<\/li>\n<li>Center E8<\/li>\n<li>Center for Applied Psychology<\/li>\n<li>Center for Contemporary Politics<\/li>\n<li>Center for Democracy and Development of Southern Serbia<\/li>\n<li>Center for Democracy Foundation<\/li>\n<li>Center for Development of Serbia<\/li>\n<li>Center for Independent Living of Persons with Disabilities in Serbia<\/li>\n<li>Center for Local Media Development<\/li>\n<li>Center for moms, Belgrade<\/li>\n<li>Center for Monitoring &amp; Activism &#8211; CEMA<\/li>\n<li>Center for Nonviolent Action<\/li>\n<li>Center for Policy Research<\/li>\n<li>Center for Policy Research Argument<\/li>\n<li>Center for Protection, Education and Empowerment of Refugees Info Park<\/li>\n<li>Center for Regionalism Novi Sad<\/li>\n<li>Center for Social Dialogue and Regional Initiatives &#8211; CDDRI<\/li>\n<li>Center for Social Policy, Belgrade<\/li>\n<li>Center for the Advancement of Society<\/li>\n<li>Center for the Rule of Law<\/li>\n<li>Center for Women\u2019s Studies<\/li>\n<li>Centre Living Upright<\/li>\n<li>Centre of Modern Skills<\/li>\n<li>CeSID<\/li>\n<li>Chil Rights Centre<\/li>\n<li>CINS<\/li>\n<li>Citizens Association for Combating Trafficking in Human Beings and All Forms of Gender-Based Violence (ATINA)<\/li>\n<li>Citizens&#8217; Association Institute for Corruption Research, Pancevo<\/li>\n<li>Citizens\u2019 Association AIM Center<\/li>\n<li>City radio<\/li>\n<li>Civic attitude<\/li>\n<li>Civic Council of the City of Kraljevo<\/li>\n<li>Civic Initiatives<\/li>\n<li>Civil action Pancevo<\/li>\n<li>Civil Rights Defenders<\/li>\n<li>CK13<\/li>\n<li>Coalition for Solidarity Economy Development<\/li>\n<li>Coalition for Sustainable Development &#8211; CSD, Skopje<\/li>\n<li>Coalition PreUgovor<\/li>\n<li>Conceptual Policy Group, Novi Sad<\/li>\n<li>Consultations for lesbians<\/li>\n<li>Co-PLAN, Institute for Habitat Development, Albania<\/li>\n<li>CRTA<\/li>\n<li>Da se zna!<\/li>\n<li>Daca Jovi\u0107, activist<\/li>\n<li>Daily Danas<\/li>\n<li>Dajana \u0110edovi\u0107, Forum for Culture of the European Movement in Serbia (FzK)<\/li>\n<li>Dijalog.net Valjevo<\/li>\n<li>Djordje Popovi\u0107, FMO<\/li>\n<li>Don\u2019t let Belgrade d(r)own<\/li>\n<li>Dr Aleksandra Bosni\u0107 \u0110uri\u0107, cultural scientist<\/li>\n<li>Dr Ljubomir Jacic<\/li>\n<li>Dr Milorad \u0110uri\u0107, political scientist<\/li>\n<li>Dr Sonja Avlija\u0161, FzK<\/li>\n<li>Dragan Sre\u0107kovi\u0107<\/li>\n<li>Drug Policy Network in South East Europe<\/li>\n<li>Duga Association<\/li>\n<li>Du\u0161ko Radosavljevi\u0107<\/li>\n<li>Ecogenesis Association<\/li>\n<li>Educational Center Krusevac<\/li>\n<li>Environment Engineering group<\/li>\n<li>Eurocontact, Krusevac<\/li>\n<li>European Movement in Serbia<\/li>\n<li>European Movement in Serbia Leskovac<\/li>\n<li>European Movement Valjevo (Slavica and Vladimir Panti\u0107)<\/li>\n<li>European Policy Centre<\/li>\n<li>FEMIX Young Women Collective<\/li>\n<li>FemPlatz<\/li>\n<li>Forca Po\u017eega<\/li>\n<li>Foundation Ana and Vlade Divac<\/li>\n<li>Foundation for Freedom of the Press \u2013 Senta<\/li>\n<li>Foundation Pons Nis<\/li>\n<li>Giancarlo Cotella, Associate professor at Politecnico di Torino<\/li>\n<li>Goran Cetinic, FMO member<\/li>\n<li>Green Network of Vojvodina<\/li>\n<li>Heart Center, Novi Sad<\/li>\n<li>Heartefact Fund<\/li>\n<li>Helsinki Committee for Human Rights<\/li>\n<li>Human Rights Committee Negotin<\/li>\n<li>Human Rights Committee Nis<\/li>\n<li>Human Rights Committee Valjevo<\/li>\n<li>Humanitarian Center Mitrovica<\/li>\n<li>Humanitarian Law Center<\/li>\n<li>Igor Mihaljevi\u0107, journalist<\/li>\n<li>Impulse \u2013 Tutin<\/li>\n<li>Independent Association of Journalists of Vojvodina<\/li>\n<li>Independent cultural scene of Serbia &#8211; NKSS<\/li>\n<li>Independent Journalists\u2019 Association of Serbia (NUNS)<\/li>\n<li>Informal association &#8220;Za na\u0161 kej&#8221;, Belgrade<\/li>\n<li>InfoVranjske<\/li>\n<li>Initiative A11<\/li>\n<li>Initiative for Po\u017eega<\/li>\n<li>Institute for European Affairs<\/li>\n<li>Integrity Center, Nis<\/li>\n<li>InTER<\/li>\n<li>Internet portal \u201cMedia box\u201d, Nis<\/li>\n<li>ISAC Fund<\/li>\n<li>Ivan Medenica, FzK<\/li>\n<li>Ivan Nini\u0107<\/li>\n<li>Ivana Jovanovi\u0107, European Youth Movement Forum in Serbia (FM)<\/li>\n<li>Iz kruga &#8211; Vojvodina<\/li>\n<li>Iza\u0111i group<\/li>\n<li>Jasmina Borojevic<\/li>\n<li>Jedi movement, Nis<\/li>\n<li>Jelena Erdeljan FzK<\/li>\n<li>Jelena \u0160anti\u0107 Foundation<\/li>\n<li>Ju\u017ene vesti<\/li>\n<li>KC Grad, Belgrade<\/li>\n<li>Kolubara District Women\u2019s Association<\/li>\n<li>Kolubarske.rs<\/li>\n<li>Kragujevac newspapers<\/li>\n<li>Kreni-Promeni Association<\/li>\n<li>KRIK<\/li>\n<li>Libek<\/li>\n<li>Link plus<\/li>\n<li>Loznica Pact<\/li>\n<li>Majdanpek Resource Center<\/li>\n<li>Media and Reform Center Nis<\/li>\n<li>Media Association<\/li>\n<li>Mental Disability Rights Initiative of Serbia (MDRI-Serbia<\/li>\n<li>Mese\u010dina Foundation, Subotica<\/li>\n<li>Milan Antonijevic<\/li>\n<li>Milena Dragicevic Sesic (FzK)<\/li>\n<li>Milena Stefanovic European Fund for the Balkans<\/li>\n<li>Milivoj Be\u0161lin, FMO<\/li>\n<li>MillenniuM<\/li>\n<li>Mina Aleksic, Belgrade<\/li>\n<li>National Coalition for Decentralization<\/li>\n<li>National Convention on the European Union<\/li>\n<li>National Youth Council of Serbia<\/li>\n<li>Nedim Sejdinovi\u0107, journalist<\/li>\n<li>Nenad \u0160ebek, Media and CSO Consultant<\/li>\n<li>Network of Human Rights Committees in Serbia CHRIS<\/li>\n<li>Network of the European Movement in Serbia<\/li>\n<li>New Economy<\/li>\n<li>New Media Center kuda.org, Novi Sad<\/li>\n<li>New optimism<\/li>\n<li>New Social Initiative \u2013 NSI<\/li>\n<li>New Solidarity Network<\/li>\n<li>Newspaper &#8220;Grad&#8221;, Kru\u0161evac<\/li>\n<li>NGO Aktiv<\/li>\n<li>NGO Center for the Development of Liberalism<\/li>\n<li>NON-ALIGNED FILMS<\/li>\n<li>Non-Smoking Educational Center Association _ RP<\/li>\n<li>Novi Sad Humanitarian Center<\/li>\n<li>Novi Sad Open Club<\/li>\n<li>Novi Sad School of Journalism<\/li>\n<li>Obrenovac Youth Foundation<\/li>\n<li>Online Media Association<\/li>\n<li>Open Society Foundation<\/li>\n<li>Optimist, Bosilegrad<\/li>\n<li>Organization for Respect and Care of Animals &#8211; ORCA<\/li>\n<li>Partners Serbia<\/li>\n<li>PATOS, Smederevo<\/li>\n<li>People&#8217;s Parliament Leskovac<\/li>\n<li>Pe\u0161\u010danik<\/li>\n<li>PG Network<\/li>\n<li>&#8216;Podrinske&#8221; \u0160abac<\/li>\n<li>Podrinje Anti-Corruption Team Pact<\/li>\n<li>Policy Center<\/li>\n<li>Portal Kru\u0161evacgrad<\/li>\n<li>Portal SEEcult.org<\/li>\n<li>Praxis<\/li>\n<li>Proaktiv<\/li>\n<li>Dr. Vojin Rakic<\/li>\n<li>Propulsion Fund<\/li>\n<li>Protecta<\/li>\n<li>Radio Sto Plus Novi Pazar<\/li>\n<li>Radio Zlatousti<\/li>\n<li>Ravangrad Citizens\u2019 Association<\/li>\n<li>Reconstruction Women\u2019s Fund<\/li>\n<li>Reflektor theater (Spotlight theater)<\/li>\n<li>Regional Information Agency JUGpress<\/li>\n<li>Re-Kraft<\/li>\n<li>Remark DPCM<\/li>\n<li>RERI<\/li>\n<li>Res Publica Kragujevac<\/li>\n<li>Roma Center Kragujevac<\/li>\n<li>Roma World, Nis<\/li>\n<li>Romani Cikna<\/li>\n<li>Sandzak Committee for the Protection of Human Rights and Freedoms<\/li>\n<li>Sanja Iva\u010di\u0107, FMO<\/li>\n<li>SF-SN!<\/li>\n<li>Slavica Milojevic<\/li>\n<li>Slavica Ranisavljev Kovacev, Novi Sad<\/li>\n<li>Slavica Stojanovi\u0107<\/li>\n<li>Slavko \u0106uruvija Foundation<\/li>\n<li>Slobodan Georgiev<\/li>\n<li>Smart collective<\/li>\n<li>Society for Adult Education<\/li>\n<li>Soinfo.org<\/li>\n<li>SOS Women&#8217;s Center Novi Sad<\/li>\n<li>Strahinja Braju\u0161kovi\u0107, Senior consultant and member of the Working group of NCEU for Chapter 23<\/li>\n<li>Streets for cyclists, Belgrade<\/li>\n<li>Students for Liberty \u2013 Serbia<\/li>\n<li>Tamara Spasojevic<\/li>\n<li>The Lawyers\u2019 Committee For Human Rights (YUCOM)<\/li>\n<li>The movement of the citizens of Novi Sad<\/li>\n<li>Tijana Juri\u0107 Foundation<\/li>\n<li>Timok Youth Center \u2013 TOC, Zajecar<\/li>\n<li>Trag Foundation<\/li>\n<li>Transparency Serbia<\/li>\n<li>UG Center for Civil Values from Subotica<\/li>\n<li>Union of Doctors and Pharmacists of Serbia<\/li>\n<li>United Trade Unions of Serbia Sloga<\/li>\n<li>Urban In \u2013 Novi Pazar<\/li>\n<li>USOP &#8211; Union of Organizations of Serbia dealing with the protection of people living with HIV and AIDS<\/li>\n<li>Uzice Center for Children&#8217;s Rights<\/li>\n<li>Uzice Center for Democracy and Human Rights<\/li>\n<li>Vega Youth Center<\/li>\n<li>Vesna Peri\u0107<\/li>\n<li>Victimology Society of Serbia<\/li>\n<li>Vladan Jovanovi\u0107 &#8211; independent regional consultant in the field of social protection, children&#8217;s rights, human and minority rights<\/li>\n<li>Vojvodina Civic Center<\/li>\n<li>Vojvodina recommended<\/li>\n<li>Vranje Development and Integration Team<\/li>\n<li>Vuka\u0161in Obradovi\u0107<\/li>\n<li>Women for Peace Leskovac<\/li>\n<li>Women in Black<\/li>\n<li>Women\u2019s Association Pe\u0161\u010danik Kru\u0161evac<\/li>\n<li>Young researchers of Serbia<\/li>\n<li>Youth Empowerment Club 018<\/li>\n<li>Youth Initiative for Human Rights<\/li>\n<li>Zajecar Initiative<\/li>\n<li>Zvezda Center, Belgrade<\/li>\n<\/ol>\n","protected":false},"excerpt":{"rendered":"<p>The media and civil society organizations demand from the Ministry of Finance and the Administration for the Prevention of Money Laundering to immediately present the grounds for suspicion due to which they ordered the extraordinary collection of information about organizations, media, and individuals from the commercial banks.<\/p>\n","protected":false},"author":3,"featured_media":24040,"comment_status":"closed","ping_status":"open","sticky":false,"template":"","format":"standard","meta":{"_acf_changed":false,"footnotes":"","_links_to":"","_links_to_target":""},"categories":[218],"tags":[],"class_list":["post-24047","post","type-post","status-publish","format-standard","has-post-thumbnail","hentry","category-latest-en","ciTrackContent"],"acf":[],"yoast_head":"<!-- This site is optimized with the Yoast SEO plugin v27.4 - https:\/\/yoast.com\/product\/yoast-seo-wordpress\/ -->\n<title>Civil society and media will not give up the fight for a democratic and free Serbia - CRTA<\/title>\n<meta name=\"robots\" content=\"index, follow, max-snippet:-1, max-image-preview:large, max-video-preview:-1\" \/>\n<link rel=\"canonical\" href=\"https:\/\/crta.rs\/en\/civil-society-and-media-will-not-give-up-the-fight-for-a-democratic-and-free-serbia\/\" \/>\n<meta property=\"og:locale\" content=\"en_US\" \/>\n<meta property=\"og:type\" content=\"article\" \/>\n<meta property=\"og:title\" content=\"Civil society and media will not give up the fight for a democratic and free Serbia - CRTA\" \/>\n<meta property=\"og:description\" content=\"The media and civil society organizations demand from the Ministry of Finance and the Administration for the Prevention of Money Laundering to immediately present the grounds for suspicion due to which they ordered the extraordinary collection of information about organizations, media, and individuals from the commercial banks.\" \/>\n<meta property=\"og:url\" content=\"https:\/\/crta.rs\/en\/civil-society-and-media-will-not-give-up-the-fight-for-a-democratic-and-free-serbia\/\" \/>\n<meta property=\"og:site_name\" content=\"CRTA\" \/>\n<meta property=\"article:publisher\" content=\"https:\/\/www.facebook.com\/CRTArs\/\" \/>\n<meta property=\"article:published_time\" content=\"2020-07-28T19:10:38+00:00\" \/>\n<meta property=\"article:modified_time\" content=\"2020-08-09T12:45:28+00:00\" \/>\n<meta property=\"og:image\" content=\"https:\/\/crta.rs\/wp-content\/uploads\/2020\/07\/aktivizam-vest.png\" \/>\n\t<meta property=\"og:image:width\" content=\"1200\" \/>\n\t<meta property=\"og:image:height\" content=\"628\" \/>\n\t<meta property=\"og:image:type\" content=\"image\/png\" \/>\n<meta name=\"author\" content=\"milica\" \/>\n<meta name=\"twitter:card\" content=\"summary_large_image\" \/>\n<meta name=\"twitter:label1\" content=\"Written by\" \/>\n\t<meta name=\"twitter:data1\" content=\"milica\" \/>\n\t<meta name=\"twitter:label2\" content=\"Est. reading time\" \/>\n\t<meta name=\"twitter:data2\" content=\"8 minutes\" \/>\n<script type=\"application\/ld+json\" class=\"yoast-schema-graph\">{\"@context\":\"https:\\\/\\\/schema.org\",\"@graph\":[{\"@type\":\"Article\",\"@id\":\"https:\\\/\\\/crta.rs\\\/en\\\/civil-society-and-media-will-not-give-up-the-fight-for-a-democratic-and-free-serbia\\\/#article\",\"isPartOf\":{\"@id\":\"https:\\\/\\\/crta.rs\\\/en\\\/civil-society-and-media-will-not-give-up-the-fight-for-a-democratic-and-free-serbia\\\/\"},\"author\":{\"name\":\"milica\",\"@id\":\"https:\\\/\\\/crta.rs\\\/en\\\/#\\\/schema\\\/person\\\/0cc37dbc4cb7d35b32379de6f98e1c7f\"},\"headline\":\"Civil society and media will not give up the fight for a democratic and free Serbia\",\"datePublished\":\"2020-07-28T19:10:38+00:00\",\"dateModified\":\"2020-08-09T12:45:28+00:00\",\"mainEntityOfPage\":{\"@id\":\"https:\\\/\\\/crta.rs\\\/en\\\/civil-society-and-media-will-not-give-up-the-fight-for-a-democratic-and-free-serbia\\\/\"},\"wordCount\":1552,\"image\":{\"@id\":\"https:\\\/\\\/crta.rs\\\/en\\\/civil-society-and-media-will-not-give-up-the-fight-for-a-democratic-and-free-serbia\\\/#primaryimage\"},\"thumbnailUrl\":\"https:\\\/\\\/crta.rs\\\/wp-content\\\/uploads\\\/2020\\\/07\\\/aktivizam-vest.png\",\"articleSection\":[\"Latest\"],\"inLanguage\":\"en-US\"},{\"@type\":\"WebPage\",\"@id\":\"https:\\\/\\\/crta.rs\\\/en\\\/civil-society-and-media-will-not-give-up-the-fight-for-a-democratic-and-free-serbia\\\/\",\"url\":\"https:\\\/\\\/crta.rs\\\/en\\\/civil-society-and-media-will-not-give-up-the-fight-for-a-democratic-and-free-serbia\\\/\",\"name\":\"Civil society and media will not give up the fight for a democratic and free Serbia - CRTA\",\"isPartOf\":{\"@id\":\"https:\\\/\\\/crta.rs\\\/en\\\/#website\"},\"primaryImageOfPage\":{\"@id\":\"https:\\\/\\\/crta.rs\\\/en\\\/civil-society-and-media-will-not-give-up-the-fight-for-a-democratic-and-free-serbia\\\/#primaryimage\"},\"image\":{\"@id\":\"https:\\\/\\\/crta.rs\\\/en\\\/civil-society-and-media-will-not-give-up-the-fight-for-a-democratic-and-free-serbia\\\/#primaryimage\"},\"thumbnailUrl\":\"https:\\\/\\\/crta.rs\\\/wp-content\\\/uploads\\\/2020\\\/07\\\/aktivizam-vest.png\",\"datePublished\":\"2020-07-28T19:10:38+00:00\",\"dateModified\":\"2020-08-09T12:45:28+00:00\",\"author\":{\"@id\":\"https:\\\/\\\/crta.rs\\\/en\\\/#\\\/schema\\\/person\\\/0cc37dbc4cb7d35b32379de6f98e1c7f\"},\"breadcrumb\":{\"@id\":\"https:\\\/\\\/crta.rs\\\/en\\\/civil-society-and-media-will-not-give-up-the-fight-for-a-democratic-and-free-serbia\\\/#breadcrumb\"},\"inLanguage\":\"en-US\",\"potentialAction\":[{\"@type\":\"ReadAction\",\"target\":[\"https:\\\/\\\/crta.rs\\\/en\\\/civil-society-and-media-will-not-give-up-the-fight-for-a-democratic-and-free-serbia\\\/\"]}]},{\"@type\":\"ImageObject\",\"inLanguage\":\"en-US\",\"@id\":\"https:\\\/\\\/crta.rs\\\/en\\\/civil-society-and-media-will-not-give-up-the-fight-for-a-democratic-and-free-serbia\\\/#primaryimage\",\"url\":\"https:\\\/\\\/crta.rs\\\/wp-content\\\/uploads\\\/2020\\\/07\\\/aktivizam-vest.png\",\"contentUrl\":\"https:\\\/\\\/crta.rs\\\/wp-content\\\/uploads\\\/2020\\\/07\\\/aktivizam-vest.png\",\"width\":1200,\"height\":628},{\"@type\":\"BreadcrumbList\",\"@id\":\"https:\\\/\\\/crta.rs\\\/en\\\/civil-society-and-media-will-not-give-up-the-fight-for-a-democratic-and-free-serbia\\\/#breadcrumb\",\"itemListElement\":[{\"@type\":\"ListItem\",\"position\":1,\"name\":\"Home\",\"item\":\"https:\\\/\\\/crta.rs\\\/en\\\/\"},{\"@type\":\"ListItem\",\"position\":2,\"name\":\"Latest\",\"item\":\"https:\\\/\\\/crta.rs\\\/en\\\/category\\\/latest-en\\\/\"},{\"@type\":\"ListItem\",\"position\":3,\"name\":\"Civil society and media will not give up the fight for a democratic and free Serbia\"}]},{\"@type\":\"WebSite\",\"@id\":\"https:\\\/\\\/crta.rs\\\/en\\\/#website\",\"url\":\"https:\\\/\\\/crta.rs\\\/en\\\/\",\"name\":\"CRTA\",\"description\":\"Mi smo grupa aktivista i novinara koja zajedno sa gra\u0111anima uti\u010de na pove\u0107anje odgovornosti institucija i javnih funkcionera kroz pra\u0107enje i kontrolu njihovog rada.\",\"potentialAction\":[{\"@type\":\"SearchAction\",\"target\":{\"@type\":\"EntryPoint\",\"urlTemplate\":\"https:\\\/\\\/crta.rs\\\/en\\\/?s={search_term_string}\"},\"query-input\":{\"@type\":\"PropertyValueSpecification\",\"valueRequired\":true,\"valueName\":\"search_term_string\"}}],\"inLanguage\":\"en-US\"},{\"@type\":\"Person\",\"@id\":\"https:\\\/\\\/crta.rs\\\/en\\\/#\\\/schema\\\/person\\\/0cc37dbc4cb7d35b32379de6f98e1c7f\",\"name\":\"milica\",\"url\":\"https:\\\/\\\/crta.rs\\\/en\\\/author\\\/milica\\\/\"}]}<\/script>\n<!-- \/ Yoast SEO plugin. -->","yoast_head_json":{"title":"Civil society and media will not give up the fight for a democratic and free Serbia - CRTA","robots":{"index":"index","follow":"follow","max-snippet":"max-snippet:-1","max-image-preview":"max-image-preview:large","max-video-preview":"max-video-preview:-1"},"canonical":"https:\/\/crta.rs\/en\/civil-society-and-media-will-not-give-up-the-fight-for-a-democratic-and-free-serbia\/","og_locale":"en_US","og_type":"article","og_title":"Civil society and media will not give up the fight for a democratic and free Serbia - CRTA","og_description":"The media and civil society organizations demand from the Ministry of Finance and the Administration for the Prevention of Money Laundering to immediately present the grounds for suspicion due to which they ordered the extraordinary collection of information about organizations, media, and individuals from the commercial banks.","og_url":"https:\/\/crta.rs\/en\/civil-society-and-media-will-not-give-up-the-fight-for-a-democratic-and-free-serbia\/","og_site_name":"CRTA","article_publisher":"https:\/\/www.facebook.com\/CRTArs\/","article_published_time":"2020-07-28T19:10:38+00:00","article_modified_time":"2020-08-09T12:45:28+00:00","og_image":[{"width":1200,"height":628,"url":"https:\/\/crta.rs\/wp-content\/uploads\/2020\/07\/aktivizam-vest.png","type":"image\/png"}],"author":"milica","twitter_card":"summary_large_image","twitter_misc":{"Written by":"milica","Est. reading time":"8 minutes"},"schema":{"@context":"https:\/\/schema.org","@graph":[{"@type":"Article","@id":"https:\/\/crta.rs\/en\/civil-society-and-media-will-not-give-up-the-fight-for-a-democratic-and-free-serbia\/#article","isPartOf":{"@id":"https:\/\/crta.rs\/en\/civil-society-and-media-will-not-give-up-the-fight-for-a-democratic-and-free-serbia\/"},"author":{"name":"milica","@id":"https:\/\/crta.rs\/en\/#\/schema\/person\/0cc37dbc4cb7d35b32379de6f98e1c7f"},"headline":"Civil society and media will not give up the fight for a democratic and free Serbia","datePublished":"2020-07-28T19:10:38+00:00","dateModified":"2020-08-09T12:45:28+00:00","mainEntityOfPage":{"@id":"https:\/\/crta.rs\/en\/civil-society-and-media-will-not-give-up-the-fight-for-a-democratic-and-free-serbia\/"},"wordCount":1552,"image":{"@id":"https:\/\/crta.rs\/en\/civil-society-and-media-will-not-give-up-the-fight-for-a-democratic-and-free-serbia\/#primaryimage"},"thumbnailUrl":"https:\/\/crta.rs\/wp-content\/uploads\/2020\/07\/aktivizam-vest.png","articleSection":["Latest"],"inLanguage":"en-US"},{"@type":"WebPage","@id":"https:\/\/crta.rs\/en\/civil-society-and-media-will-not-give-up-the-fight-for-a-democratic-and-free-serbia\/","url":"https:\/\/crta.rs\/en\/civil-society-and-media-will-not-give-up-the-fight-for-a-democratic-and-free-serbia\/","name":"Civil society and media will not give up the fight for a democratic and free Serbia - CRTA","isPartOf":{"@id":"https:\/\/crta.rs\/en\/#website"},"primaryImageOfPage":{"@id":"https:\/\/crta.rs\/en\/civil-society-and-media-will-not-give-up-the-fight-for-a-democratic-and-free-serbia\/#primaryimage"},"image":{"@id":"https:\/\/crta.rs\/en\/civil-society-and-media-will-not-give-up-the-fight-for-a-democratic-and-free-serbia\/#primaryimage"},"thumbnailUrl":"https:\/\/crta.rs\/wp-content\/uploads\/2020\/07\/aktivizam-vest.png","datePublished":"2020-07-28T19:10:38+00:00","dateModified":"2020-08-09T12:45:28+00:00","author":{"@id":"https:\/\/crta.rs\/en\/#\/schema\/person\/0cc37dbc4cb7d35b32379de6f98e1c7f"},"breadcrumb":{"@id":"https:\/\/crta.rs\/en\/civil-society-and-media-will-not-give-up-the-fight-for-a-democratic-and-free-serbia\/#breadcrumb"},"inLanguage":"en-US","potentialAction":[{"@type":"ReadAction","target":["https:\/\/crta.rs\/en\/civil-society-and-media-will-not-give-up-the-fight-for-a-democratic-and-free-serbia\/"]}]},{"@type":"ImageObject","inLanguage":"en-US","@id":"https:\/\/crta.rs\/en\/civil-society-and-media-will-not-give-up-the-fight-for-a-democratic-and-free-serbia\/#primaryimage","url":"https:\/\/crta.rs\/wp-content\/uploads\/2020\/07\/aktivizam-vest.png","contentUrl":"https:\/\/crta.rs\/wp-content\/uploads\/2020\/07\/aktivizam-vest.png","width":1200,"height":628},{"@type":"BreadcrumbList","@id":"https:\/\/crta.rs\/en\/civil-society-and-media-will-not-give-up-the-fight-for-a-democratic-and-free-serbia\/#breadcrumb","itemListElement":[{"@type":"ListItem","position":1,"name":"Home","item":"https:\/\/crta.rs\/en\/"},{"@type":"ListItem","position":2,"name":"Latest","item":"https:\/\/crta.rs\/en\/category\/latest-en\/"},{"@type":"ListItem","position":3,"name":"Civil society and media will not give up the fight for a democratic and free Serbia"}]},{"@type":"WebSite","@id":"https:\/\/crta.rs\/en\/#website","url":"https:\/\/crta.rs\/en\/","name":"CRTA","description":"Mi smo grupa aktivista i novinara koja zajedno sa gra\u0111anima uti\u010de na pove\u0107anje odgovornosti institucija i javnih funkcionera kroz pra\u0107enje i kontrolu njihovog rada.","potentialAction":[{"@type":"SearchAction","target":{"@type":"EntryPoint","urlTemplate":"https:\/\/crta.rs\/en\/?s={search_term_string}"},"query-input":{"@type":"PropertyValueSpecification","valueRequired":true,"valueName":"search_term_string"}}],"inLanguage":"en-US"},{"@type":"Person","@id":"https:\/\/crta.rs\/en\/#\/schema\/person\/0cc37dbc4cb7d35b32379de6f98e1c7f","name":"milica","url":"https:\/\/crta.rs\/en\/author\/milica\/"}]}},"_links":{"self":[{"href":"https:\/\/crta.rs\/en\/wp-json\/wp\/v2\/posts\/24047","targetHints":{"allow":["GET"]}}],"collection":[{"href":"https:\/\/crta.rs\/en\/wp-json\/wp\/v2\/posts"}],"about":[{"href":"https:\/\/crta.rs\/en\/wp-json\/wp\/v2\/types\/post"}],"author":[{"embeddable":true,"href":"https:\/\/crta.rs\/en\/wp-json\/wp\/v2\/users\/3"}],"replies":[{"embeddable":true,"href":"https:\/\/crta.rs\/en\/wp-json\/wp\/v2\/comments?post=24047"}],"version-history":[{"count":9,"href":"https:\/\/crta.rs\/en\/wp-json\/wp\/v2\/posts\/24047\/revisions"}],"predecessor-version":[{"id":24138,"href":"https:\/\/crta.rs\/en\/wp-json\/wp\/v2\/posts\/24047\/revisions\/24138"}],"wp:featuredmedia":[{"embeddable":true,"href":"https:\/\/crta.rs\/en\/wp-json\/wp\/v2\/media\/24040"}],"wp:attachment":[{"href":"https:\/\/crta.rs\/en\/wp-json\/wp\/v2\/media?parent=24047"}],"wp:term":[{"taxonomy":"category","embeddable":true,"href":"https:\/\/crta.rs\/en\/wp-json\/wp\/v2\/categories?post=24047"},{"taxonomy":"post_tag","embeddable":true,"href":"https:\/\/crta.rs\/en\/wp-json\/wp\/v2\/tags?post=24047"}],"curies":[{"name":"wp","href":"https:\/\/api.w.org\/{rel}","templated":true}]}}