{"id":23517,"date":"2020-06-21T17:53:38","date_gmt":"2020-06-21T15:53:38","guid":{"rendered":"https:\/\/crta.rs\/?p=23517"},"modified":"2022-03-07T16:29:12","modified_gmt":"2022-03-07T15:29:12","slug":"voter-turnout-by-5pm-382-percent","status":"publish","type":"post","link":"https:\/\/crta.rs\/en\/voter-turnout-by-5pm-382-percent\/","title":{"rendered":"Voter turnout by 5pm &#8211; 38,2 percent"},"content":{"rendered":"<p><span style=\"font-weight: 400;\">A total of 38,2 percent of voters have voted until 5pm, out of 6.584.376 registered to vote at the parliamentary elections at 8.433 polling stations. Margin of error was +\/- 1, percent.\u00a0<\/span><\/p>\n<p><span style=\"font-weight: 400;\">By 4pm a total of five percent of election irregularities was recorded, which is an increase by one percent from the overview at 1pm. These include cases identified throughout the day, where identity of voters was not checked, UV lamps were not consistently used, parallel lists of voters were used, procedures for voting outside of polling stations were not fully followed. Cases of campaigning within 50m from the polling station were also recorded.\u00a0<\/span><\/p>\n<p><span style=\"font-weight: 400;\">Cases of organized driving of voters to and from polling stations were identified as well.\u00a0<\/span><\/p>\n<p><span style=\"font-weight: 400;\">CRTA submitted one additional complaint to the police for another case of the \u201ccarousel voting\u201d recorded at the polling station 15 in Zrenjanin, village Lazarevo. This is the third complaint CRTA submitted to the police for cases of the \u201ccarousel voting\u201d since this morning.\u00a0<\/span><\/p>\n<p><b>The next media conference of the CRTA\u2019s election observation mission is scheduled for 8:30pm. <strong>You may follow the conference live at the\u00a0<a href=\"https:\/\/crta.rs\/\" data-saferedirecturl=\"https:\/\/www.google.com\/url?q=https:\/\/crta.rs\/&amp;source=gmail&amp;ust=1592826736375000&amp;usg=AFQjCNF7BuyvXWz6wv3CKEOjbWaXJ6o9fA\">CRTA\u2019s website<\/a>\u00a0or\u00a0<a href=\"https:\/\/www.facebook.com\/CRTArs\/\" data-saferedirecturl=\"https:\/\/www.google.com\/url?q=https:\/\/www.facebook.com\/CRTArs\/&amp;source=gmail&amp;ust=1592826736375000&amp;usg=AFQjCNF-kMSrGl__a3oMk4JZsD2stmI61Q\">Facebook page<\/a><\/strong>.<\/b><\/p>\n","protected":false},"excerpt":{"rendered":"<p>A total of 38,2 percent of voters have voted until 5pm, out of 6.584.376 registered to vote at the parliamentary elections at 8.433 polling stations. Margin of error was +\/- 1, percent.\u00a0<\/p>\n","protected":false},"author":3,"featured_media":23518,"comment_status":"closed","ping_status":"open","sticky":false,"template":"","format":"standard","meta":{"_acf_changed":false,"footnotes":"","_links_to":"","_links_to_target":""},"categories":[218,681],"tags":[811],"class_list":["post-23517","post","type-post","status-publish","format-standard","has-post-thumbnail","hentry","category-latest-en","category-news","tag-elections-2020","ciTrackContent"],"acf":[],"yoast_head":"<!-- This site is optimized with the Yoast SEO plugin v27.4 - https:\/\/yoast.com\/product\/yoast-seo-wordpress\/ -->\n<title>Voter turnout by 5pm - 38,2 percent - CRTA<\/title>\n<meta name=\"robots\" content=\"index, follow, max-snippet:-1, max-image-preview:large, max-video-preview:-1\" \/>\n<link rel=\"canonical\" href=\"https:\/\/crta.rs\/en\/voter-turnout-by-5pm-382-percent\/\" \/>\n<meta property=\"og:locale\" content=\"en_US\" \/>\n<meta property=\"og:type\" content=\"article\" \/>\n<meta property=\"og:title\" content=\"Voter turnout by 5pm - 38,2 percent - CRTA\" \/>\n<meta property=\"og:description\" content=\"A total of 38,2 percent of voters have voted until 5pm, out of 6.584.376 registered to vote at the parliamentary elections at 8.433 polling stations. Margin of error was +\/- 1, percent.\u00a0\" \/>\n<meta property=\"og:url\" content=\"https:\/\/crta.rs\/en\/voter-turnout-by-5pm-382-percent\/\" \/>\n<meta property=\"og:site_name\" content=\"CRTA\" \/>\n<meta property=\"article:publisher\" content=\"https:\/\/www.facebook.com\/CRTArs\/\" \/>\n<meta property=\"article:published_time\" content=\"2020-06-21T15:53:38+00:00\" \/>\n<meta property=\"article:modified_time\" content=\"2022-03-07T15:29:12+00:00\" \/>\n<meta property=\"og:image\" content=\"https:\/\/crta.rs\/wp-content\/uploads\/2020\/06\/17-Voter-turnout-by-17.png\" \/>\n\t<meta property=\"og:image:width\" content=\"727\" \/>\n\t<meta property=\"og:image:height\" content=\"363\" \/>\n\t<meta property=\"og:image:type\" content=\"image\/png\" \/>\n<meta name=\"author\" content=\"milica\" \/>\n<meta name=\"twitter:card\" content=\"summary_large_image\" \/>\n<meta name=\"twitter:label1\" content=\"Written by\" \/>\n\t<meta name=\"twitter:data1\" content=\"milica\" \/>\n\t<meta name=\"twitter:label2\" content=\"Est. reading time\" \/>\n\t<meta name=\"twitter:data2\" content=\"1 minute\" \/>\n<script type=\"application\/ld+json\" class=\"yoast-schema-graph\">{\"@context\":\"https:\\\/\\\/schema.org\",\"@graph\":[{\"@type\":\"Article\",\"@id\":\"https:\\\/\\\/crta.rs\\\/en\\\/voter-turnout-by-5pm-382-percent\\\/#article\",\"isPartOf\":{\"@id\":\"https:\\\/\\\/crta.rs\\\/en\\\/voter-turnout-by-5pm-382-percent\\\/\"},\"author\":{\"name\":\"milica\",\"@id\":\"https:\\\/\\\/crta.rs\\\/en\\\/#\\\/schema\\\/person\\\/0cc37dbc4cb7d35b32379de6f98e1c7f\"},\"headline\":\"Voter turnout by 5pm &#8211; 38,2 percent\",\"datePublished\":\"2020-06-21T15:53:38+00:00\",\"dateModified\":\"2022-03-07T15:29:12+00:00\",\"mainEntityOfPage\":{\"@id\":\"https:\\\/\\\/crta.rs\\\/en\\\/voter-turnout-by-5pm-382-percent\\\/\"},\"wordCount\":194,\"image\":{\"@id\":\"https:\\\/\\\/crta.rs\\\/en\\\/voter-turnout-by-5pm-382-percent\\\/#primaryimage\"},\"thumbnailUrl\":\"https:\\\/\\\/crta.rs\\\/wp-content\\\/uploads\\\/2020\\\/06\\\/17-Voter-turnout-by-17.png\",\"keywords\":[\"elections 2020\"],\"articleSection\":[\"Latest\",\"News\"],\"inLanguage\":\"en-US\"},{\"@type\":\"WebPage\",\"@id\":\"https:\\\/\\\/crta.rs\\\/en\\\/voter-turnout-by-5pm-382-percent\\\/\",\"url\":\"https:\\\/\\\/crta.rs\\\/en\\\/voter-turnout-by-5pm-382-percent\\\/\",\"name\":\"Voter turnout by 5pm - 38,2 percent - CRTA\",\"isPartOf\":{\"@id\":\"https:\\\/\\\/crta.rs\\\/en\\\/#website\"},\"primaryImageOfPage\":{\"@id\":\"https:\\\/\\\/crta.rs\\\/en\\\/voter-turnout-by-5pm-382-percent\\\/#primaryimage\"},\"image\":{\"@id\":\"https:\\\/\\\/crta.rs\\\/en\\\/voter-turnout-by-5pm-382-percent\\\/#primaryimage\"},\"thumbnailUrl\":\"https:\\\/\\\/crta.rs\\\/wp-content\\\/uploads\\\/2020\\\/06\\\/17-Voter-turnout-by-17.png\",\"datePublished\":\"2020-06-21T15:53:38+00:00\",\"dateModified\":\"2022-03-07T15:29:12+00:00\",\"author\":{\"@id\":\"https:\\\/\\\/crta.rs\\\/en\\\/#\\\/schema\\\/person\\\/0cc37dbc4cb7d35b32379de6f98e1c7f\"},\"breadcrumb\":{\"@id\":\"https:\\\/\\\/crta.rs\\\/en\\\/voter-turnout-by-5pm-382-percent\\\/#breadcrumb\"},\"inLanguage\":\"en-US\",\"potentialAction\":[{\"@type\":\"ReadAction\",\"target\":[\"https:\\\/\\\/crta.rs\\\/en\\\/voter-turnout-by-5pm-382-percent\\\/\"]}]},{\"@type\":\"ImageObject\",\"inLanguage\":\"en-US\",\"@id\":\"https:\\\/\\\/crta.rs\\\/en\\\/voter-turnout-by-5pm-382-percent\\\/#primaryimage\",\"url\":\"https:\\\/\\\/crta.rs\\\/wp-content\\\/uploads\\\/2020\\\/06\\\/17-Voter-turnout-by-17.png\",\"contentUrl\":\"https:\\\/\\\/crta.rs\\\/wp-content\\\/uploads\\\/2020\\\/06\\\/17-Voter-turnout-by-17.png\",\"width\":727,\"height\":363},{\"@type\":\"BreadcrumbList\",\"@id\":\"https:\\\/\\\/crta.rs\\\/en\\\/voter-turnout-by-5pm-382-percent\\\/#breadcrumb\",\"itemListElement\":[{\"@type\":\"ListItem\",\"position\":1,\"name\":\"Home\",\"item\":\"https:\\\/\\\/crta.rs\\\/en\\\/\"},{\"@type\":\"ListItem\",\"position\":2,\"name\":\"Latest\",\"item\":\"https:\\\/\\\/crta.rs\\\/en\\\/category\\\/latest-en\\\/\"},{\"@type\":\"ListItem\",\"position\":3,\"name\":\"Voter turnout by 5pm &#8211; 38,2 percent\"}]},{\"@type\":\"WebSite\",\"@id\":\"https:\\\/\\\/crta.rs\\\/en\\\/#website\",\"url\":\"https:\\\/\\\/crta.rs\\\/en\\\/\",\"name\":\"CRTA\",\"description\":\"Mi smo grupa aktivista i novinara koja zajedno sa gra\u0111anima uti\u010de na pove\u0107anje odgovornosti institucija i javnih funkcionera kroz pra\u0107enje i kontrolu njihovog rada.\",\"potentialAction\":[{\"@type\":\"SearchAction\",\"target\":{\"@type\":\"EntryPoint\",\"urlTemplate\":\"https:\\\/\\\/crta.rs\\\/en\\\/?s={search_term_string}\"},\"query-input\":{\"@type\":\"PropertyValueSpecification\",\"valueRequired\":true,\"valueName\":\"search_term_string\"}}],\"inLanguage\":\"en-US\"},{\"@type\":\"Person\",\"@id\":\"https:\\\/\\\/crta.rs\\\/en\\\/#\\\/schema\\\/person\\\/0cc37dbc4cb7d35b32379de6f98e1c7f\",\"name\":\"milica\",\"url\":\"https:\\\/\\\/crta.rs\\\/en\\\/author\\\/milica\\\/\"}]}<\/script>\n<!-- \/ Yoast SEO plugin. -->","yoast_head_json":{"title":"Voter turnout by 5pm - 38,2 percent - CRTA","robots":{"index":"index","follow":"follow","max-snippet":"max-snippet:-1","max-image-preview":"max-image-preview:large","max-video-preview":"max-video-preview:-1"},"canonical":"https:\/\/crta.rs\/en\/voter-turnout-by-5pm-382-percent\/","og_locale":"en_US","og_type":"article","og_title":"Voter turnout by 5pm - 38,2 percent - CRTA","og_description":"A total of 38,2 percent of voters have voted until 5pm, out of 6.584.376 registered to vote at the parliamentary elections at 8.433 polling stations. Margin of error was +\/- 1, percent.\u00a0","og_url":"https:\/\/crta.rs\/en\/voter-turnout-by-5pm-382-percent\/","og_site_name":"CRTA","article_publisher":"https:\/\/www.facebook.com\/CRTArs\/","article_published_time":"2020-06-21T15:53:38+00:00","article_modified_time":"2022-03-07T15:29:12+00:00","og_image":[{"width":727,"height":363,"url":"https:\/\/crta.rs\/wp-content\/uploads\/2020\/06\/17-Voter-turnout-by-17.png","type":"image\/png"}],"author":"milica","twitter_card":"summary_large_image","twitter_misc":{"Written by":"milica","Est. reading time":"1 minute"},"schema":{"@context":"https:\/\/schema.org","@graph":[{"@type":"Article","@id":"https:\/\/crta.rs\/en\/voter-turnout-by-5pm-382-percent\/#article","isPartOf":{"@id":"https:\/\/crta.rs\/en\/voter-turnout-by-5pm-382-percent\/"},"author":{"name":"milica","@id":"https:\/\/crta.rs\/en\/#\/schema\/person\/0cc37dbc4cb7d35b32379de6f98e1c7f"},"headline":"Voter turnout by 5pm &#8211; 38,2 percent","datePublished":"2020-06-21T15:53:38+00:00","dateModified":"2022-03-07T15:29:12+00:00","mainEntityOfPage":{"@id":"https:\/\/crta.rs\/en\/voter-turnout-by-5pm-382-percent\/"},"wordCount":194,"image":{"@id":"https:\/\/crta.rs\/en\/voter-turnout-by-5pm-382-percent\/#primaryimage"},"thumbnailUrl":"https:\/\/crta.rs\/wp-content\/uploads\/2020\/06\/17-Voter-turnout-by-17.png","keywords":["elections 2020"],"articleSection":["Latest","News"],"inLanguage":"en-US"},{"@type":"WebPage","@id":"https:\/\/crta.rs\/en\/voter-turnout-by-5pm-382-percent\/","url":"https:\/\/crta.rs\/en\/voter-turnout-by-5pm-382-percent\/","name":"Voter turnout by 5pm - 38,2 percent - CRTA","isPartOf":{"@id":"https:\/\/crta.rs\/en\/#website"},"primaryImageOfPage":{"@id":"https:\/\/crta.rs\/en\/voter-turnout-by-5pm-382-percent\/#primaryimage"},"image":{"@id":"https:\/\/crta.rs\/en\/voter-turnout-by-5pm-382-percent\/#primaryimage"},"thumbnailUrl":"https:\/\/crta.rs\/wp-content\/uploads\/2020\/06\/17-Voter-turnout-by-17.png","datePublished":"2020-06-21T15:53:38+00:00","dateModified":"2022-03-07T15:29:12+00:00","author":{"@id":"https:\/\/crta.rs\/en\/#\/schema\/person\/0cc37dbc4cb7d35b32379de6f98e1c7f"},"breadcrumb":{"@id":"https:\/\/crta.rs\/en\/voter-turnout-by-5pm-382-percent\/#breadcrumb"},"inLanguage":"en-US","potentialAction":[{"@type":"ReadAction","target":["https:\/\/crta.rs\/en\/voter-turnout-by-5pm-382-percent\/"]}]},{"@type":"ImageObject","inLanguage":"en-US","@id":"https:\/\/crta.rs\/en\/voter-turnout-by-5pm-382-percent\/#primaryimage","url":"https:\/\/crta.rs\/wp-content\/uploads\/2020\/06\/17-Voter-turnout-by-17.png","contentUrl":"https:\/\/crta.rs\/wp-content\/uploads\/2020\/06\/17-Voter-turnout-by-17.png","width":727,"height":363},{"@type":"BreadcrumbList","@id":"https:\/\/crta.rs\/en\/voter-turnout-by-5pm-382-percent\/#breadcrumb","itemListElement":[{"@type":"ListItem","position":1,"name":"Home","item":"https:\/\/crta.rs\/en\/"},{"@type":"ListItem","position":2,"name":"Latest","item":"https:\/\/crta.rs\/en\/category\/latest-en\/"},{"@type":"ListItem","position":3,"name":"Voter turnout by 5pm &#8211; 38,2 percent"}]},{"@type":"WebSite","@id":"https:\/\/crta.rs\/en\/#website","url":"https:\/\/crta.rs\/en\/","name":"CRTA","description":"Mi smo grupa aktivista i novinara koja zajedno sa gra\u0111anima uti\u010de na pove\u0107anje odgovornosti institucija i javnih funkcionera kroz pra\u0107enje i kontrolu njihovog rada.","potentialAction":[{"@type":"SearchAction","target":{"@type":"EntryPoint","urlTemplate":"https:\/\/crta.rs\/en\/?s={search_term_string}"},"query-input":{"@type":"PropertyValueSpecification","valueRequired":true,"valueName":"search_term_string"}}],"inLanguage":"en-US"},{"@type":"Person","@id":"https:\/\/crta.rs\/en\/#\/schema\/person\/0cc37dbc4cb7d35b32379de6f98e1c7f","name":"milica","url":"https:\/\/crta.rs\/en\/author\/milica\/"}]}},"_links":{"self":[{"href":"https:\/\/crta.rs\/en\/wp-json\/wp\/v2\/posts\/23517","targetHints":{"allow":["GET"]}}],"collection":[{"href":"https:\/\/crta.rs\/en\/wp-json\/wp\/v2\/posts"}],"about":[{"href":"https:\/\/crta.rs\/en\/wp-json\/wp\/v2\/types\/post"}],"author":[{"embeddable":true,"href":"https:\/\/crta.rs\/en\/wp-json\/wp\/v2\/users\/3"}],"replies":[{"embeddable":true,"href":"https:\/\/crta.rs\/en\/wp-json\/wp\/v2\/comments?post=23517"}],"version-history":[{"count":3,"href":"https:\/\/crta.rs\/en\/wp-json\/wp\/v2\/posts\/23517\/revisions"}],"predecessor-version":[{"id":23522,"href":"https:\/\/crta.rs\/en\/wp-json\/wp\/v2\/posts\/23517\/revisions\/23522"}],"wp:featuredmedia":[{"embeddable":true,"href":"https:\/\/crta.rs\/en\/wp-json\/wp\/v2\/media\/23518"}],"wp:attachment":[{"href":"https:\/\/crta.rs\/en\/wp-json\/wp\/v2\/media?parent=23517"}],"wp:term":[{"taxonomy":"category","embeddable":true,"href":"https:\/\/crta.rs\/en\/wp-json\/wp\/v2\/categories?post=23517"},{"taxonomy":"post_tag","embeddable":true,"href":"https:\/\/crta.rs\/en\/wp-json\/wp\/v2\/tags?post=23517"}],"curies":[{"name":"wp","href":"https:\/\/api.w.org\/{rel}","templated":true}]}}