{"id":23392,"date":"2020-06-18T21:43:47","date_gmt":"2020-06-18T19:43:47","guid":{"rendered":"https:\/\/crta.rs\/?p=23392"},"modified":"2022-03-07T16:29:50","modified_gmt":"2022-03-07T15:29:50","slug":"the-end-of-campaigning-on-the-blurred-line-between-the-state-and-the-parties","status":"publish","type":"post","link":"https:\/\/crta.rs\/en\/the-end-of-campaigning-on-the-blurred-line-between-the-state-and-the-parties\/","title":{"rendered":"The end of campaigning on the blurred line between the state and the parties"},"content":{"rendered":"<p>The three finishing weeks of the election campaign were marked by additional relativisation of the division between state and party affairs and interests, as well as by heightened suspicions of misuse of public resources \u2013 as stated in the preliminary report of the CRTA observation mission for the period from May 24<sup>th<\/sup> to June 14<sup>th<\/sup>.<\/p>\n<p>In the said period, the CRTA observation mission filed to the Anti-Corruption Agency 15 complains against public officials and parties for misuse of public resources. The Agency has established violations of the law in two cases.<\/p>\n<p>The public officials\u2019 campaigning is in full swing as the campaign reaches the finishing line. The number of activities of public officials tripled in comparison to the two-week period after the lifting of the state of emergency. It is five times higher than in the period before the suspension of election activities. In 64 percent of the recorded activities, political actors participated exclusively in capacity of their public office, and the said percentage refers also to their appearance in a double function (as public officials and party members) and purely party capacity &#8211; 18 percent. The Prime Minister and Ministers visited more than 70 places over three weeks, most often using these opportunities to send messages on infrastructure development.<\/p>\n<p>The increased presence of public officials \u201cin the field\u201d is also reflected in the findings of the CRTA\u2019s media monitoring. Representatives of the authorities dominate the \u201cregular\u201d segments of news programmes of TV stations with national frequencies, while the increased presence of the opposition (both those running and boycotting the elections) was recorded mainly thanks to electoral blocs.<\/p>\n<p>In this period, the CRTA observation mission filed five complaints to the Regulatory Authority of Electronic Media, but the REM did not initiate proceedings following these complaints.<\/p>\n<p>The engagement of political actors in various labour actions also intensified considerably. Our observers recorded more than 100 activities such as servicing of green spaces, playgrounds, local communities\u2019 premises, houses of culture; embanking of roads, etc.<\/p>\n<p>The possibility of misuse of personal data of beneficiaries of old-age, disability and family pensions, including children, is bothersome. The Serbian Progressive Party sent letters to their home addresses with party symbols, the slogan \u201cFor our children\u201d and the signature of the President of the Republic of Serbia, in which one-time aid of 4,000 dinars and 100 euros is mentioned.<\/p>\n<p>We are waiting for the Election Day filled with doubt about the change in the number of voters entered in the Voters\u2019 Register. Preliminary published data show a difference of 141,284 voters, or 2.1 percent fewer eligible voters than in the last elections held in 2017, which is the largest decline in the number of voters since the Voters\u2019 Register existed. The CRTA analysis, based on the data collected during 2019 and 2020, shows that the decrease is evenly distributed among the municipalities of Serbia, with the exception of Medve\u0111a, where a decline of almost 40 percent was recorded. As such changes cannot simply be explained by a natural decrease in population, the CRTA urges state authorities to provide insight into their work and mechanisms for updating the Voters\u2019 Register so that the public could rest assured that the voters\u2019 rights and the election process integrity were not jeopardised.<\/p>\n<p>The work of the Republic Electoral Commission mostly underwent in accordance with the competencies and the existing legal framework, with increased educational and informational activity when compared to previous years.<\/p>\n","protected":false},"excerpt":{"rendered":"<p>The three finishing weeks of the election campaign were marked by additional relativisation of the division between state and party affairs and interests, as well as by heightened suspicions of misuse of public resources \u2013 as stated in the preliminary report of the CRTA observation mission for the period from May 24th to June 14th.<\/p>\n","protected":false},"author":3,"featured_media":23367,"comment_status":"closed","ping_status":"open","sticky":false,"template":"","format":"standard","meta":{"_acf_changed":false,"footnotes":"","_links_to":"","_links_to_target":""},"categories":[218,681],"tags":[811],"class_list":["post-23392","post","type-post","status-publish","format-standard","has-post-thumbnail","hentry","category-latest-en","category-news","tag-elections-2020","ciTrackContent"],"acf":[],"yoast_head":"<!-- This site is optimized with the Yoast SEO plugin v27.4 - https:\/\/yoast.com\/product\/yoast-seo-wordpress\/ -->\n<title>The end of campaigning on the blurred line between the state and the parties - CRTA<\/title>\n<meta name=\"robots\" content=\"index, follow, max-snippet:-1, max-image-preview:large, max-video-preview:-1\" \/>\n<link rel=\"canonical\" href=\"https:\/\/crta.rs\/en\/the-end-of-campaigning-on-the-blurred-line-between-the-state-and-the-parties\/\" \/>\n<meta property=\"og:locale\" content=\"en_US\" \/>\n<meta property=\"og:type\" content=\"article\" \/>\n<meta property=\"og:title\" content=\"The end of campaigning on the blurred line between the state and the parties - CRTA\" \/>\n<meta property=\"og:description\" content=\"The three finishing weeks of the election campaign were marked by additional relativisation of the division between state and party affairs and interests, as well as by heightened suspicions of misuse of public resources \u2013 as stated in the preliminary report of the CRTA observation mission for the period from May 24th to June 14th.\" \/>\n<meta property=\"og:url\" content=\"https:\/\/crta.rs\/en\/the-end-of-campaigning-on-the-blurred-line-between-the-state-and-the-parties\/\" \/>\n<meta property=\"og:site_name\" content=\"CRTA\" \/>\n<meta property=\"article:publisher\" content=\"https:\/\/www.facebook.com\/CRTArs\/\" \/>\n<meta property=\"article:published_time\" content=\"2020-06-18T19:43:47+00:00\" \/>\n<meta property=\"article:modified_time\" content=\"2022-03-07T15:29:50+00:00\" \/>\n<meta property=\"og:image\" content=\"https:\/\/crta.rs\/wp-content\/uploads\/2020\/06\/izbori-2020-viz-4-aktuelno-1.png\" \/>\n\t<meta property=\"og:image:width\" content=\"727\" \/>\n\t<meta property=\"og:image:height\" content=\"363\" \/>\n\t<meta property=\"og:image:type\" content=\"image\/png\" \/>\n<meta name=\"author\" content=\"milica\" \/>\n<meta name=\"twitter:card\" content=\"summary_large_image\" \/>\n<meta name=\"twitter:label1\" content=\"Written by\" \/>\n\t<meta name=\"twitter:data1\" content=\"milica\" \/>\n\t<meta name=\"twitter:label2\" content=\"Est. reading time\" \/>\n\t<meta name=\"twitter:data2\" content=\"3 minutes\" \/>\n<script type=\"application\/ld+json\" class=\"yoast-schema-graph\">{\"@context\":\"https:\\\/\\\/schema.org\",\"@graph\":[{\"@type\":\"Article\",\"@id\":\"https:\\\/\\\/crta.rs\\\/en\\\/the-end-of-campaigning-on-the-blurred-line-between-the-state-and-the-parties\\\/#article\",\"isPartOf\":{\"@id\":\"https:\\\/\\\/crta.rs\\\/en\\\/the-end-of-campaigning-on-the-blurred-line-between-the-state-and-the-parties\\\/\"},\"author\":{\"name\":\"milica\",\"@id\":\"https:\\\/\\\/crta.rs\\\/en\\\/#\\\/schema\\\/person\\\/0cc37dbc4cb7d35b32379de6f98e1c7f\"},\"headline\":\"The end of campaigning on the blurred line between the state and the parties\",\"datePublished\":\"2020-06-18T19:43:47+00:00\",\"dateModified\":\"2022-03-07T15:29:50+00:00\",\"mainEntityOfPage\":{\"@id\":\"https:\\\/\\\/crta.rs\\\/en\\\/the-end-of-campaigning-on-the-blurred-line-between-the-state-and-the-parties\\\/\"},\"wordCount\":572,\"image\":{\"@id\":\"https:\\\/\\\/crta.rs\\\/en\\\/the-end-of-campaigning-on-the-blurred-line-between-the-state-and-the-parties\\\/#primaryimage\"},\"thumbnailUrl\":\"https:\\\/\\\/crta.rs\\\/wp-content\\\/uploads\\\/2020\\\/06\\\/izbori-2020-viz-4-aktuelno-1.png\",\"keywords\":[\"elections 2020\"],\"articleSection\":[\"Latest\",\"News\"],\"inLanguage\":\"en-US\"},{\"@type\":\"WebPage\",\"@id\":\"https:\\\/\\\/crta.rs\\\/en\\\/the-end-of-campaigning-on-the-blurred-line-between-the-state-and-the-parties\\\/\",\"url\":\"https:\\\/\\\/crta.rs\\\/en\\\/the-end-of-campaigning-on-the-blurred-line-between-the-state-and-the-parties\\\/\",\"name\":\"The end of campaigning on the blurred line between the state and the parties - CRTA\",\"isPartOf\":{\"@id\":\"https:\\\/\\\/crta.rs\\\/en\\\/#website\"},\"primaryImageOfPage\":{\"@id\":\"https:\\\/\\\/crta.rs\\\/en\\\/the-end-of-campaigning-on-the-blurred-line-between-the-state-and-the-parties\\\/#primaryimage\"},\"image\":{\"@id\":\"https:\\\/\\\/crta.rs\\\/en\\\/the-end-of-campaigning-on-the-blurred-line-between-the-state-and-the-parties\\\/#primaryimage\"},\"thumbnailUrl\":\"https:\\\/\\\/crta.rs\\\/wp-content\\\/uploads\\\/2020\\\/06\\\/izbori-2020-viz-4-aktuelno-1.png\",\"datePublished\":\"2020-06-18T19:43:47+00:00\",\"dateModified\":\"2022-03-07T15:29:50+00:00\",\"author\":{\"@id\":\"https:\\\/\\\/crta.rs\\\/en\\\/#\\\/schema\\\/person\\\/0cc37dbc4cb7d35b32379de6f98e1c7f\"},\"breadcrumb\":{\"@id\":\"https:\\\/\\\/crta.rs\\\/en\\\/the-end-of-campaigning-on-the-blurred-line-between-the-state-and-the-parties\\\/#breadcrumb\"},\"inLanguage\":\"en-US\",\"potentialAction\":[{\"@type\":\"ReadAction\",\"target\":[\"https:\\\/\\\/crta.rs\\\/en\\\/the-end-of-campaigning-on-the-blurred-line-between-the-state-and-the-parties\\\/\"]}]},{\"@type\":\"ImageObject\",\"inLanguage\":\"en-US\",\"@id\":\"https:\\\/\\\/crta.rs\\\/en\\\/the-end-of-campaigning-on-the-blurred-line-between-the-state-and-the-parties\\\/#primaryimage\",\"url\":\"https:\\\/\\\/crta.rs\\\/wp-content\\\/uploads\\\/2020\\\/06\\\/izbori-2020-viz-4-aktuelno-1.png\",\"contentUrl\":\"https:\\\/\\\/crta.rs\\\/wp-content\\\/uploads\\\/2020\\\/06\\\/izbori-2020-viz-4-aktuelno-1.png\",\"width\":727,\"height\":363},{\"@type\":\"BreadcrumbList\",\"@id\":\"https:\\\/\\\/crta.rs\\\/en\\\/the-end-of-campaigning-on-the-blurred-line-between-the-state-and-the-parties\\\/#breadcrumb\",\"itemListElement\":[{\"@type\":\"ListItem\",\"position\":1,\"name\":\"Home\",\"item\":\"https:\\\/\\\/crta.rs\\\/en\\\/\"},{\"@type\":\"ListItem\",\"position\":2,\"name\":\"Latest\",\"item\":\"https:\\\/\\\/crta.rs\\\/en\\\/category\\\/latest-en\\\/\"},{\"@type\":\"ListItem\",\"position\":3,\"name\":\"The end of campaigning on the blurred line between the state and the parties\"}]},{\"@type\":\"WebSite\",\"@id\":\"https:\\\/\\\/crta.rs\\\/en\\\/#website\",\"url\":\"https:\\\/\\\/crta.rs\\\/en\\\/\",\"name\":\"CRTA\",\"description\":\"Mi smo grupa aktivista i novinara koja zajedno sa gra\u0111anima uti\u010de na pove\u0107anje odgovornosti institucija i javnih funkcionera kroz pra\u0107enje i kontrolu njihovog rada.\",\"potentialAction\":[{\"@type\":\"SearchAction\",\"target\":{\"@type\":\"EntryPoint\",\"urlTemplate\":\"https:\\\/\\\/crta.rs\\\/en\\\/?s={search_term_string}\"},\"query-input\":{\"@type\":\"PropertyValueSpecification\",\"valueRequired\":true,\"valueName\":\"search_term_string\"}}],\"inLanguage\":\"en-US\"},{\"@type\":\"Person\",\"@id\":\"https:\\\/\\\/crta.rs\\\/en\\\/#\\\/schema\\\/person\\\/0cc37dbc4cb7d35b32379de6f98e1c7f\",\"name\":\"milica\",\"url\":\"https:\\\/\\\/crta.rs\\\/en\\\/author\\\/milica\\\/\"}]}<\/script>\n<!-- \/ Yoast SEO plugin. -->","yoast_head_json":{"title":"The end of campaigning on the blurred line between the state and the parties - CRTA","robots":{"index":"index","follow":"follow","max-snippet":"max-snippet:-1","max-image-preview":"max-image-preview:large","max-video-preview":"max-video-preview:-1"},"canonical":"https:\/\/crta.rs\/en\/the-end-of-campaigning-on-the-blurred-line-between-the-state-and-the-parties\/","og_locale":"en_US","og_type":"article","og_title":"The end of campaigning on the blurred line between the state and the parties - CRTA","og_description":"The three finishing weeks of the election campaign were marked by additional relativisation of the division between state and party affairs and interests, as well as by heightened suspicions of misuse of public resources \u2013 as stated in the preliminary report of the CRTA observation mission for the period from May 24th to June 14th.","og_url":"https:\/\/crta.rs\/en\/the-end-of-campaigning-on-the-blurred-line-between-the-state-and-the-parties\/","og_site_name":"CRTA","article_publisher":"https:\/\/www.facebook.com\/CRTArs\/","article_published_time":"2020-06-18T19:43:47+00:00","article_modified_time":"2022-03-07T15:29:50+00:00","og_image":[{"width":727,"height":363,"url":"https:\/\/crta.rs\/wp-content\/uploads\/2020\/06\/izbori-2020-viz-4-aktuelno-1.png","type":"image\/png"}],"author":"milica","twitter_card":"summary_large_image","twitter_misc":{"Written by":"milica","Est. reading time":"3 minutes"},"schema":{"@context":"https:\/\/schema.org","@graph":[{"@type":"Article","@id":"https:\/\/crta.rs\/en\/the-end-of-campaigning-on-the-blurred-line-between-the-state-and-the-parties\/#article","isPartOf":{"@id":"https:\/\/crta.rs\/en\/the-end-of-campaigning-on-the-blurred-line-between-the-state-and-the-parties\/"},"author":{"name":"milica","@id":"https:\/\/crta.rs\/en\/#\/schema\/person\/0cc37dbc4cb7d35b32379de6f98e1c7f"},"headline":"The end of campaigning on the blurred line between the state and the parties","datePublished":"2020-06-18T19:43:47+00:00","dateModified":"2022-03-07T15:29:50+00:00","mainEntityOfPage":{"@id":"https:\/\/crta.rs\/en\/the-end-of-campaigning-on-the-blurred-line-between-the-state-and-the-parties\/"},"wordCount":572,"image":{"@id":"https:\/\/crta.rs\/en\/the-end-of-campaigning-on-the-blurred-line-between-the-state-and-the-parties\/#primaryimage"},"thumbnailUrl":"https:\/\/crta.rs\/wp-content\/uploads\/2020\/06\/izbori-2020-viz-4-aktuelno-1.png","keywords":["elections 2020"],"articleSection":["Latest","News"],"inLanguage":"en-US"},{"@type":"WebPage","@id":"https:\/\/crta.rs\/en\/the-end-of-campaigning-on-the-blurred-line-between-the-state-and-the-parties\/","url":"https:\/\/crta.rs\/en\/the-end-of-campaigning-on-the-blurred-line-between-the-state-and-the-parties\/","name":"The end of campaigning on the blurred line between the state and the parties - CRTA","isPartOf":{"@id":"https:\/\/crta.rs\/en\/#website"},"primaryImageOfPage":{"@id":"https:\/\/crta.rs\/en\/the-end-of-campaigning-on-the-blurred-line-between-the-state-and-the-parties\/#primaryimage"},"image":{"@id":"https:\/\/crta.rs\/en\/the-end-of-campaigning-on-the-blurred-line-between-the-state-and-the-parties\/#primaryimage"},"thumbnailUrl":"https:\/\/crta.rs\/wp-content\/uploads\/2020\/06\/izbori-2020-viz-4-aktuelno-1.png","datePublished":"2020-06-18T19:43:47+00:00","dateModified":"2022-03-07T15:29:50+00:00","author":{"@id":"https:\/\/crta.rs\/en\/#\/schema\/person\/0cc37dbc4cb7d35b32379de6f98e1c7f"},"breadcrumb":{"@id":"https:\/\/crta.rs\/en\/the-end-of-campaigning-on-the-blurred-line-between-the-state-and-the-parties\/#breadcrumb"},"inLanguage":"en-US","potentialAction":[{"@type":"ReadAction","target":["https:\/\/crta.rs\/en\/the-end-of-campaigning-on-the-blurred-line-between-the-state-and-the-parties\/"]}]},{"@type":"ImageObject","inLanguage":"en-US","@id":"https:\/\/crta.rs\/en\/the-end-of-campaigning-on-the-blurred-line-between-the-state-and-the-parties\/#primaryimage","url":"https:\/\/crta.rs\/wp-content\/uploads\/2020\/06\/izbori-2020-viz-4-aktuelno-1.png","contentUrl":"https:\/\/crta.rs\/wp-content\/uploads\/2020\/06\/izbori-2020-viz-4-aktuelno-1.png","width":727,"height":363},{"@type":"BreadcrumbList","@id":"https:\/\/crta.rs\/en\/the-end-of-campaigning-on-the-blurred-line-between-the-state-and-the-parties\/#breadcrumb","itemListElement":[{"@type":"ListItem","position":1,"name":"Home","item":"https:\/\/crta.rs\/en\/"},{"@type":"ListItem","position":2,"name":"Latest","item":"https:\/\/crta.rs\/en\/category\/latest-en\/"},{"@type":"ListItem","position":3,"name":"The end of campaigning on the blurred line between the state and the parties"}]},{"@type":"WebSite","@id":"https:\/\/crta.rs\/en\/#website","url":"https:\/\/crta.rs\/en\/","name":"CRTA","description":"Mi smo grupa aktivista i novinara koja zajedno sa gra\u0111anima uti\u010de na pove\u0107anje odgovornosti institucija i javnih funkcionera kroz pra\u0107enje i kontrolu njihovog rada.","potentialAction":[{"@type":"SearchAction","target":{"@type":"EntryPoint","urlTemplate":"https:\/\/crta.rs\/en\/?s={search_term_string}"},"query-input":{"@type":"PropertyValueSpecification","valueRequired":true,"valueName":"search_term_string"}}],"inLanguage":"en-US"},{"@type":"Person","@id":"https:\/\/crta.rs\/en\/#\/schema\/person\/0cc37dbc4cb7d35b32379de6f98e1c7f","name":"milica","url":"https:\/\/crta.rs\/en\/author\/milica\/"}]}},"_links":{"self":[{"href":"https:\/\/crta.rs\/en\/wp-json\/wp\/v2\/posts\/23392","targetHints":{"allow":["GET"]}}],"collection":[{"href":"https:\/\/crta.rs\/en\/wp-json\/wp\/v2\/posts"}],"about":[{"href":"https:\/\/crta.rs\/en\/wp-json\/wp\/v2\/types\/post"}],"author":[{"embeddable":true,"href":"https:\/\/crta.rs\/en\/wp-json\/wp\/v2\/users\/3"}],"replies":[{"embeddable":true,"href":"https:\/\/crta.rs\/en\/wp-json\/wp\/v2\/comments?post=23392"}],"version-history":[{"count":1,"href":"https:\/\/crta.rs\/en\/wp-json\/wp\/v2\/posts\/23392\/revisions"}],"predecessor-version":[{"id":23393,"href":"https:\/\/crta.rs\/en\/wp-json\/wp\/v2\/posts\/23392\/revisions\/23393"}],"wp:featuredmedia":[{"embeddable":true,"href":"https:\/\/crta.rs\/en\/wp-json\/wp\/v2\/media\/23367"}],"wp:attachment":[{"href":"https:\/\/crta.rs\/en\/wp-json\/wp\/v2\/media?parent=23392"}],"wp:term":[{"taxonomy":"category","embeddable":true,"href":"https:\/\/crta.rs\/en\/wp-json\/wp\/v2\/categories?post=23392"},{"taxonomy":"post_tag","embeddable":true,"href":"https:\/\/crta.rs\/en\/wp-json\/wp\/v2\/tags?post=23392"}],"curies":[{"name":"wp","href":"https:\/\/api.w.org\/{rel}","templated":true}]}}