{"id":23338,"date":"2020-06-14T15:13:10","date_gmt":"2020-06-14T13:13:10","guid":{"rendered":"https:\/\/crta.rs\/?p=23338"},"modified":"2022-03-07T16:30:00","modified_gmt":"2022-03-07T15:30:00","slug":"more-than-1-700-trained-crta-s-observers-will-monitor-the-election-day-on-june-21","status":"publish","type":"post","link":"https:\/\/crta.rs\/en\/more-than-1-700-trained-crta-s-observers-will-monitor-the-election-day-on-june-21\/","title":{"rendered":"More than 1.700 trained CRTA\u2019s observers will monitor the election day on June 21"},"content":{"rendered":"<p><strong>CRTA\u2019s election observation mission finalized the recruitment and training of more than 1.700 observers who will be deployed <\/strong>at the random representative sample of 500 polling stations on the Election Day on June 21. Observation of the election process at this sample will enable CRTA to report on election developments, as well as compliance with the law and electoral procedures at all polling stations in Serbia.<\/p>\n<p><strong>Trained to the highest international standards, observers will monitor and report on the quality of the election process at all polling stations, and on developments and atmosphere outside of the polling stations.<\/strong><\/p>\n<p><strong>Considering that the deadline for registration of voters to vote outside of polling stations has been extended due to the corona virus pandemic, and related expectation that a larger number of voters would use their right to vote in this manner, specially trained teams of the CRTA\u2019s mission will observe voting process outside of polling stations for the first time.<\/strong> CRTA\u2019s legal team will monitor the work of the Republic Electoral Commission as well.<\/p>\n<p>Observers will be deployed at polling stations from the preparation and oppening of polling stations until the announcement of election results by polling boards at the observed polling stations, which will provide a comprehensive insight into developments at polling stations throughout the election day.<\/p>\n<p>All CRTA\u2019s observers to be deployed to the polling stations on June 21 were trained to the highest international standards through a comprehensive training process, followed by several cycles of testing and election day simulations. Observers have also signed a<a href=\"https:\/\/crta.rs\/wp-content\/uploads\/2020\/06\/CRTA-Code-of-Conduct.pdf\"> Code of Conduct<\/a>, required for joining the CRTA\u2019s observation mission in order to ensure the respect for the principles of professionalism, independence, impartiality, accuracy and objectivity, and providing the conclusions based on well documented and verified facts only.<\/p>\n<p>During the election day, CRTA\u2019s election observation mission will periodically inform the public about the voting process, as well as about the voters\u2019 turnout through hours. Throughout the day, besides conferences to present information about developments at the polling stations (9.30 am, 11.30 am, 2.30 pm, 5.30 pm, 8.30 pm and around 10 pm), citizens will be able to follow the flow of information arriving from polling stations and the call center\u2019s operations in providing support to observers, through CRTA\u2019s <a href=\"https:\/\/crta.rs\/en\/\">website<\/a> , <a href=\"https:\/\/www.youtube.com\/channel\/UCVvI74ipyn7bkjIFHqeknkQ\">YouTube channel<\/a> and <a href=\"https:\/\/www.facebook.com\/CRTArs\/\">Facebook page<\/a>.<\/p>\n<p>CRTA is a member of <a href=\"http:\/\/www.enemo.eu\/\">the European Network of Election Monitoring Organizations\u00a0 (ENEMO)<\/a> and the <a href=\"https:\/\/gndem.org\/\">Global Network of Domestic Election Monitors (GNDEM)<\/a>. In the capacity of a domestic election observation mission, CRTA monitored the entire election process in the 2016 parliamentary elections, 2017 presidential elections and 2018 Belgrade elections by the highest international standards, thus contributing to higher transparency of these elections. Findings and recommendations of the CRTA\u2019s observation mission corresponded to the findings and recommendations of the OSCE\/ODIHR international observation mission.<\/p>\n","protected":false},"excerpt":{"rendered":"<p>CRTA\u2019s election observation mission finalized the recruitment and training of more than 1.700 observers who will be deployed at the random representative sample of 500 polling stations on the Election Day on June 21. Observation of the election process at this sample will enable CRTA to report on election developments, as well as compliance with the law and electoral procedures at all polling stations in Serbia.<\/p>\n","protected":false},"author":3,"featured_media":23261,"comment_status":"closed","ping_status":"open","sticky":false,"template":"","format":"standard","meta":{"_acf_changed":false,"footnotes":"","_links_to":"","_links_to_target":""},"categories":[218,681],"tags":[811],"class_list":["post-23338","post","type-post","status-publish","format-standard","has-post-thumbnail","hentry","category-latest-en","category-news","tag-elections-2020","ciTrackContent"],"acf":[],"yoast_head":"<!-- This site is optimized with the Yoast SEO plugin v27.4 - https:\/\/yoast.com\/product\/yoast-seo-wordpress\/ -->\n<title>More than 1.700 trained CRTA\u2019s observers will monitor the election day on June 21 - CRTA<\/title>\n<meta name=\"robots\" content=\"index, follow, max-snippet:-1, max-image-preview:large, max-video-preview:-1\" \/>\n<link rel=\"canonical\" href=\"https:\/\/crta.rs\/en\/more-than-1-700-trained-crta-s-observers-will-monitor-the-election-day-on-june-21\/\" \/>\n<meta property=\"og:locale\" content=\"en_US\" \/>\n<meta property=\"og:type\" content=\"article\" \/>\n<meta property=\"og:title\" content=\"More than 1.700 trained CRTA\u2019s observers will monitor the election day on June 21 - CRTA\" \/>\n<meta property=\"og:description\" content=\"CRTA\u2019s election observation mission finalized the recruitment and training of more than 1.700 observers who will be deployed at the random representative sample of 500 polling stations on the Election Day on June 21. Observation of the election process at this sample will enable CRTA to report on election developments, as well as compliance with the law and electoral procedures at all polling stations in Serbia.\" \/>\n<meta property=\"og:url\" content=\"https:\/\/crta.rs\/en\/more-than-1-700-trained-crta-s-observers-will-monitor-the-election-day-on-june-21\/\" \/>\n<meta property=\"og:site_name\" content=\"CRTA\" \/>\n<meta property=\"article:publisher\" content=\"https:\/\/www.facebook.com\/CRTArs\/\" \/>\n<meta property=\"article:published_time\" content=\"2020-06-14T13:13:10+00:00\" \/>\n<meta property=\"article:modified_time\" content=\"2022-03-07T15:30:00+00:00\" \/>\n<meta property=\"og:image\" content=\"https:\/\/crta.rs\/wp-content\/uploads\/2020\/06\/izbori-2020-viz-5-aktuelno.png\" \/>\n\t<meta property=\"og:image:width\" content=\"727\" \/>\n\t<meta property=\"og:image:height\" content=\"363\" \/>\n\t<meta property=\"og:image:type\" content=\"image\/png\" \/>\n<meta name=\"author\" content=\"milica\" \/>\n<meta name=\"twitter:card\" content=\"summary_large_image\" \/>\n<meta name=\"twitter:label1\" content=\"Written by\" \/>\n\t<meta name=\"twitter:data1\" content=\"milica\" \/>\n\t<meta name=\"twitter:label2\" content=\"Est. reading time\" \/>\n\t<meta name=\"twitter:data2\" content=\"2 minutes\" \/>\n<script type=\"application\/ld+json\" class=\"yoast-schema-graph\">{\"@context\":\"https:\\\/\\\/schema.org\",\"@graph\":[{\"@type\":\"Article\",\"@id\":\"https:\\\/\\\/crta.rs\\\/en\\\/more-than-1-700-trained-crta-s-observers-will-monitor-the-election-day-on-june-21\\\/#article\",\"isPartOf\":{\"@id\":\"https:\\\/\\\/crta.rs\\\/en\\\/more-than-1-700-trained-crta-s-observers-will-monitor-the-election-day-on-june-21\\\/\"},\"author\":{\"name\":\"milica\",\"@id\":\"https:\\\/\\\/crta.rs\\\/en\\\/#\\\/schema\\\/person\\\/0cc37dbc4cb7d35b32379de6f98e1c7f\"},\"headline\":\"More than 1.700 trained CRTA\u2019s observers will monitor the election day on June 21\",\"datePublished\":\"2020-06-14T13:13:10+00:00\",\"dateModified\":\"2022-03-07T15:30:00+00:00\",\"mainEntityOfPage\":{\"@id\":\"https:\\\/\\\/crta.rs\\\/en\\\/more-than-1-700-trained-crta-s-observers-will-monitor-the-election-day-on-june-21\\\/\"},\"wordCount\":472,\"image\":{\"@id\":\"https:\\\/\\\/crta.rs\\\/en\\\/more-than-1-700-trained-crta-s-observers-will-monitor-the-election-day-on-june-21\\\/#primaryimage\"},\"thumbnailUrl\":\"https:\\\/\\\/crta.rs\\\/wp-content\\\/uploads\\\/2020\\\/06\\\/izbori-2020-viz-5-aktuelno.png\",\"keywords\":[\"elections 2020\"],\"articleSection\":[\"Latest\",\"News\"],\"inLanguage\":\"en-US\"},{\"@type\":\"WebPage\",\"@id\":\"https:\\\/\\\/crta.rs\\\/en\\\/more-than-1-700-trained-crta-s-observers-will-monitor-the-election-day-on-june-21\\\/\",\"url\":\"https:\\\/\\\/crta.rs\\\/en\\\/more-than-1-700-trained-crta-s-observers-will-monitor-the-election-day-on-june-21\\\/\",\"name\":\"More than 1.700 trained CRTA\u2019s observers will monitor the election day on June 21 - CRTA\",\"isPartOf\":{\"@id\":\"https:\\\/\\\/crta.rs\\\/en\\\/#website\"},\"primaryImageOfPage\":{\"@id\":\"https:\\\/\\\/crta.rs\\\/en\\\/more-than-1-700-trained-crta-s-observers-will-monitor-the-election-day-on-june-21\\\/#primaryimage\"},\"image\":{\"@id\":\"https:\\\/\\\/crta.rs\\\/en\\\/more-than-1-700-trained-crta-s-observers-will-monitor-the-election-day-on-june-21\\\/#primaryimage\"},\"thumbnailUrl\":\"https:\\\/\\\/crta.rs\\\/wp-content\\\/uploads\\\/2020\\\/06\\\/izbori-2020-viz-5-aktuelno.png\",\"datePublished\":\"2020-06-14T13:13:10+00:00\",\"dateModified\":\"2022-03-07T15:30:00+00:00\",\"author\":{\"@id\":\"https:\\\/\\\/crta.rs\\\/en\\\/#\\\/schema\\\/person\\\/0cc37dbc4cb7d35b32379de6f98e1c7f\"},\"breadcrumb\":{\"@id\":\"https:\\\/\\\/crta.rs\\\/en\\\/more-than-1-700-trained-crta-s-observers-will-monitor-the-election-day-on-june-21\\\/#breadcrumb\"},\"inLanguage\":\"en-US\",\"potentialAction\":[{\"@type\":\"ReadAction\",\"target\":[\"https:\\\/\\\/crta.rs\\\/en\\\/more-than-1-700-trained-crta-s-observers-will-monitor-the-election-day-on-june-21\\\/\"]}]},{\"@type\":\"ImageObject\",\"inLanguage\":\"en-US\",\"@id\":\"https:\\\/\\\/crta.rs\\\/en\\\/more-than-1-700-trained-crta-s-observers-will-monitor-the-election-day-on-june-21\\\/#primaryimage\",\"url\":\"https:\\\/\\\/crta.rs\\\/wp-content\\\/uploads\\\/2020\\\/06\\\/izbori-2020-viz-5-aktuelno.png\",\"contentUrl\":\"https:\\\/\\\/crta.rs\\\/wp-content\\\/uploads\\\/2020\\\/06\\\/izbori-2020-viz-5-aktuelno.png\",\"width\":727,\"height\":363},{\"@type\":\"BreadcrumbList\",\"@id\":\"https:\\\/\\\/crta.rs\\\/en\\\/more-than-1-700-trained-crta-s-observers-will-monitor-the-election-day-on-june-21\\\/#breadcrumb\",\"itemListElement\":[{\"@type\":\"ListItem\",\"position\":1,\"name\":\"Home\",\"item\":\"https:\\\/\\\/crta.rs\\\/en\\\/\"},{\"@type\":\"ListItem\",\"position\":2,\"name\":\"Latest\",\"item\":\"https:\\\/\\\/crta.rs\\\/en\\\/category\\\/latest-en\\\/\"},{\"@type\":\"ListItem\",\"position\":3,\"name\":\"More than 1.700 trained CRTA\u2019s observers will monitor the election day on June 21\"}]},{\"@type\":\"WebSite\",\"@id\":\"https:\\\/\\\/crta.rs\\\/en\\\/#website\",\"url\":\"https:\\\/\\\/crta.rs\\\/en\\\/\",\"name\":\"CRTA\",\"description\":\"Mi smo grupa aktivista i novinara koja zajedno sa gra\u0111anima uti\u010de na pove\u0107anje odgovornosti institucija i javnih funkcionera kroz pra\u0107enje i kontrolu njihovog rada.\",\"potentialAction\":[{\"@type\":\"SearchAction\",\"target\":{\"@type\":\"EntryPoint\",\"urlTemplate\":\"https:\\\/\\\/crta.rs\\\/en\\\/?s={search_term_string}\"},\"query-input\":{\"@type\":\"PropertyValueSpecification\",\"valueRequired\":true,\"valueName\":\"search_term_string\"}}],\"inLanguage\":\"en-US\"},{\"@type\":\"Person\",\"@id\":\"https:\\\/\\\/crta.rs\\\/en\\\/#\\\/schema\\\/person\\\/0cc37dbc4cb7d35b32379de6f98e1c7f\",\"name\":\"milica\",\"url\":\"https:\\\/\\\/crta.rs\\\/en\\\/author\\\/milica\\\/\"}]}<\/script>\n<!-- \/ Yoast SEO plugin. -->","yoast_head_json":{"title":"More than 1.700 trained CRTA\u2019s observers will monitor the election day on June 21 - CRTA","robots":{"index":"index","follow":"follow","max-snippet":"max-snippet:-1","max-image-preview":"max-image-preview:large","max-video-preview":"max-video-preview:-1"},"canonical":"https:\/\/crta.rs\/en\/more-than-1-700-trained-crta-s-observers-will-monitor-the-election-day-on-june-21\/","og_locale":"en_US","og_type":"article","og_title":"More than 1.700 trained CRTA\u2019s observers will monitor the election day on June 21 - CRTA","og_description":"CRTA\u2019s election observation mission finalized the recruitment and training of more than 1.700 observers who will be deployed at the random representative sample of 500 polling stations on the Election Day on June 21. Observation of the election process at this sample will enable CRTA to report on election developments, as well as compliance with the law and electoral procedures at all polling stations in Serbia.","og_url":"https:\/\/crta.rs\/en\/more-than-1-700-trained-crta-s-observers-will-monitor-the-election-day-on-june-21\/","og_site_name":"CRTA","article_publisher":"https:\/\/www.facebook.com\/CRTArs\/","article_published_time":"2020-06-14T13:13:10+00:00","article_modified_time":"2022-03-07T15:30:00+00:00","og_image":[{"width":727,"height":363,"url":"https:\/\/crta.rs\/wp-content\/uploads\/2020\/06\/izbori-2020-viz-5-aktuelno.png","type":"image\/png"}],"author":"milica","twitter_card":"summary_large_image","twitter_misc":{"Written by":"milica","Est. reading time":"2 minutes"},"schema":{"@context":"https:\/\/schema.org","@graph":[{"@type":"Article","@id":"https:\/\/crta.rs\/en\/more-than-1-700-trained-crta-s-observers-will-monitor-the-election-day-on-june-21\/#article","isPartOf":{"@id":"https:\/\/crta.rs\/en\/more-than-1-700-trained-crta-s-observers-will-monitor-the-election-day-on-june-21\/"},"author":{"name":"milica","@id":"https:\/\/crta.rs\/en\/#\/schema\/person\/0cc37dbc4cb7d35b32379de6f98e1c7f"},"headline":"More than 1.700 trained CRTA\u2019s observers will monitor the election day on June 21","datePublished":"2020-06-14T13:13:10+00:00","dateModified":"2022-03-07T15:30:00+00:00","mainEntityOfPage":{"@id":"https:\/\/crta.rs\/en\/more-than-1-700-trained-crta-s-observers-will-monitor-the-election-day-on-june-21\/"},"wordCount":472,"image":{"@id":"https:\/\/crta.rs\/en\/more-than-1-700-trained-crta-s-observers-will-monitor-the-election-day-on-june-21\/#primaryimage"},"thumbnailUrl":"https:\/\/crta.rs\/wp-content\/uploads\/2020\/06\/izbori-2020-viz-5-aktuelno.png","keywords":["elections 2020"],"articleSection":["Latest","News"],"inLanguage":"en-US"},{"@type":"WebPage","@id":"https:\/\/crta.rs\/en\/more-than-1-700-trained-crta-s-observers-will-monitor-the-election-day-on-june-21\/","url":"https:\/\/crta.rs\/en\/more-than-1-700-trained-crta-s-observers-will-monitor-the-election-day-on-june-21\/","name":"More than 1.700 trained CRTA\u2019s observers will monitor the election day on June 21 - CRTA","isPartOf":{"@id":"https:\/\/crta.rs\/en\/#website"},"primaryImageOfPage":{"@id":"https:\/\/crta.rs\/en\/more-than-1-700-trained-crta-s-observers-will-monitor-the-election-day-on-june-21\/#primaryimage"},"image":{"@id":"https:\/\/crta.rs\/en\/more-than-1-700-trained-crta-s-observers-will-monitor-the-election-day-on-june-21\/#primaryimage"},"thumbnailUrl":"https:\/\/crta.rs\/wp-content\/uploads\/2020\/06\/izbori-2020-viz-5-aktuelno.png","datePublished":"2020-06-14T13:13:10+00:00","dateModified":"2022-03-07T15:30:00+00:00","author":{"@id":"https:\/\/crta.rs\/en\/#\/schema\/person\/0cc37dbc4cb7d35b32379de6f98e1c7f"},"breadcrumb":{"@id":"https:\/\/crta.rs\/en\/more-than-1-700-trained-crta-s-observers-will-monitor-the-election-day-on-june-21\/#breadcrumb"},"inLanguage":"en-US","potentialAction":[{"@type":"ReadAction","target":["https:\/\/crta.rs\/en\/more-than-1-700-trained-crta-s-observers-will-monitor-the-election-day-on-june-21\/"]}]},{"@type":"ImageObject","inLanguage":"en-US","@id":"https:\/\/crta.rs\/en\/more-than-1-700-trained-crta-s-observers-will-monitor-the-election-day-on-june-21\/#primaryimage","url":"https:\/\/crta.rs\/wp-content\/uploads\/2020\/06\/izbori-2020-viz-5-aktuelno.png","contentUrl":"https:\/\/crta.rs\/wp-content\/uploads\/2020\/06\/izbori-2020-viz-5-aktuelno.png","width":727,"height":363},{"@type":"BreadcrumbList","@id":"https:\/\/crta.rs\/en\/more-than-1-700-trained-crta-s-observers-will-monitor-the-election-day-on-june-21\/#breadcrumb","itemListElement":[{"@type":"ListItem","position":1,"name":"Home","item":"https:\/\/crta.rs\/en\/"},{"@type":"ListItem","position":2,"name":"Latest","item":"https:\/\/crta.rs\/en\/category\/latest-en\/"},{"@type":"ListItem","position":3,"name":"More than 1.700 trained CRTA\u2019s observers will monitor the election day on June 21"}]},{"@type":"WebSite","@id":"https:\/\/crta.rs\/en\/#website","url":"https:\/\/crta.rs\/en\/","name":"CRTA","description":"Mi smo grupa aktivista i novinara koja zajedno sa gra\u0111anima uti\u010de na pove\u0107anje odgovornosti institucija i javnih funkcionera kroz pra\u0107enje i kontrolu njihovog rada.","potentialAction":[{"@type":"SearchAction","target":{"@type":"EntryPoint","urlTemplate":"https:\/\/crta.rs\/en\/?s={search_term_string}"},"query-input":{"@type":"PropertyValueSpecification","valueRequired":true,"valueName":"search_term_string"}}],"inLanguage":"en-US"},{"@type":"Person","@id":"https:\/\/crta.rs\/en\/#\/schema\/person\/0cc37dbc4cb7d35b32379de6f98e1c7f","name":"milica","url":"https:\/\/crta.rs\/en\/author\/milica\/"}]}},"_links":{"self":[{"href":"https:\/\/crta.rs\/en\/wp-json\/wp\/v2\/posts\/23338","targetHints":{"allow":["GET"]}}],"collection":[{"href":"https:\/\/crta.rs\/en\/wp-json\/wp\/v2\/posts"}],"about":[{"href":"https:\/\/crta.rs\/en\/wp-json\/wp\/v2\/types\/post"}],"author":[{"embeddable":true,"href":"https:\/\/crta.rs\/en\/wp-json\/wp\/v2\/users\/3"}],"replies":[{"embeddable":true,"href":"https:\/\/crta.rs\/en\/wp-json\/wp\/v2\/comments?post=23338"}],"version-history":[{"count":2,"href":"https:\/\/crta.rs\/en\/wp-json\/wp\/v2\/posts\/23338\/revisions"}],"predecessor-version":[{"id":23341,"href":"https:\/\/crta.rs\/en\/wp-json\/wp\/v2\/posts\/23338\/revisions\/23341"}],"wp:featuredmedia":[{"embeddable":true,"href":"https:\/\/crta.rs\/en\/wp-json\/wp\/v2\/media\/23261"}],"wp:attachment":[{"href":"https:\/\/crta.rs\/en\/wp-json\/wp\/v2\/media?parent=23338"}],"wp:term":[{"taxonomy":"category","embeddable":true,"href":"https:\/\/crta.rs\/en\/wp-json\/wp\/v2\/categories?post=23338"},{"taxonomy":"post_tag","embeddable":true,"href":"https:\/\/crta.rs\/en\/wp-json\/wp\/v2\/tags?post=23338"}],"curies":[{"name":"wp","href":"https:\/\/api.w.org\/{rel}","templated":true}]}}