{"id":23277,"date":"2020-06-11T10:12:41","date_gmt":"2020-06-11T08:12:41","guid":{"rendered":"https:\/\/crta.rs\/?p=23277"},"modified":"2022-03-07T16:29:54","modified_gmt":"2022-03-07T15:29:54","slug":"how-are-we-going-to-observe-the-election-day-june-21","status":"publish","type":"post","link":"https:\/\/crta.rs\/en\/how-are-we-going-to-observe-the-election-day-june-21\/","title":{"rendered":"How are we going to observe the election day \u2013 June 21?"},"content":{"rendered":"<p>As domestic observation mission observing the elections by the highest international standards, CRTA will monitor and assess the quality of the election process on the election day, June 21, 2020. CRTA\u2019s observes will be deployed at the random and representative sample of 500 polling stations across the country. In addition, CRTA\u2019s mobile teams will monitor developments outside of polling stations in all Serbia\u2019s regions on the election day, as well as the work of the Republic Electoral Commission.<\/p>\n<p>Observers will be deployed at polling stations from the preparation and oppening of polling stations until the announcement of election results by polling boards at the observed polling stations. This will provide a comprehensive insight into developments at polling stations throughout the election day.<\/p>\n<p>During the election day, CRTA will periodically inform the public about the voting process, while reports on the voters\u2019 turnout will be published every hour. <strong>CRTA will broadcast its public conferences live through the website <\/strong><a href=\"https:\/\/crta.rs\/en\/\"><strong>Crta.rs<\/strong><\/a><strong>, <\/strong><a href=\"https:\/\/www.youtube.com\/channel\/UCVvI74ipyn7bkjIFHqeknkQ\"><strong>Youtube channel<\/strong><\/a><strong> and <\/strong><a href=\"https:\/\/www.facebook.com\/CRTArs\"><strong>Facebook page<\/strong><\/a><strong> by the following schedule:<\/strong><\/p>\n<ul>\n<li><strong>9.30 am\u00a0<\/strong><\/li>\n<li><strong>11.30 am<\/strong><\/li>\n<li><strong>2.30 pm<\/strong><\/li>\n<li><strong>5.30 pm<\/strong><\/li>\n<li><strong>8.30 pm<\/strong><\/li>\n<li><strong>around 10.00 pm<\/strong><\/li>\n<\/ul>\n<p>Throughout the day, interested public will be able to follow the flow of information arriving from polling stations, the call center\u2019s operations in providing support to observers, as well as to access regular updates on election day developments through CRTA\u2019s <a href=\"https:\/\/crta.rs\/en\/\">website<\/a> and <a href=\"https:\/\/www.youtube.com\/channel\/UCVvI74ipyn7bkjIFHqeknkQ\">Youtube channel<\/a>.<\/p>\n","protected":false},"excerpt":{"rendered":"<p>As domestic observation mission observing the elections by the highest international standards, CRTA will monitor and assess the quality of the election process on the election day, June 21, 2020. CRTA\u2019s observes will be deployed at the random and representative sample of 500 polling stations across the country. In addition, CRTA\u2019s mobile teams will monitor developments outside of polling stations in all Serbia\u2019s regions on the election day, as well as the work of the Republic Electoral Commission.<\/p>\n","protected":false},"author":3,"featured_media":23116,"comment_status":"closed","ping_status":"open","sticky":false,"template":"","format":"standard","meta":{"_acf_changed":false,"footnotes":"","_links_to":"","_links_to_target":""},"categories":[218,681],"tags":[811],"class_list":["post-23277","post","type-post","status-publish","format-standard","has-post-thumbnail","hentry","category-latest-en","category-news","tag-elections-2020","ciTrackContent"],"acf":[],"yoast_head":"<!-- This site is optimized with the Yoast SEO plugin v27.4 - https:\/\/yoast.com\/product\/yoast-seo-wordpress\/ -->\n<title>How are we going to observe the election day \u2013 June 21? - CRTA<\/title>\n<meta name=\"robots\" content=\"index, follow, max-snippet:-1, max-image-preview:large, max-video-preview:-1\" \/>\n<link rel=\"canonical\" href=\"https:\/\/crta.rs\/en\/how-are-we-going-to-observe-the-election-day-june-21\/\" \/>\n<meta property=\"og:locale\" content=\"en_US\" \/>\n<meta property=\"og:type\" content=\"article\" \/>\n<meta property=\"og:title\" content=\"How are we going to observe the election day \u2013 June 21? - CRTA\" \/>\n<meta property=\"og:description\" content=\"As domestic observation mission observing the elections by the highest international standards, CRTA will monitor and assess the quality of the election process on the election day, June 21, 2020. CRTA\u2019s observes will be deployed at the random and representative sample of 500 polling stations across the country. In addition, CRTA\u2019s mobile teams will monitor developments outside of polling stations in all Serbia\u2019s regions on the election day, as well as the work of the Republic Electoral Commission.\" \/>\n<meta property=\"og:url\" content=\"https:\/\/crta.rs\/en\/how-are-we-going-to-observe-the-election-day-june-21\/\" \/>\n<meta property=\"og:site_name\" content=\"CRTA\" \/>\n<meta property=\"article:publisher\" content=\"https:\/\/www.facebook.com\/CRTArs\/\" \/>\n<meta property=\"article:published_time\" content=\"2020-06-11T08:12:41+00:00\" \/>\n<meta property=\"article:modified_time\" content=\"2022-03-07T15:29:54+00:00\" \/>\n<meta property=\"og:image\" content=\"https:\/\/crta.rs\/wp-content\/uploads\/2020\/06\/izbori-2020-viz-3-aktuelno.png\" \/>\n\t<meta property=\"og:image:width\" content=\"727\" \/>\n\t<meta property=\"og:image:height\" content=\"363\" \/>\n\t<meta property=\"og:image:type\" content=\"image\/png\" \/>\n<meta name=\"author\" content=\"milica\" \/>\n<meta name=\"twitter:card\" content=\"summary_large_image\" \/>\n<meta name=\"twitter:label1\" content=\"Written by\" \/>\n\t<meta name=\"twitter:data1\" content=\"milica\" \/>\n\t<meta name=\"twitter:label2\" content=\"Est. reading time\" \/>\n\t<meta name=\"twitter:data2\" content=\"1 minute\" \/>\n<script type=\"application\/ld+json\" class=\"yoast-schema-graph\">{\"@context\":\"https:\\\/\\\/schema.org\",\"@graph\":[{\"@type\":\"Article\",\"@id\":\"https:\\\/\\\/crta.rs\\\/en\\\/how-are-we-going-to-observe-the-election-day-june-21\\\/#article\",\"isPartOf\":{\"@id\":\"https:\\\/\\\/crta.rs\\\/en\\\/how-are-we-going-to-observe-the-election-day-june-21\\\/\"},\"author\":{\"name\":\"milica\",\"@id\":\"https:\\\/\\\/crta.rs\\\/en\\\/#\\\/schema\\\/person\\\/0cc37dbc4cb7d35b32379de6f98e1c7f\"},\"headline\":\"How are we going to observe the election day \u2013 June 21?\",\"datePublished\":\"2020-06-11T08:12:41+00:00\",\"dateModified\":\"2022-03-07T15:29:54+00:00\",\"mainEntityOfPage\":{\"@id\":\"https:\\\/\\\/crta.rs\\\/en\\\/how-are-we-going-to-observe-the-election-day-june-21\\\/\"},\"wordCount\":231,\"image\":{\"@id\":\"https:\\\/\\\/crta.rs\\\/en\\\/how-are-we-going-to-observe-the-election-day-june-21\\\/#primaryimage\"},\"thumbnailUrl\":\"https:\\\/\\\/crta.rs\\\/wp-content\\\/uploads\\\/2020\\\/06\\\/izbori-2020-viz-3-aktuelno.png\",\"keywords\":[\"elections 2020\"],\"articleSection\":[\"Latest\",\"News\"],\"inLanguage\":\"en-US\"},{\"@type\":\"WebPage\",\"@id\":\"https:\\\/\\\/crta.rs\\\/en\\\/how-are-we-going-to-observe-the-election-day-june-21\\\/\",\"url\":\"https:\\\/\\\/crta.rs\\\/en\\\/how-are-we-going-to-observe-the-election-day-june-21\\\/\",\"name\":\"How are we going to observe the election day \u2013 June 21? - CRTA\",\"isPartOf\":{\"@id\":\"https:\\\/\\\/crta.rs\\\/en\\\/#website\"},\"primaryImageOfPage\":{\"@id\":\"https:\\\/\\\/crta.rs\\\/en\\\/how-are-we-going-to-observe-the-election-day-june-21\\\/#primaryimage\"},\"image\":{\"@id\":\"https:\\\/\\\/crta.rs\\\/en\\\/how-are-we-going-to-observe-the-election-day-june-21\\\/#primaryimage\"},\"thumbnailUrl\":\"https:\\\/\\\/crta.rs\\\/wp-content\\\/uploads\\\/2020\\\/06\\\/izbori-2020-viz-3-aktuelno.png\",\"datePublished\":\"2020-06-11T08:12:41+00:00\",\"dateModified\":\"2022-03-07T15:29:54+00:00\",\"author\":{\"@id\":\"https:\\\/\\\/crta.rs\\\/en\\\/#\\\/schema\\\/person\\\/0cc37dbc4cb7d35b32379de6f98e1c7f\"},\"breadcrumb\":{\"@id\":\"https:\\\/\\\/crta.rs\\\/en\\\/how-are-we-going-to-observe-the-election-day-june-21\\\/#breadcrumb\"},\"inLanguage\":\"en-US\",\"potentialAction\":[{\"@type\":\"ReadAction\",\"target\":[\"https:\\\/\\\/crta.rs\\\/en\\\/how-are-we-going-to-observe-the-election-day-june-21\\\/\"]}]},{\"@type\":\"ImageObject\",\"inLanguage\":\"en-US\",\"@id\":\"https:\\\/\\\/crta.rs\\\/en\\\/how-are-we-going-to-observe-the-election-day-june-21\\\/#primaryimage\",\"url\":\"https:\\\/\\\/crta.rs\\\/wp-content\\\/uploads\\\/2020\\\/06\\\/izbori-2020-viz-3-aktuelno.png\",\"contentUrl\":\"https:\\\/\\\/crta.rs\\\/wp-content\\\/uploads\\\/2020\\\/06\\\/izbori-2020-viz-3-aktuelno.png\",\"width\":727,\"height\":363,\"caption\":\"izbori 2020 posmatra\u010dka misija\"},{\"@type\":\"BreadcrumbList\",\"@id\":\"https:\\\/\\\/crta.rs\\\/en\\\/how-are-we-going-to-observe-the-election-day-june-21\\\/#breadcrumb\",\"itemListElement\":[{\"@type\":\"ListItem\",\"position\":1,\"name\":\"Home\",\"item\":\"https:\\\/\\\/crta.rs\\\/en\\\/\"},{\"@type\":\"ListItem\",\"position\":2,\"name\":\"Latest\",\"item\":\"https:\\\/\\\/crta.rs\\\/en\\\/category\\\/latest-en\\\/\"},{\"@type\":\"ListItem\",\"position\":3,\"name\":\"How are we going to observe the election day \u2013 June 21?\"}]},{\"@type\":\"WebSite\",\"@id\":\"https:\\\/\\\/crta.rs\\\/en\\\/#website\",\"url\":\"https:\\\/\\\/crta.rs\\\/en\\\/\",\"name\":\"CRTA\",\"description\":\"Mi smo grupa aktivista i novinara koja zajedno sa gra\u0111anima uti\u010de na pove\u0107anje odgovornosti institucija i javnih funkcionera kroz pra\u0107enje i kontrolu njihovog rada.\",\"potentialAction\":[{\"@type\":\"SearchAction\",\"target\":{\"@type\":\"EntryPoint\",\"urlTemplate\":\"https:\\\/\\\/crta.rs\\\/en\\\/?s={search_term_string}\"},\"query-input\":{\"@type\":\"PropertyValueSpecification\",\"valueRequired\":true,\"valueName\":\"search_term_string\"}}],\"inLanguage\":\"en-US\"},{\"@type\":\"Person\",\"@id\":\"https:\\\/\\\/crta.rs\\\/en\\\/#\\\/schema\\\/person\\\/0cc37dbc4cb7d35b32379de6f98e1c7f\",\"name\":\"milica\",\"url\":\"https:\\\/\\\/crta.rs\\\/en\\\/author\\\/milica\\\/\"}]}<\/script>\n<!-- \/ Yoast SEO plugin. -->","yoast_head_json":{"title":"How are we going to observe the election day \u2013 June 21? - CRTA","robots":{"index":"index","follow":"follow","max-snippet":"max-snippet:-1","max-image-preview":"max-image-preview:large","max-video-preview":"max-video-preview:-1"},"canonical":"https:\/\/crta.rs\/en\/how-are-we-going-to-observe-the-election-day-june-21\/","og_locale":"en_US","og_type":"article","og_title":"How are we going to observe the election day \u2013 June 21? - CRTA","og_description":"As domestic observation mission observing the elections by the highest international standards, CRTA will monitor and assess the quality of the election process on the election day, June 21, 2020. CRTA\u2019s observes will be deployed at the random and representative sample of 500 polling stations across the country. In addition, CRTA\u2019s mobile teams will monitor developments outside of polling stations in all Serbia\u2019s regions on the election day, as well as the work of the Republic Electoral Commission.","og_url":"https:\/\/crta.rs\/en\/how-are-we-going-to-observe-the-election-day-june-21\/","og_site_name":"CRTA","article_publisher":"https:\/\/www.facebook.com\/CRTArs\/","article_published_time":"2020-06-11T08:12:41+00:00","article_modified_time":"2022-03-07T15:29:54+00:00","og_image":[{"width":727,"height":363,"url":"https:\/\/crta.rs\/wp-content\/uploads\/2020\/06\/izbori-2020-viz-3-aktuelno.png","type":"image\/png"}],"author":"milica","twitter_card":"summary_large_image","twitter_misc":{"Written by":"milica","Est. reading time":"1 minute"},"schema":{"@context":"https:\/\/schema.org","@graph":[{"@type":"Article","@id":"https:\/\/crta.rs\/en\/how-are-we-going-to-observe-the-election-day-june-21\/#article","isPartOf":{"@id":"https:\/\/crta.rs\/en\/how-are-we-going-to-observe-the-election-day-june-21\/"},"author":{"name":"milica","@id":"https:\/\/crta.rs\/en\/#\/schema\/person\/0cc37dbc4cb7d35b32379de6f98e1c7f"},"headline":"How are we going to observe the election day \u2013 June 21?","datePublished":"2020-06-11T08:12:41+00:00","dateModified":"2022-03-07T15:29:54+00:00","mainEntityOfPage":{"@id":"https:\/\/crta.rs\/en\/how-are-we-going-to-observe-the-election-day-june-21\/"},"wordCount":231,"image":{"@id":"https:\/\/crta.rs\/en\/how-are-we-going-to-observe-the-election-day-june-21\/#primaryimage"},"thumbnailUrl":"https:\/\/crta.rs\/wp-content\/uploads\/2020\/06\/izbori-2020-viz-3-aktuelno.png","keywords":["elections 2020"],"articleSection":["Latest","News"],"inLanguage":"en-US"},{"@type":"WebPage","@id":"https:\/\/crta.rs\/en\/how-are-we-going-to-observe-the-election-day-june-21\/","url":"https:\/\/crta.rs\/en\/how-are-we-going-to-observe-the-election-day-june-21\/","name":"How are we going to observe the election day \u2013 June 21? - CRTA","isPartOf":{"@id":"https:\/\/crta.rs\/en\/#website"},"primaryImageOfPage":{"@id":"https:\/\/crta.rs\/en\/how-are-we-going-to-observe-the-election-day-june-21\/#primaryimage"},"image":{"@id":"https:\/\/crta.rs\/en\/how-are-we-going-to-observe-the-election-day-june-21\/#primaryimage"},"thumbnailUrl":"https:\/\/crta.rs\/wp-content\/uploads\/2020\/06\/izbori-2020-viz-3-aktuelno.png","datePublished":"2020-06-11T08:12:41+00:00","dateModified":"2022-03-07T15:29:54+00:00","author":{"@id":"https:\/\/crta.rs\/en\/#\/schema\/person\/0cc37dbc4cb7d35b32379de6f98e1c7f"},"breadcrumb":{"@id":"https:\/\/crta.rs\/en\/how-are-we-going-to-observe-the-election-day-june-21\/#breadcrumb"},"inLanguage":"en-US","potentialAction":[{"@type":"ReadAction","target":["https:\/\/crta.rs\/en\/how-are-we-going-to-observe-the-election-day-june-21\/"]}]},{"@type":"ImageObject","inLanguage":"en-US","@id":"https:\/\/crta.rs\/en\/how-are-we-going-to-observe-the-election-day-june-21\/#primaryimage","url":"https:\/\/crta.rs\/wp-content\/uploads\/2020\/06\/izbori-2020-viz-3-aktuelno.png","contentUrl":"https:\/\/crta.rs\/wp-content\/uploads\/2020\/06\/izbori-2020-viz-3-aktuelno.png","width":727,"height":363,"caption":"izbori 2020 posmatra\u010dka misija"},{"@type":"BreadcrumbList","@id":"https:\/\/crta.rs\/en\/how-are-we-going-to-observe-the-election-day-june-21\/#breadcrumb","itemListElement":[{"@type":"ListItem","position":1,"name":"Home","item":"https:\/\/crta.rs\/en\/"},{"@type":"ListItem","position":2,"name":"Latest","item":"https:\/\/crta.rs\/en\/category\/latest-en\/"},{"@type":"ListItem","position":3,"name":"How are we going to observe the election day \u2013 June 21?"}]},{"@type":"WebSite","@id":"https:\/\/crta.rs\/en\/#website","url":"https:\/\/crta.rs\/en\/","name":"CRTA","description":"Mi smo grupa aktivista i novinara koja zajedno sa gra\u0111anima uti\u010de na pove\u0107anje odgovornosti institucija i javnih funkcionera kroz pra\u0107enje i kontrolu njihovog rada.","potentialAction":[{"@type":"SearchAction","target":{"@type":"EntryPoint","urlTemplate":"https:\/\/crta.rs\/en\/?s={search_term_string}"},"query-input":{"@type":"PropertyValueSpecification","valueRequired":true,"valueName":"search_term_string"}}],"inLanguage":"en-US"},{"@type":"Person","@id":"https:\/\/crta.rs\/en\/#\/schema\/person\/0cc37dbc4cb7d35b32379de6f98e1c7f","name":"milica","url":"https:\/\/crta.rs\/en\/author\/milica\/"}]}},"_links":{"self":[{"href":"https:\/\/crta.rs\/en\/wp-json\/wp\/v2\/posts\/23277","targetHints":{"allow":["GET"]}}],"collection":[{"href":"https:\/\/crta.rs\/en\/wp-json\/wp\/v2\/posts"}],"about":[{"href":"https:\/\/crta.rs\/en\/wp-json\/wp\/v2\/types\/post"}],"author":[{"embeddable":true,"href":"https:\/\/crta.rs\/en\/wp-json\/wp\/v2\/users\/3"}],"replies":[{"embeddable":true,"href":"https:\/\/crta.rs\/en\/wp-json\/wp\/v2\/comments?post=23277"}],"version-history":[{"count":1,"href":"https:\/\/crta.rs\/en\/wp-json\/wp\/v2\/posts\/23277\/revisions"}],"predecessor-version":[{"id":23278,"href":"https:\/\/crta.rs\/en\/wp-json\/wp\/v2\/posts\/23277\/revisions\/23278"}],"wp:featuredmedia":[{"embeddable":true,"href":"https:\/\/crta.rs\/en\/wp-json\/wp\/v2\/media\/23116"}],"wp:attachment":[{"href":"https:\/\/crta.rs\/en\/wp-json\/wp\/v2\/media?parent=23277"}],"wp:term":[{"taxonomy":"category","embeddable":true,"href":"https:\/\/crta.rs\/en\/wp-json\/wp\/v2\/categories?post=23277"},{"taxonomy":"post_tag","embeddable":true,"href":"https:\/\/crta.rs\/en\/wp-json\/wp\/v2\/tags?post=23277"}],"curies":[{"name":"wp","href":"https:\/\/api.w.org\/{rel}","templated":true}]}}