{"id":23014,"date":"2020-05-12T11:04:31","date_gmt":"2020-05-12T09:04:31","guid":{"rendered":"https:\/\/crta.rs\/?p=23014"},"modified":"2022-03-07T16:27:44","modified_gmt":"2022-03-07T15:27:44","slug":"crta-continued-to-observe-the-election-process-on-the-ground","status":"publish","type":"post","link":"https:\/\/crta.rs\/en\/crta-continued-to-observe-the-election-process-on-the-ground\/","title":{"rendered":"CRTA continued to observe the election process on the ground"},"content":{"rendered":"<p>CRTA\u2019s election observation mission continued to observe the quality of the election process after the lifting of the state of emergency and the official reinstatement of the election process. A team of 120 long-term observers, trained to the highest <a href=\"https:\/\/gndem.org\/declaration-of-global-principles\/\">international standards<\/a> for an independent civic election observation, is deployed across the country. \u00a0Observers monitor all aspects of the election process: the general atmosphere within the campaign, communication of electoral actors with voters, cases of abuse of public resources and public functions, i.e. public officials campaigning, as well as the work of election administration.<\/p>\n<p>CRTA analyzes the information systematically collected by the long-term observers on the ground and will inform the public about the main findings in the period prior to the election day.<\/p>\n<p>As a reminder, CRTA\u2019s election observation mission began with systematic monitoring of the key aspects of the parliamentary elections campaign three weeks before the elections were officially called. Due to the gravity of situation with the coronavirus outbreak, CRTA withdrew its observers from the ground throughout Serbia on March 16, while the teams monitoring media reporting and campaigning on social networks continued to collect information during the state of emergency as well.<\/p>\n<p>Findings of the &#8220;Campaign Before the Campaign&#8221; analyses, covering the observation period prior to the official announcement of the elections, is available at <a href=\"https:\/\/crta.rs\/en\/elections-2020-campaign-before-the-campaign-full-report\">this link<\/a>.<\/p>\n","protected":false},"excerpt":{"rendered":"<p>CRTA\u2019s election observation mission continued to observe the quality of the election process after the lifting of the state of emergency and the official reinstatement of the election process.<\/p>\n","protected":false},"author":3,"featured_media":23102,"comment_status":"closed","ping_status":"open","sticky":false,"template":"","format":"standard","meta":{"_acf_changed":false,"footnotes":"","_links_to":"","_links_to_target":""},"categories":[218,681],"tags":[811],"class_list":["post-23014","post","type-post","status-publish","format-standard","has-post-thumbnail","hentry","category-latest-en","category-news","tag-elections-2020","ciTrackContent"],"acf":[],"yoast_head":"<!-- This site is optimized with the Yoast SEO plugin v27.4 - https:\/\/yoast.com\/product\/yoast-seo-wordpress\/ -->\n<title>CRTA continued to observe the election process on the ground - CRTA<\/title>\n<meta name=\"robots\" content=\"index, follow, max-snippet:-1, max-image-preview:large, max-video-preview:-1\" \/>\n<link rel=\"canonical\" href=\"https:\/\/crta.rs\/en\/crta-continued-to-observe-the-election-process-on-the-ground\/\" \/>\n<meta property=\"og:locale\" content=\"en_US\" \/>\n<meta property=\"og:type\" content=\"article\" \/>\n<meta property=\"og:title\" content=\"CRTA continued to observe the election process on the ground - CRTA\" \/>\n<meta property=\"og:description\" content=\"CRTA\u2019s election observation mission continued to observe the quality of the election process after the lifting of the state of emergency and the official reinstatement of the election process.\" \/>\n<meta property=\"og:url\" content=\"https:\/\/crta.rs\/en\/crta-continued-to-observe-the-election-process-on-the-ground\/\" \/>\n<meta property=\"og:site_name\" content=\"CRTA\" \/>\n<meta property=\"article:publisher\" content=\"https:\/\/www.facebook.com\/CRTArs\/\" \/>\n<meta property=\"article:published_time\" content=\"2020-05-12T09:04:31+00:00\" \/>\n<meta property=\"article:modified_time\" content=\"2022-03-07T15:27:44+00:00\" \/>\n<meta property=\"og:image\" content=\"https:\/\/crta.rs\/wp-content\/uploads\/2020\/05\/izbori-2020-viz-2-aktuelno.png\" \/>\n\t<meta property=\"og:image:width\" content=\"727\" \/>\n\t<meta property=\"og:image:height\" content=\"363\" \/>\n\t<meta property=\"og:image:type\" content=\"image\/png\" \/>\n<meta name=\"author\" content=\"milica\" \/>\n<meta name=\"twitter:card\" content=\"summary_large_image\" \/>\n<meta name=\"twitter:label1\" content=\"Written by\" \/>\n\t<meta name=\"twitter:data1\" content=\"milica\" \/>\n\t<meta name=\"twitter:label2\" content=\"Est. reading time\" \/>\n\t<meta name=\"twitter:data2\" content=\"1 minute\" \/>\n<script type=\"application\/ld+json\" class=\"yoast-schema-graph\">{\"@context\":\"https:\\\/\\\/schema.org\",\"@graph\":[{\"@type\":\"Article\",\"@id\":\"https:\\\/\\\/crta.rs\\\/en\\\/crta-continued-to-observe-the-election-process-on-the-ground\\\/#article\",\"isPartOf\":{\"@id\":\"https:\\\/\\\/crta.rs\\\/en\\\/crta-continued-to-observe-the-election-process-on-the-ground\\\/\"},\"author\":{\"name\":\"milica\",\"@id\":\"https:\\\/\\\/crta.rs\\\/en\\\/#\\\/schema\\\/person\\\/0cc37dbc4cb7d35b32379de6f98e1c7f\"},\"headline\":\"CRTA continued to observe the election process on the ground\",\"datePublished\":\"2020-05-12T09:04:31+00:00\",\"dateModified\":\"2022-03-07T15:27:44+00:00\",\"mainEntityOfPage\":{\"@id\":\"https:\\\/\\\/crta.rs\\\/en\\\/crta-continued-to-observe-the-election-process-on-the-ground\\\/\"},\"wordCount\":231,\"image\":{\"@id\":\"https:\\\/\\\/crta.rs\\\/en\\\/crta-continued-to-observe-the-election-process-on-the-ground\\\/#primaryimage\"},\"thumbnailUrl\":\"https:\\\/\\\/crta.rs\\\/wp-content\\\/uploads\\\/2020\\\/05\\\/izbori-2020-viz-2-aktuelno.png\",\"keywords\":[\"elections 2020\"],\"articleSection\":[\"Latest\",\"News\"],\"inLanguage\":\"en-US\"},{\"@type\":\"WebPage\",\"@id\":\"https:\\\/\\\/crta.rs\\\/en\\\/crta-continued-to-observe-the-election-process-on-the-ground\\\/\",\"url\":\"https:\\\/\\\/crta.rs\\\/en\\\/crta-continued-to-observe-the-election-process-on-the-ground\\\/\",\"name\":\"CRTA continued to observe the election process on the ground - CRTA\",\"isPartOf\":{\"@id\":\"https:\\\/\\\/crta.rs\\\/en\\\/#website\"},\"primaryImageOfPage\":{\"@id\":\"https:\\\/\\\/crta.rs\\\/en\\\/crta-continued-to-observe-the-election-process-on-the-ground\\\/#primaryimage\"},\"image\":{\"@id\":\"https:\\\/\\\/crta.rs\\\/en\\\/crta-continued-to-observe-the-election-process-on-the-ground\\\/#primaryimage\"},\"thumbnailUrl\":\"https:\\\/\\\/crta.rs\\\/wp-content\\\/uploads\\\/2020\\\/05\\\/izbori-2020-viz-2-aktuelno.png\",\"datePublished\":\"2020-05-12T09:04:31+00:00\",\"dateModified\":\"2022-03-07T15:27:44+00:00\",\"author\":{\"@id\":\"https:\\\/\\\/crta.rs\\\/en\\\/#\\\/schema\\\/person\\\/0cc37dbc4cb7d35b32379de6f98e1c7f\"},\"breadcrumb\":{\"@id\":\"https:\\\/\\\/crta.rs\\\/en\\\/crta-continued-to-observe-the-election-process-on-the-ground\\\/#breadcrumb\"},\"inLanguage\":\"en-US\",\"potentialAction\":[{\"@type\":\"ReadAction\",\"target\":[\"https:\\\/\\\/crta.rs\\\/en\\\/crta-continued-to-observe-the-election-process-on-the-ground\\\/\"]}]},{\"@type\":\"ImageObject\",\"inLanguage\":\"en-US\",\"@id\":\"https:\\\/\\\/crta.rs\\\/en\\\/crta-continued-to-observe-the-election-process-on-the-ground\\\/#primaryimage\",\"url\":\"https:\\\/\\\/crta.rs\\\/wp-content\\\/uploads\\\/2020\\\/05\\\/izbori-2020-viz-2-aktuelno.png\",\"contentUrl\":\"https:\\\/\\\/crta.rs\\\/wp-content\\\/uploads\\\/2020\\\/05\\\/izbori-2020-viz-2-aktuelno.png\",\"width\":727,\"height\":363},{\"@type\":\"BreadcrumbList\",\"@id\":\"https:\\\/\\\/crta.rs\\\/en\\\/crta-continued-to-observe-the-election-process-on-the-ground\\\/#breadcrumb\",\"itemListElement\":[{\"@type\":\"ListItem\",\"position\":1,\"name\":\"Home\",\"item\":\"https:\\\/\\\/crta.rs\\\/en\\\/\"},{\"@type\":\"ListItem\",\"position\":2,\"name\":\"Latest\",\"item\":\"https:\\\/\\\/crta.rs\\\/en\\\/category\\\/latest-en\\\/\"},{\"@type\":\"ListItem\",\"position\":3,\"name\":\"CRTA continued to observe the election process on the ground\"}]},{\"@type\":\"WebSite\",\"@id\":\"https:\\\/\\\/crta.rs\\\/en\\\/#website\",\"url\":\"https:\\\/\\\/crta.rs\\\/en\\\/\",\"name\":\"CRTA\",\"description\":\"Mi smo grupa aktivista i novinara koja zajedno sa gra\u0111anima uti\u010de na pove\u0107anje odgovornosti institucija i javnih funkcionera kroz pra\u0107enje i kontrolu njihovog rada.\",\"potentialAction\":[{\"@type\":\"SearchAction\",\"target\":{\"@type\":\"EntryPoint\",\"urlTemplate\":\"https:\\\/\\\/crta.rs\\\/en\\\/?s={search_term_string}\"},\"query-input\":{\"@type\":\"PropertyValueSpecification\",\"valueRequired\":true,\"valueName\":\"search_term_string\"}}],\"inLanguage\":\"en-US\"},{\"@type\":\"Person\",\"@id\":\"https:\\\/\\\/crta.rs\\\/en\\\/#\\\/schema\\\/person\\\/0cc37dbc4cb7d35b32379de6f98e1c7f\",\"name\":\"milica\",\"url\":\"https:\\\/\\\/crta.rs\\\/en\\\/author\\\/milica\\\/\"}]}<\/script>\n<!-- \/ Yoast SEO plugin. -->","yoast_head_json":{"title":"CRTA continued to observe the election process on the ground - CRTA","robots":{"index":"index","follow":"follow","max-snippet":"max-snippet:-1","max-image-preview":"max-image-preview:large","max-video-preview":"max-video-preview:-1"},"canonical":"https:\/\/crta.rs\/en\/crta-continued-to-observe-the-election-process-on-the-ground\/","og_locale":"en_US","og_type":"article","og_title":"CRTA continued to observe the election process on the ground - CRTA","og_description":"CRTA\u2019s election observation mission continued to observe the quality of the election process after the lifting of the state of emergency and the official reinstatement of the election process.","og_url":"https:\/\/crta.rs\/en\/crta-continued-to-observe-the-election-process-on-the-ground\/","og_site_name":"CRTA","article_publisher":"https:\/\/www.facebook.com\/CRTArs\/","article_published_time":"2020-05-12T09:04:31+00:00","article_modified_time":"2022-03-07T15:27:44+00:00","og_image":[{"width":727,"height":363,"url":"https:\/\/crta.rs\/wp-content\/uploads\/2020\/05\/izbori-2020-viz-2-aktuelno.png","type":"image\/png"}],"author":"milica","twitter_card":"summary_large_image","twitter_misc":{"Written by":"milica","Est. reading time":"1 minute"},"schema":{"@context":"https:\/\/schema.org","@graph":[{"@type":"Article","@id":"https:\/\/crta.rs\/en\/crta-continued-to-observe-the-election-process-on-the-ground\/#article","isPartOf":{"@id":"https:\/\/crta.rs\/en\/crta-continued-to-observe-the-election-process-on-the-ground\/"},"author":{"name":"milica","@id":"https:\/\/crta.rs\/en\/#\/schema\/person\/0cc37dbc4cb7d35b32379de6f98e1c7f"},"headline":"CRTA continued to observe the election process on the ground","datePublished":"2020-05-12T09:04:31+00:00","dateModified":"2022-03-07T15:27:44+00:00","mainEntityOfPage":{"@id":"https:\/\/crta.rs\/en\/crta-continued-to-observe-the-election-process-on-the-ground\/"},"wordCount":231,"image":{"@id":"https:\/\/crta.rs\/en\/crta-continued-to-observe-the-election-process-on-the-ground\/#primaryimage"},"thumbnailUrl":"https:\/\/crta.rs\/wp-content\/uploads\/2020\/05\/izbori-2020-viz-2-aktuelno.png","keywords":["elections 2020"],"articleSection":["Latest","News"],"inLanguage":"en-US"},{"@type":"WebPage","@id":"https:\/\/crta.rs\/en\/crta-continued-to-observe-the-election-process-on-the-ground\/","url":"https:\/\/crta.rs\/en\/crta-continued-to-observe-the-election-process-on-the-ground\/","name":"CRTA continued to observe the election process on the ground - CRTA","isPartOf":{"@id":"https:\/\/crta.rs\/en\/#website"},"primaryImageOfPage":{"@id":"https:\/\/crta.rs\/en\/crta-continued-to-observe-the-election-process-on-the-ground\/#primaryimage"},"image":{"@id":"https:\/\/crta.rs\/en\/crta-continued-to-observe-the-election-process-on-the-ground\/#primaryimage"},"thumbnailUrl":"https:\/\/crta.rs\/wp-content\/uploads\/2020\/05\/izbori-2020-viz-2-aktuelno.png","datePublished":"2020-05-12T09:04:31+00:00","dateModified":"2022-03-07T15:27:44+00:00","author":{"@id":"https:\/\/crta.rs\/en\/#\/schema\/person\/0cc37dbc4cb7d35b32379de6f98e1c7f"},"breadcrumb":{"@id":"https:\/\/crta.rs\/en\/crta-continued-to-observe-the-election-process-on-the-ground\/#breadcrumb"},"inLanguage":"en-US","potentialAction":[{"@type":"ReadAction","target":["https:\/\/crta.rs\/en\/crta-continued-to-observe-the-election-process-on-the-ground\/"]}]},{"@type":"ImageObject","inLanguage":"en-US","@id":"https:\/\/crta.rs\/en\/crta-continued-to-observe-the-election-process-on-the-ground\/#primaryimage","url":"https:\/\/crta.rs\/wp-content\/uploads\/2020\/05\/izbori-2020-viz-2-aktuelno.png","contentUrl":"https:\/\/crta.rs\/wp-content\/uploads\/2020\/05\/izbori-2020-viz-2-aktuelno.png","width":727,"height":363},{"@type":"BreadcrumbList","@id":"https:\/\/crta.rs\/en\/crta-continued-to-observe-the-election-process-on-the-ground\/#breadcrumb","itemListElement":[{"@type":"ListItem","position":1,"name":"Home","item":"https:\/\/crta.rs\/en\/"},{"@type":"ListItem","position":2,"name":"Latest","item":"https:\/\/crta.rs\/en\/category\/latest-en\/"},{"@type":"ListItem","position":3,"name":"CRTA continued to observe the election process on the ground"}]},{"@type":"WebSite","@id":"https:\/\/crta.rs\/en\/#website","url":"https:\/\/crta.rs\/en\/","name":"CRTA","description":"Mi smo grupa aktivista i novinara koja zajedno sa gra\u0111anima uti\u010de na pove\u0107anje odgovornosti institucija i javnih funkcionera kroz pra\u0107enje i kontrolu njihovog rada.","potentialAction":[{"@type":"SearchAction","target":{"@type":"EntryPoint","urlTemplate":"https:\/\/crta.rs\/en\/?s={search_term_string}"},"query-input":{"@type":"PropertyValueSpecification","valueRequired":true,"valueName":"search_term_string"}}],"inLanguage":"en-US"},{"@type":"Person","@id":"https:\/\/crta.rs\/en\/#\/schema\/person\/0cc37dbc4cb7d35b32379de6f98e1c7f","name":"milica","url":"https:\/\/crta.rs\/en\/author\/milica\/"}]}},"_links":{"self":[{"href":"https:\/\/crta.rs\/en\/wp-json\/wp\/v2\/posts\/23014","targetHints":{"allow":["GET"]}}],"collection":[{"href":"https:\/\/crta.rs\/en\/wp-json\/wp\/v2\/posts"}],"about":[{"href":"https:\/\/crta.rs\/en\/wp-json\/wp\/v2\/types\/post"}],"author":[{"embeddable":true,"href":"https:\/\/crta.rs\/en\/wp-json\/wp\/v2\/users\/3"}],"replies":[{"embeddable":true,"href":"https:\/\/crta.rs\/en\/wp-json\/wp\/v2\/comments?post=23014"}],"version-history":[{"count":2,"href":"https:\/\/crta.rs\/en\/wp-json\/wp\/v2\/posts\/23014\/revisions"}],"predecessor-version":[{"id":23016,"href":"https:\/\/crta.rs\/en\/wp-json\/wp\/v2\/posts\/23014\/revisions\/23016"}],"wp:featuredmedia":[{"embeddable":true,"href":"https:\/\/crta.rs\/en\/wp-json\/wp\/v2\/media\/23102"}],"wp:attachment":[{"href":"https:\/\/crta.rs\/en\/wp-json\/wp\/v2\/media?parent=23014"}],"wp:term":[{"taxonomy":"category","embeddable":true,"href":"https:\/\/crta.rs\/en\/wp-json\/wp\/v2\/categories?post=23014"},{"taxonomy":"post_tag","embeddable":true,"href":"https:\/\/crta.rs\/en\/wp-json\/wp\/v2\/tags?post=23014"}],"curies":[{"name":"wp","href":"https:\/\/api.w.org\/{rel}","templated":true}]}}