{"id":23000,"date":"2020-05-08T10:18:44","date_gmt":"2020-05-08T08:18:44","guid":{"rendered":"https:\/\/crta.rs\/?p=23000"},"modified":"2020-06-03T10:19:58","modified_gmt":"2020-06-03T08:19:58","slug":"the-city-emergency-headquarters-in-bor-unconstitutionally-and-illegally-restricts-human-rights","status":"publish","type":"post","link":"https:\/\/crta.rs\/en\/the-city-emergency-headquarters-in-bor-unconstitutionally-and-illegally-restricts-human-rights\/","title":{"rendered":"The City Emergency Headquarters in Bor unconstitutionally and illegally restricts human rights"},"content":{"rendered":"<p><strong>Civil society organisations urge the City Emergency Headquarters in Bor to withdraw orders restricting human rights.<\/strong><\/p>\n<p>On April 6<sup>th<\/sup>, the City Emergency Headquarters in Bor adopted 11 orders introducing, inter alia, measures hindering human and minority rights although the Constitution and the laws of Serbia do not foresee such authority of the city headquarters. Orders, issued contrary to provisions of the Constitution and the law considerably and illegally restrict human rights and introduce obligations, i.e. responsibilities for groups of citizens that laws do not recognise and to a large extent cause legal uncertainty amongst citizens.<\/p>\n<p>The order <strong>introducing the obligation <em>\u201cto put at the city headquarters\u2019 disposal all available human resources of the citizens\u2019 associations\u201c<\/em>\u00a0for the purpose of distributing assistance to the elderly, indicates the possible introduction of \u201cforced labour\u201d which is prohibited by the Constitution. Non-compliance with the ban to use picnic areas from Monday to Friday from 10 to 15h00 and to move solely in groups of two persons at a distance of not less than 2 meters, entails misdemeanour and criminal liability. In the case of a minor, the responsibility lies with the parent or guardian. In accordance with the law, however, parents can in no case be held liable for a misdemeanour or crime committed by their minor children. The order of the City Emergency Headquarters also introduced a stricter measure ordering all citizens of Bor to wear protection over their mouths and noses (masks, scarves, bandanas&#8230;) and gloves in all public areas and public facilities.<\/strong> This order is disputable as it prescribes stricter measures in comparison to those prescribed by the decisions of the Government, the Minister of the Interior and the Minister of Health. The disputable orders also refer to <strong>the prohibition of the registry office to issue any documents for persons who are temporarily working abroad<\/strong>, i.e. persons who do not have a permanent place of residence on the territory of Bor during the state of emergency, which constitutes unlawful discrimination against those persons.<\/p>\n<p>Apart from the fact that the orders were not reasoned, that they were only published in the Official Gazette of the City of Bor and that there is a potential danger that citizens will not be informed about these measures in time, the question that arises is how the orders can be challenged. Bearing in mind their disputable legal nature, the question is whether they can be challenged in an administrative dispute before the Administrative Court or in the procedure of assessing constitutionality and legality before the Constitutional Court.<\/p>\n<p>The orders were issued with reference to the Law on Disaster Risk Reduction and Emergency Management, although in Serbia, and even on the territory of the city of Bor, no emergency situation has been declared, but a state of emergency. According to the Constitution, during the state of emergency, when the National Assembly is unable to meet, measures derogating from human and minority rights may be prescribed by the Government, by decree, with the co-signature of the President of the Republic, and not by emergency headquarters.<\/p>\n<p>&nbsp;<\/p>\n<p>You can read the complete analysis of the decision issued by the City Emergency Headquarters in Bor on this <a href=\"https:\/\/crta.rs\/wp-content\/uploads\/2020\/04\/Komentar-Gradski-s%CC%8Ctab-za-vanredne-situacije-grada-Bora-06-04-2020.doc\"><strong>\u00a0link.<\/strong><\/a><\/p>\n<p><a href=\"https:\/\/crta.rs\/\"><strong>Crta<\/strong><\/a><\/p>\n<p><a href=\"http:\/\/www.bgcentar.org.rs\/\"><strong>Belgrade Centre for Human Rights<\/strong><\/a><\/p>\n<p><a href=\"https:\/\/www.a11initiative.org\/\"><strong>A11 \u2013 Initiative for Economic and Social Rights<\/strong><\/a><\/p>\n<p><a href=\"https:\/\/www.helsinki.org.rs\/serbian\/index_s.html\"><strong>Helsinki Committee for Human Rights in Serbia<\/strong><\/a><\/p>\n<p><a href=\"http:\/\/www.partners-serbia.org\/\"><strong>Partners for Democratic Change in Serbia\u00a0<\/strong><\/a><\/p>\n<p>&nbsp;<\/p>\n","protected":false},"excerpt":{"rendered":"<p>On April 6th, the City Emergency Headquarters in Bor adopted 11 orders introducing, inter alia, measures hindering human and minority rights although the Constitution and the laws of Serbia do not foresee such authority of the city headquarters. Orders, issued contrary to provisions of the Constitution and the law considerably and illegally restrict human rights and introduce obligations, i.e. responsibilities for groups of citizens that laws do not recognise and to a large extent cause legal uncertainty amongst citizens.<\/p>\n","protected":false},"author":3,"featured_media":22576,"comment_status":"closed","ping_status":"open","sticky":false,"template":"","format":"standard","meta":{"_acf_changed":false,"footnotes":"","_links_to":"","_links_to_target":""},"categories":[218,681],"tags":[],"class_list":["post-23000","post","type-post","status-publish","format-standard","has-post-thumbnail","hentry","category-latest-en","category-news","ciTrackContent"],"acf":[],"yoast_head":"<!-- This site is optimized with the Yoast SEO plugin v27.4 - https:\/\/yoast.com\/product\/yoast-seo-wordpress\/ -->\n<title>The City Emergency Headquarters in Bor unconstitutionally and illegally restricts human rights - CRTA<\/title>\n<meta name=\"robots\" content=\"index, follow, max-snippet:-1, max-image-preview:large, max-video-preview:-1\" \/>\n<link rel=\"canonical\" href=\"https:\/\/crta.rs\/en\/the-city-emergency-headquarters-in-bor-unconstitutionally-and-illegally-restricts-human-rights\/\" \/>\n<meta property=\"og:locale\" content=\"en_US\" \/>\n<meta property=\"og:type\" content=\"article\" \/>\n<meta property=\"og:title\" content=\"The City Emergency Headquarters in Bor unconstitutionally and illegally restricts human rights - CRTA\" \/>\n<meta property=\"og:description\" content=\"On April 6th, the City Emergency Headquarters in Bor adopted 11 orders introducing, inter alia, measures hindering human and minority rights although the Constitution and the laws of Serbia do not foresee such authority of the city headquarters. Orders, issued contrary to provisions of the Constitution and the law considerably and illegally restrict human rights and introduce obligations, i.e. responsibilities for groups of citizens that laws do not recognise and to a large extent cause legal uncertainty amongst citizens.\" \/>\n<meta property=\"og:url\" content=\"https:\/\/crta.rs\/en\/the-city-emergency-headquarters-in-bor-unconstitutionally-and-illegally-restricts-human-rights\/\" \/>\n<meta property=\"og:site_name\" content=\"CRTA\" \/>\n<meta property=\"article:publisher\" content=\"https:\/\/www.facebook.com\/CRTArs\/\" \/>\n<meta property=\"article:published_time\" content=\"2020-05-08T08:18:44+00:00\" \/>\n<meta property=\"article:modified_time\" content=\"2020-06-03T08:19:58+00:00\" \/>\n<meta property=\"og:image\" content=\"https:\/\/crta.rs\/wp-content\/uploads\/2020\/04\/bor-april-2020-aktuelno.png\" \/>\n\t<meta property=\"og:image:width\" content=\"727\" \/>\n\t<meta property=\"og:image:height\" content=\"363\" \/>\n\t<meta property=\"og:image:type\" content=\"image\/png\" \/>\n<meta name=\"author\" content=\"milica\" \/>\n<meta name=\"twitter:card\" content=\"summary_large_image\" \/>\n<meta name=\"twitter:label1\" content=\"Written by\" \/>\n\t<meta name=\"twitter:data1\" content=\"milica\" \/>\n\t<meta name=\"twitter:label2\" content=\"Est. reading time\" \/>\n\t<meta name=\"twitter:data2\" content=\"3 minutes\" \/>\n<script type=\"application\/ld+json\" class=\"yoast-schema-graph\">{\"@context\":\"https:\\\/\\\/schema.org\",\"@graph\":[{\"@type\":\"Article\",\"@id\":\"https:\\\/\\\/crta.rs\\\/en\\\/the-city-emergency-headquarters-in-bor-unconstitutionally-and-illegally-restricts-human-rights\\\/#article\",\"isPartOf\":{\"@id\":\"https:\\\/\\\/crta.rs\\\/en\\\/the-city-emergency-headquarters-in-bor-unconstitutionally-and-illegally-restricts-human-rights\\\/\"},\"author\":{\"name\":\"milica\",\"@id\":\"https:\\\/\\\/crta.rs\\\/en\\\/#\\\/schema\\\/person\\\/0cc37dbc4cb7d35b32379de6f98e1c7f\"},\"headline\":\"The City Emergency Headquarters in Bor unconstitutionally and illegally restricts human rights\",\"datePublished\":\"2020-05-08T08:18:44+00:00\",\"dateModified\":\"2020-06-03T08:19:58+00:00\",\"mainEntityOfPage\":{\"@id\":\"https:\\\/\\\/crta.rs\\\/en\\\/the-city-emergency-headquarters-in-bor-unconstitutionally-and-illegally-restricts-human-rights\\\/\"},\"wordCount\":566,\"image\":{\"@id\":\"https:\\\/\\\/crta.rs\\\/en\\\/the-city-emergency-headquarters-in-bor-unconstitutionally-and-illegally-restricts-human-rights\\\/#primaryimage\"},\"thumbnailUrl\":\"https:\\\/\\\/crta.rs\\\/wp-content\\\/uploads\\\/2020\\\/04\\\/bor-april-2020-aktuelno.png\",\"articleSection\":[\"Latest\",\"News\"],\"inLanguage\":\"en-US\"},{\"@type\":\"WebPage\",\"@id\":\"https:\\\/\\\/crta.rs\\\/en\\\/the-city-emergency-headquarters-in-bor-unconstitutionally-and-illegally-restricts-human-rights\\\/\",\"url\":\"https:\\\/\\\/crta.rs\\\/en\\\/the-city-emergency-headquarters-in-bor-unconstitutionally-and-illegally-restricts-human-rights\\\/\",\"name\":\"The City Emergency Headquarters in Bor unconstitutionally and illegally restricts human rights - CRTA\",\"isPartOf\":{\"@id\":\"https:\\\/\\\/crta.rs\\\/en\\\/#website\"},\"primaryImageOfPage\":{\"@id\":\"https:\\\/\\\/crta.rs\\\/en\\\/the-city-emergency-headquarters-in-bor-unconstitutionally-and-illegally-restricts-human-rights\\\/#primaryimage\"},\"image\":{\"@id\":\"https:\\\/\\\/crta.rs\\\/en\\\/the-city-emergency-headquarters-in-bor-unconstitutionally-and-illegally-restricts-human-rights\\\/#primaryimage\"},\"thumbnailUrl\":\"https:\\\/\\\/crta.rs\\\/wp-content\\\/uploads\\\/2020\\\/04\\\/bor-april-2020-aktuelno.png\",\"datePublished\":\"2020-05-08T08:18:44+00:00\",\"dateModified\":\"2020-06-03T08:19:58+00:00\",\"author\":{\"@id\":\"https:\\\/\\\/crta.rs\\\/en\\\/#\\\/schema\\\/person\\\/0cc37dbc4cb7d35b32379de6f98e1c7f\"},\"breadcrumb\":{\"@id\":\"https:\\\/\\\/crta.rs\\\/en\\\/the-city-emergency-headquarters-in-bor-unconstitutionally-and-illegally-restricts-human-rights\\\/#breadcrumb\"},\"inLanguage\":\"en-US\",\"potentialAction\":[{\"@type\":\"ReadAction\",\"target\":[\"https:\\\/\\\/crta.rs\\\/en\\\/the-city-emergency-headquarters-in-bor-unconstitutionally-and-illegally-restricts-human-rights\\\/\"]}]},{\"@type\":\"ImageObject\",\"inLanguage\":\"en-US\",\"@id\":\"https:\\\/\\\/crta.rs\\\/en\\\/the-city-emergency-headquarters-in-bor-unconstitutionally-and-illegally-restricts-human-rights\\\/#primaryimage\",\"url\":\"https:\\\/\\\/crta.rs\\\/wp-content\\\/uploads\\\/2020\\\/04\\\/bor-april-2020-aktuelno.png\",\"contentUrl\":\"https:\\\/\\\/crta.rs\\\/wp-content\\\/uploads\\\/2020\\\/04\\\/bor-april-2020-aktuelno.png\",\"width\":727,\"height\":363},{\"@type\":\"BreadcrumbList\",\"@id\":\"https:\\\/\\\/crta.rs\\\/en\\\/the-city-emergency-headquarters-in-bor-unconstitutionally-and-illegally-restricts-human-rights\\\/#breadcrumb\",\"itemListElement\":[{\"@type\":\"ListItem\",\"position\":1,\"name\":\"Home\",\"item\":\"https:\\\/\\\/crta.rs\\\/en\\\/\"},{\"@type\":\"ListItem\",\"position\":2,\"name\":\"Latest\",\"item\":\"https:\\\/\\\/crta.rs\\\/en\\\/category\\\/latest-en\\\/\"},{\"@type\":\"ListItem\",\"position\":3,\"name\":\"The City Emergency Headquarters in Bor unconstitutionally and illegally restricts human rights\"}]},{\"@type\":\"WebSite\",\"@id\":\"https:\\\/\\\/crta.rs\\\/en\\\/#website\",\"url\":\"https:\\\/\\\/crta.rs\\\/en\\\/\",\"name\":\"CRTA\",\"description\":\"Mi smo grupa aktivista i novinara koja zajedno sa gra\u0111anima uti\u010de na pove\u0107anje odgovornosti institucija i javnih funkcionera kroz pra\u0107enje i kontrolu njihovog rada.\",\"potentialAction\":[{\"@type\":\"SearchAction\",\"target\":{\"@type\":\"EntryPoint\",\"urlTemplate\":\"https:\\\/\\\/crta.rs\\\/en\\\/?s={search_term_string}\"},\"query-input\":{\"@type\":\"PropertyValueSpecification\",\"valueRequired\":true,\"valueName\":\"search_term_string\"}}],\"inLanguage\":\"en-US\"},{\"@type\":\"Person\",\"@id\":\"https:\\\/\\\/crta.rs\\\/en\\\/#\\\/schema\\\/person\\\/0cc37dbc4cb7d35b32379de6f98e1c7f\",\"name\":\"milica\",\"url\":\"https:\\\/\\\/crta.rs\\\/en\\\/author\\\/milica\\\/\"}]}<\/script>\n<!-- \/ Yoast SEO plugin. -->","yoast_head_json":{"title":"The City Emergency Headquarters in Bor unconstitutionally and illegally restricts human rights - CRTA","robots":{"index":"index","follow":"follow","max-snippet":"max-snippet:-1","max-image-preview":"max-image-preview:large","max-video-preview":"max-video-preview:-1"},"canonical":"https:\/\/crta.rs\/en\/the-city-emergency-headquarters-in-bor-unconstitutionally-and-illegally-restricts-human-rights\/","og_locale":"en_US","og_type":"article","og_title":"The City Emergency Headquarters in Bor unconstitutionally and illegally restricts human rights - CRTA","og_description":"On April 6th, the City Emergency Headquarters in Bor adopted 11 orders introducing, inter alia, measures hindering human and minority rights although the Constitution and the laws of Serbia do not foresee such authority of the city headquarters. Orders, issued contrary to provisions of the Constitution and the law considerably and illegally restrict human rights and introduce obligations, i.e. responsibilities for groups of citizens that laws do not recognise and to a large extent cause legal uncertainty amongst citizens.","og_url":"https:\/\/crta.rs\/en\/the-city-emergency-headquarters-in-bor-unconstitutionally-and-illegally-restricts-human-rights\/","og_site_name":"CRTA","article_publisher":"https:\/\/www.facebook.com\/CRTArs\/","article_published_time":"2020-05-08T08:18:44+00:00","article_modified_time":"2020-06-03T08:19:58+00:00","og_image":[{"width":727,"height":363,"url":"https:\/\/crta.rs\/wp-content\/uploads\/2020\/04\/bor-april-2020-aktuelno.png","type":"image\/png"}],"author":"milica","twitter_card":"summary_large_image","twitter_misc":{"Written by":"milica","Est. reading time":"3 minutes"},"schema":{"@context":"https:\/\/schema.org","@graph":[{"@type":"Article","@id":"https:\/\/crta.rs\/en\/the-city-emergency-headquarters-in-bor-unconstitutionally-and-illegally-restricts-human-rights\/#article","isPartOf":{"@id":"https:\/\/crta.rs\/en\/the-city-emergency-headquarters-in-bor-unconstitutionally-and-illegally-restricts-human-rights\/"},"author":{"name":"milica","@id":"https:\/\/crta.rs\/en\/#\/schema\/person\/0cc37dbc4cb7d35b32379de6f98e1c7f"},"headline":"The City Emergency Headquarters in Bor unconstitutionally and illegally restricts human rights","datePublished":"2020-05-08T08:18:44+00:00","dateModified":"2020-06-03T08:19:58+00:00","mainEntityOfPage":{"@id":"https:\/\/crta.rs\/en\/the-city-emergency-headquarters-in-bor-unconstitutionally-and-illegally-restricts-human-rights\/"},"wordCount":566,"image":{"@id":"https:\/\/crta.rs\/en\/the-city-emergency-headquarters-in-bor-unconstitutionally-and-illegally-restricts-human-rights\/#primaryimage"},"thumbnailUrl":"https:\/\/crta.rs\/wp-content\/uploads\/2020\/04\/bor-april-2020-aktuelno.png","articleSection":["Latest","News"],"inLanguage":"en-US"},{"@type":"WebPage","@id":"https:\/\/crta.rs\/en\/the-city-emergency-headquarters-in-bor-unconstitutionally-and-illegally-restricts-human-rights\/","url":"https:\/\/crta.rs\/en\/the-city-emergency-headquarters-in-bor-unconstitutionally-and-illegally-restricts-human-rights\/","name":"The City Emergency Headquarters in Bor unconstitutionally and illegally restricts human rights - CRTA","isPartOf":{"@id":"https:\/\/crta.rs\/en\/#website"},"primaryImageOfPage":{"@id":"https:\/\/crta.rs\/en\/the-city-emergency-headquarters-in-bor-unconstitutionally-and-illegally-restricts-human-rights\/#primaryimage"},"image":{"@id":"https:\/\/crta.rs\/en\/the-city-emergency-headquarters-in-bor-unconstitutionally-and-illegally-restricts-human-rights\/#primaryimage"},"thumbnailUrl":"https:\/\/crta.rs\/wp-content\/uploads\/2020\/04\/bor-april-2020-aktuelno.png","datePublished":"2020-05-08T08:18:44+00:00","dateModified":"2020-06-03T08:19:58+00:00","author":{"@id":"https:\/\/crta.rs\/en\/#\/schema\/person\/0cc37dbc4cb7d35b32379de6f98e1c7f"},"breadcrumb":{"@id":"https:\/\/crta.rs\/en\/the-city-emergency-headquarters-in-bor-unconstitutionally-and-illegally-restricts-human-rights\/#breadcrumb"},"inLanguage":"en-US","potentialAction":[{"@type":"ReadAction","target":["https:\/\/crta.rs\/en\/the-city-emergency-headquarters-in-bor-unconstitutionally-and-illegally-restricts-human-rights\/"]}]},{"@type":"ImageObject","inLanguage":"en-US","@id":"https:\/\/crta.rs\/en\/the-city-emergency-headquarters-in-bor-unconstitutionally-and-illegally-restricts-human-rights\/#primaryimage","url":"https:\/\/crta.rs\/wp-content\/uploads\/2020\/04\/bor-april-2020-aktuelno.png","contentUrl":"https:\/\/crta.rs\/wp-content\/uploads\/2020\/04\/bor-april-2020-aktuelno.png","width":727,"height":363},{"@type":"BreadcrumbList","@id":"https:\/\/crta.rs\/en\/the-city-emergency-headquarters-in-bor-unconstitutionally-and-illegally-restricts-human-rights\/#breadcrumb","itemListElement":[{"@type":"ListItem","position":1,"name":"Home","item":"https:\/\/crta.rs\/en\/"},{"@type":"ListItem","position":2,"name":"Latest","item":"https:\/\/crta.rs\/en\/category\/latest-en\/"},{"@type":"ListItem","position":3,"name":"The City Emergency Headquarters in Bor unconstitutionally and illegally restricts human rights"}]},{"@type":"WebSite","@id":"https:\/\/crta.rs\/en\/#website","url":"https:\/\/crta.rs\/en\/","name":"CRTA","description":"Mi smo grupa aktivista i novinara koja zajedno sa gra\u0111anima uti\u010de na pove\u0107anje odgovornosti institucija i javnih funkcionera kroz pra\u0107enje i kontrolu njihovog rada.","potentialAction":[{"@type":"SearchAction","target":{"@type":"EntryPoint","urlTemplate":"https:\/\/crta.rs\/en\/?s={search_term_string}"},"query-input":{"@type":"PropertyValueSpecification","valueRequired":true,"valueName":"search_term_string"}}],"inLanguage":"en-US"},{"@type":"Person","@id":"https:\/\/crta.rs\/en\/#\/schema\/person\/0cc37dbc4cb7d35b32379de6f98e1c7f","name":"milica","url":"https:\/\/crta.rs\/en\/author\/milica\/"}]}},"_links":{"self":[{"href":"https:\/\/crta.rs\/en\/wp-json\/wp\/v2\/posts\/23000","targetHints":{"allow":["GET"]}}],"collection":[{"href":"https:\/\/crta.rs\/en\/wp-json\/wp\/v2\/posts"}],"about":[{"href":"https:\/\/crta.rs\/en\/wp-json\/wp\/v2\/types\/post"}],"author":[{"embeddable":true,"href":"https:\/\/crta.rs\/en\/wp-json\/wp\/v2\/users\/3"}],"replies":[{"embeddable":true,"href":"https:\/\/crta.rs\/en\/wp-json\/wp\/v2\/comments?post=23000"}],"version-history":[{"count":1,"href":"https:\/\/crta.rs\/en\/wp-json\/wp\/v2\/posts\/23000\/revisions"}],"predecessor-version":[{"id":23001,"href":"https:\/\/crta.rs\/en\/wp-json\/wp\/v2\/posts\/23000\/revisions\/23001"}],"wp:featuredmedia":[{"embeddable":true,"href":"https:\/\/crta.rs\/en\/wp-json\/wp\/v2\/media\/22576"}],"wp:attachment":[{"href":"https:\/\/crta.rs\/en\/wp-json\/wp\/v2\/media?parent=23000"}],"wp:term":[{"taxonomy":"category","embeddable":true,"href":"https:\/\/crta.rs\/en\/wp-json\/wp\/v2\/categories?post=23000"},{"taxonomy":"post_tag","embeddable":true,"href":"https:\/\/crta.rs\/en\/wp-json\/wp\/v2\/tags?post=23000"}],"curies":[{"name":"wp","href":"https:\/\/api.w.org\/{rel}","templated":true}]}}