{"id":22998,"date":"2020-04-07T10:17:25","date_gmt":"2020-04-07T08:17:25","guid":{"rendered":"https:\/\/crta.rs\/?p=22998"},"modified":"2022-03-07T16:27:02","modified_gmt":"2022-03-07T15:27:02","slug":"crta-wishes-to-remind-politicians-that-the-election-campaign-has-been-suspended","status":"publish","type":"post","link":"https:\/\/crta.rs\/en\/crta-wishes-to-remind-politicians-that-the-election-campaign-has-been-suspended\/","title":{"rendered":"CRTA wishes to remind politicians that the election campaign has been suspended"},"content":{"rendered":"<p>We urge politicians, both in power and in opposition, and especially the President of the Republic Aleksandar Vu\u010di\u0107 and other public officials to refrain from actions during the state of emergency and the entire nation\u2019s fight against the epidemic, which in many ways leave the impression that they are still in the election campaign. We expect the President to exhibit statesmanship, and discharge duties vested in him by the Constitution, and not to give the public a reason to conclude that the dramatic situation in society is being used to reap political benefits.<\/p>\n<p>If we were in a regular situation and if the election campaign were officially underway, we would be able to detect elements of harmful practice of the \u201cpublic officials\u2019 campaigning\u201d, during the president\u2019s visit to Novi Pazar, where he personally handed over medical equipment to health worker.\u00a0 We have been criticising this type of behaviour for years because of its detrimental impact on the quality of the election process. Under the current circumstances, the event from Novi Pazar is an example of an even more irresponsible behaviour. A large number of people were unnecessarily exposed to health risks, and a confusing message was sent to citizens that the state persistently urges to stay at home. The announcements that the President will visit other cities as well, as if he were on some kind of tour, are also worrying.<\/p>\n<p>In this dramatic situation, health experts should have a say and every overtone resembling to a political agitation should be left aside. In the state of emergency, all citizens are denied a part of their rights and freedoms. Public officials should consequently behave in an extremely disciplined and accountable way avoiding deepening of society\u2019s divisions.<\/p>\n","protected":false},"excerpt":{"rendered":"<p>We urge politicians, both in power and in opposition, and especially the President of the Republic Aleksandar Vu\u010di\u0107 and other public officials to refrain from actions during the state of emergency and the entire nation\u2019s fight against the epidemic, which in many ways leave the impression that they are still in the election campaign. We expect the President to exhibit statesmanship, and discharge duties vested in him by the Constitution, and not to give the public a reason to conclude that the dramatic situation in society is being used to reap political benefits.<\/p>\n","protected":false},"author":3,"featured_media":22563,"comment_status":"closed","ping_status":"open","sticky":false,"template":"","format":"standard","meta":{"_acf_changed":false,"footnotes":"","_links_to":"","_links_to_target":""},"categories":[218,681],"tags":[164,811],"class_list":["post-22998","post","type-post","status-publish","format-standard","has-post-thumbnail","hentry","category-latest-en","category-news","tag-elections","tag-elections-2020","ciTrackContent"],"acf":[],"yoast_head":"<!-- This site is optimized with the Yoast SEO plugin v27.4 - https:\/\/yoast.com\/product\/yoast-seo-wordpress\/ -->\n<title>CRTA wishes to remind politicians that the election campaign has been suspended - CRTA<\/title>\n<meta name=\"robots\" content=\"index, follow, max-snippet:-1, max-image-preview:large, max-video-preview:-1\" \/>\n<link rel=\"canonical\" href=\"https:\/\/crta.rs\/en\/crta-wishes-to-remind-politicians-that-the-election-campaign-has-been-suspended\/\" \/>\n<meta property=\"og:locale\" content=\"en_US\" \/>\n<meta property=\"og:type\" content=\"article\" \/>\n<meta property=\"og:title\" content=\"CRTA wishes to remind politicians that the election campaign has been suspended - CRTA\" \/>\n<meta property=\"og:description\" content=\"We urge politicians, both in power and in opposition, and especially the President of the Republic Aleksandar Vu\u010di\u0107 and other public officials to refrain from actions during the state of emergency and the entire nation\u2019s fight against the epidemic, which in many ways leave the impression that they are still in the election campaign. We expect the President to exhibit statesmanship, and discharge duties vested in him by the Constitution, and not to give the public a reason to conclude that the dramatic situation in society is being used to reap political benefits.\" \/>\n<meta property=\"og:url\" content=\"https:\/\/crta.rs\/en\/crta-wishes-to-remind-politicians-that-the-election-campaign-has-been-suspended\/\" \/>\n<meta property=\"og:site_name\" content=\"CRTA\" \/>\n<meta property=\"article:publisher\" content=\"https:\/\/www.facebook.com\/CRTArs\/\" \/>\n<meta property=\"article:published_time\" content=\"2020-04-07T08:17:25+00:00\" \/>\n<meta property=\"article:modified_time\" content=\"2022-03-07T15:27:02+00:00\" \/>\n<meta property=\"og:image\" content=\"https:\/\/crta.rs\/wp-content\/uploads\/2020\/04\/5.png\" \/>\n\t<meta property=\"og:image:width\" content=\"538\" \/>\n\t<meta property=\"og:image:height\" content=\"316\" \/>\n\t<meta property=\"og:image:type\" content=\"image\/png\" \/>\n<meta name=\"author\" content=\"milica\" \/>\n<meta name=\"twitter:card\" content=\"summary_large_image\" \/>\n<meta name=\"twitter:label1\" content=\"Written by\" \/>\n\t<meta name=\"twitter:data1\" content=\"milica\" \/>\n\t<meta name=\"twitter:label2\" content=\"Est. reading time\" \/>\n\t<meta name=\"twitter:data2\" content=\"1 minute\" \/>\n<script type=\"application\/ld+json\" class=\"yoast-schema-graph\">{\"@context\":\"https:\\\/\\\/schema.org\",\"@graph\":[{\"@type\":\"Article\",\"@id\":\"https:\\\/\\\/crta.rs\\\/en\\\/crta-wishes-to-remind-politicians-that-the-election-campaign-has-been-suspended\\\/#article\",\"isPartOf\":{\"@id\":\"https:\\\/\\\/crta.rs\\\/en\\\/crta-wishes-to-remind-politicians-that-the-election-campaign-has-been-suspended\\\/\"},\"author\":{\"name\":\"milica\",\"@id\":\"https:\\\/\\\/crta.rs\\\/en\\\/#\\\/schema\\\/person\\\/0cc37dbc4cb7d35b32379de6f98e1c7f\"},\"headline\":\"CRTA wishes to remind politicians that the election campaign has been suspended\",\"datePublished\":\"2020-04-07T08:17:25+00:00\",\"dateModified\":\"2022-03-07T15:27:02+00:00\",\"mainEntityOfPage\":{\"@id\":\"https:\\\/\\\/crta.rs\\\/en\\\/crta-wishes-to-remind-politicians-that-the-election-campaign-has-been-suspended\\\/\"},\"wordCount\":302,\"image\":{\"@id\":\"https:\\\/\\\/crta.rs\\\/en\\\/crta-wishes-to-remind-politicians-that-the-election-campaign-has-been-suspended\\\/#primaryimage\"},\"thumbnailUrl\":\"https:\\\/\\\/crta.rs\\\/wp-content\\\/uploads\\\/2020\\\/04\\\/5.png\",\"keywords\":[\"elections\",\"elections 2020\"],\"articleSection\":[\"Latest\",\"News\"],\"inLanguage\":\"en-US\"},{\"@type\":\"WebPage\",\"@id\":\"https:\\\/\\\/crta.rs\\\/en\\\/crta-wishes-to-remind-politicians-that-the-election-campaign-has-been-suspended\\\/\",\"url\":\"https:\\\/\\\/crta.rs\\\/en\\\/crta-wishes-to-remind-politicians-that-the-election-campaign-has-been-suspended\\\/\",\"name\":\"CRTA wishes to remind politicians that the election campaign has been suspended - CRTA\",\"isPartOf\":{\"@id\":\"https:\\\/\\\/crta.rs\\\/en\\\/#website\"},\"primaryImageOfPage\":{\"@id\":\"https:\\\/\\\/crta.rs\\\/en\\\/crta-wishes-to-remind-politicians-that-the-election-campaign-has-been-suspended\\\/#primaryimage\"},\"image\":{\"@id\":\"https:\\\/\\\/crta.rs\\\/en\\\/crta-wishes-to-remind-politicians-that-the-election-campaign-has-been-suspended\\\/#primaryimage\"},\"thumbnailUrl\":\"https:\\\/\\\/crta.rs\\\/wp-content\\\/uploads\\\/2020\\\/04\\\/5.png\",\"datePublished\":\"2020-04-07T08:17:25+00:00\",\"dateModified\":\"2022-03-07T15:27:02+00:00\",\"author\":{\"@id\":\"https:\\\/\\\/crta.rs\\\/en\\\/#\\\/schema\\\/person\\\/0cc37dbc4cb7d35b32379de6f98e1c7f\"},\"breadcrumb\":{\"@id\":\"https:\\\/\\\/crta.rs\\\/en\\\/crta-wishes-to-remind-politicians-that-the-election-campaign-has-been-suspended\\\/#breadcrumb\"},\"inLanguage\":\"en-US\",\"potentialAction\":[{\"@type\":\"ReadAction\",\"target\":[\"https:\\\/\\\/crta.rs\\\/en\\\/crta-wishes-to-remind-politicians-that-the-election-campaign-has-been-suspended\\\/\"]}]},{\"@type\":\"ImageObject\",\"inLanguage\":\"en-US\",\"@id\":\"https:\\\/\\\/crta.rs\\\/en\\\/crta-wishes-to-remind-politicians-that-the-election-campaign-has-been-suspended\\\/#primaryimage\",\"url\":\"https:\\\/\\\/crta.rs\\\/wp-content\\\/uploads\\\/2020\\\/04\\\/5.png\",\"contentUrl\":\"https:\\\/\\\/crta.rs\\\/wp-content\\\/uploads\\\/2020\\\/04\\\/5.png\",\"width\":538,\"height\":316},{\"@type\":\"BreadcrumbList\",\"@id\":\"https:\\\/\\\/crta.rs\\\/en\\\/crta-wishes-to-remind-politicians-that-the-election-campaign-has-been-suspended\\\/#breadcrumb\",\"itemListElement\":[{\"@type\":\"ListItem\",\"position\":1,\"name\":\"Home\",\"item\":\"https:\\\/\\\/crta.rs\\\/en\\\/\"},{\"@type\":\"ListItem\",\"position\":2,\"name\":\"News\",\"item\":\"https:\\\/\\\/crta.rs\\\/en\\\/category\\\/news\\\/\"},{\"@type\":\"ListItem\",\"position\":3,\"name\":\"CRTA wishes to remind politicians that the election campaign has been suspended\"}]},{\"@type\":\"WebSite\",\"@id\":\"https:\\\/\\\/crta.rs\\\/en\\\/#website\",\"url\":\"https:\\\/\\\/crta.rs\\\/en\\\/\",\"name\":\"CRTA\",\"description\":\"Mi smo grupa aktivista i novinara koja zajedno sa gra\u0111anima uti\u010de na pove\u0107anje odgovornosti institucija i javnih funkcionera kroz pra\u0107enje i kontrolu njihovog rada.\",\"potentialAction\":[{\"@type\":\"SearchAction\",\"target\":{\"@type\":\"EntryPoint\",\"urlTemplate\":\"https:\\\/\\\/crta.rs\\\/en\\\/?s={search_term_string}\"},\"query-input\":{\"@type\":\"PropertyValueSpecification\",\"valueRequired\":true,\"valueName\":\"search_term_string\"}}],\"inLanguage\":\"en-US\"},{\"@type\":\"Person\",\"@id\":\"https:\\\/\\\/crta.rs\\\/en\\\/#\\\/schema\\\/person\\\/0cc37dbc4cb7d35b32379de6f98e1c7f\",\"name\":\"milica\",\"url\":\"https:\\\/\\\/crta.rs\\\/en\\\/author\\\/milica\\\/\"}]}<\/script>\n<!-- \/ Yoast SEO plugin. -->","yoast_head_json":{"title":"CRTA wishes to remind politicians that the election campaign has been suspended - CRTA","robots":{"index":"index","follow":"follow","max-snippet":"max-snippet:-1","max-image-preview":"max-image-preview:large","max-video-preview":"max-video-preview:-1"},"canonical":"https:\/\/crta.rs\/en\/crta-wishes-to-remind-politicians-that-the-election-campaign-has-been-suspended\/","og_locale":"en_US","og_type":"article","og_title":"CRTA wishes to remind politicians that the election campaign has been suspended - CRTA","og_description":"We urge politicians, both in power and in opposition, and especially the President of the Republic Aleksandar Vu\u010di\u0107 and other public officials to refrain from actions during the state of emergency and the entire nation\u2019s fight against the epidemic, which in many ways leave the impression that they are still in the election campaign. We expect the President to exhibit statesmanship, and discharge duties vested in him by the Constitution, and not to give the public a reason to conclude that the dramatic situation in society is being used to reap political benefits.","og_url":"https:\/\/crta.rs\/en\/crta-wishes-to-remind-politicians-that-the-election-campaign-has-been-suspended\/","og_site_name":"CRTA","article_publisher":"https:\/\/www.facebook.com\/CRTArs\/","article_published_time":"2020-04-07T08:17:25+00:00","article_modified_time":"2022-03-07T15:27:02+00:00","og_image":[{"width":538,"height":316,"url":"https:\/\/crta.rs\/wp-content\/uploads\/2020\/04\/5.png","type":"image\/png"}],"author":"milica","twitter_card":"summary_large_image","twitter_misc":{"Written by":"milica","Est. reading time":"1 minute"},"schema":{"@context":"https:\/\/schema.org","@graph":[{"@type":"Article","@id":"https:\/\/crta.rs\/en\/crta-wishes-to-remind-politicians-that-the-election-campaign-has-been-suspended\/#article","isPartOf":{"@id":"https:\/\/crta.rs\/en\/crta-wishes-to-remind-politicians-that-the-election-campaign-has-been-suspended\/"},"author":{"name":"milica","@id":"https:\/\/crta.rs\/en\/#\/schema\/person\/0cc37dbc4cb7d35b32379de6f98e1c7f"},"headline":"CRTA wishes to remind politicians that the election campaign has been suspended","datePublished":"2020-04-07T08:17:25+00:00","dateModified":"2022-03-07T15:27:02+00:00","mainEntityOfPage":{"@id":"https:\/\/crta.rs\/en\/crta-wishes-to-remind-politicians-that-the-election-campaign-has-been-suspended\/"},"wordCount":302,"image":{"@id":"https:\/\/crta.rs\/en\/crta-wishes-to-remind-politicians-that-the-election-campaign-has-been-suspended\/#primaryimage"},"thumbnailUrl":"https:\/\/crta.rs\/wp-content\/uploads\/2020\/04\/5.png","keywords":["elections","elections 2020"],"articleSection":["Latest","News"],"inLanguage":"en-US"},{"@type":"WebPage","@id":"https:\/\/crta.rs\/en\/crta-wishes-to-remind-politicians-that-the-election-campaign-has-been-suspended\/","url":"https:\/\/crta.rs\/en\/crta-wishes-to-remind-politicians-that-the-election-campaign-has-been-suspended\/","name":"CRTA wishes to remind politicians that the election campaign has been suspended - CRTA","isPartOf":{"@id":"https:\/\/crta.rs\/en\/#website"},"primaryImageOfPage":{"@id":"https:\/\/crta.rs\/en\/crta-wishes-to-remind-politicians-that-the-election-campaign-has-been-suspended\/#primaryimage"},"image":{"@id":"https:\/\/crta.rs\/en\/crta-wishes-to-remind-politicians-that-the-election-campaign-has-been-suspended\/#primaryimage"},"thumbnailUrl":"https:\/\/crta.rs\/wp-content\/uploads\/2020\/04\/5.png","datePublished":"2020-04-07T08:17:25+00:00","dateModified":"2022-03-07T15:27:02+00:00","author":{"@id":"https:\/\/crta.rs\/en\/#\/schema\/person\/0cc37dbc4cb7d35b32379de6f98e1c7f"},"breadcrumb":{"@id":"https:\/\/crta.rs\/en\/crta-wishes-to-remind-politicians-that-the-election-campaign-has-been-suspended\/#breadcrumb"},"inLanguage":"en-US","potentialAction":[{"@type":"ReadAction","target":["https:\/\/crta.rs\/en\/crta-wishes-to-remind-politicians-that-the-election-campaign-has-been-suspended\/"]}]},{"@type":"ImageObject","inLanguage":"en-US","@id":"https:\/\/crta.rs\/en\/crta-wishes-to-remind-politicians-that-the-election-campaign-has-been-suspended\/#primaryimage","url":"https:\/\/crta.rs\/wp-content\/uploads\/2020\/04\/5.png","contentUrl":"https:\/\/crta.rs\/wp-content\/uploads\/2020\/04\/5.png","width":538,"height":316},{"@type":"BreadcrumbList","@id":"https:\/\/crta.rs\/en\/crta-wishes-to-remind-politicians-that-the-election-campaign-has-been-suspended\/#breadcrumb","itemListElement":[{"@type":"ListItem","position":1,"name":"Home","item":"https:\/\/crta.rs\/en\/"},{"@type":"ListItem","position":2,"name":"News","item":"https:\/\/crta.rs\/en\/category\/news\/"},{"@type":"ListItem","position":3,"name":"CRTA wishes to remind politicians that the election campaign has been suspended"}]},{"@type":"WebSite","@id":"https:\/\/crta.rs\/en\/#website","url":"https:\/\/crta.rs\/en\/","name":"CRTA","description":"Mi smo grupa aktivista i novinara koja zajedno sa gra\u0111anima uti\u010de na pove\u0107anje odgovornosti institucija i javnih funkcionera kroz pra\u0107enje i kontrolu njihovog rada.","potentialAction":[{"@type":"SearchAction","target":{"@type":"EntryPoint","urlTemplate":"https:\/\/crta.rs\/en\/?s={search_term_string}"},"query-input":{"@type":"PropertyValueSpecification","valueRequired":true,"valueName":"search_term_string"}}],"inLanguage":"en-US"},{"@type":"Person","@id":"https:\/\/crta.rs\/en\/#\/schema\/person\/0cc37dbc4cb7d35b32379de6f98e1c7f","name":"milica","url":"https:\/\/crta.rs\/en\/author\/milica\/"}]}},"_links":{"self":[{"href":"https:\/\/crta.rs\/en\/wp-json\/wp\/v2\/posts\/22998","targetHints":{"allow":["GET"]}}],"collection":[{"href":"https:\/\/crta.rs\/en\/wp-json\/wp\/v2\/posts"}],"about":[{"href":"https:\/\/crta.rs\/en\/wp-json\/wp\/v2\/types\/post"}],"author":[{"embeddable":true,"href":"https:\/\/crta.rs\/en\/wp-json\/wp\/v2\/users\/3"}],"replies":[{"embeddable":true,"href":"https:\/\/crta.rs\/en\/wp-json\/wp\/v2\/comments?post=22998"}],"version-history":[{"count":2,"href":"https:\/\/crta.rs\/en\/wp-json\/wp\/v2\/posts\/22998\/revisions"}],"predecessor-version":[{"id":23007,"href":"https:\/\/crta.rs\/en\/wp-json\/wp\/v2\/posts\/22998\/revisions\/23007"}],"wp:featuredmedia":[{"embeddable":true,"href":"https:\/\/crta.rs\/en\/wp-json\/wp\/v2\/media\/22563"}],"wp:attachment":[{"href":"https:\/\/crta.rs\/en\/wp-json\/wp\/v2\/media?parent=22998"}],"wp:term":[{"taxonomy":"category","embeddable":true,"href":"https:\/\/crta.rs\/en\/wp-json\/wp\/v2\/categories?post=22998"},{"taxonomy":"post_tag","embeddable":true,"href":"https:\/\/crta.rs\/en\/wp-json\/wp\/v2\/tags?post=22998"}],"curies":[{"name":"wp","href":"https:\/\/api.w.org\/{rel}","templated":true}]}}