{"id":22996,"date":"2020-05-18T10:15:34","date_gmt":"2020-05-18T08:15:34","guid":{"rendered":"https:\/\/crta.rs\/?p=22996"},"modified":"2020-06-03T10:30:44","modified_gmt":"2020-06-03T08:30:44","slug":"18-plus-a-series-about-a-generation-that-acquires-the-right-to-vote","status":"publish","type":"post","link":"https:\/\/crta.rs\/en\/18-plus-a-series-about-a-generation-that-acquires-the-right-to-vote\/","title":{"rendered":"18 plus, a series about a generation that acquires the right to vote"},"content":{"rendered":"<p>CRTA proudly presents a documentary series <a href=\"https:\/\/www.youtube.com\/watch?v=eRZ6CAEoIYI&amp;list=PL8923Fn1YUloUbEdgXe0Fy58Yl9V5DDOX\"><strong>\u201c18 plus\u201d<\/strong><\/a>, which will be available to N1 TV viewers and on the <a href=\"https:\/\/www.youtube.com\/channel\/UCVvI74ipyn7bkjIFHqeknkQ?view_as=subscriber\"><strong>CRTA YouTube channel <\/strong><\/a>as of May 23<sup>rd<\/sup>. The series consists of 8 short films about 8 girls and boys from Serbia who have just reached the age of majority and acquired the right to vote in the 2020 elections.<\/p>\n<p>According to statistical estimations, about 200,000 young people will be able to exercise their right to vote for the first time in the upcoming elections. But how many will actually vote? This series seeks to answer the question if the young are interested in the elections at the first place, how they feel about other life choices, plans for future, the society they live in and their place in that society.<\/p>\n<p>These are stories about those who are getting the right to vote, but to whom society does not give many choices. The heroes of the series come from various settings and from different socio-economic backgrounds, representing the natural polyphony of the generation and breaking down many prejudices and commonplaces about today\u2019s older teenagers.<\/p>\n<p>Its producers are Mi\u0161ko Bilbija and Olivera Milenkovi\u0107, who is also the director of the series. \u00a0Radovan Kupres is the series editor.<\/p>\n<p>The series premieres on N1 television on Saturdays and Sundays at 16.15, the episodes being available on the CRTA YouTube channel on the same days at 18.00.<\/p>\n","protected":false},"excerpt":{"rendered":"<p>CRTA proudly presents a documentary series \u201c18 plus\u201d, which will be available to N1 TV viewers and on the CRTA YouTube channel as of May 23rd. The series consists of 8 short films about 8 girls and boys from Serbia who have just reached the age of majority and acquired the right to vote in the 2020 elections.<\/p>\n","protected":false},"author":3,"featured_media":22711,"comment_status":"closed","ping_status":"open","sticky":false,"template":"","format":"standard","meta":{"_acf_changed":false,"footnotes":"","_links_to":"","_links_to_target":""},"categories":[218,681],"tags":[],"class_list":["post-22996","post","type-post","status-publish","format-standard","has-post-thumbnail","hentry","category-latest-en","category-news","ciTrackContent"],"acf":[],"yoast_head":"<!-- This site is optimized with the Yoast SEO plugin v27.4 - https:\/\/yoast.com\/product\/yoast-seo-wordpress\/ -->\n<title>18 plus, a series about a generation that acquires the right to vote - CRTA<\/title>\n<meta name=\"robots\" content=\"index, follow, max-snippet:-1, max-image-preview:large, max-video-preview:-1\" \/>\n<link rel=\"canonical\" href=\"https:\/\/crta.rs\/en\/18-plus-a-series-about-a-generation-that-acquires-the-right-to-vote\/\" \/>\n<meta property=\"og:locale\" content=\"en_US\" \/>\n<meta property=\"og:type\" content=\"article\" \/>\n<meta property=\"og:title\" content=\"18 plus, a series about a generation that acquires the right to vote - CRTA\" \/>\n<meta property=\"og:description\" content=\"CRTA proudly presents a documentary series \u201c18 plus\u201d, which will be available to N1 TV viewers and on the CRTA YouTube channel as of May 23rd. The series consists of 8 short films about 8 girls and boys from Serbia who have just reached the age of majority and acquired the right to vote in the 2020 elections.\" \/>\n<meta property=\"og:url\" content=\"https:\/\/crta.rs\/en\/18-plus-a-series-about-a-generation-that-acquires-the-right-to-vote\/\" \/>\n<meta property=\"og:site_name\" content=\"CRTA\" \/>\n<meta property=\"article:publisher\" content=\"https:\/\/www.facebook.com\/CRTArs\/\" \/>\n<meta property=\"article:published_time\" content=\"2020-05-18T08:15:34+00:00\" \/>\n<meta property=\"article:modified_time\" content=\"2020-06-03T08:30:44+00:00\" \/>\n<meta property=\"og:image\" content=\"https:\/\/crta.rs\/wp-content\/uploads\/2020\/05\/18-plus-Aktuelno.png\" \/>\n\t<meta property=\"og:image:width\" content=\"727\" \/>\n\t<meta property=\"og:image:height\" content=\"363\" \/>\n\t<meta property=\"og:image:type\" content=\"image\/png\" \/>\n<meta name=\"author\" content=\"milica\" \/>\n<meta name=\"twitter:card\" content=\"summary_large_image\" \/>\n<meta name=\"twitter:label1\" content=\"Written by\" \/>\n\t<meta name=\"twitter:data1\" content=\"milica\" \/>\n\t<meta name=\"twitter:label2\" content=\"Est. reading time\" \/>\n\t<meta name=\"twitter:data2\" content=\"1 minute\" \/>\n<script type=\"application\/ld+json\" class=\"yoast-schema-graph\">{\"@context\":\"https:\\\/\\\/schema.org\",\"@graph\":[{\"@type\":\"Article\",\"@id\":\"https:\\\/\\\/crta.rs\\\/en\\\/18-plus-a-series-about-a-generation-that-acquires-the-right-to-vote\\\/#article\",\"isPartOf\":{\"@id\":\"https:\\\/\\\/crta.rs\\\/en\\\/18-plus-a-series-about-a-generation-that-acquires-the-right-to-vote\\\/\"},\"author\":{\"name\":\"milica\",\"@id\":\"https:\\\/\\\/crta.rs\\\/en\\\/#\\\/schema\\\/person\\\/0cc37dbc4cb7d35b32379de6f98e1c7f\"},\"headline\":\"18 plus, a series about a generation that acquires the right to vote\",\"datePublished\":\"2020-05-18T08:15:34+00:00\",\"dateModified\":\"2020-06-03T08:30:44+00:00\",\"mainEntityOfPage\":{\"@id\":\"https:\\\/\\\/crta.rs\\\/en\\\/18-plus-a-series-about-a-generation-that-acquires-the-right-to-vote\\\/\"},\"wordCount\":238,\"image\":{\"@id\":\"https:\\\/\\\/crta.rs\\\/en\\\/18-plus-a-series-about-a-generation-that-acquires-the-right-to-vote\\\/#primaryimage\"},\"thumbnailUrl\":\"https:\\\/\\\/crta.rs\\\/wp-content\\\/uploads\\\/2020\\\/05\\\/18-plus-Aktuelno.png\",\"articleSection\":[\"Latest\",\"News\"],\"inLanguage\":\"en-US\"},{\"@type\":\"WebPage\",\"@id\":\"https:\\\/\\\/crta.rs\\\/en\\\/18-plus-a-series-about-a-generation-that-acquires-the-right-to-vote\\\/\",\"url\":\"https:\\\/\\\/crta.rs\\\/en\\\/18-plus-a-series-about-a-generation-that-acquires-the-right-to-vote\\\/\",\"name\":\"18 plus, a series about a generation that acquires the right to vote - CRTA\",\"isPartOf\":{\"@id\":\"https:\\\/\\\/crta.rs\\\/en\\\/#website\"},\"primaryImageOfPage\":{\"@id\":\"https:\\\/\\\/crta.rs\\\/en\\\/18-plus-a-series-about-a-generation-that-acquires-the-right-to-vote\\\/#primaryimage\"},\"image\":{\"@id\":\"https:\\\/\\\/crta.rs\\\/en\\\/18-plus-a-series-about-a-generation-that-acquires-the-right-to-vote\\\/#primaryimage\"},\"thumbnailUrl\":\"https:\\\/\\\/crta.rs\\\/wp-content\\\/uploads\\\/2020\\\/05\\\/18-plus-Aktuelno.png\",\"datePublished\":\"2020-05-18T08:15:34+00:00\",\"dateModified\":\"2020-06-03T08:30:44+00:00\",\"author\":{\"@id\":\"https:\\\/\\\/crta.rs\\\/en\\\/#\\\/schema\\\/person\\\/0cc37dbc4cb7d35b32379de6f98e1c7f\"},\"breadcrumb\":{\"@id\":\"https:\\\/\\\/crta.rs\\\/en\\\/18-plus-a-series-about-a-generation-that-acquires-the-right-to-vote\\\/#breadcrumb\"},\"inLanguage\":\"en-US\",\"potentialAction\":[{\"@type\":\"ReadAction\",\"target\":[\"https:\\\/\\\/crta.rs\\\/en\\\/18-plus-a-series-about-a-generation-that-acquires-the-right-to-vote\\\/\"]}]},{\"@type\":\"ImageObject\",\"inLanguage\":\"en-US\",\"@id\":\"https:\\\/\\\/crta.rs\\\/en\\\/18-plus-a-series-about-a-generation-that-acquires-the-right-to-vote\\\/#primaryimage\",\"url\":\"https:\\\/\\\/crta.rs\\\/wp-content\\\/uploads\\\/2020\\\/05\\\/18-plus-Aktuelno.png\",\"contentUrl\":\"https:\\\/\\\/crta.rs\\\/wp-content\\\/uploads\\\/2020\\\/05\\\/18-plus-Aktuelno.png\",\"width\":727,\"height\":363},{\"@type\":\"BreadcrumbList\",\"@id\":\"https:\\\/\\\/crta.rs\\\/en\\\/18-plus-a-series-about-a-generation-that-acquires-the-right-to-vote\\\/#breadcrumb\",\"itemListElement\":[{\"@type\":\"ListItem\",\"position\":1,\"name\":\"Home\",\"item\":\"https:\\\/\\\/crta.rs\\\/en\\\/\"},{\"@type\":\"ListItem\",\"position\":2,\"name\":\"Latest\",\"item\":\"https:\\\/\\\/crta.rs\\\/en\\\/category\\\/latest-en\\\/\"},{\"@type\":\"ListItem\",\"position\":3,\"name\":\"18 plus, a series about a generation that acquires the right to vote\"}]},{\"@type\":\"WebSite\",\"@id\":\"https:\\\/\\\/crta.rs\\\/en\\\/#website\",\"url\":\"https:\\\/\\\/crta.rs\\\/en\\\/\",\"name\":\"CRTA\",\"description\":\"Mi smo grupa aktivista i novinara koja zajedno sa gra\u0111anima uti\u010de na pove\u0107anje odgovornosti institucija i javnih funkcionera kroz pra\u0107enje i kontrolu njihovog rada.\",\"potentialAction\":[{\"@type\":\"SearchAction\",\"target\":{\"@type\":\"EntryPoint\",\"urlTemplate\":\"https:\\\/\\\/crta.rs\\\/en\\\/?s={search_term_string}\"},\"query-input\":{\"@type\":\"PropertyValueSpecification\",\"valueRequired\":true,\"valueName\":\"search_term_string\"}}],\"inLanguage\":\"en-US\"},{\"@type\":\"Person\",\"@id\":\"https:\\\/\\\/crta.rs\\\/en\\\/#\\\/schema\\\/person\\\/0cc37dbc4cb7d35b32379de6f98e1c7f\",\"name\":\"milica\",\"url\":\"https:\\\/\\\/crta.rs\\\/en\\\/author\\\/milica\\\/\"}]}<\/script>\n<!-- \/ Yoast SEO plugin. -->","yoast_head_json":{"title":"18 plus, a series about a generation that acquires the right to vote - CRTA","robots":{"index":"index","follow":"follow","max-snippet":"max-snippet:-1","max-image-preview":"max-image-preview:large","max-video-preview":"max-video-preview:-1"},"canonical":"https:\/\/crta.rs\/en\/18-plus-a-series-about-a-generation-that-acquires-the-right-to-vote\/","og_locale":"en_US","og_type":"article","og_title":"18 plus, a series about a generation that acquires the right to vote - CRTA","og_description":"CRTA proudly presents a documentary series \u201c18 plus\u201d, which will be available to N1 TV viewers and on the CRTA YouTube channel as of May 23rd. The series consists of 8 short films about 8 girls and boys from Serbia who have just reached the age of majority and acquired the right to vote in the 2020 elections.","og_url":"https:\/\/crta.rs\/en\/18-plus-a-series-about-a-generation-that-acquires-the-right-to-vote\/","og_site_name":"CRTA","article_publisher":"https:\/\/www.facebook.com\/CRTArs\/","article_published_time":"2020-05-18T08:15:34+00:00","article_modified_time":"2020-06-03T08:30:44+00:00","og_image":[{"width":727,"height":363,"url":"https:\/\/crta.rs\/wp-content\/uploads\/2020\/05\/18-plus-Aktuelno.png","type":"image\/png"}],"author":"milica","twitter_card":"summary_large_image","twitter_misc":{"Written by":"milica","Est. reading time":"1 minute"},"schema":{"@context":"https:\/\/schema.org","@graph":[{"@type":"Article","@id":"https:\/\/crta.rs\/en\/18-plus-a-series-about-a-generation-that-acquires-the-right-to-vote\/#article","isPartOf":{"@id":"https:\/\/crta.rs\/en\/18-plus-a-series-about-a-generation-that-acquires-the-right-to-vote\/"},"author":{"name":"milica","@id":"https:\/\/crta.rs\/en\/#\/schema\/person\/0cc37dbc4cb7d35b32379de6f98e1c7f"},"headline":"18 plus, a series about a generation that acquires the right to vote","datePublished":"2020-05-18T08:15:34+00:00","dateModified":"2020-06-03T08:30:44+00:00","mainEntityOfPage":{"@id":"https:\/\/crta.rs\/en\/18-plus-a-series-about-a-generation-that-acquires-the-right-to-vote\/"},"wordCount":238,"image":{"@id":"https:\/\/crta.rs\/en\/18-plus-a-series-about-a-generation-that-acquires-the-right-to-vote\/#primaryimage"},"thumbnailUrl":"https:\/\/crta.rs\/wp-content\/uploads\/2020\/05\/18-plus-Aktuelno.png","articleSection":["Latest","News"],"inLanguage":"en-US"},{"@type":"WebPage","@id":"https:\/\/crta.rs\/en\/18-plus-a-series-about-a-generation-that-acquires-the-right-to-vote\/","url":"https:\/\/crta.rs\/en\/18-plus-a-series-about-a-generation-that-acquires-the-right-to-vote\/","name":"18 plus, a series about a generation that acquires the right to vote - CRTA","isPartOf":{"@id":"https:\/\/crta.rs\/en\/#website"},"primaryImageOfPage":{"@id":"https:\/\/crta.rs\/en\/18-plus-a-series-about-a-generation-that-acquires-the-right-to-vote\/#primaryimage"},"image":{"@id":"https:\/\/crta.rs\/en\/18-plus-a-series-about-a-generation-that-acquires-the-right-to-vote\/#primaryimage"},"thumbnailUrl":"https:\/\/crta.rs\/wp-content\/uploads\/2020\/05\/18-plus-Aktuelno.png","datePublished":"2020-05-18T08:15:34+00:00","dateModified":"2020-06-03T08:30:44+00:00","author":{"@id":"https:\/\/crta.rs\/en\/#\/schema\/person\/0cc37dbc4cb7d35b32379de6f98e1c7f"},"breadcrumb":{"@id":"https:\/\/crta.rs\/en\/18-plus-a-series-about-a-generation-that-acquires-the-right-to-vote\/#breadcrumb"},"inLanguage":"en-US","potentialAction":[{"@type":"ReadAction","target":["https:\/\/crta.rs\/en\/18-plus-a-series-about-a-generation-that-acquires-the-right-to-vote\/"]}]},{"@type":"ImageObject","inLanguage":"en-US","@id":"https:\/\/crta.rs\/en\/18-plus-a-series-about-a-generation-that-acquires-the-right-to-vote\/#primaryimage","url":"https:\/\/crta.rs\/wp-content\/uploads\/2020\/05\/18-plus-Aktuelno.png","contentUrl":"https:\/\/crta.rs\/wp-content\/uploads\/2020\/05\/18-plus-Aktuelno.png","width":727,"height":363},{"@type":"BreadcrumbList","@id":"https:\/\/crta.rs\/en\/18-plus-a-series-about-a-generation-that-acquires-the-right-to-vote\/#breadcrumb","itemListElement":[{"@type":"ListItem","position":1,"name":"Home","item":"https:\/\/crta.rs\/en\/"},{"@type":"ListItem","position":2,"name":"Latest","item":"https:\/\/crta.rs\/en\/category\/latest-en\/"},{"@type":"ListItem","position":3,"name":"18 plus, a series about a generation that acquires the right to vote"}]},{"@type":"WebSite","@id":"https:\/\/crta.rs\/en\/#website","url":"https:\/\/crta.rs\/en\/","name":"CRTA","description":"Mi smo grupa aktivista i novinara koja zajedno sa gra\u0111anima uti\u010de na pove\u0107anje odgovornosti institucija i javnih funkcionera kroz pra\u0107enje i kontrolu njihovog rada.","potentialAction":[{"@type":"SearchAction","target":{"@type":"EntryPoint","urlTemplate":"https:\/\/crta.rs\/en\/?s={search_term_string}"},"query-input":{"@type":"PropertyValueSpecification","valueRequired":true,"valueName":"search_term_string"}}],"inLanguage":"en-US"},{"@type":"Person","@id":"https:\/\/crta.rs\/en\/#\/schema\/person\/0cc37dbc4cb7d35b32379de6f98e1c7f","name":"milica","url":"https:\/\/crta.rs\/en\/author\/milica\/"}]}},"_links":{"self":[{"href":"https:\/\/crta.rs\/en\/wp-json\/wp\/v2\/posts\/22996","targetHints":{"allow":["GET"]}}],"collection":[{"href":"https:\/\/crta.rs\/en\/wp-json\/wp\/v2\/posts"}],"about":[{"href":"https:\/\/crta.rs\/en\/wp-json\/wp\/v2\/types\/post"}],"author":[{"embeddable":true,"href":"https:\/\/crta.rs\/en\/wp-json\/wp\/v2\/users\/3"}],"replies":[{"embeddable":true,"href":"https:\/\/crta.rs\/en\/wp-json\/wp\/v2\/comments?post=22996"}],"version-history":[{"count":2,"href":"https:\/\/crta.rs\/en\/wp-json\/wp\/v2\/posts\/22996\/revisions"}],"predecessor-version":[{"id":23008,"href":"https:\/\/crta.rs\/en\/wp-json\/wp\/v2\/posts\/22996\/revisions\/23008"}],"wp:featuredmedia":[{"embeddable":true,"href":"https:\/\/crta.rs\/en\/wp-json\/wp\/v2\/media\/22711"}],"wp:attachment":[{"href":"https:\/\/crta.rs\/en\/wp-json\/wp\/v2\/media?parent=22996"}],"wp:term":[{"taxonomy":"category","embeddable":true,"href":"https:\/\/crta.rs\/en\/wp-json\/wp\/v2\/categories?post=22996"},{"taxonomy":"post_tag","embeddable":true,"href":"https:\/\/crta.rs\/en\/wp-json\/wp\/v2\/tags?post=22996"}],"curies":[{"name":"wp","href":"https:\/\/api.w.org\/{rel}","templated":true}]}}