{"id":2268,"date":"2018-02-14T12:39:57","date_gmt":"2018-02-14T12:39:57","guid":{"rendered":"https:\/\/crta.rs\/?p=2268"},"modified":"2020-01-21T08:39:43","modified_gmt":"2020-01-21T07:39:43","slug":"belgrade-elections-2018-long-term-observation-first-interim-report-summary","status":"publish","type":"post","link":"https:\/\/crta.rs\/en\/belgrade-elections-2018-long-term-observation-first-interim-report-summary\/","title":{"rendered":"Belgrade Elections 2018 &#8211; Long term observation -First Interim Report Summary"},"content":{"rendered":"<div class=\"page\" title=\"Page 2\">\n<div class=\"layoutArea\">\n<div class=\"column\">\n<p>The work of the electoral administration, as well as of independent institutions that should ensure compliance with electoral rules and procedures, is not fully in line with the standards for free and fair elections. What casts a shadow on the election process is the fact that the work of the City Election Commission remained closed to the public in the first month of campaigning.<\/p>\n<\/div>\n<\/div>\n<\/div>\n","protected":false},"excerpt":{"rendered":"<p>The work of the electoral administration, as well as of independent institutions that should ensure compliance with electoral rules and procedures, is not fully in line with the standards for free and fair elections. What casts a shadow on the election process is the fact that the work of the City Election Commission remained closed&#8230;<\/p>\n","protected":false},"author":4,"featured_media":19737,"comment_status":"open","ping_status":"open","sticky":false,"template":"","format":"standard","meta":{"_acf_changed":false,"footnotes":"","_links_to":"","_links_to_target":""},"categories":[75],"tags":[326,164],"class_list":["post-2268","post","type-post","status-publish","format-standard","has-post-thumbnail","hentry","category-publication-en","tag-belgrade-elections","tag-elections","ciTrackContent"],"acf":[],"yoast_head":"<!-- This site is optimized with the Yoast SEO plugin v27.4 - https:\/\/yoast.com\/product\/yoast-seo-wordpress\/ -->\n<title>Belgrade Elections 2018 - Long term observation -First Interim Report Summary - CRTA<\/title>\n<meta name=\"robots\" content=\"index, follow, max-snippet:-1, max-image-preview:large, max-video-preview:-1\" \/>\n<link rel=\"canonical\" href=\"https:\/\/crta.rs\/en\/belgrade-elections-2018-long-term-observation-first-interim-report-summary\/\" \/>\n<meta property=\"og:locale\" content=\"en_US\" \/>\n<meta property=\"og:type\" content=\"article\" \/>\n<meta property=\"og:title\" content=\"Belgrade Elections 2018 - Long term observation -First Interim Report Summary - CRTA\" \/>\n<meta property=\"og:description\" content=\"The work of the electoral administration, as well as of independent institutions that should ensure compliance with electoral rules and procedures, is not fully in line with the standards for free and fair elections. What casts a shadow on the election process is the fact that the work of the City Election Commission remained closed...\" \/>\n<meta property=\"og:url\" content=\"https:\/\/crta.rs\/en\/belgrade-elections-2018-long-term-observation-first-interim-report-summary\/\" \/>\n<meta property=\"og:site_name\" content=\"CRTA\" \/>\n<meta property=\"article:publisher\" content=\"https:\/\/www.facebook.com\/CRTArs\/\" \/>\n<meta property=\"article:published_time\" content=\"2018-02-14T12:39:57+00:00\" \/>\n<meta property=\"article:modified_time\" content=\"2020-01-21T07:39:43+00:00\" \/>\n<meta property=\"og:image\" content=\"https:\/\/crta.rs\/wp-content\/uploads\/2019\/03\/first-interim-report-bg-elections.png\" \/>\n\t<meta property=\"og:image:width\" content=\"671\" \/>\n\t<meta property=\"og:image:height\" content=\"871\" \/>\n\t<meta property=\"og:image:type\" content=\"image\/png\" \/>\n<meta name=\"author\" content=\"jovana\" \/>\n<meta name=\"twitter:card\" content=\"summary_large_image\" \/>\n<meta name=\"twitter:label1\" content=\"Written by\" \/>\n\t<meta name=\"twitter:data1\" content=\"jovana\" \/>\n<script type=\"application\/ld+json\" class=\"yoast-schema-graph\">{\"@context\":\"https:\\\/\\\/schema.org\",\"@graph\":[{\"@type\":\"Article\",\"@id\":\"https:\\\/\\\/crta.rs\\\/en\\\/belgrade-elections-2018-long-term-observation-first-interim-report-summary\\\/#article\",\"isPartOf\":{\"@id\":\"https:\\\/\\\/crta.rs\\\/en\\\/belgrade-elections-2018-long-term-observation-first-interim-report-summary\\\/\"},\"author\":{\"name\":\"jovana\",\"@id\":\"https:\\\/\\\/crta.rs\\\/en\\\/#\\\/schema\\\/person\\\/fcec63b1238fb442e1e414f45bb83f8f\"},\"headline\":\"Belgrade Elections 2018 &#8211; Long term observation -First Interim Report Summary\",\"datePublished\":\"2018-02-14T12:39:57+00:00\",\"dateModified\":\"2020-01-21T07:39:43+00:00\",\"mainEntityOfPage\":{\"@id\":\"https:\\\/\\\/crta.rs\\\/en\\\/belgrade-elections-2018-long-term-observation-first-interim-report-summary\\\/\"},\"wordCount\":74,\"commentCount\":0,\"image\":{\"@id\":\"https:\\\/\\\/crta.rs\\\/en\\\/belgrade-elections-2018-long-term-observation-first-interim-report-summary\\\/#primaryimage\"},\"thumbnailUrl\":\"https:\\\/\\\/crta.rs\\\/wp-content\\\/uploads\\\/2019\\\/03\\\/first-interim-report-bg-elections.png\",\"keywords\":[\"belgrade elections\",\"elections\"],\"articleSection\":[\"Publications\"],\"inLanguage\":\"en-US\",\"potentialAction\":[{\"@type\":\"CommentAction\",\"name\":\"Comment\",\"target\":[\"https:\\\/\\\/crta.rs\\\/en\\\/belgrade-elections-2018-long-term-observation-first-interim-report-summary\\\/#respond\"]}]},{\"@type\":\"WebPage\",\"@id\":\"https:\\\/\\\/crta.rs\\\/en\\\/belgrade-elections-2018-long-term-observation-first-interim-report-summary\\\/\",\"url\":\"https:\\\/\\\/crta.rs\\\/en\\\/belgrade-elections-2018-long-term-observation-first-interim-report-summary\\\/\",\"name\":\"Belgrade Elections 2018 - Long term observation -First Interim Report Summary - CRTA\",\"isPartOf\":{\"@id\":\"https:\\\/\\\/crta.rs\\\/en\\\/#website\"},\"primaryImageOfPage\":{\"@id\":\"https:\\\/\\\/crta.rs\\\/en\\\/belgrade-elections-2018-long-term-observation-first-interim-report-summary\\\/#primaryimage\"},\"image\":{\"@id\":\"https:\\\/\\\/crta.rs\\\/en\\\/belgrade-elections-2018-long-term-observation-first-interim-report-summary\\\/#primaryimage\"},\"thumbnailUrl\":\"https:\\\/\\\/crta.rs\\\/wp-content\\\/uploads\\\/2019\\\/03\\\/first-interim-report-bg-elections.png\",\"datePublished\":\"2018-02-14T12:39:57+00:00\",\"dateModified\":\"2020-01-21T07:39:43+00:00\",\"author\":{\"@id\":\"https:\\\/\\\/crta.rs\\\/en\\\/#\\\/schema\\\/person\\\/fcec63b1238fb442e1e414f45bb83f8f\"},\"breadcrumb\":{\"@id\":\"https:\\\/\\\/crta.rs\\\/en\\\/belgrade-elections-2018-long-term-observation-first-interim-report-summary\\\/#breadcrumb\"},\"inLanguage\":\"en-US\",\"potentialAction\":[{\"@type\":\"ReadAction\",\"target\":[\"https:\\\/\\\/crta.rs\\\/en\\\/belgrade-elections-2018-long-term-observation-first-interim-report-summary\\\/\"]}]},{\"@type\":\"ImageObject\",\"inLanguage\":\"en-US\",\"@id\":\"https:\\\/\\\/crta.rs\\\/en\\\/belgrade-elections-2018-long-term-observation-first-interim-report-summary\\\/#primaryimage\",\"url\":\"https:\\\/\\\/crta.rs\\\/wp-content\\\/uploads\\\/2019\\\/03\\\/first-interim-report-bg-elections.png\",\"contentUrl\":\"https:\\\/\\\/crta.rs\\\/wp-content\\\/uploads\\\/2019\\\/03\\\/first-interim-report-bg-elections.png\",\"width\":671,\"height\":871},{\"@type\":\"BreadcrumbList\",\"@id\":\"https:\\\/\\\/crta.rs\\\/en\\\/belgrade-elections-2018-long-term-observation-first-interim-report-summary\\\/#breadcrumb\",\"itemListElement\":[{\"@type\":\"ListItem\",\"position\":1,\"name\":\"Home\",\"item\":\"https:\\\/\\\/crta.rs\\\/en\\\/\"},{\"@type\":\"ListItem\",\"position\":2,\"name\":\"Publications\",\"item\":\"https:\\\/\\\/crta.rs\\\/en\\\/category\\\/publication-en\\\/\"},{\"@type\":\"ListItem\",\"position\":3,\"name\":\"Belgrade Elections 2018 &#8211; Long term observation -First Interim Report Summary\"}]},{\"@type\":\"WebSite\",\"@id\":\"https:\\\/\\\/crta.rs\\\/en\\\/#website\",\"url\":\"https:\\\/\\\/crta.rs\\\/en\\\/\",\"name\":\"CRTA\",\"description\":\"Mi smo grupa aktivista i novinara koja zajedno sa gra\u0111anima uti\u010de na pove\u0107anje odgovornosti institucija i javnih funkcionera kroz pra\u0107enje i kontrolu njihovog rada.\",\"potentialAction\":[{\"@type\":\"SearchAction\",\"target\":{\"@type\":\"EntryPoint\",\"urlTemplate\":\"https:\\\/\\\/crta.rs\\\/en\\\/?s={search_term_string}\"},\"query-input\":{\"@type\":\"PropertyValueSpecification\",\"valueRequired\":true,\"valueName\":\"search_term_string\"}}],\"inLanguage\":\"en-US\"},{\"@type\":\"Person\",\"@id\":\"https:\\\/\\\/crta.rs\\\/en\\\/#\\\/schema\\\/person\\\/fcec63b1238fb442e1e414f45bb83f8f\",\"name\":\"jovana\",\"url\":\"https:\\\/\\\/crta.rs\\\/en\\\/author\\\/jovana\\\/\"}]}<\/script>\n<!-- \/ Yoast SEO plugin. -->","yoast_head_json":{"title":"Belgrade Elections 2018 - Long term observation -First Interim Report Summary - CRTA","robots":{"index":"index","follow":"follow","max-snippet":"max-snippet:-1","max-image-preview":"max-image-preview:large","max-video-preview":"max-video-preview:-1"},"canonical":"https:\/\/crta.rs\/en\/belgrade-elections-2018-long-term-observation-first-interim-report-summary\/","og_locale":"en_US","og_type":"article","og_title":"Belgrade Elections 2018 - Long term observation -First Interim Report Summary - CRTA","og_description":"The work of the electoral administration, as well as of independent institutions that should ensure compliance with electoral rules and procedures, is not fully in line with the standards for free and fair elections. What casts a shadow on the election process is the fact that the work of the City Election Commission remained closed...","og_url":"https:\/\/crta.rs\/en\/belgrade-elections-2018-long-term-observation-first-interim-report-summary\/","og_site_name":"CRTA","article_publisher":"https:\/\/www.facebook.com\/CRTArs\/","article_published_time":"2018-02-14T12:39:57+00:00","article_modified_time":"2020-01-21T07:39:43+00:00","og_image":[{"width":671,"height":871,"url":"https:\/\/crta.rs\/wp-content\/uploads\/2019\/03\/first-interim-report-bg-elections.png","type":"image\/png"}],"author":"jovana","twitter_card":"summary_large_image","twitter_misc":{"Written by":"jovana"},"schema":{"@context":"https:\/\/schema.org","@graph":[{"@type":"Article","@id":"https:\/\/crta.rs\/en\/belgrade-elections-2018-long-term-observation-first-interim-report-summary\/#article","isPartOf":{"@id":"https:\/\/crta.rs\/en\/belgrade-elections-2018-long-term-observation-first-interim-report-summary\/"},"author":{"name":"jovana","@id":"https:\/\/crta.rs\/en\/#\/schema\/person\/fcec63b1238fb442e1e414f45bb83f8f"},"headline":"Belgrade Elections 2018 &#8211; Long term observation -First Interim Report Summary","datePublished":"2018-02-14T12:39:57+00:00","dateModified":"2020-01-21T07:39:43+00:00","mainEntityOfPage":{"@id":"https:\/\/crta.rs\/en\/belgrade-elections-2018-long-term-observation-first-interim-report-summary\/"},"wordCount":74,"commentCount":0,"image":{"@id":"https:\/\/crta.rs\/en\/belgrade-elections-2018-long-term-observation-first-interim-report-summary\/#primaryimage"},"thumbnailUrl":"https:\/\/crta.rs\/wp-content\/uploads\/2019\/03\/first-interim-report-bg-elections.png","keywords":["belgrade elections","elections"],"articleSection":["Publications"],"inLanguage":"en-US","potentialAction":[{"@type":"CommentAction","name":"Comment","target":["https:\/\/crta.rs\/en\/belgrade-elections-2018-long-term-observation-first-interim-report-summary\/#respond"]}]},{"@type":"WebPage","@id":"https:\/\/crta.rs\/en\/belgrade-elections-2018-long-term-observation-first-interim-report-summary\/","url":"https:\/\/crta.rs\/en\/belgrade-elections-2018-long-term-observation-first-interim-report-summary\/","name":"Belgrade Elections 2018 - Long term observation -First Interim Report Summary - CRTA","isPartOf":{"@id":"https:\/\/crta.rs\/en\/#website"},"primaryImageOfPage":{"@id":"https:\/\/crta.rs\/en\/belgrade-elections-2018-long-term-observation-first-interim-report-summary\/#primaryimage"},"image":{"@id":"https:\/\/crta.rs\/en\/belgrade-elections-2018-long-term-observation-first-interim-report-summary\/#primaryimage"},"thumbnailUrl":"https:\/\/crta.rs\/wp-content\/uploads\/2019\/03\/first-interim-report-bg-elections.png","datePublished":"2018-02-14T12:39:57+00:00","dateModified":"2020-01-21T07:39:43+00:00","author":{"@id":"https:\/\/crta.rs\/en\/#\/schema\/person\/fcec63b1238fb442e1e414f45bb83f8f"},"breadcrumb":{"@id":"https:\/\/crta.rs\/en\/belgrade-elections-2018-long-term-observation-first-interim-report-summary\/#breadcrumb"},"inLanguage":"en-US","potentialAction":[{"@type":"ReadAction","target":["https:\/\/crta.rs\/en\/belgrade-elections-2018-long-term-observation-first-interim-report-summary\/"]}]},{"@type":"ImageObject","inLanguage":"en-US","@id":"https:\/\/crta.rs\/en\/belgrade-elections-2018-long-term-observation-first-interim-report-summary\/#primaryimage","url":"https:\/\/crta.rs\/wp-content\/uploads\/2019\/03\/first-interim-report-bg-elections.png","contentUrl":"https:\/\/crta.rs\/wp-content\/uploads\/2019\/03\/first-interim-report-bg-elections.png","width":671,"height":871},{"@type":"BreadcrumbList","@id":"https:\/\/crta.rs\/en\/belgrade-elections-2018-long-term-observation-first-interim-report-summary\/#breadcrumb","itemListElement":[{"@type":"ListItem","position":1,"name":"Home","item":"https:\/\/crta.rs\/en\/"},{"@type":"ListItem","position":2,"name":"Publications","item":"https:\/\/crta.rs\/en\/category\/publication-en\/"},{"@type":"ListItem","position":3,"name":"Belgrade Elections 2018 &#8211; Long term observation -First Interim Report Summary"}]},{"@type":"WebSite","@id":"https:\/\/crta.rs\/en\/#website","url":"https:\/\/crta.rs\/en\/","name":"CRTA","description":"Mi smo grupa aktivista i novinara koja zajedno sa gra\u0111anima uti\u010de na pove\u0107anje odgovornosti institucija i javnih funkcionera kroz pra\u0107enje i kontrolu njihovog rada.","potentialAction":[{"@type":"SearchAction","target":{"@type":"EntryPoint","urlTemplate":"https:\/\/crta.rs\/en\/?s={search_term_string}"},"query-input":{"@type":"PropertyValueSpecification","valueRequired":true,"valueName":"search_term_string"}}],"inLanguage":"en-US"},{"@type":"Person","@id":"https:\/\/crta.rs\/en\/#\/schema\/person\/fcec63b1238fb442e1e414f45bb83f8f","name":"jovana","url":"https:\/\/crta.rs\/en\/author\/jovana\/"}]}},"_links":{"self":[{"href":"https:\/\/crta.rs\/en\/wp-json\/wp\/v2\/posts\/2268","targetHints":{"allow":["GET"]}}],"collection":[{"href":"https:\/\/crta.rs\/en\/wp-json\/wp\/v2\/posts"}],"about":[{"href":"https:\/\/crta.rs\/en\/wp-json\/wp\/v2\/types\/post"}],"author":[{"embeddable":true,"href":"https:\/\/crta.rs\/en\/wp-json\/wp\/v2\/users\/4"}],"replies":[{"embeddable":true,"href":"https:\/\/crta.rs\/en\/wp-json\/wp\/v2\/comments?post=2268"}],"version-history":[{"count":2,"href":"https:\/\/crta.rs\/en\/wp-json\/wp\/v2\/posts\/2268\/revisions"}],"predecessor-version":[{"id":19054,"href":"https:\/\/crta.rs\/en\/wp-json\/wp\/v2\/posts\/2268\/revisions\/19054"}],"wp:featuredmedia":[{"embeddable":true,"href":"https:\/\/crta.rs\/en\/wp-json\/wp\/v2\/media\/19737"}],"wp:attachment":[{"href":"https:\/\/crta.rs\/en\/wp-json\/wp\/v2\/media?parent=2268"}],"wp:term":[{"taxonomy":"category","embeddable":true,"href":"https:\/\/crta.rs\/en\/wp-json\/wp\/v2\/categories?post=2268"},{"taxonomy":"post_tag","embeddable":true,"href":"https:\/\/crta.rs\/en\/wp-json\/wp\/v2\/tags?post=2268"}],"curies":[{"name":"wp","href":"https:\/\/api.w.org\/{rel}","templated":true}]}}