{"id":2262,"date":"2018-02-28T12:15:43","date_gmt":"2018-02-28T12:15:43","guid":{"rendered":"https:\/\/crta.rs\/?p=2262"},"modified":"2020-01-13T15:59:45","modified_gmt":"2020-01-13T15:59:45","slug":"belgrade-elections-2018-long-term-observation-second-interim-report-summary","status":"publish","type":"post","link":"https:\/\/crta.rs\/en\/belgrade-elections-2018-long-term-observation-second-interim-report-summary\/","title":{"rendered":"Belgrade Elections 2018 &#8211; Long term observation &#8211; Second Interim Report Summary"},"content":{"rendered":"<p>The quality of election process on the Election Day was not in line with international standards for free and fair elections. Serious breaches of electoral procedures were recorded at eight percent of polling stations. In comparison with 2017 presidential and 2016 parliamentary elections, the percentage of recorded irregularities at polling stations is higher.<\/p>\n","protected":false},"excerpt":{"rendered":"<p>The quality of election process on the Election Day was not in line with international standards for free and fair elections. Serious breaches of electoral procedures were recorded at eight percent of polling stations. In comparison with 2017 presidential and 2016 parliamentary elections, the percentage of recorded irregularities at polling stations is higher.<\/p>\n","protected":false},"author":4,"featured_media":2265,"comment_status":"open","ping_status":"open","sticky":false,"template":"","format":"standard","meta":{"_acf_changed":false,"footnotes":"","_links_to":"","_links_to_target":""},"categories":[75],"tags":[326,164,105],"class_list":["post-2262","post","type-post","status-publish","format-standard","has-post-thumbnail","hentry","category-publication-en","tag-belgrade-elections","tag-elections","tag-reports-and-analysis","ciTrackContent"],"acf":[],"yoast_head":"<!-- This site is optimized with the Yoast SEO plugin v27.4 - https:\/\/yoast.com\/product\/yoast-seo-wordpress\/ -->\n<title>Belgrade Elections 2018 - Long term observation - Second Interim Report Summary - CRTA<\/title>\n<meta name=\"robots\" content=\"index, follow, max-snippet:-1, max-image-preview:large, max-video-preview:-1\" \/>\n<link rel=\"canonical\" href=\"https:\/\/crta.rs\/en\/belgrade-elections-2018-long-term-observation-second-interim-report-summary\/\" \/>\n<meta property=\"og:locale\" content=\"en_US\" \/>\n<meta property=\"og:type\" content=\"article\" \/>\n<meta property=\"og:title\" content=\"Belgrade Elections 2018 - Long term observation - Second Interim Report Summary - CRTA\" \/>\n<meta property=\"og:description\" content=\"The quality of election process on the Election Day was not in line with international standards for free and fair elections. Serious breaches of electoral procedures were recorded at eight percent of polling stations. In comparison with 2017 presidential and 2016 parliamentary elections, the percentage of recorded irregularities at polling stations is higher.\" \/>\n<meta property=\"og:url\" content=\"https:\/\/crta.rs\/en\/belgrade-elections-2018-long-term-observation-second-interim-report-summary\/\" \/>\n<meta property=\"og:site_name\" content=\"CRTA\" \/>\n<meta property=\"article:publisher\" content=\"https:\/\/www.facebook.com\/CRTArs\/\" \/>\n<meta property=\"article:published_time\" content=\"2018-02-28T12:15:43+00:00\" \/>\n<meta property=\"article:modified_time\" content=\"2020-01-13T15:59:45+00:00\" \/>\n<meta property=\"og:image\" content=\"https:\/\/crta.rs\/wp-content\/uploads\/2018\/03\/Drugi-LTO-Izvestaj-2018-sazetak-ENG.jpg\" \/>\n\t<meta property=\"og:image:width\" content=\"597\" \/>\n\t<meta property=\"og:image:height\" content=\"842\" \/>\n\t<meta property=\"og:image:type\" content=\"image\/jpeg\" \/>\n<meta name=\"author\" content=\"jovana\" \/>\n<meta name=\"twitter:card\" content=\"summary_large_image\" \/>\n<meta name=\"twitter:label1\" content=\"Written by\" \/>\n\t<meta name=\"twitter:data1\" content=\"jovana\" \/>\n<script type=\"application\/ld+json\" class=\"yoast-schema-graph\">{\"@context\":\"https:\\\/\\\/schema.org\",\"@graph\":[{\"@type\":\"Article\",\"@id\":\"https:\\\/\\\/crta.rs\\\/en\\\/belgrade-elections-2018-long-term-observation-second-interim-report-summary\\\/#article\",\"isPartOf\":{\"@id\":\"https:\\\/\\\/crta.rs\\\/en\\\/belgrade-elections-2018-long-term-observation-second-interim-report-summary\\\/\"},\"author\":{\"name\":\"jovana\",\"@id\":\"https:\\\/\\\/crta.rs\\\/en\\\/#\\\/schema\\\/person\\\/fcec63b1238fb442e1e414f45bb83f8f\"},\"headline\":\"Belgrade Elections 2018 &#8211; Long term observation &#8211; Second Interim Report Summary\",\"datePublished\":\"2018-02-28T12:15:43+00:00\",\"dateModified\":\"2020-01-13T15:59:45+00:00\",\"mainEntityOfPage\":{\"@id\":\"https:\\\/\\\/crta.rs\\\/en\\\/belgrade-elections-2018-long-term-observation-second-interim-report-summary\\\/\"},\"wordCount\":62,\"commentCount\":0,\"image\":{\"@id\":\"https:\\\/\\\/crta.rs\\\/en\\\/belgrade-elections-2018-long-term-observation-second-interim-report-summary\\\/#primaryimage\"},\"thumbnailUrl\":\"https:\\\/\\\/crta.rs\\\/wp-content\\\/uploads\\\/2018\\\/03\\\/Drugi-LTO-Izvestaj-2018-sazetak-ENG.jpg\",\"keywords\":[\"belgrade elections\",\"elections\",\"reports and analysis\"],\"articleSection\":[\"Publications\"],\"inLanguage\":\"en-US\",\"potentialAction\":[{\"@type\":\"CommentAction\",\"name\":\"Comment\",\"target\":[\"https:\\\/\\\/crta.rs\\\/en\\\/belgrade-elections-2018-long-term-observation-second-interim-report-summary\\\/#respond\"]}]},{\"@type\":\"WebPage\",\"@id\":\"https:\\\/\\\/crta.rs\\\/en\\\/belgrade-elections-2018-long-term-observation-second-interim-report-summary\\\/\",\"url\":\"https:\\\/\\\/crta.rs\\\/en\\\/belgrade-elections-2018-long-term-observation-second-interim-report-summary\\\/\",\"name\":\"Belgrade Elections 2018 - Long term observation - Second Interim Report Summary - CRTA\",\"isPartOf\":{\"@id\":\"https:\\\/\\\/crta.rs\\\/en\\\/#website\"},\"primaryImageOfPage\":{\"@id\":\"https:\\\/\\\/crta.rs\\\/en\\\/belgrade-elections-2018-long-term-observation-second-interim-report-summary\\\/#primaryimage\"},\"image\":{\"@id\":\"https:\\\/\\\/crta.rs\\\/en\\\/belgrade-elections-2018-long-term-observation-second-interim-report-summary\\\/#primaryimage\"},\"thumbnailUrl\":\"https:\\\/\\\/crta.rs\\\/wp-content\\\/uploads\\\/2018\\\/03\\\/Drugi-LTO-Izvestaj-2018-sazetak-ENG.jpg\",\"datePublished\":\"2018-02-28T12:15:43+00:00\",\"dateModified\":\"2020-01-13T15:59:45+00:00\",\"author\":{\"@id\":\"https:\\\/\\\/crta.rs\\\/en\\\/#\\\/schema\\\/person\\\/fcec63b1238fb442e1e414f45bb83f8f\"},\"breadcrumb\":{\"@id\":\"https:\\\/\\\/crta.rs\\\/en\\\/belgrade-elections-2018-long-term-observation-second-interim-report-summary\\\/#breadcrumb\"},\"inLanguage\":\"en-US\",\"potentialAction\":[{\"@type\":\"ReadAction\",\"target\":[\"https:\\\/\\\/crta.rs\\\/en\\\/belgrade-elections-2018-long-term-observation-second-interim-report-summary\\\/\"]}]},{\"@type\":\"ImageObject\",\"inLanguage\":\"en-US\",\"@id\":\"https:\\\/\\\/crta.rs\\\/en\\\/belgrade-elections-2018-long-term-observation-second-interim-report-summary\\\/#primaryimage\",\"url\":\"https:\\\/\\\/crta.rs\\\/wp-content\\\/uploads\\\/2018\\\/03\\\/Drugi-LTO-Izvestaj-2018-sazetak-ENG.jpg\",\"contentUrl\":\"https:\\\/\\\/crta.rs\\\/wp-content\\\/uploads\\\/2018\\\/03\\\/Drugi-LTO-Izvestaj-2018-sazetak-ENG.jpg\",\"width\":597,\"height\":842},{\"@type\":\"BreadcrumbList\",\"@id\":\"https:\\\/\\\/crta.rs\\\/en\\\/belgrade-elections-2018-long-term-observation-second-interim-report-summary\\\/#breadcrumb\",\"itemListElement\":[{\"@type\":\"ListItem\",\"position\":1,\"name\":\"Home\",\"item\":\"https:\\\/\\\/crta.rs\\\/en\\\/\"},{\"@type\":\"ListItem\",\"position\":2,\"name\":\"Publications\",\"item\":\"https:\\\/\\\/crta.rs\\\/en\\\/category\\\/publication-en\\\/\"},{\"@type\":\"ListItem\",\"position\":3,\"name\":\"Belgrade Elections 2018 &#8211; Long term observation &#8211; Second Interim Report Summary\"}]},{\"@type\":\"WebSite\",\"@id\":\"https:\\\/\\\/crta.rs\\\/en\\\/#website\",\"url\":\"https:\\\/\\\/crta.rs\\\/en\\\/\",\"name\":\"CRTA\",\"description\":\"Mi smo grupa aktivista i novinara koja zajedno sa gra\u0111anima uti\u010de na pove\u0107anje odgovornosti institucija i javnih funkcionera kroz pra\u0107enje i kontrolu njihovog rada.\",\"potentialAction\":[{\"@type\":\"SearchAction\",\"target\":{\"@type\":\"EntryPoint\",\"urlTemplate\":\"https:\\\/\\\/crta.rs\\\/en\\\/?s={search_term_string}\"},\"query-input\":{\"@type\":\"PropertyValueSpecification\",\"valueRequired\":true,\"valueName\":\"search_term_string\"}}],\"inLanguage\":\"en-US\"},{\"@type\":\"Person\",\"@id\":\"https:\\\/\\\/crta.rs\\\/en\\\/#\\\/schema\\\/person\\\/fcec63b1238fb442e1e414f45bb83f8f\",\"name\":\"jovana\",\"url\":\"https:\\\/\\\/crta.rs\\\/en\\\/author\\\/jovana\\\/\"}]}<\/script>\n<!-- \/ Yoast SEO plugin. -->","yoast_head_json":{"title":"Belgrade Elections 2018 - Long term observation - Second Interim Report Summary - CRTA","robots":{"index":"index","follow":"follow","max-snippet":"max-snippet:-1","max-image-preview":"max-image-preview:large","max-video-preview":"max-video-preview:-1"},"canonical":"https:\/\/crta.rs\/en\/belgrade-elections-2018-long-term-observation-second-interim-report-summary\/","og_locale":"en_US","og_type":"article","og_title":"Belgrade Elections 2018 - Long term observation - Second Interim Report Summary - CRTA","og_description":"The quality of election process on the Election Day was not in line with international standards for free and fair elections. Serious breaches of electoral procedures were recorded at eight percent of polling stations. In comparison with 2017 presidential and 2016 parliamentary elections, the percentage of recorded irregularities at polling stations is higher.","og_url":"https:\/\/crta.rs\/en\/belgrade-elections-2018-long-term-observation-second-interim-report-summary\/","og_site_name":"CRTA","article_publisher":"https:\/\/www.facebook.com\/CRTArs\/","article_published_time":"2018-02-28T12:15:43+00:00","article_modified_time":"2020-01-13T15:59:45+00:00","og_image":[{"width":597,"height":842,"url":"https:\/\/crta.rs\/wp-content\/uploads\/2018\/03\/Drugi-LTO-Izvestaj-2018-sazetak-ENG.jpg","type":"image\/jpeg"}],"author":"jovana","twitter_card":"summary_large_image","twitter_misc":{"Written by":"jovana"},"schema":{"@context":"https:\/\/schema.org","@graph":[{"@type":"Article","@id":"https:\/\/crta.rs\/en\/belgrade-elections-2018-long-term-observation-second-interim-report-summary\/#article","isPartOf":{"@id":"https:\/\/crta.rs\/en\/belgrade-elections-2018-long-term-observation-second-interim-report-summary\/"},"author":{"name":"jovana","@id":"https:\/\/crta.rs\/en\/#\/schema\/person\/fcec63b1238fb442e1e414f45bb83f8f"},"headline":"Belgrade Elections 2018 &#8211; Long term observation &#8211; Second Interim Report Summary","datePublished":"2018-02-28T12:15:43+00:00","dateModified":"2020-01-13T15:59:45+00:00","mainEntityOfPage":{"@id":"https:\/\/crta.rs\/en\/belgrade-elections-2018-long-term-observation-second-interim-report-summary\/"},"wordCount":62,"commentCount":0,"image":{"@id":"https:\/\/crta.rs\/en\/belgrade-elections-2018-long-term-observation-second-interim-report-summary\/#primaryimage"},"thumbnailUrl":"https:\/\/crta.rs\/wp-content\/uploads\/2018\/03\/Drugi-LTO-Izvestaj-2018-sazetak-ENG.jpg","keywords":["belgrade elections","elections","reports and analysis"],"articleSection":["Publications"],"inLanguage":"en-US","potentialAction":[{"@type":"CommentAction","name":"Comment","target":["https:\/\/crta.rs\/en\/belgrade-elections-2018-long-term-observation-second-interim-report-summary\/#respond"]}]},{"@type":"WebPage","@id":"https:\/\/crta.rs\/en\/belgrade-elections-2018-long-term-observation-second-interim-report-summary\/","url":"https:\/\/crta.rs\/en\/belgrade-elections-2018-long-term-observation-second-interim-report-summary\/","name":"Belgrade Elections 2018 - Long term observation - Second Interim Report Summary - CRTA","isPartOf":{"@id":"https:\/\/crta.rs\/en\/#website"},"primaryImageOfPage":{"@id":"https:\/\/crta.rs\/en\/belgrade-elections-2018-long-term-observation-second-interim-report-summary\/#primaryimage"},"image":{"@id":"https:\/\/crta.rs\/en\/belgrade-elections-2018-long-term-observation-second-interim-report-summary\/#primaryimage"},"thumbnailUrl":"https:\/\/crta.rs\/wp-content\/uploads\/2018\/03\/Drugi-LTO-Izvestaj-2018-sazetak-ENG.jpg","datePublished":"2018-02-28T12:15:43+00:00","dateModified":"2020-01-13T15:59:45+00:00","author":{"@id":"https:\/\/crta.rs\/en\/#\/schema\/person\/fcec63b1238fb442e1e414f45bb83f8f"},"breadcrumb":{"@id":"https:\/\/crta.rs\/en\/belgrade-elections-2018-long-term-observation-second-interim-report-summary\/#breadcrumb"},"inLanguage":"en-US","potentialAction":[{"@type":"ReadAction","target":["https:\/\/crta.rs\/en\/belgrade-elections-2018-long-term-observation-second-interim-report-summary\/"]}]},{"@type":"ImageObject","inLanguage":"en-US","@id":"https:\/\/crta.rs\/en\/belgrade-elections-2018-long-term-observation-second-interim-report-summary\/#primaryimage","url":"https:\/\/crta.rs\/wp-content\/uploads\/2018\/03\/Drugi-LTO-Izvestaj-2018-sazetak-ENG.jpg","contentUrl":"https:\/\/crta.rs\/wp-content\/uploads\/2018\/03\/Drugi-LTO-Izvestaj-2018-sazetak-ENG.jpg","width":597,"height":842},{"@type":"BreadcrumbList","@id":"https:\/\/crta.rs\/en\/belgrade-elections-2018-long-term-observation-second-interim-report-summary\/#breadcrumb","itemListElement":[{"@type":"ListItem","position":1,"name":"Home","item":"https:\/\/crta.rs\/en\/"},{"@type":"ListItem","position":2,"name":"Publications","item":"https:\/\/crta.rs\/en\/category\/publication-en\/"},{"@type":"ListItem","position":3,"name":"Belgrade Elections 2018 &#8211; Long term observation &#8211; Second Interim Report Summary"}]},{"@type":"WebSite","@id":"https:\/\/crta.rs\/en\/#website","url":"https:\/\/crta.rs\/en\/","name":"CRTA","description":"Mi smo grupa aktivista i novinara koja zajedno sa gra\u0111anima uti\u010de na pove\u0107anje odgovornosti institucija i javnih funkcionera kroz pra\u0107enje i kontrolu njihovog rada.","potentialAction":[{"@type":"SearchAction","target":{"@type":"EntryPoint","urlTemplate":"https:\/\/crta.rs\/en\/?s={search_term_string}"},"query-input":{"@type":"PropertyValueSpecification","valueRequired":true,"valueName":"search_term_string"}}],"inLanguage":"en-US"},{"@type":"Person","@id":"https:\/\/crta.rs\/en\/#\/schema\/person\/fcec63b1238fb442e1e414f45bb83f8f","name":"jovana","url":"https:\/\/crta.rs\/en\/author\/jovana\/"}]}},"_links":{"self":[{"href":"https:\/\/crta.rs\/en\/wp-json\/wp\/v2\/posts\/2262","targetHints":{"allow":["GET"]}}],"collection":[{"href":"https:\/\/crta.rs\/en\/wp-json\/wp\/v2\/posts"}],"about":[{"href":"https:\/\/crta.rs\/en\/wp-json\/wp\/v2\/types\/post"}],"author":[{"embeddable":true,"href":"https:\/\/crta.rs\/en\/wp-json\/wp\/v2\/users\/4"}],"replies":[{"embeddable":true,"href":"https:\/\/crta.rs\/en\/wp-json\/wp\/v2\/comments?post=2262"}],"version-history":[{"count":2,"href":"https:\/\/crta.rs\/en\/wp-json\/wp\/v2\/posts\/2262\/revisions"}],"predecessor-version":[{"id":19053,"href":"https:\/\/crta.rs\/en\/wp-json\/wp\/v2\/posts\/2262\/revisions\/19053"}],"wp:featuredmedia":[{"embeddable":true,"href":"https:\/\/crta.rs\/en\/wp-json\/wp\/v2\/media\/2265"}],"wp:attachment":[{"href":"https:\/\/crta.rs\/en\/wp-json\/wp\/v2\/media?parent=2262"}],"wp:term":[{"taxonomy":"category","embeddable":true,"href":"https:\/\/crta.rs\/en\/wp-json\/wp\/v2\/categories?post=2262"},{"taxonomy":"post_tag","embeddable":true,"href":"https:\/\/crta.rs\/en\/wp-json\/wp\/v2\/tags?post=2262"}],"curies":[{"name":"wp","href":"https:\/\/api.w.org\/{rel}","templated":true}]}}