{"id":22613,"date":"2020-04-15T14:31:47","date_gmt":"2020-04-15T12:31:47","guid":{"rendered":"https:\/\/crta.rs\/?p=22613"},"modified":"2020-04-15T14:33:05","modified_gmt":"2020-04-15T12:33:05","slug":"judiciary-in-serbia-independence-on-hold","status":"publish","type":"post","link":"https:\/\/crta.rs\/en\/judiciary-in-serbia-independence-on-hold\/","title":{"rendered":"Judiciary in Serbia: Independence on Hold"},"content":{"rendered":"<p>Postponement of the Constitutional amendments could be an opportunity to establish a new dialogue between government and professionals who had indicated the unacceptable solutions advocated by the Ministry of Justice during the process of consultations. However, in the view of the previous course of the consultation process and the opinions of the representatives of the executive and the legislative on the independence of the judiciary they had openly expressed, the fear remained that there will be no derogation from these solutions which in the opinion of the professional associations were just the solutions meeting the minimum of international standards but not improving the status of the judiciary.<\/p>\n","protected":false},"excerpt":{"rendered":"<p>Postponement of the Constitutional amendments could be an opportunity to establish a new dialogue between government and professionals who had indicated the unacceptable solutions advocated by the Ministry of Justice during the process of consultations. However, in the view of the previous course of the consultation process and the opinions of the representatives of the executive and the legislative on the independence of the judiciary they had openly expressed, the fear remained that there will be no derogation from these solutions which in the opinion of the professional associations were just the solutions meeting the minimum of international standards but not improving the status of the judiciary.<\/p>\n","protected":false},"author":3,"featured_media":22605,"comment_status":"closed","ping_status":"open","sticky":false,"template":"","format":"standard","meta":{"_acf_changed":false,"footnotes":"","_links_to":"","_links_to_target":""},"categories":[75],"tags":[819,820,821,105,822,823],"class_list":["post-22613","post","type-post","status-publish","format-standard","has-post-thumbnail","hentry","category-publication-en","tag-judiciary","tag-judiciary-in-serbia","tag-judiciary-serbia","tag-reports-and-analysis","tag-research-and-analysis","tag-researches","ciTrackContent"],"acf":[],"yoast_head":"<!-- This site is optimized with the Yoast SEO plugin v27.4 - https:\/\/yoast.com\/product\/yoast-seo-wordpress\/ -->\n<title>Judiciary in Serbia: Independence on Hold - CRTA<\/title>\n<meta name=\"robots\" content=\"index, follow, max-snippet:-1, max-image-preview:large, max-video-preview:-1\" \/>\n<link rel=\"canonical\" href=\"https:\/\/crta.rs\/en\/judiciary-in-serbia-independence-on-hold\/\" \/>\n<meta property=\"og:locale\" content=\"en_US\" \/>\n<meta property=\"og:type\" content=\"article\" \/>\n<meta property=\"og:title\" content=\"Judiciary in Serbia: Independence on Hold - CRTA\" \/>\n<meta property=\"og:description\" content=\"Postponement of the Constitutional amendments could be an opportunity to establish a new dialogue between government and professionals who had indicated the unacceptable solutions advocated by the Ministry of Justice during the process of consultations. However, in the view of the previous course of the consultation process and the opinions of the representatives of the executive and the legislative on the independence of the judiciary they had openly expressed, the fear remained that there will be no derogation from these solutions which in the opinion of the professional associations were just the solutions meeting the minimum of international standards but not improving the status of the judiciary.\" \/>\n<meta property=\"og:url\" content=\"https:\/\/crta.rs\/en\/judiciary-in-serbia-independence-on-hold\/\" \/>\n<meta property=\"og:site_name\" content=\"CRTA\" \/>\n<meta property=\"article:publisher\" content=\"https:\/\/www.facebook.com\/CRTArs\/\" \/>\n<meta property=\"article:published_time\" content=\"2020-04-15T12:31:47+00:00\" \/>\n<meta property=\"article:modified_time\" content=\"2020-04-15T12:33:05+00:00\" \/>\n<meta property=\"og:image\" content=\"https:\/\/crta.rs\/wp-content\/uploads\/2020\/04\/Judiciary-in-Serbia-APRIL-2020.png\" \/>\n\t<meta property=\"og:image:width\" content=\"616\" \/>\n\t<meta property=\"og:image:height\" content=\"870\" \/>\n\t<meta property=\"og:image:type\" content=\"image\/png\" \/>\n<meta name=\"author\" content=\"milica\" \/>\n<meta name=\"twitter:card\" content=\"summary_large_image\" \/>\n<meta name=\"twitter:label1\" content=\"Written by\" \/>\n\t<meta name=\"twitter:data1\" content=\"milica\" \/>\n\t<meta name=\"twitter:label2\" content=\"Est. reading time\" \/>\n\t<meta name=\"twitter:data2\" content=\"1 minute\" \/>\n<script type=\"application\/ld+json\" class=\"yoast-schema-graph\">{\"@context\":\"https:\\\/\\\/schema.org\",\"@graph\":[{\"@type\":\"Article\",\"@id\":\"https:\\\/\\\/crta.rs\\\/en\\\/judiciary-in-serbia-independence-on-hold\\\/#article\",\"isPartOf\":{\"@id\":\"https:\\\/\\\/crta.rs\\\/en\\\/judiciary-in-serbia-independence-on-hold\\\/\"},\"author\":{\"name\":\"milica\",\"@id\":\"https:\\\/\\\/crta.rs\\\/en\\\/#\\\/schema\\\/person\\\/0cc37dbc4cb7d35b32379de6f98e1c7f\"},\"headline\":\"Judiciary in Serbia: Independence on Hold\",\"datePublished\":\"2020-04-15T12:31:47+00:00\",\"dateModified\":\"2020-04-15T12:33:05+00:00\",\"mainEntityOfPage\":{\"@id\":\"https:\\\/\\\/crta.rs\\\/en\\\/judiciary-in-serbia-independence-on-hold\\\/\"},\"wordCount\":113,\"image\":{\"@id\":\"https:\\\/\\\/crta.rs\\\/en\\\/judiciary-in-serbia-independence-on-hold\\\/#primaryimage\"},\"thumbnailUrl\":\"https:\\\/\\\/crta.rs\\\/wp-content\\\/uploads\\\/2020\\\/04\\\/Judiciary-in-Serbia-APRIL-2020.png\",\"keywords\":[\"Judiciary\",\"Judiciary in Serbia\",\"Judiciary Serbia\",\"reports and analysis\",\"research and analysis\",\"researches\"],\"articleSection\":[\"Publications\"],\"inLanguage\":\"en-US\"},{\"@type\":\"WebPage\",\"@id\":\"https:\\\/\\\/crta.rs\\\/en\\\/judiciary-in-serbia-independence-on-hold\\\/\",\"url\":\"https:\\\/\\\/crta.rs\\\/en\\\/judiciary-in-serbia-independence-on-hold\\\/\",\"name\":\"Judiciary in Serbia: Independence on Hold - CRTA\",\"isPartOf\":{\"@id\":\"https:\\\/\\\/crta.rs\\\/en\\\/#website\"},\"primaryImageOfPage\":{\"@id\":\"https:\\\/\\\/crta.rs\\\/en\\\/judiciary-in-serbia-independence-on-hold\\\/#primaryimage\"},\"image\":{\"@id\":\"https:\\\/\\\/crta.rs\\\/en\\\/judiciary-in-serbia-independence-on-hold\\\/#primaryimage\"},\"thumbnailUrl\":\"https:\\\/\\\/crta.rs\\\/wp-content\\\/uploads\\\/2020\\\/04\\\/Judiciary-in-Serbia-APRIL-2020.png\",\"datePublished\":\"2020-04-15T12:31:47+00:00\",\"dateModified\":\"2020-04-15T12:33:05+00:00\",\"author\":{\"@id\":\"https:\\\/\\\/crta.rs\\\/en\\\/#\\\/schema\\\/person\\\/0cc37dbc4cb7d35b32379de6f98e1c7f\"},\"breadcrumb\":{\"@id\":\"https:\\\/\\\/crta.rs\\\/en\\\/judiciary-in-serbia-independence-on-hold\\\/#breadcrumb\"},\"inLanguage\":\"en-US\",\"potentialAction\":[{\"@type\":\"ReadAction\",\"target\":[\"https:\\\/\\\/crta.rs\\\/en\\\/judiciary-in-serbia-independence-on-hold\\\/\"]}]},{\"@type\":\"ImageObject\",\"inLanguage\":\"en-US\",\"@id\":\"https:\\\/\\\/crta.rs\\\/en\\\/judiciary-in-serbia-independence-on-hold\\\/#primaryimage\",\"url\":\"https:\\\/\\\/crta.rs\\\/wp-content\\\/uploads\\\/2020\\\/04\\\/Judiciary-in-Serbia-APRIL-2020.png\",\"contentUrl\":\"https:\\\/\\\/crta.rs\\\/wp-content\\\/uploads\\\/2020\\\/04\\\/Judiciary-in-Serbia-APRIL-2020.png\",\"width\":616,\"height\":870},{\"@type\":\"BreadcrumbList\",\"@id\":\"https:\\\/\\\/crta.rs\\\/en\\\/judiciary-in-serbia-independence-on-hold\\\/#breadcrumb\",\"itemListElement\":[{\"@type\":\"ListItem\",\"position\":1,\"name\":\"Home\",\"item\":\"https:\\\/\\\/crta.rs\\\/en\\\/\"},{\"@type\":\"ListItem\",\"position\":2,\"name\":\"Publications\",\"item\":\"https:\\\/\\\/crta.rs\\\/en\\\/category\\\/publication-en\\\/\"},{\"@type\":\"ListItem\",\"position\":3,\"name\":\"Judiciary in Serbia: Independence on Hold\"}]},{\"@type\":\"WebSite\",\"@id\":\"https:\\\/\\\/crta.rs\\\/en\\\/#website\",\"url\":\"https:\\\/\\\/crta.rs\\\/en\\\/\",\"name\":\"CRTA\",\"description\":\"Mi smo grupa aktivista i novinara koja zajedno sa gra\u0111anima uti\u010de na pove\u0107anje odgovornosti institucija i javnih funkcionera kroz pra\u0107enje i kontrolu njihovog rada.\",\"potentialAction\":[{\"@type\":\"SearchAction\",\"target\":{\"@type\":\"EntryPoint\",\"urlTemplate\":\"https:\\\/\\\/crta.rs\\\/en\\\/?s={search_term_string}\"},\"query-input\":{\"@type\":\"PropertyValueSpecification\",\"valueRequired\":true,\"valueName\":\"search_term_string\"}}],\"inLanguage\":\"en-US\"},{\"@type\":\"Person\",\"@id\":\"https:\\\/\\\/crta.rs\\\/en\\\/#\\\/schema\\\/person\\\/0cc37dbc4cb7d35b32379de6f98e1c7f\",\"name\":\"milica\",\"url\":\"https:\\\/\\\/crta.rs\\\/en\\\/author\\\/milica\\\/\"}]}<\/script>\n<!-- \/ Yoast SEO plugin. -->","yoast_head_json":{"title":"Judiciary in Serbia: Independence on Hold - CRTA","robots":{"index":"index","follow":"follow","max-snippet":"max-snippet:-1","max-image-preview":"max-image-preview:large","max-video-preview":"max-video-preview:-1"},"canonical":"https:\/\/crta.rs\/en\/judiciary-in-serbia-independence-on-hold\/","og_locale":"en_US","og_type":"article","og_title":"Judiciary in Serbia: Independence on Hold - CRTA","og_description":"Postponement of the Constitutional amendments could be an opportunity to establish a new dialogue between government and professionals who had indicated the unacceptable solutions advocated by the Ministry of Justice during the process of consultations. However, in the view of the previous course of the consultation process and the opinions of the representatives of the executive and the legislative on the independence of the judiciary they had openly expressed, the fear remained that there will be no derogation from these solutions which in the opinion of the professional associations were just the solutions meeting the minimum of international standards but not improving the status of the judiciary.","og_url":"https:\/\/crta.rs\/en\/judiciary-in-serbia-independence-on-hold\/","og_site_name":"CRTA","article_publisher":"https:\/\/www.facebook.com\/CRTArs\/","article_published_time":"2020-04-15T12:31:47+00:00","article_modified_time":"2020-04-15T12:33:05+00:00","og_image":[{"width":616,"height":870,"url":"https:\/\/crta.rs\/wp-content\/uploads\/2020\/04\/Judiciary-in-Serbia-APRIL-2020.png","type":"image\/png"}],"author":"milica","twitter_card":"summary_large_image","twitter_misc":{"Written by":"milica","Est. reading time":"1 minute"},"schema":{"@context":"https:\/\/schema.org","@graph":[{"@type":"Article","@id":"https:\/\/crta.rs\/en\/judiciary-in-serbia-independence-on-hold\/#article","isPartOf":{"@id":"https:\/\/crta.rs\/en\/judiciary-in-serbia-independence-on-hold\/"},"author":{"name":"milica","@id":"https:\/\/crta.rs\/en\/#\/schema\/person\/0cc37dbc4cb7d35b32379de6f98e1c7f"},"headline":"Judiciary in Serbia: Independence on Hold","datePublished":"2020-04-15T12:31:47+00:00","dateModified":"2020-04-15T12:33:05+00:00","mainEntityOfPage":{"@id":"https:\/\/crta.rs\/en\/judiciary-in-serbia-independence-on-hold\/"},"wordCount":113,"image":{"@id":"https:\/\/crta.rs\/en\/judiciary-in-serbia-independence-on-hold\/#primaryimage"},"thumbnailUrl":"https:\/\/crta.rs\/wp-content\/uploads\/2020\/04\/Judiciary-in-Serbia-APRIL-2020.png","keywords":["Judiciary","Judiciary in Serbia","Judiciary Serbia","reports and analysis","research and analysis","researches"],"articleSection":["Publications"],"inLanguage":"en-US"},{"@type":"WebPage","@id":"https:\/\/crta.rs\/en\/judiciary-in-serbia-independence-on-hold\/","url":"https:\/\/crta.rs\/en\/judiciary-in-serbia-independence-on-hold\/","name":"Judiciary in Serbia: Independence on Hold - CRTA","isPartOf":{"@id":"https:\/\/crta.rs\/en\/#website"},"primaryImageOfPage":{"@id":"https:\/\/crta.rs\/en\/judiciary-in-serbia-independence-on-hold\/#primaryimage"},"image":{"@id":"https:\/\/crta.rs\/en\/judiciary-in-serbia-independence-on-hold\/#primaryimage"},"thumbnailUrl":"https:\/\/crta.rs\/wp-content\/uploads\/2020\/04\/Judiciary-in-Serbia-APRIL-2020.png","datePublished":"2020-04-15T12:31:47+00:00","dateModified":"2020-04-15T12:33:05+00:00","author":{"@id":"https:\/\/crta.rs\/en\/#\/schema\/person\/0cc37dbc4cb7d35b32379de6f98e1c7f"},"breadcrumb":{"@id":"https:\/\/crta.rs\/en\/judiciary-in-serbia-independence-on-hold\/#breadcrumb"},"inLanguage":"en-US","potentialAction":[{"@type":"ReadAction","target":["https:\/\/crta.rs\/en\/judiciary-in-serbia-independence-on-hold\/"]}]},{"@type":"ImageObject","inLanguage":"en-US","@id":"https:\/\/crta.rs\/en\/judiciary-in-serbia-independence-on-hold\/#primaryimage","url":"https:\/\/crta.rs\/wp-content\/uploads\/2020\/04\/Judiciary-in-Serbia-APRIL-2020.png","contentUrl":"https:\/\/crta.rs\/wp-content\/uploads\/2020\/04\/Judiciary-in-Serbia-APRIL-2020.png","width":616,"height":870},{"@type":"BreadcrumbList","@id":"https:\/\/crta.rs\/en\/judiciary-in-serbia-independence-on-hold\/#breadcrumb","itemListElement":[{"@type":"ListItem","position":1,"name":"Home","item":"https:\/\/crta.rs\/en\/"},{"@type":"ListItem","position":2,"name":"Publications","item":"https:\/\/crta.rs\/en\/category\/publication-en\/"},{"@type":"ListItem","position":3,"name":"Judiciary in Serbia: Independence on Hold"}]},{"@type":"WebSite","@id":"https:\/\/crta.rs\/en\/#website","url":"https:\/\/crta.rs\/en\/","name":"CRTA","description":"Mi smo grupa aktivista i novinara koja zajedno sa gra\u0111anima uti\u010de na pove\u0107anje odgovornosti institucija i javnih funkcionera kroz pra\u0107enje i kontrolu njihovog rada.","potentialAction":[{"@type":"SearchAction","target":{"@type":"EntryPoint","urlTemplate":"https:\/\/crta.rs\/en\/?s={search_term_string}"},"query-input":{"@type":"PropertyValueSpecification","valueRequired":true,"valueName":"search_term_string"}}],"inLanguage":"en-US"},{"@type":"Person","@id":"https:\/\/crta.rs\/en\/#\/schema\/person\/0cc37dbc4cb7d35b32379de6f98e1c7f","name":"milica","url":"https:\/\/crta.rs\/en\/author\/milica\/"}]}},"_links":{"self":[{"href":"https:\/\/crta.rs\/en\/wp-json\/wp\/v2\/posts\/22613","targetHints":{"allow":["GET"]}}],"collection":[{"href":"https:\/\/crta.rs\/en\/wp-json\/wp\/v2\/posts"}],"about":[{"href":"https:\/\/crta.rs\/en\/wp-json\/wp\/v2\/types\/post"}],"author":[{"embeddable":true,"href":"https:\/\/crta.rs\/en\/wp-json\/wp\/v2\/users\/3"}],"replies":[{"embeddable":true,"href":"https:\/\/crta.rs\/en\/wp-json\/wp\/v2\/comments?post=22613"}],"version-history":[{"count":4,"href":"https:\/\/crta.rs\/en\/wp-json\/wp\/v2\/posts\/22613\/revisions"}],"predecessor-version":[{"id":22619,"href":"https:\/\/crta.rs\/en\/wp-json\/wp\/v2\/posts\/22613\/revisions\/22619"}],"wp:featuredmedia":[{"embeddable":true,"href":"https:\/\/crta.rs\/en\/wp-json\/wp\/v2\/media\/22605"}],"wp:attachment":[{"href":"https:\/\/crta.rs\/en\/wp-json\/wp\/v2\/media?parent=22613"}],"wp:term":[{"taxonomy":"category","embeddable":true,"href":"https:\/\/crta.rs\/en\/wp-json\/wp\/v2\/categories?post=22613"},{"taxonomy":"post_tag","embeddable":true,"href":"https:\/\/crta.rs\/en\/wp-json\/wp\/v2\/tags?post=22613"}],"curies":[{"name":"wp","href":"https:\/\/api.w.org\/{rel}","templated":true}]}}