{"id":22210,"date":"2020-02-28T10:33:12","date_gmt":"2020-02-28T09:33:12","guid":{"rendered":"https:\/\/crta.rs\/?p=22210"},"modified":"2020-02-28T10:33:54","modified_gmt":"2020-02-28T09:33:54","slug":"many-a-paper-makes-a-subject-a-reflection-on-the-public-administration-reform","status":"publish","type":"post","link":"https:\/\/crta.rs\/en\/many-a-paper-makes-a-subject-a-reflection-on-the-public-administration-reform\/","title":{"rendered":"Many a paper-makes a subject: A reflection on the public administration reform"},"content":{"rendered":"<p>\u201cAdministration tailored for all of us\u201d is a message of the ongoing advertising campaign seen on TV, billboards and trams. It is funded by the EU. Is our administration serious about this? Fifteen years since the beginning of the reform, the results are barely visible from the citizens\u2019 point of view. You still have to \u201cwalk\u201d from counter to counter for the majority of public administration services. The majority of adopted regulations has little impact in practice. It is still a mystery of how big is the public administration. Despite the ban on public sector employment, the alternative methods, such as fixed-term employment contract, are still used as instruments for manipulating the number of employees. As mentioned earlier, this is yet another measure imposed through the conditioning of the foreign actors \u2013 the IMF. Finally, what will our public administration undertake to become more efficient and professional?<\/p>\n","protected":false},"excerpt":{"rendered":"<p>\u201cAdministration tailored for all of us\u201d is a message of the ongoing advertising campaign seen on TV, billboards<br \/>\nand trams. It is funded by the EU. Is our administration serious about this? Fifteen years since the beginning of<br \/>\nthe reform, the results are barely visible from the citizens\u2019 point of view. You still have to \u201cwalk\u201d from counter to<br \/>\ncounter for the majority of public administration services. The majority of adopted regulations has little impact in<br \/>\npractice. It is still a mystery of how big is the public administration. Despite the ban on public sector employment,<br \/>\nthe alternative methods, such as fixed-term employment contract, are still used as instruments for manipulating<br \/>\nthe number of employees. As mentioned earlier, this is yet another measure imposed through the conditioning of<br \/>\nthe foreign actors \u2013 the IMF. Finally, what will our public administration undertake to become more efficient and<br \/>\nprofessional?<\/p>\n","protected":false},"author":3,"featured_media":22211,"comment_status":"closed","ping_status":"open","sticky":false,"template":"","format":"standard","meta":{"_acf_changed":false,"footnotes":"","_links_to":"","_links_to_target":""},"categories":[75],"tags":[96,76],"class_list":["post-22210","post","type-post","status-publish","format-standard","has-post-thumbnail","hentry","category-publication-en","tag-good-governance","tag-research","ciTrackContent"],"acf":[],"yoast_head":"<!-- This site is optimized with the Yoast SEO plugin v27.4 - https:\/\/yoast.com\/product\/yoast-seo-wordpress\/ -->\n<title>Many a paper-makes a subject: A reflection on the public administration reform - CRTA<\/title>\n<meta name=\"robots\" content=\"index, follow, max-snippet:-1, max-image-preview:large, max-video-preview:-1\" \/>\n<link rel=\"canonical\" href=\"https:\/\/crta.rs\/en\/many-a-paper-makes-a-subject-a-reflection-on-the-public-administration-reform\/\" \/>\n<meta property=\"og:locale\" content=\"en_US\" \/>\n<meta property=\"og:type\" content=\"article\" \/>\n<meta property=\"og:title\" content=\"Many a paper-makes a subject: A reflection on the public administration reform - CRTA\" \/>\n<meta property=\"og:description\" content=\"\u201cAdministration tailored for all of us\u201d is a message of the ongoing advertising campaign seen on TV, billboards and trams. It is funded by the EU. Is our administration serious about this? Fifteen years since the beginning of the reform, the results are barely visible from the citizens\u2019 point of view. You still have to \u201cwalk\u201d from counter to counter for the majority of public administration services. The majority of adopted regulations has little impact in practice. It is still a mystery of how big is the public administration. Despite the ban on public sector employment, the alternative methods, such as fixed-term employment contract, are still used as instruments for manipulating the number of employees. As mentioned earlier, this is yet another measure imposed through the conditioning of the foreign actors \u2013 the IMF. Finally, what will our public administration undertake to become more efficient and professional?\" \/>\n<meta property=\"og:url\" content=\"https:\/\/crta.rs\/en\/many-a-paper-makes-a-subject-a-reflection-on-the-public-administration-reform\/\" \/>\n<meta property=\"og:site_name\" content=\"CRTA\" \/>\n<meta property=\"article:publisher\" content=\"https:\/\/www.facebook.com\/CRTArs\/\" \/>\n<meta property=\"article:published_time\" content=\"2020-02-28T09:33:12+00:00\" \/>\n<meta property=\"article:modified_time\" content=\"2020-02-28T09:33:54+00:00\" \/>\n<meta property=\"og:image\" content=\"https:\/\/crta.rs\/wp-content\/uploads\/2020\/02\/A-reflection-on-the-public-administration-reform-image.png\" \/>\n\t<meta property=\"og:image:width\" content=\"681\" \/>\n\t<meta property=\"og:image:height\" content=\"841\" \/>\n\t<meta property=\"og:image:type\" content=\"image\/png\" \/>\n<meta name=\"author\" content=\"milica\" \/>\n<meta name=\"twitter:card\" content=\"summary_large_image\" \/>\n<meta name=\"twitter:label1\" content=\"Written by\" \/>\n\t<meta name=\"twitter:data1\" content=\"milica\" \/>\n\t<meta name=\"twitter:label2\" content=\"Est. reading time\" \/>\n\t<meta name=\"twitter:data2\" content=\"1 minute\" \/>\n<script type=\"application\/ld+json\" class=\"yoast-schema-graph\">{\"@context\":\"https:\\\/\\\/schema.org\",\"@graph\":[{\"@type\":\"Article\",\"@id\":\"https:\\\/\\\/crta.rs\\\/en\\\/many-a-paper-makes-a-subject-a-reflection-on-the-public-administration-reform\\\/#article\",\"isPartOf\":{\"@id\":\"https:\\\/\\\/crta.rs\\\/en\\\/many-a-paper-makes-a-subject-a-reflection-on-the-public-administration-reform\\\/\"},\"author\":{\"name\":\"milica\",\"@id\":\"https:\\\/\\\/crta.rs\\\/en\\\/#\\\/schema\\\/person\\\/0cc37dbc4cb7d35b32379de6f98e1c7f\"},\"headline\":\"Many a paper-makes a subject: A reflection on the public administration reform\",\"datePublished\":\"2020-02-28T09:33:12+00:00\",\"dateModified\":\"2020-02-28T09:33:54+00:00\",\"mainEntityOfPage\":{\"@id\":\"https:\\\/\\\/crta.rs\\\/en\\\/many-a-paper-makes-a-subject-a-reflection-on-the-public-administration-reform\\\/\"},\"wordCount\":158,\"image\":{\"@id\":\"https:\\\/\\\/crta.rs\\\/en\\\/many-a-paper-makes-a-subject-a-reflection-on-the-public-administration-reform\\\/#primaryimage\"},\"thumbnailUrl\":\"https:\\\/\\\/crta.rs\\\/wp-content\\\/uploads\\\/2020\\\/02\\\/A-reflection-on-the-public-administration-reform-image.png\",\"keywords\":[\"good governance\",\"research\"],\"articleSection\":[\"Publications\"],\"inLanguage\":\"en-US\"},{\"@type\":\"WebPage\",\"@id\":\"https:\\\/\\\/crta.rs\\\/en\\\/many-a-paper-makes-a-subject-a-reflection-on-the-public-administration-reform\\\/\",\"url\":\"https:\\\/\\\/crta.rs\\\/en\\\/many-a-paper-makes-a-subject-a-reflection-on-the-public-administration-reform\\\/\",\"name\":\"Many a paper-makes a subject: A reflection on the public administration reform - CRTA\",\"isPartOf\":{\"@id\":\"https:\\\/\\\/crta.rs\\\/en\\\/#website\"},\"primaryImageOfPage\":{\"@id\":\"https:\\\/\\\/crta.rs\\\/en\\\/many-a-paper-makes-a-subject-a-reflection-on-the-public-administration-reform\\\/#primaryimage\"},\"image\":{\"@id\":\"https:\\\/\\\/crta.rs\\\/en\\\/many-a-paper-makes-a-subject-a-reflection-on-the-public-administration-reform\\\/#primaryimage\"},\"thumbnailUrl\":\"https:\\\/\\\/crta.rs\\\/wp-content\\\/uploads\\\/2020\\\/02\\\/A-reflection-on-the-public-administration-reform-image.png\",\"datePublished\":\"2020-02-28T09:33:12+00:00\",\"dateModified\":\"2020-02-28T09:33:54+00:00\",\"author\":{\"@id\":\"https:\\\/\\\/crta.rs\\\/en\\\/#\\\/schema\\\/person\\\/0cc37dbc4cb7d35b32379de6f98e1c7f\"},\"breadcrumb\":{\"@id\":\"https:\\\/\\\/crta.rs\\\/en\\\/many-a-paper-makes-a-subject-a-reflection-on-the-public-administration-reform\\\/#breadcrumb\"},\"inLanguage\":\"en-US\",\"potentialAction\":[{\"@type\":\"ReadAction\",\"target\":[\"https:\\\/\\\/crta.rs\\\/en\\\/many-a-paper-makes-a-subject-a-reflection-on-the-public-administration-reform\\\/\"]}]},{\"@type\":\"ImageObject\",\"inLanguage\":\"en-US\",\"@id\":\"https:\\\/\\\/crta.rs\\\/en\\\/many-a-paper-makes-a-subject-a-reflection-on-the-public-administration-reform\\\/#primaryimage\",\"url\":\"https:\\\/\\\/crta.rs\\\/wp-content\\\/uploads\\\/2020\\\/02\\\/A-reflection-on-the-public-administration-reform-image.png\",\"contentUrl\":\"https:\\\/\\\/crta.rs\\\/wp-content\\\/uploads\\\/2020\\\/02\\\/A-reflection-on-the-public-administration-reform-image.png\",\"width\":681,\"height\":841},{\"@type\":\"BreadcrumbList\",\"@id\":\"https:\\\/\\\/crta.rs\\\/en\\\/many-a-paper-makes-a-subject-a-reflection-on-the-public-administration-reform\\\/#breadcrumb\",\"itemListElement\":[{\"@type\":\"ListItem\",\"position\":1,\"name\":\"Home\",\"item\":\"https:\\\/\\\/crta.rs\\\/en\\\/\"},{\"@type\":\"ListItem\",\"position\":2,\"name\":\"Publications\",\"item\":\"https:\\\/\\\/crta.rs\\\/en\\\/category\\\/publication-en\\\/\"},{\"@type\":\"ListItem\",\"position\":3,\"name\":\"Many a paper-makes a subject: A reflection on the public administration reform\"}]},{\"@type\":\"WebSite\",\"@id\":\"https:\\\/\\\/crta.rs\\\/en\\\/#website\",\"url\":\"https:\\\/\\\/crta.rs\\\/en\\\/\",\"name\":\"CRTA\",\"description\":\"Mi smo grupa aktivista i novinara koja zajedno sa gra\u0111anima uti\u010de na pove\u0107anje odgovornosti institucija i javnih funkcionera kroz pra\u0107enje i kontrolu njihovog rada.\",\"potentialAction\":[{\"@type\":\"SearchAction\",\"target\":{\"@type\":\"EntryPoint\",\"urlTemplate\":\"https:\\\/\\\/crta.rs\\\/en\\\/?s={search_term_string}\"},\"query-input\":{\"@type\":\"PropertyValueSpecification\",\"valueRequired\":true,\"valueName\":\"search_term_string\"}}],\"inLanguage\":\"en-US\"},{\"@type\":\"Person\",\"@id\":\"https:\\\/\\\/crta.rs\\\/en\\\/#\\\/schema\\\/person\\\/0cc37dbc4cb7d35b32379de6f98e1c7f\",\"name\":\"milica\",\"url\":\"https:\\\/\\\/crta.rs\\\/en\\\/author\\\/milica\\\/\"}]}<\/script>\n<!-- \/ Yoast SEO plugin. -->","yoast_head_json":{"title":"Many a paper-makes a subject: A reflection on the public administration reform - CRTA","robots":{"index":"index","follow":"follow","max-snippet":"max-snippet:-1","max-image-preview":"max-image-preview:large","max-video-preview":"max-video-preview:-1"},"canonical":"https:\/\/crta.rs\/en\/many-a-paper-makes-a-subject-a-reflection-on-the-public-administration-reform\/","og_locale":"en_US","og_type":"article","og_title":"Many a paper-makes a subject: A reflection on the public administration reform - CRTA","og_description":"\u201cAdministration tailored for all of us\u201d is a message of the ongoing advertising campaign seen on TV, billboards and trams. It is funded by the EU. Is our administration serious about this? Fifteen years since the beginning of the reform, the results are barely visible from the citizens\u2019 point of view. You still have to \u201cwalk\u201d from counter to counter for the majority of public administration services. The majority of adopted regulations has little impact in practice. It is still a mystery of how big is the public administration. Despite the ban on public sector employment, the alternative methods, such as fixed-term employment contract, are still used as instruments for manipulating the number of employees. As mentioned earlier, this is yet another measure imposed through the conditioning of the foreign actors \u2013 the IMF. Finally, what will our public administration undertake to become more efficient and professional?","og_url":"https:\/\/crta.rs\/en\/many-a-paper-makes-a-subject-a-reflection-on-the-public-administration-reform\/","og_site_name":"CRTA","article_publisher":"https:\/\/www.facebook.com\/CRTArs\/","article_published_time":"2020-02-28T09:33:12+00:00","article_modified_time":"2020-02-28T09:33:54+00:00","og_image":[{"width":681,"height":841,"url":"https:\/\/crta.rs\/wp-content\/uploads\/2020\/02\/A-reflection-on-the-public-administration-reform-image.png","type":"image\/png"}],"author":"milica","twitter_card":"summary_large_image","twitter_misc":{"Written by":"milica","Est. reading time":"1 minute"},"schema":{"@context":"https:\/\/schema.org","@graph":[{"@type":"Article","@id":"https:\/\/crta.rs\/en\/many-a-paper-makes-a-subject-a-reflection-on-the-public-administration-reform\/#article","isPartOf":{"@id":"https:\/\/crta.rs\/en\/many-a-paper-makes-a-subject-a-reflection-on-the-public-administration-reform\/"},"author":{"name":"milica","@id":"https:\/\/crta.rs\/en\/#\/schema\/person\/0cc37dbc4cb7d35b32379de6f98e1c7f"},"headline":"Many a paper-makes a subject: A reflection on the public administration reform","datePublished":"2020-02-28T09:33:12+00:00","dateModified":"2020-02-28T09:33:54+00:00","mainEntityOfPage":{"@id":"https:\/\/crta.rs\/en\/many-a-paper-makes-a-subject-a-reflection-on-the-public-administration-reform\/"},"wordCount":158,"image":{"@id":"https:\/\/crta.rs\/en\/many-a-paper-makes-a-subject-a-reflection-on-the-public-administration-reform\/#primaryimage"},"thumbnailUrl":"https:\/\/crta.rs\/wp-content\/uploads\/2020\/02\/A-reflection-on-the-public-administration-reform-image.png","keywords":["good governance","research"],"articleSection":["Publications"],"inLanguage":"en-US"},{"@type":"WebPage","@id":"https:\/\/crta.rs\/en\/many-a-paper-makes-a-subject-a-reflection-on-the-public-administration-reform\/","url":"https:\/\/crta.rs\/en\/many-a-paper-makes-a-subject-a-reflection-on-the-public-administration-reform\/","name":"Many a paper-makes a subject: A reflection on the public administration reform - CRTA","isPartOf":{"@id":"https:\/\/crta.rs\/en\/#website"},"primaryImageOfPage":{"@id":"https:\/\/crta.rs\/en\/many-a-paper-makes-a-subject-a-reflection-on-the-public-administration-reform\/#primaryimage"},"image":{"@id":"https:\/\/crta.rs\/en\/many-a-paper-makes-a-subject-a-reflection-on-the-public-administration-reform\/#primaryimage"},"thumbnailUrl":"https:\/\/crta.rs\/wp-content\/uploads\/2020\/02\/A-reflection-on-the-public-administration-reform-image.png","datePublished":"2020-02-28T09:33:12+00:00","dateModified":"2020-02-28T09:33:54+00:00","author":{"@id":"https:\/\/crta.rs\/en\/#\/schema\/person\/0cc37dbc4cb7d35b32379de6f98e1c7f"},"breadcrumb":{"@id":"https:\/\/crta.rs\/en\/many-a-paper-makes-a-subject-a-reflection-on-the-public-administration-reform\/#breadcrumb"},"inLanguage":"en-US","potentialAction":[{"@type":"ReadAction","target":["https:\/\/crta.rs\/en\/many-a-paper-makes-a-subject-a-reflection-on-the-public-administration-reform\/"]}]},{"@type":"ImageObject","inLanguage":"en-US","@id":"https:\/\/crta.rs\/en\/many-a-paper-makes-a-subject-a-reflection-on-the-public-administration-reform\/#primaryimage","url":"https:\/\/crta.rs\/wp-content\/uploads\/2020\/02\/A-reflection-on-the-public-administration-reform-image.png","contentUrl":"https:\/\/crta.rs\/wp-content\/uploads\/2020\/02\/A-reflection-on-the-public-administration-reform-image.png","width":681,"height":841},{"@type":"BreadcrumbList","@id":"https:\/\/crta.rs\/en\/many-a-paper-makes-a-subject-a-reflection-on-the-public-administration-reform\/#breadcrumb","itemListElement":[{"@type":"ListItem","position":1,"name":"Home","item":"https:\/\/crta.rs\/en\/"},{"@type":"ListItem","position":2,"name":"Publications","item":"https:\/\/crta.rs\/en\/category\/publication-en\/"},{"@type":"ListItem","position":3,"name":"Many a paper-makes a subject: A reflection on the public administration reform"}]},{"@type":"WebSite","@id":"https:\/\/crta.rs\/en\/#website","url":"https:\/\/crta.rs\/en\/","name":"CRTA","description":"Mi smo grupa aktivista i novinara koja zajedno sa gra\u0111anima uti\u010de na pove\u0107anje odgovornosti institucija i javnih funkcionera kroz pra\u0107enje i kontrolu njihovog rada.","potentialAction":[{"@type":"SearchAction","target":{"@type":"EntryPoint","urlTemplate":"https:\/\/crta.rs\/en\/?s={search_term_string}"},"query-input":{"@type":"PropertyValueSpecification","valueRequired":true,"valueName":"search_term_string"}}],"inLanguage":"en-US"},{"@type":"Person","@id":"https:\/\/crta.rs\/en\/#\/schema\/person\/0cc37dbc4cb7d35b32379de6f98e1c7f","name":"milica","url":"https:\/\/crta.rs\/en\/author\/milica\/"}]}},"_links":{"self":[{"href":"https:\/\/crta.rs\/en\/wp-json\/wp\/v2\/posts\/22210","targetHints":{"allow":["GET"]}}],"collection":[{"href":"https:\/\/crta.rs\/en\/wp-json\/wp\/v2\/posts"}],"about":[{"href":"https:\/\/crta.rs\/en\/wp-json\/wp\/v2\/types\/post"}],"author":[{"embeddable":true,"href":"https:\/\/crta.rs\/en\/wp-json\/wp\/v2\/users\/3"}],"replies":[{"embeddable":true,"href":"https:\/\/crta.rs\/en\/wp-json\/wp\/v2\/comments?post=22210"}],"version-history":[{"count":2,"href":"https:\/\/crta.rs\/en\/wp-json\/wp\/v2\/posts\/22210\/revisions"}],"predecessor-version":[{"id":22216,"href":"https:\/\/crta.rs\/en\/wp-json\/wp\/v2\/posts\/22210\/revisions\/22216"}],"wp:featuredmedia":[{"embeddable":true,"href":"https:\/\/crta.rs\/en\/wp-json\/wp\/v2\/media\/22211"}],"wp:attachment":[{"href":"https:\/\/crta.rs\/en\/wp-json\/wp\/v2\/media?parent=22210"}],"wp:term":[{"taxonomy":"category","embeddable":true,"href":"https:\/\/crta.rs\/en\/wp-json\/wp\/v2\/categories?post=22210"},{"taxonomy":"post_tag","embeddable":true,"href":"https:\/\/crta.rs\/en\/wp-json\/wp\/v2\/tags?post=22210"}],"curies":[{"name":"wp","href":"https:\/\/api.w.org\/{rel}","templated":true}]}}