{"id":22185,"date":"2019-10-10T21:58:05","date_gmt":"2019-10-10T19:58:05","guid":{"rendered":"https:\/\/crta.rs\/?p=22185"},"modified":"2020-02-26T22:03:02","modified_gmt":"2020-02-26T21:03:02","slug":"parliamentary-openness-in-serbia-and-in-the-region-in-2018","status":"publish","type":"post","link":"https:\/\/crta.rs\/en\/parliamentary-openness-in-serbia-and-in-the-region-in-2018\/","title":{"rendered":"Parliament Openness in Serbia and in the Region in 2018"},"content":{"rendered":"<p>The results of the conducted research show that the parliamentary openness at the regional level increased in 2018 in comparison to 2017 and 2016. The regional average in the final round of measurement scored <strong>65%<\/strong>, which is 4% higher than in the previous year (61%). Legislative power in Serbia fulfils 58% of indicators of openness.<\/p>\n","protected":false},"excerpt":{"rendered":"<p>The results of the conducted research show that the parliamentary openness at the regional level increased in 2018 in comparison to 2017 and 2016. The regional average in the final round of measurement scored 65%, which is 4% higher than in the previous year (61%). Legislative power in Serbia fulfils 58% of indicators of openness.<\/p>\n","protected":false},"author":7,"featured_media":22183,"comment_status":"closed","ping_status":"open","sticky":false,"template":"","format":"standard","meta":{"_acf_changed":false,"footnotes":"","_links_to":"","_links_to_target":""},"categories":[75],"tags":[101,99,76],"class_list":["post-22185","post","type-post","status-publish","format-standard","has-post-thumbnail","hentry","category-publication-en","tag-openness","tag-reports","tag-research","ciTrackContent"],"acf":[],"yoast_head":"<!-- This site is optimized with the Yoast SEO plugin v27.4 - https:\/\/yoast.com\/product\/yoast-seo-wordpress\/ -->\n<title>Parliament Openness in Serbia and in the Region in 2018 - CRTA<\/title>\n<meta name=\"robots\" content=\"index, follow, max-snippet:-1, max-image-preview:large, max-video-preview:-1\" \/>\n<link rel=\"canonical\" href=\"https:\/\/crta.rs\/en\/parliamentary-openness-in-serbia-and-in-the-region-in-2018\/\" \/>\n<meta property=\"og:locale\" content=\"en_US\" \/>\n<meta property=\"og:type\" content=\"article\" \/>\n<meta property=\"og:title\" content=\"Parliament Openness in Serbia and in the Region in 2018 - CRTA\" \/>\n<meta property=\"og:description\" content=\"The results of the conducted research show that the parliamentary openness at the regional level increased in 2018 in comparison to 2017 and 2016. The regional average in the final round of measurement scored 65%, which is 4% higher than in the previous year (61%). Legislative power in Serbia fulfils 58% of indicators of openness.\" \/>\n<meta property=\"og:url\" content=\"https:\/\/crta.rs\/en\/parliamentary-openness-in-serbia-and-in-the-region-in-2018\/\" \/>\n<meta property=\"og:site_name\" content=\"CRTA\" \/>\n<meta property=\"article:publisher\" content=\"https:\/\/www.facebook.com\/CRTArs\/\" \/>\n<meta property=\"article:published_time\" content=\"2019-10-10T19:58:05+00:00\" \/>\n<meta property=\"article:modified_time\" content=\"2020-02-26T21:03:02+00:00\" \/>\n<meta property=\"og:image\" content=\"https:\/\/crta.rs\/wp-content\/uploads\/2020\/02\/openness-of-the-parliament-2018-scaled.jpg\" \/>\n\t<meta property=\"og:image:width\" content=\"1811\" \/>\n\t<meta property=\"og:image:height\" content=\"2560\" \/>\n\t<meta property=\"og:image:type\" content=\"image\/jpeg\" \/>\n<meta name=\"author\" content=\"ivana\" \/>\n<meta name=\"twitter:card\" content=\"summary_large_image\" \/>\n<meta name=\"twitter:label1\" content=\"Written by\" \/>\n\t<meta name=\"twitter:data1\" content=\"ivana\" \/>\n<script type=\"application\/ld+json\" class=\"yoast-schema-graph\">{\"@context\":\"https:\\\/\\\/schema.org\",\"@graph\":[{\"@type\":\"Article\",\"@id\":\"https:\\\/\\\/crta.rs\\\/en\\\/parliamentary-openness-in-serbia-and-in-the-region-in-2018\\\/#article\",\"isPartOf\":{\"@id\":\"https:\\\/\\\/crta.rs\\\/en\\\/parliamentary-openness-in-serbia-and-in-the-region-in-2018\\\/\"},\"author\":{\"name\":\"ivana\",\"@id\":\"https:\\\/\\\/crta.rs\\\/en\\\/#\\\/schema\\\/person\\\/18f7126b92949f8242e7b65ece92db4c\"},\"headline\":\"Parliament Openness in Serbia and in the Region in 2018\",\"datePublished\":\"2019-10-10T19:58:05+00:00\",\"dateModified\":\"2020-02-26T21:03:02+00:00\",\"mainEntityOfPage\":{\"@id\":\"https:\\\/\\\/crta.rs\\\/en\\\/parliamentary-openness-in-serbia-and-in-the-region-in-2018\\\/\"},\"wordCount\":57,\"image\":{\"@id\":\"https:\\\/\\\/crta.rs\\\/en\\\/parliamentary-openness-in-serbia-and-in-the-region-in-2018\\\/#primaryimage\"},\"thumbnailUrl\":\"https:\\\/\\\/crta.rs\\\/wp-content\\\/uploads\\\/2020\\\/02\\\/openness-of-the-parliament-2018-scaled.jpg\",\"keywords\":[\"openness\",\"reports\",\"research\"],\"articleSection\":[\"Publications\"],\"inLanguage\":\"en-US\"},{\"@type\":\"WebPage\",\"@id\":\"https:\\\/\\\/crta.rs\\\/en\\\/parliamentary-openness-in-serbia-and-in-the-region-in-2018\\\/\",\"url\":\"https:\\\/\\\/crta.rs\\\/en\\\/parliamentary-openness-in-serbia-and-in-the-region-in-2018\\\/\",\"name\":\"Parliament Openness in Serbia and in the Region in 2018 - CRTA\",\"isPartOf\":{\"@id\":\"https:\\\/\\\/crta.rs\\\/en\\\/#website\"},\"primaryImageOfPage\":{\"@id\":\"https:\\\/\\\/crta.rs\\\/en\\\/parliamentary-openness-in-serbia-and-in-the-region-in-2018\\\/#primaryimage\"},\"image\":{\"@id\":\"https:\\\/\\\/crta.rs\\\/en\\\/parliamentary-openness-in-serbia-and-in-the-region-in-2018\\\/#primaryimage\"},\"thumbnailUrl\":\"https:\\\/\\\/crta.rs\\\/wp-content\\\/uploads\\\/2020\\\/02\\\/openness-of-the-parliament-2018-scaled.jpg\",\"datePublished\":\"2019-10-10T19:58:05+00:00\",\"dateModified\":\"2020-02-26T21:03:02+00:00\",\"author\":{\"@id\":\"https:\\\/\\\/crta.rs\\\/en\\\/#\\\/schema\\\/person\\\/18f7126b92949f8242e7b65ece92db4c\"},\"breadcrumb\":{\"@id\":\"https:\\\/\\\/crta.rs\\\/en\\\/parliamentary-openness-in-serbia-and-in-the-region-in-2018\\\/#breadcrumb\"},\"inLanguage\":\"en-US\",\"potentialAction\":[{\"@type\":\"ReadAction\",\"target\":[\"https:\\\/\\\/crta.rs\\\/en\\\/parliamentary-openness-in-serbia-and-in-the-region-in-2018\\\/\"]}]},{\"@type\":\"ImageObject\",\"inLanguage\":\"en-US\",\"@id\":\"https:\\\/\\\/crta.rs\\\/en\\\/parliamentary-openness-in-serbia-and-in-the-region-in-2018\\\/#primaryimage\",\"url\":\"https:\\\/\\\/crta.rs\\\/wp-content\\\/uploads\\\/2020\\\/02\\\/openness-of-the-parliament-2018-scaled.jpg\",\"contentUrl\":\"https:\\\/\\\/crta.rs\\\/wp-content\\\/uploads\\\/2020\\\/02\\\/openness-of-the-parliament-2018-scaled.jpg\",\"width\":1811,\"height\":2560},{\"@type\":\"BreadcrumbList\",\"@id\":\"https:\\\/\\\/crta.rs\\\/en\\\/parliamentary-openness-in-serbia-and-in-the-region-in-2018\\\/#breadcrumb\",\"itemListElement\":[{\"@type\":\"ListItem\",\"position\":1,\"name\":\"Home\",\"item\":\"https:\\\/\\\/crta.rs\\\/en\\\/\"},{\"@type\":\"ListItem\",\"position\":2,\"name\":\"Publications\",\"item\":\"https:\\\/\\\/crta.rs\\\/en\\\/category\\\/publication-en\\\/\"},{\"@type\":\"ListItem\",\"position\":3,\"name\":\"Parliament Openness in Serbia and in the Region in 2018\"}]},{\"@type\":\"WebSite\",\"@id\":\"https:\\\/\\\/crta.rs\\\/en\\\/#website\",\"url\":\"https:\\\/\\\/crta.rs\\\/en\\\/\",\"name\":\"CRTA\",\"description\":\"Mi smo grupa aktivista i novinara koja zajedno sa gra\u0111anima uti\u010de na pove\u0107anje odgovornosti institucija i javnih funkcionera kroz pra\u0107enje i kontrolu njihovog rada.\",\"potentialAction\":[{\"@type\":\"SearchAction\",\"target\":{\"@type\":\"EntryPoint\",\"urlTemplate\":\"https:\\\/\\\/crta.rs\\\/en\\\/?s={search_term_string}\"},\"query-input\":{\"@type\":\"PropertyValueSpecification\",\"valueRequired\":true,\"valueName\":\"search_term_string\"}}],\"inLanguage\":\"en-US\"},{\"@type\":\"Person\",\"@id\":\"https:\\\/\\\/crta.rs\\\/en\\\/#\\\/schema\\\/person\\\/18f7126b92949f8242e7b65ece92db4c\",\"name\":\"ivana\",\"url\":\"https:\\\/\\\/crta.rs\\\/en\\\/author\\\/ivana\\\/\"}]}<\/script>\n<!-- \/ Yoast SEO plugin. -->","yoast_head_json":{"title":"Parliament Openness in Serbia and in the Region in 2018 - CRTA","robots":{"index":"index","follow":"follow","max-snippet":"max-snippet:-1","max-image-preview":"max-image-preview:large","max-video-preview":"max-video-preview:-1"},"canonical":"https:\/\/crta.rs\/en\/parliamentary-openness-in-serbia-and-in-the-region-in-2018\/","og_locale":"en_US","og_type":"article","og_title":"Parliament Openness in Serbia and in the Region in 2018 - CRTA","og_description":"The results of the conducted research show that the parliamentary openness at the regional level increased in 2018 in comparison to 2017 and 2016. The regional average in the final round of measurement scored 65%, which is 4% higher than in the previous year (61%). Legislative power in Serbia fulfils 58% of indicators of openness.","og_url":"https:\/\/crta.rs\/en\/parliamentary-openness-in-serbia-and-in-the-region-in-2018\/","og_site_name":"CRTA","article_publisher":"https:\/\/www.facebook.com\/CRTArs\/","article_published_time":"2019-10-10T19:58:05+00:00","article_modified_time":"2020-02-26T21:03:02+00:00","og_image":[{"width":1811,"height":2560,"url":"https:\/\/crta.rs\/wp-content\/uploads\/2020\/02\/openness-of-the-parliament-2018-scaled.jpg","type":"image\/jpeg"}],"author":"ivana","twitter_card":"summary_large_image","twitter_misc":{"Written by":"ivana"},"schema":{"@context":"https:\/\/schema.org","@graph":[{"@type":"Article","@id":"https:\/\/crta.rs\/en\/parliamentary-openness-in-serbia-and-in-the-region-in-2018\/#article","isPartOf":{"@id":"https:\/\/crta.rs\/en\/parliamentary-openness-in-serbia-and-in-the-region-in-2018\/"},"author":{"name":"ivana","@id":"https:\/\/crta.rs\/en\/#\/schema\/person\/18f7126b92949f8242e7b65ece92db4c"},"headline":"Parliament Openness in Serbia and in the Region in 2018","datePublished":"2019-10-10T19:58:05+00:00","dateModified":"2020-02-26T21:03:02+00:00","mainEntityOfPage":{"@id":"https:\/\/crta.rs\/en\/parliamentary-openness-in-serbia-and-in-the-region-in-2018\/"},"wordCount":57,"image":{"@id":"https:\/\/crta.rs\/en\/parliamentary-openness-in-serbia-and-in-the-region-in-2018\/#primaryimage"},"thumbnailUrl":"https:\/\/crta.rs\/wp-content\/uploads\/2020\/02\/openness-of-the-parliament-2018-scaled.jpg","keywords":["openness","reports","research"],"articleSection":["Publications"],"inLanguage":"en-US"},{"@type":"WebPage","@id":"https:\/\/crta.rs\/en\/parliamentary-openness-in-serbia-and-in-the-region-in-2018\/","url":"https:\/\/crta.rs\/en\/parliamentary-openness-in-serbia-and-in-the-region-in-2018\/","name":"Parliament Openness in Serbia and in the Region in 2018 - CRTA","isPartOf":{"@id":"https:\/\/crta.rs\/en\/#website"},"primaryImageOfPage":{"@id":"https:\/\/crta.rs\/en\/parliamentary-openness-in-serbia-and-in-the-region-in-2018\/#primaryimage"},"image":{"@id":"https:\/\/crta.rs\/en\/parliamentary-openness-in-serbia-and-in-the-region-in-2018\/#primaryimage"},"thumbnailUrl":"https:\/\/crta.rs\/wp-content\/uploads\/2020\/02\/openness-of-the-parliament-2018-scaled.jpg","datePublished":"2019-10-10T19:58:05+00:00","dateModified":"2020-02-26T21:03:02+00:00","author":{"@id":"https:\/\/crta.rs\/en\/#\/schema\/person\/18f7126b92949f8242e7b65ece92db4c"},"breadcrumb":{"@id":"https:\/\/crta.rs\/en\/parliamentary-openness-in-serbia-and-in-the-region-in-2018\/#breadcrumb"},"inLanguage":"en-US","potentialAction":[{"@type":"ReadAction","target":["https:\/\/crta.rs\/en\/parliamentary-openness-in-serbia-and-in-the-region-in-2018\/"]}]},{"@type":"ImageObject","inLanguage":"en-US","@id":"https:\/\/crta.rs\/en\/parliamentary-openness-in-serbia-and-in-the-region-in-2018\/#primaryimage","url":"https:\/\/crta.rs\/wp-content\/uploads\/2020\/02\/openness-of-the-parliament-2018-scaled.jpg","contentUrl":"https:\/\/crta.rs\/wp-content\/uploads\/2020\/02\/openness-of-the-parliament-2018-scaled.jpg","width":1811,"height":2560},{"@type":"BreadcrumbList","@id":"https:\/\/crta.rs\/en\/parliamentary-openness-in-serbia-and-in-the-region-in-2018\/#breadcrumb","itemListElement":[{"@type":"ListItem","position":1,"name":"Home","item":"https:\/\/crta.rs\/en\/"},{"@type":"ListItem","position":2,"name":"Publications","item":"https:\/\/crta.rs\/en\/category\/publication-en\/"},{"@type":"ListItem","position":3,"name":"Parliament Openness in Serbia and in the Region in 2018"}]},{"@type":"WebSite","@id":"https:\/\/crta.rs\/en\/#website","url":"https:\/\/crta.rs\/en\/","name":"CRTA","description":"Mi smo grupa aktivista i novinara koja zajedno sa gra\u0111anima uti\u010de na pove\u0107anje odgovornosti institucija i javnih funkcionera kroz pra\u0107enje i kontrolu njihovog rada.","potentialAction":[{"@type":"SearchAction","target":{"@type":"EntryPoint","urlTemplate":"https:\/\/crta.rs\/en\/?s={search_term_string}"},"query-input":{"@type":"PropertyValueSpecification","valueRequired":true,"valueName":"search_term_string"}}],"inLanguage":"en-US"},{"@type":"Person","@id":"https:\/\/crta.rs\/en\/#\/schema\/person\/18f7126b92949f8242e7b65ece92db4c","name":"ivana","url":"https:\/\/crta.rs\/en\/author\/ivana\/"}]}},"_links":{"self":[{"href":"https:\/\/crta.rs\/en\/wp-json\/wp\/v2\/posts\/22185","targetHints":{"allow":["GET"]}}],"collection":[{"href":"https:\/\/crta.rs\/en\/wp-json\/wp\/v2\/posts"}],"about":[{"href":"https:\/\/crta.rs\/en\/wp-json\/wp\/v2\/types\/post"}],"author":[{"embeddable":true,"href":"https:\/\/crta.rs\/en\/wp-json\/wp\/v2\/users\/7"}],"replies":[{"embeddable":true,"href":"https:\/\/crta.rs\/en\/wp-json\/wp\/v2\/comments?post=22185"}],"version-history":[{"count":2,"href":"https:\/\/crta.rs\/en\/wp-json\/wp\/v2\/posts\/22185\/revisions"}],"predecessor-version":[{"id":22187,"href":"https:\/\/crta.rs\/en\/wp-json\/wp\/v2\/posts\/22185\/revisions\/22187"}],"wp:featuredmedia":[{"embeddable":true,"href":"https:\/\/crta.rs\/en\/wp-json\/wp\/v2\/media\/22183"}],"wp:attachment":[{"href":"https:\/\/crta.rs\/en\/wp-json\/wp\/v2\/media?parent=22185"}],"wp:term":[{"taxonomy":"category","embeddable":true,"href":"https:\/\/crta.rs\/en\/wp-json\/wp\/v2\/categories?post=22185"},{"taxonomy":"post_tag","embeddable":true,"href":"https:\/\/crta.rs\/en\/wp-json\/wp\/v2\/tags?post=22185"}],"curies":[{"name":"wp","href":"https:\/\/api.w.org\/{rel}","templated":true}]}}