{"id":21716,"date":"2019-03-14T22:43:25","date_gmt":"2019-03-14T21:43:25","guid":{"rendered":"https:\/\/crta.rs\/?p=21716"},"modified":"2020-02-09T22:49:41","modified_gmt":"2020-02-09T21:49:41","slug":"citizens-woke-rem-up-rtv-pancevo-warned-because-of-attacks-on-a-journalist","status":"publish","type":"post","link":"https:\/\/crta.rs\/en\/citizens-woke-rem-up-rtv-pancevo-warned-because-of-attacks-on-a-journalist\/","title":{"rendered":"Citizens woke REM up \u2013 RTV Pan\u010devo warned because of attacks on a journalist"},"content":{"rendered":"<p>The Council of the Regulatory Authority for Electronic Media imposed a warning as a<a href=\"http:\/\/www.rem.rs\/sr-lat\/arhiva\/vesti\/2019\/03\/izrecene-dve-mere-upozorenja-rtv-pancevo\"><strong>\u00a0measure <\/strong><\/a>\u00a0to RTV Pan\u010devo due to attacks on Nenad \u017divkovi\u0107, a journalist in the portal\u00a0 Pan\u010devo Si Ti.<\/p>\n<p>RTV Pan\u010devo was warned as it had violated provisions of the Law on Electronic Media and the Rulebook on protection of human rights in the area of broadcasting.<\/p>\n<p>Warning was also imposed thanks to complaints sent by 328 Serbian citizens through a\u00a0<a href=\"https:\/\/gradjaninastrazi.rs\/zivkovic\/\"><strong>form <\/strong><\/a>created by the Slavko \u0106uruvija Foundation and CRTA.<\/p>\n<p>Thanks to all those who stood in defense of the journalist.<\/p>\n<p>This action showed that citizens have the power.<\/p>\n<p>Together with citizens, we will continue to fight for the accountability in the work of institutions!<\/p>\n<p>&nbsp;<\/p>\n","protected":false},"excerpt":{"rendered":"<p>The Council of the Regulatory Authority for Electronic Media imposed a warning as a\u00a0measure \u00a0to RTV Pan\u010devo due to attacks on Nenad \u017divkovi\u0107, a journalist in the portal\u00a0 Pan\u010devo Si Ti.<\/p>\n","protected":false},"author":3,"featured_media":19156,"comment_status":"closed","ping_status":"open","sticky":false,"template":"","format":"standard","meta":{"_acf_changed":false,"footnotes":"","_links_to":"","_links_to_target":""},"categories":[794],"tags":[],"class_list":["post-21716","post","type-post","status-publish","format-standard","has-post-thumbnail","hentry","category-campaigns","ciTrackContent"],"acf":[],"yoast_head":"<!-- This site is optimized with the Yoast SEO plugin v27.4 - https:\/\/yoast.com\/product\/yoast-seo-wordpress\/ -->\n<title>Citizens woke REM up \u2013 RTV Pan\u010devo warned because of attacks on a journalist - CRTA<\/title>\n<meta name=\"robots\" content=\"index, follow, max-snippet:-1, max-image-preview:large, max-video-preview:-1\" \/>\n<link rel=\"canonical\" href=\"https:\/\/crta.rs\/en\/citizens-woke-rem-up-rtv-pancevo-warned-because-of-attacks-on-a-journalist\/\" \/>\n<meta property=\"og:locale\" content=\"en_US\" \/>\n<meta property=\"og:type\" content=\"article\" \/>\n<meta property=\"og:title\" content=\"Citizens woke REM up \u2013 RTV Pan\u010devo warned because of attacks on a journalist - CRTA\" \/>\n<meta property=\"og:description\" content=\"The Council of the Regulatory Authority for Electronic Media imposed a warning as a\u00a0measure \u00a0to RTV Pan\u010devo due to attacks on Nenad \u017divkovi\u0107, a journalist in the portal\u00a0 Pan\u010devo Si Ti.\" \/>\n<meta property=\"og:url\" content=\"https:\/\/crta.rs\/en\/citizens-woke-rem-up-rtv-pancevo-warned-because-of-attacks-on-a-journalist\/\" \/>\n<meta property=\"og:site_name\" content=\"CRTA\" \/>\n<meta property=\"article:publisher\" content=\"https:\/\/www.facebook.com\/CRTArs\/\" \/>\n<meta property=\"article:published_time\" content=\"2019-03-14T21:43:25+00:00\" \/>\n<meta property=\"article:modified_time\" content=\"2020-02-09T21:49:41+00:00\" \/>\n<meta property=\"og:image\" content=\"https:\/\/crta.rs\/wp-content\/uploads\/2019\/03\/gradjani-probudili-rem-2.png\" \/>\n\t<meta property=\"og:image:width\" content=\"768\" \/>\n\t<meta property=\"og:image:height\" content=\"548\" \/>\n\t<meta property=\"og:image:type\" content=\"image\/png\" \/>\n<meta name=\"author\" content=\"milica\" \/>\n<meta name=\"twitter:card\" content=\"summary_large_image\" \/>\n<meta name=\"twitter:label1\" content=\"Written by\" \/>\n\t<meta name=\"twitter:data1\" content=\"milica\" \/>\n\t<meta name=\"twitter:label2\" content=\"Est. reading time\" \/>\n\t<meta name=\"twitter:data2\" content=\"1 minute\" \/>\n<script type=\"application\/ld+json\" class=\"yoast-schema-graph\">{\"@context\":\"https:\\\/\\\/schema.org\",\"@graph\":[{\"@type\":\"Article\",\"@id\":\"https:\\\/\\\/crta.rs\\\/en\\\/citizens-woke-rem-up-rtv-pancevo-warned-because-of-attacks-on-a-journalist\\\/#article\",\"isPartOf\":{\"@id\":\"https:\\\/\\\/crta.rs\\\/en\\\/citizens-woke-rem-up-rtv-pancevo-warned-because-of-attacks-on-a-journalist\\\/\"},\"author\":{\"name\":\"milica\",\"@id\":\"https:\\\/\\\/crta.rs\\\/en\\\/#\\\/schema\\\/person\\\/0cc37dbc4cb7d35b32379de6f98e1c7f\"},\"headline\":\"Citizens woke REM up \u2013 RTV Pan\u010devo warned because of attacks on a journalist\",\"datePublished\":\"2019-03-14T21:43:25+00:00\",\"dateModified\":\"2020-02-09T21:49:41+00:00\",\"mainEntityOfPage\":{\"@id\":\"https:\\\/\\\/crta.rs\\\/en\\\/citizens-woke-rem-up-rtv-pancevo-warned-because-of-attacks-on-a-journalist\\\/\"},\"wordCount\":135,\"image\":{\"@id\":\"https:\\\/\\\/crta.rs\\\/en\\\/citizens-woke-rem-up-rtv-pancevo-warned-because-of-attacks-on-a-journalist\\\/#primaryimage\"},\"thumbnailUrl\":\"https:\\\/\\\/crta.rs\\\/wp-content\\\/uploads\\\/2019\\\/03\\\/gradjani-probudili-rem-2.png\",\"articleSection\":[\"Campaigns\"],\"inLanguage\":\"en-US\"},{\"@type\":\"WebPage\",\"@id\":\"https:\\\/\\\/crta.rs\\\/en\\\/citizens-woke-rem-up-rtv-pancevo-warned-because-of-attacks-on-a-journalist\\\/\",\"url\":\"https:\\\/\\\/crta.rs\\\/en\\\/citizens-woke-rem-up-rtv-pancevo-warned-because-of-attacks-on-a-journalist\\\/\",\"name\":\"Citizens woke REM up \u2013 RTV Pan\u010devo warned because of attacks on a journalist - CRTA\",\"isPartOf\":{\"@id\":\"https:\\\/\\\/crta.rs\\\/en\\\/#website\"},\"primaryImageOfPage\":{\"@id\":\"https:\\\/\\\/crta.rs\\\/en\\\/citizens-woke-rem-up-rtv-pancevo-warned-because-of-attacks-on-a-journalist\\\/#primaryimage\"},\"image\":{\"@id\":\"https:\\\/\\\/crta.rs\\\/en\\\/citizens-woke-rem-up-rtv-pancevo-warned-because-of-attacks-on-a-journalist\\\/#primaryimage\"},\"thumbnailUrl\":\"https:\\\/\\\/crta.rs\\\/wp-content\\\/uploads\\\/2019\\\/03\\\/gradjani-probudili-rem-2.png\",\"datePublished\":\"2019-03-14T21:43:25+00:00\",\"dateModified\":\"2020-02-09T21:49:41+00:00\",\"author\":{\"@id\":\"https:\\\/\\\/crta.rs\\\/en\\\/#\\\/schema\\\/person\\\/0cc37dbc4cb7d35b32379de6f98e1c7f\"},\"breadcrumb\":{\"@id\":\"https:\\\/\\\/crta.rs\\\/en\\\/citizens-woke-rem-up-rtv-pancevo-warned-because-of-attacks-on-a-journalist\\\/#breadcrumb\"},\"inLanguage\":\"en-US\",\"potentialAction\":[{\"@type\":\"ReadAction\",\"target\":[\"https:\\\/\\\/crta.rs\\\/en\\\/citizens-woke-rem-up-rtv-pancevo-warned-because-of-attacks-on-a-journalist\\\/\"]}]},{\"@type\":\"ImageObject\",\"inLanguage\":\"en-US\",\"@id\":\"https:\\\/\\\/crta.rs\\\/en\\\/citizens-woke-rem-up-rtv-pancevo-warned-because-of-attacks-on-a-journalist\\\/#primaryimage\",\"url\":\"https:\\\/\\\/crta.rs\\\/wp-content\\\/uploads\\\/2019\\\/03\\\/gradjani-probudili-rem-2.png\",\"contentUrl\":\"https:\\\/\\\/crta.rs\\\/wp-content\\\/uploads\\\/2019\\\/03\\\/gradjani-probudili-rem-2.png\",\"width\":768,\"height\":548},{\"@type\":\"BreadcrumbList\",\"@id\":\"https:\\\/\\\/crta.rs\\\/en\\\/citizens-woke-rem-up-rtv-pancevo-warned-because-of-attacks-on-a-journalist\\\/#breadcrumb\",\"itemListElement\":[{\"@type\":\"ListItem\",\"position\":1,\"name\":\"Home\",\"item\":\"https:\\\/\\\/crta.rs\\\/en\\\/\"},{\"@type\":\"ListItem\",\"position\":2,\"name\":\"Campaigns\",\"item\":\"https:\\\/\\\/crta.rs\\\/en\\\/category\\\/campaigns\\\/\"},{\"@type\":\"ListItem\",\"position\":3,\"name\":\"Citizens woke REM up \u2013 RTV Pan\u010devo warned because of attacks on a journalist\"}]},{\"@type\":\"WebSite\",\"@id\":\"https:\\\/\\\/crta.rs\\\/en\\\/#website\",\"url\":\"https:\\\/\\\/crta.rs\\\/en\\\/\",\"name\":\"CRTA\",\"description\":\"Mi smo grupa aktivista i novinara koja zajedno sa gra\u0111anima uti\u010de na pove\u0107anje odgovornosti institucija i javnih funkcionera kroz pra\u0107enje i kontrolu njihovog rada.\",\"potentialAction\":[{\"@type\":\"SearchAction\",\"target\":{\"@type\":\"EntryPoint\",\"urlTemplate\":\"https:\\\/\\\/crta.rs\\\/en\\\/?s={search_term_string}\"},\"query-input\":{\"@type\":\"PropertyValueSpecification\",\"valueRequired\":true,\"valueName\":\"search_term_string\"}}],\"inLanguage\":\"en-US\"},{\"@type\":\"Person\",\"@id\":\"https:\\\/\\\/crta.rs\\\/en\\\/#\\\/schema\\\/person\\\/0cc37dbc4cb7d35b32379de6f98e1c7f\",\"name\":\"milica\",\"url\":\"https:\\\/\\\/crta.rs\\\/en\\\/author\\\/milica\\\/\"}]}<\/script>\n<!-- \/ Yoast SEO plugin. -->","yoast_head_json":{"title":"Citizens woke REM up \u2013 RTV Pan\u010devo warned because of attacks on a journalist - CRTA","robots":{"index":"index","follow":"follow","max-snippet":"max-snippet:-1","max-image-preview":"max-image-preview:large","max-video-preview":"max-video-preview:-1"},"canonical":"https:\/\/crta.rs\/en\/citizens-woke-rem-up-rtv-pancevo-warned-because-of-attacks-on-a-journalist\/","og_locale":"en_US","og_type":"article","og_title":"Citizens woke REM up \u2013 RTV Pan\u010devo warned because of attacks on a journalist - CRTA","og_description":"The Council of the Regulatory Authority for Electronic Media imposed a warning as a\u00a0measure \u00a0to RTV Pan\u010devo due to attacks on Nenad \u017divkovi\u0107, a journalist in the portal\u00a0 Pan\u010devo Si Ti.","og_url":"https:\/\/crta.rs\/en\/citizens-woke-rem-up-rtv-pancevo-warned-because-of-attacks-on-a-journalist\/","og_site_name":"CRTA","article_publisher":"https:\/\/www.facebook.com\/CRTArs\/","article_published_time":"2019-03-14T21:43:25+00:00","article_modified_time":"2020-02-09T21:49:41+00:00","og_image":[{"width":768,"height":548,"url":"https:\/\/crta.rs\/wp-content\/uploads\/2019\/03\/gradjani-probudili-rem-2.png","type":"image\/png"}],"author":"milica","twitter_card":"summary_large_image","twitter_misc":{"Written by":"milica","Est. reading time":"1 minute"},"schema":{"@context":"https:\/\/schema.org","@graph":[{"@type":"Article","@id":"https:\/\/crta.rs\/en\/citizens-woke-rem-up-rtv-pancevo-warned-because-of-attacks-on-a-journalist\/#article","isPartOf":{"@id":"https:\/\/crta.rs\/en\/citizens-woke-rem-up-rtv-pancevo-warned-because-of-attacks-on-a-journalist\/"},"author":{"name":"milica","@id":"https:\/\/crta.rs\/en\/#\/schema\/person\/0cc37dbc4cb7d35b32379de6f98e1c7f"},"headline":"Citizens woke REM up \u2013 RTV Pan\u010devo warned because of attacks on a journalist","datePublished":"2019-03-14T21:43:25+00:00","dateModified":"2020-02-09T21:49:41+00:00","mainEntityOfPage":{"@id":"https:\/\/crta.rs\/en\/citizens-woke-rem-up-rtv-pancevo-warned-because-of-attacks-on-a-journalist\/"},"wordCount":135,"image":{"@id":"https:\/\/crta.rs\/en\/citizens-woke-rem-up-rtv-pancevo-warned-because-of-attacks-on-a-journalist\/#primaryimage"},"thumbnailUrl":"https:\/\/crta.rs\/wp-content\/uploads\/2019\/03\/gradjani-probudili-rem-2.png","articleSection":["Campaigns"],"inLanguage":"en-US"},{"@type":"WebPage","@id":"https:\/\/crta.rs\/en\/citizens-woke-rem-up-rtv-pancevo-warned-because-of-attacks-on-a-journalist\/","url":"https:\/\/crta.rs\/en\/citizens-woke-rem-up-rtv-pancevo-warned-because-of-attacks-on-a-journalist\/","name":"Citizens woke REM up \u2013 RTV Pan\u010devo warned because of attacks on a journalist - CRTA","isPartOf":{"@id":"https:\/\/crta.rs\/en\/#website"},"primaryImageOfPage":{"@id":"https:\/\/crta.rs\/en\/citizens-woke-rem-up-rtv-pancevo-warned-because-of-attacks-on-a-journalist\/#primaryimage"},"image":{"@id":"https:\/\/crta.rs\/en\/citizens-woke-rem-up-rtv-pancevo-warned-because-of-attacks-on-a-journalist\/#primaryimage"},"thumbnailUrl":"https:\/\/crta.rs\/wp-content\/uploads\/2019\/03\/gradjani-probudili-rem-2.png","datePublished":"2019-03-14T21:43:25+00:00","dateModified":"2020-02-09T21:49:41+00:00","author":{"@id":"https:\/\/crta.rs\/en\/#\/schema\/person\/0cc37dbc4cb7d35b32379de6f98e1c7f"},"breadcrumb":{"@id":"https:\/\/crta.rs\/en\/citizens-woke-rem-up-rtv-pancevo-warned-because-of-attacks-on-a-journalist\/#breadcrumb"},"inLanguage":"en-US","potentialAction":[{"@type":"ReadAction","target":["https:\/\/crta.rs\/en\/citizens-woke-rem-up-rtv-pancevo-warned-because-of-attacks-on-a-journalist\/"]}]},{"@type":"ImageObject","inLanguage":"en-US","@id":"https:\/\/crta.rs\/en\/citizens-woke-rem-up-rtv-pancevo-warned-because-of-attacks-on-a-journalist\/#primaryimage","url":"https:\/\/crta.rs\/wp-content\/uploads\/2019\/03\/gradjani-probudili-rem-2.png","contentUrl":"https:\/\/crta.rs\/wp-content\/uploads\/2019\/03\/gradjani-probudili-rem-2.png","width":768,"height":548},{"@type":"BreadcrumbList","@id":"https:\/\/crta.rs\/en\/citizens-woke-rem-up-rtv-pancevo-warned-because-of-attacks-on-a-journalist\/#breadcrumb","itemListElement":[{"@type":"ListItem","position":1,"name":"Home","item":"https:\/\/crta.rs\/en\/"},{"@type":"ListItem","position":2,"name":"Campaigns","item":"https:\/\/crta.rs\/en\/category\/campaigns\/"},{"@type":"ListItem","position":3,"name":"Citizens woke REM up \u2013 RTV Pan\u010devo warned because of attacks on a journalist"}]},{"@type":"WebSite","@id":"https:\/\/crta.rs\/en\/#website","url":"https:\/\/crta.rs\/en\/","name":"CRTA","description":"Mi smo grupa aktivista i novinara koja zajedno sa gra\u0111anima uti\u010de na pove\u0107anje odgovornosti institucija i javnih funkcionera kroz pra\u0107enje i kontrolu njihovog rada.","potentialAction":[{"@type":"SearchAction","target":{"@type":"EntryPoint","urlTemplate":"https:\/\/crta.rs\/en\/?s={search_term_string}"},"query-input":{"@type":"PropertyValueSpecification","valueRequired":true,"valueName":"search_term_string"}}],"inLanguage":"en-US"},{"@type":"Person","@id":"https:\/\/crta.rs\/en\/#\/schema\/person\/0cc37dbc4cb7d35b32379de6f98e1c7f","name":"milica","url":"https:\/\/crta.rs\/en\/author\/milica\/"}]}},"_links":{"self":[{"href":"https:\/\/crta.rs\/en\/wp-json\/wp\/v2\/posts\/21716","targetHints":{"allow":["GET"]}}],"collection":[{"href":"https:\/\/crta.rs\/en\/wp-json\/wp\/v2\/posts"}],"about":[{"href":"https:\/\/crta.rs\/en\/wp-json\/wp\/v2\/types\/post"}],"author":[{"embeddable":true,"href":"https:\/\/crta.rs\/en\/wp-json\/wp\/v2\/users\/3"}],"replies":[{"embeddable":true,"href":"https:\/\/crta.rs\/en\/wp-json\/wp\/v2\/comments?post=21716"}],"version-history":[{"count":1,"href":"https:\/\/crta.rs\/en\/wp-json\/wp\/v2\/posts\/21716\/revisions"}],"predecessor-version":[{"id":21721,"href":"https:\/\/crta.rs\/en\/wp-json\/wp\/v2\/posts\/21716\/revisions\/21721"}],"wp:featuredmedia":[{"embeddable":true,"href":"https:\/\/crta.rs\/en\/wp-json\/wp\/v2\/media\/19156"}],"wp:attachment":[{"href":"https:\/\/crta.rs\/en\/wp-json\/wp\/v2\/media?parent=21716"}],"wp:term":[{"taxonomy":"category","embeddable":true,"href":"https:\/\/crta.rs\/en\/wp-json\/wp\/v2\/categories?post=21716"},{"taxonomy":"post_tag","embeddable":true,"href":"https:\/\/crta.rs\/en\/wp-json\/wp\/v2\/tags?post=21716"}],"curies":[{"name":"wp","href":"https:\/\/api.w.org\/{rel}","templated":true}]}}