{"id":21713,"date":"2019-03-02T22:24:08","date_gmt":"2019-03-02T21:24:08","guid":{"rendered":"https:\/\/crta.rs\/?p=21713"},"modified":"2020-02-09T22:42:36","modified_gmt":"2020-02-09T21:42:36","slug":"stop-the-battue-wake-rem-up","status":"publish","type":"post","link":"https:\/\/crta.rs\/en\/stop-the-battue-wake-rem-up\/","title":{"rendered":"Stop the battue, wake REM up!"},"content":{"rendered":"<p>The organisation CRTA initiated together with <a href=\"https:\/\/www.slavkocuruvijafondacija.rs\/\"><strong>Slavko \u0106uruvija Foundation<\/strong><\/a>, the action \u201cStop the battue, wake REM up!\u201d inviting all citizens to file complaints against Radio-Television Pan\u010devo, due to a negative campaign towards the journalist Nenad \u017divkovi\u0107.<\/p>\n<p>Complaints can be filed <a href=\"https:\/\/gradjaninastrazi.rs\/zivkovic\/\"><strong>\u00a0here<\/strong><\/a>, on the basis of article 26 of the Law on Electronic Media, due to incomplete and prejudiced reporting, disrespect of human rights in broadcasting and hate speech.<\/p>\n<p>Need we not remind you that RTV Pan\u010devo is currently conducting a negative campaign in the form of a multiday battue aimed at Nenad \u017divkovi\u0107, a journalist in the portal \u201cPan\u010devo Si Ti\u201d, and is broadcasting features with degrading contents. Features in question were broadcast within the informative programme on February 22<sup>nd<\/sup>, 23<sup>rd<\/sup>, 24<sup>th<\/sup>, 26<sup>th<\/sup> and 27<sup>th<\/sup>, 2019 and all are available at http:\/\/rtvpancevo.rs\/.<\/p>\n<p>RTV Pan\u010devo acted contrary to provisions of the Law on Electronic Media and the Rulebook on protection of human rights in the area of broadcasting. Such a negative campaign compromises Nenad \u017divkovi\u0107\u2019s personal rights but also the public interest, citizens\u2019 personal rights to a truthful and complete information.<\/p>\n<p>Through this action, we suggest that the REM initiate a procedure and impose an adequate measure to RTV Pan\u010devo in accordance with the Law and to file a motion to institute misdemeanour proceedings against RTV Pan\u010devo.<\/p>\n<p>&nbsp;<\/p>\n","protected":false},"excerpt":{"rendered":"<p>The organisation CRTA initiated together with Slavko \u0106uruvija Foundation, the action \u201cStop the battue, wake REM up!\u201d inviting all citizens to file complaints against Radio-Television Pan\u010devo, due to a negative campaign towards the journalist Nenad \u017divkovi\u0107.\u00a0<\/p>\n","protected":false},"author":3,"featured_media":21583,"comment_status":"open","ping_status":"open","sticky":false,"template":"","format":"standard","meta":{"_acf_changed":false,"footnotes":"","_links_to":"","_links_to_target":""},"categories":[794],"tags":[],"class_list":["post-21713","post","type-post","status-publish","format-standard","has-post-thumbnail","hentry","category-campaigns","ciTrackContent"],"acf":[],"yoast_head":"<!-- This site is optimized with the Yoast SEO plugin v27.4 - https:\/\/yoast.com\/product\/yoast-seo-wordpress\/ -->\n<title>Stop the battue, wake REM up! - CRTA<\/title>\n<meta name=\"robots\" content=\"index, follow, max-snippet:-1, max-image-preview:large, max-video-preview:-1\" \/>\n<link rel=\"canonical\" href=\"https:\/\/crta.rs\/en\/stop-the-battue-wake-rem-up\/\" \/>\n<meta property=\"og:locale\" content=\"en_US\" \/>\n<meta property=\"og:type\" content=\"article\" \/>\n<meta property=\"og:title\" content=\"Stop the battue, wake REM up! - CRTA\" \/>\n<meta property=\"og:description\" content=\"The organisation CRTA initiated together with Slavko \u0106uruvija Foundation, the action \u201cStop the battue, wake REM up!\u201d inviting all citizens to file complaints against Radio-Television Pan\u010devo, due to a negative campaign towards the journalist Nenad \u017divkovi\u0107.\u00a0\" \/>\n<meta property=\"og:url\" content=\"https:\/\/crta.rs\/en\/stop-the-battue-wake-rem-up\/\" \/>\n<meta property=\"og:site_name\" content=\"CRTA\" \/>\n<meta property=\"article:publisher\" content=\"https:\/\/www.facebook.com\/CRTArs\/\" \/>\n<meta property=\"article:published_time\" content=\"2019-03-02T21:24:08+00:00\" \/>\n<meta property=\"article:modified_time\" content=\"2020-02-09T21:42:36+00:00\" \/>\n<meta property=\"og:image\" content=\"https:\/\/crta.rs\/wp-content\/uploads\/2019\/03\/spreci-hajku-2-1.png\" \/>\n\t<meta property=\"og:image:width\" content=\"768\" \/>\n\t<meta property=\"og:image:height\" content=\"548\" \/>\n\t<meta property=\"og:image:type\" content=\"image\/png\" \/>\n<meta name=\"author\" content=\"milica\" \/>\n<meta name=\"twitter:card\" content=\"summary_large_image\" \/>\n<meta name=\"twitter:label1\" content=\"Written by\" \/>\n\t<meta name=\"twitter:data1\" content=\"milica\" \/>\n\t<meta name=\"twitter:label2\" content=\"Est. reading time\" \/>\n\t<meta name=\"twitter:data2\" content=\"1 minute\" \/>\n<script type=\"application\/ld+json\" class=\"yoast-schema-graph\">{\"@context\":\"https:\\\/\\\/schema.org\",\"@graph\":[{\"@type\":\"Article\",\"@id\":\"https:\\\/\\\/crta.rs\\\/en\\\/stop-the-battue-wake-rem-up\\\/#article\",\"isPartOf\":{\"@id\":\"https:\\\/\\\/crta.rs\\\/en\\\/stop-the-battue-wake-rem-up\\\/\"},\"author\":{\"name\":\"milica\",\"@id\":\"https:\\\/\\\/crta.rs\\\/en\\\/#\\\/schema\\\/person\\\/0cc37dbc4cb7d35b32379de6f98e1c7f\"},\"headline\":\"Stop the battue, wake REM up!\",\"datePublished\":\"2019-03-02T21:24:08+00:00\",\"dateModified\":\"2020-02-09T21:42:36+00:00\",\"mainEntityOfPage\":{\"@id\":\"https:\\\/\\\/crta.rs\\\/en\\\/stop-the-battue-wake-rem-up\\\/\"},\"wordCount\":230,\"commentCount\":0,\"image\":{\"@id\":\"https:\\\/\\\/crta.rs\\\/en\\\/stop-the-battue-wake-rem-up\\\/#primaryimage\"},\"thumbnailUrl\":\"https:\\\/\\\/crta.rs\\\/wp-content\\\/uploads\\\/2019\\\/03\\\/spreci-hajku-2-1.png\",\"articleSection\":[\"Campaigns\"],\"inLanguage\":\"en-US\",\"potentialAction\":[{\"@type\":\"CommentAction\",\"name\":\"Comment\",\"target\":[\"https:\\\/\\\/crta.rs\\\/en\\\/stop-the-battue-wake-rem-up\\\/#respond\"]}]},{\"@type\":\"WebPage\",\"@id\":\"https:\\\/\\\/crta.rs\\\/en\\\/stop-the-battue-wake-rem-up\\\/\",\"url\":\"https:\\\/\\\/crta.rs\\\/en\\\/stop-the-battue-wake-rem-up\\\/\",\"name\":\"Stop the battue, wake REM up! - CRTA\",\"isPartOf\":{\"@id\":\"https:\\\/\\\/crta.rs\\\/en\\\/#website\"},\"primaryImageOfPage\":{\"@id\":\"https:\\\/\\\/crta.rs\\\/en\\\/stop-the-battue-wake-rem-up\\\/#primaryimage\"},\"image\":{\"@id\":\"https:\\\/\\\/crta.rs\\\/en\\\/stop-the-battue-wake-rem-up\\\/#primaryimage\"},\"thumbnailUrl\":\"https:\\\/\\\/crta.rs\\\/wp-content\\\/uploads\\\/2019\\\/03\\\/spreci-hajku-2-1.png\",\"datePublished\":\"2019-03-02T21:24:08+00:00\",\"dateModified\":\"2020-02-09T21:42:36+00:00\",\"author\":{\"@id\":\"https:\\\/\\\/crta.rs\\\/en\\\/#\\\/schema\\\/person\\\/0cc37dbc4cb7d35b32379de6f98e1c7f\"},\"breadcrumb\":{\"@id\":\"https:\\\/\\\/crta.rs\\\/en\\\/stop-the-battue-wake-rem-up\\\/#breadcrumb\"},\"inLanguage\":\"en-US\",\"potentialAction\":[{\"@type\":\"ReadAction\",\"target\":[\"https:\\\/\\\/crta.rs\\\/en\\\/stop-the-battue-wake-rem-up\\\/\"]}]},{\"@type\":\"ImageObject\",\"inLanguage\":\"en-US\",\"@id\":\"https:\\\/\\\/crta.rs\\\/en\\\/stop-the-battue-wake-rem-up\\\/#primaryimage\",\"url\":\"https:\\\/\\\/crta.rs\\\/wp-content\\\/uploads\\\/2019\\\/03\\\/spreci-hajku-2-1.png\",\"contentUrl\":\"https:\\\/\\\/crta.rs\\\/wp-content\\\/uploads\\\/2019\\\/03\\\/spreci-hajku-2-1.png\",\"width\":768,\"height\":548},{\"@type\":\"BreadcrumbList\",\"@id\":\"https:\\\/\\\/crta.rs\\\/en\\\/stop-the-battue-wake-rem-up\\\/#breadcrumb\",\"itemListElement\":[{\"@type\":\"ListItem\",\"position\":1,\"name\":\"Home\",\"item\":\"https:\\\/\\\/crta.rs\\\/en\\\/\"},{\"@type\":\"ListItem\",\"position\":2,\"name\":\"Campaigns\",\"item\":\"https:\\\/\\\/crta.rs\\\/en\\\/category\\\/campaigns\\\/\"},{\"@type\":\"ListItem\",\"position\":3,\"name\":\"Stop the battue, wake REM up!\"}]},{\"@type\":\"WebSite\",\"@id\":\"https:\\\/\\\/crta.rs\\\/en\\\/#website\",\"url\":\"https:\\\/\\\/crta.rs\\\/en\\\/\",\"name\":\"CRTA\",\"description\":\"Mi smo grupa aktivista i novinara koja zajedno sa gra\u0111anima uti\u010de na pove\u0107anje odgovornosti institucija i javnih funkcionera kroz pra\u0107enje i kontrolu njihovog rada.\",\"potentialAction\":[{\"@type\":\"SearchAction\",\"target\":{\"@type\":\"EntryPoint\",\"urlTemplate\":\"https:\\\/\\\/crta.rs\\\/en\\\/?s={search_term_string}\"},\"query-input\":{\"@type\":\"PropertyValueSpecification\",\"valueRequired\":true,\"valueName\":\"search_term_string\"}}],\"inLanguage\":\"en-US\"},{\"@type\":\"Person\",\"@id\":\"https:\\\/\\\/crta.rs\\\/en\\\/#\\\/schema\\\/person\\\/0cc37dbc4cb7d35b32379de6f98e1c7f\",\"name\":\"milica\",\"url\":\"https:\\\/\\\/crta.rs\\\/en\\\/author\\\/milica\\\/\"}]}<\/script>\n<!-- \/ Yoast SEO plugin. -->","yoast_head_json":{"title":"Stop the battue, wake REM up! - CRTA","robots":{"index":"index","follow":"follow","max-snippet":"max-snippet:-1","max-image-preview":"max-image-preview:large","max-video-preview":"max-video-preview:-1"},"canonical":"https:\/\/crta.rs\/en\/stop-the-battue-wake-rem-up\/","og_locale":"en_US","og_type":"article","og_title":"Stop the battue, wake REM up! - CRTA","og_description":"The organisation CRTA initiated together with Slavko \u0106uruvija Foundation, the action \u201cStop the battue, wake REM up!\u201d inviting all citizens to file complaints against Radio-Television Pan\u010devo, due to a negative campaign towards the journalist Nenad \u017divkovi\u0107.\u00a0","og_url":"https:\/\/crta.rs\/en\/stop-the-battue-wake-rem-up\/","og_site_name":"CRTA","article_publisher":"https:\/\/www.facebook.com\/CRTArs\/","article_published_time":"2019-03-02T21:24:08+00:00","article_modified_time":"2020-02-09T21:42:36+00:00","og_image":[{"width":768,"height":548,"url":"https:\/\/crta.rs\/wp-content\/uploads\/2019\/03\/spreci-hajku-2-1.png","type":"image\/png"}],"author":"milica","twitter_card":"summary_large_image","twitter_misc":{"Written by":"milica","Est. reading time":"1 minute"},"schema":{"@context":"https:\/\/schema.org","@graph":[{"@type":"Article","@id":"https:\/\/crta.rs\/en\/stop-the-battue-wake-rem-up\/#article","isPartOf":{"@id":"https:\/\/crta.rs\/en\/stop-the-battue-wake-rem-up\/"},"author":{"name":"milica","@id":"https:\/\/crta.rs\/en\/#\/schema\/person\/0cc37dbc4cb7d35b32379de6f98e1c7f"},"headline":"Stop the battue, wake REM up!","datePublished":"2019-03-02T21:24:08+00:00","dateModified":"2020-02-09T21:42:36+00:00","mainEntityOfPage":{"@id":"https:\/\/crta.rs\/en\/stop-the-battue-wake-rem-up\/"},"wordCount":230,"commentCount":0,"image":{"@id":"https:\/\/crta.rs\/en\/stop-the-battue-wake-rem-up\/#primaryimage"},"thumbnailUrl":"https:\/\/crta.rs\/wp-content\/uploads\/2019\/03\/spreci-hajku-2-1.png","articleSection":["Campaigns"],"inLanguage":"en-US","potentialAction":[{"@type":"CommentAction","name":"Comment","target":["https:\/\/crta.rs\/en\/stop-the-battue-wake-rem-up\/#respond"]}]},{"@type":"WebPage","@id":"https:\/\/crta.rs\/en\/stop-the-battue-wake-rem-up\/","url":"https:\/\/crta.rs\/en\/stop-the-battue-wake-rem-up\/","name":"Stop the battue, wake REM up! - CRTA","isPartOf":{"@id":"https:\/\/crta.rs\/en\/#website"},"primaryImageOfPage":{"@id":"https:\/\/crta.rs\/en\/stop-the-battue-wake-rem-up\/#primaryimage"},"image":{"@id":"https:\/\/crta.rs\/en\/stop-the-battue-wake-rem-up\/#primaryimage"},"thumbnailUrl":"https:\/\/crta.rs\/wp-content\/uploads\/2019\/03\/spreci-hajku-2-1.png","datePublished":"2019-03-02T21:24:08+00:00","dateModified":"2020-02-09T21:42:36+00:00","author":{"@id":"https:\/\/crta.rs\/en\/#\/schema\/person\/0cc37dbc4cb7d35b32379de6f98e1c7f"},"breadcrumb":{"@id":"https:\/\/crta.rs\/en\/stop-the-battue-wake-rem-up\/#breadcrumb"},"inLanguage":"en-US","potentialAction":[{"@type":"ReadAction","target":["https:\/\/crta.rs\/en\/stop-the-battue-wake-rem-up\/"]}]},{"@type":"ImageObject","inLanguage":"en-US","@id":"https:\/\/crta.rs\/en\/stop-the-battue-wake-rem-up\/#primaryimage","url":"https:\/\/crta.rs\/wp-content\/uploads\/2019\/03\/spreci-hajku-2-1.png","contentUrl":"https:\/\/crta.rs\/wp-content\/uploads\/2019\/03\/spreci-hajku-2-1.png","width":768,"height":548},{"@type":"BreadcrumbList","@id":"https:\/\/crta.rs\/en\/stop-the-battue-wake-rem-up\/#breadcrumb","itemListElement":[{"@type":"ListItem","position":1,"name":"Home","item":"https:\/\/crta.rs\/en\/"},{"@type":"ListItem","position":2,"name":"Campaigns","item":"https:\/\/crta.rs\/en\/category\/campaigns\/"},{"@type":"ListItem","position":3,"name":"Stop the battue, wake REM up!"}]},{"@type":"WebSite","@id":"https:\/\/crta.rs\/en\/#website","url":"https:\/\/crta.rs\/en\/","name":"CRTA","description":"Mi smo grupa aktivista i novinara koja zajedno sa gra\u0111anima uti\u010de na pove\u0107anje odgovornosti institucija i javnih funkcionera kroz pra\u0107enje i kontrolu njihovog rada.","potentialAction":[{"@type":"SearchAction","target":{"@type":"EntryPoint","urlTemplate":"https:\/\/crta.rs\/en\/?s={search_term_string}"},"query-input":{"@type":"PropertyValueSpecification","valueRequired":true,"valueName":"search_term_string"}}],"inLanguage":"en-US"},{"@type":"Person","@id":"https:\/\/crta.rs\/en\/#\/schema\/person\/0cc37dbc4cb7d35b32379de6f98e1c7f","name":"milica","url":"https:\/\/crta.rs\/en\/author\/milica\/"}]}},"_links":{"self":[{"href":"https:\/\/crta.rs\/en\/wp-json\/wp\/v2\/posts\/21713","targetHints":{"allow":["GET"]}}],"collection":[{"href":"https:\/\/crta.rs\/en\/wp-json\/wp\/v2\/posts"}],"about":[{"href":"https:\/\/crta.rs\/en\/wp-json\/wp\/v2\/types\/post"}],"author":[{"embeddable":true,"href":"https:\/\/crta.rs\/en\/wp-json\/wp\/v2\/users\/3"}],"replies":[{"embeddable":true,"href":"https:\/\/crta.rs\/en\/wp-json\/wp\/v2\/comments?post=21713"}],"version-history":[{"count":1,"href":"https:\/\/crta.rs\/en\/wp-json\/wp\/v2\/posts\/21713\/revisions"}],"predecessor-version":[{"id":21715,"href":"https:\/\/crta.rs\/en\/wp-json\/wp\/v2\/posts\/21713\/revisions\/21715"}],"wp:featuredmedia":[{"embeddable":true,"href":"https:\/\/crta.rs\/en\/wp-json\/wp\/v2\/media\/21583"}],"wp:attachment":[{"href":"https:\/\/crta.rs\/en\/wp-json\/wp\/v2\/media?parent=21713"}],"wp:term":[{"taxonomy":"category","embeddable":true,"href":"https:\/\/crta.rs\/en\/wp-json\/wp\/v2\/categories?post=21713"},{"taxonomy":"post_tag","embeddable":true,"href":"https:\/\/crta.rs\/en\/wp-json\/wp\/v2\/tags?post=21713"}],"curies":[{"name":"wp","href":"https:\/\/api.w.org\/{rel}","templated":true}]}}