{"id":21503,"date":"2019-12-27T12:11:00","date_gmt":"2019-12-27T11:11:00","guid":{"rendered":"https:\/\/crta.rs\/?p=21503"},"modified":"2020-02-12T13:03:31","modified_gmt":"2020-02-12T12:03:31","slug":"prime-minister-brnabic-and-minister-djordjevic-in-a-public-officials-campaign-2","status":"publish","type":"post","link":"https:\/\/crta.rs\/en\/prime-minister-brnabic-and-minister-djordjevic-in-a-public-officials-campaign-2\/","title":{"rendered":"Prime Minister Brnabi\u0107 and Minister \u0110or\u0111evi\u0107 in a public officials\u2019 campaign"},"content":{"rendered":"<p>CRTA filed complaints to the Anti-Corruption Agency against Serbian Prime Minister Ana Brnabi\u0107, and Minister of labour, employment, veteran and social policy Zoran \u0110or\u0111evi\u0107, for violating legal provisions preventing misuse of public resources in order to promote a political party.<\/p>\n<p>While appearing on the Pink TV Morning Show on December 26 th , 2019, Prime Minister Ana Brnabi\u0107 directly invited viewers to vote for the Serbian Progressive Party, without explicitly declaring whether she was expressing the viewpoint of the authority she represents and where she had office, or the political party she was a member of. By doing so, Prime Minister violated article 29 of the Anti-Corruption Agency Act.<\/p>\n<p>Similarly, the same law was violated by Minister \u0110or\u0111evi\u0107, participating on December 24 th , 2019 at a \u201cGathering with Rakovica Seniors\u201d, organised by the Municipal Committee of the Serbian Progressive Party of Rakovica. Although this was an event clearly aiming to promote the party, the organiser introduced Mr. \u0110or\u0111evi\u0107 as a Minister, i.e. an office holder. Mr. \u0110or\u0111evi\u0107 also introduced himself in that way when addressing the elderly. He promised that, as a member of the Government, he would fight for the interests of the pensioners, urging the attendees to bring citizens who are \u201cnot members of our party\u201d to the next gatherings, thus completely erasing the border between state and party functions.<\/p>\n<p>\u201cThese are flagrant violations of laws and examples of an acceptable public officials\u2019 campaign practice, that deserves an even harsher condemnation given the fact that they were committed by the highest state officials.\u201c,\u00a0said Ra\u0161a Nedeljkov, CRTA programme director.<\/p>\n<p>CRTA requires from the Anti-Corruption Agency to act on complaints against Prime Minister Brnabi\u0107 and Minister \u0110or\u0111evi\u0107, within a five-day deadline, in accordance with its legal competences and obligations.<\/p>\n","protected":false},"excerpt":{"rendered":"<p>CRTA filed complaints to the Anti-Corruption Agency against Serbian Prime Minister Ana Brnabi\u0107, and Minister of labour, employment, veteran and social policy Zoran \u0110or\u0111evi\u0107, for violating legal provisions preventing misuse of public resources in order to promote a political party.<\/p>\n","protected":false},"author":3,"featured_media":13695,"comment_status":"open","ping_status":"open","sticky":false,"template":"","format":"standard","meta":{"_acf_changed":false,"footnotes":"","_links_to":"","_links_to_target":""},"categories":[681],"tags":[],"class_list":["post-21503","post","type-post","status-publish","format-standard","has-post-thumbnail","hentry","category-news","ciTrackContent"],"acf":[],"yoast_head":"<!-- This site is optimized with the Yoast SEO plugin v27.4 - https:\/\/yoast.com\/product\/yoast-seo-wordpress\/ -->\n<title>Prime Minister Brnabi\u0107 and Minister \u0110or\u0111evi\u0107 in a public officials\u2019 campaign - CRTA<\/title>\n<meta name=\"robots\" content=\"index, follow, max-snippet:-1, max-image-preview:large, max-video-preview:-1\" \/>\n<link rel=\"canonical\" href=\"https:\/\/crta.rs\/en\/prime-minister-brnabic-and-minister-djordjevic-in-a-public-officials-campaign-2\/\" \/>\n<meta property=\"og:locale\" content=\"en_US\" \/>\n<meta property=\"og:type\" content=\"article\" \/>\n<meta property=\"og:title\" content=\"Prime Minister Brnabi\u0107 and Minister \u0110or\u0111evi\u0107 in a public officials\u2019 campaign - CRTA\" \/>\n<meta property=\"og:description\" content=\"CRTA filed complaints to the Anti-Corruption Agency against Serbian Prime Minister Ana Brnabi\u0107, and Minister of labour, employment, veteran and social policy Zoran \u0110or\u0111evi\u0107, for violating legal provisions preventing misuse of public resources in order to promote a political party.\" \/>\n<meta property=\"og:url\" content=\"https:\/\/crta.rs\/en\/prime-minister-brnabic-and-minister-djordjevic-in-a-public-officials-campaign-2\/\" \/>\n<meta property=\"og:site_name\" content=\"CRTA\" \/>\n<meta property=\"article:publisher\" content=\"https:\/\/www.facebook.com\/CRTArs\/\" \/>\n<meta property=\"article:published_time\" content=\"2019-12-27T11:11:00+00:00\" \/>\n<meta property=\"article:modified_time\" content=\"2020-02-12T12:03:31+00:00\" \/>\n<meta property=\"og:image\" content=\"https:\/\/crta.rs\/wp-content\/uploads\/2019\/12\/agencija-korupcija-768x510-500x332.jpg\" \/>\n\t<meta property=\"og:image:width\" content=\"500\" \/>\n\t<meta property=\"og:image:height\" content=\"332\" \/>\n\t<meta property=\"og:image:type\" content=\"image\/jpeg\" \/>\n<meta name=\"author\" content=\"milica\" \/>\n<meta name=\"twitter:card\" content=\"summary_large_image\" \/>\n<meta name=\"twitter:label1\" content=\"Written by\" \/>\n\t<meta name=\"twitter:data1\" content=\"milica\" \/>\n\t<meta name=\"twitter:label2\" content=\"Est. reading time\" \/>\n\t<meta name=\"twitter:data2\" content=\"1 minute\" \/>\n<script type=\"application\/ld+json\" class=\"yoast-schema-graph\">{\"@context\":\"https:\\\/\\\/schema.org\",\"@graph\":[{\"@type\":\"Article\",\"@id\":\"https:\\\/\\\/crta.rs\\\/en\\\/prime-minister-brnabic-and-minister-djordjevic-in-a-public-officials-campaign-2\\\/#article\",\"isPartOf\":{\"@id\":\"https:\\\/\\\/crta.rs\\\/en\\\/prime-minister-brnabic-and-minister-djordjevic-in-a-public-officials-campaign-2\\\/\"},\"author\":{\"name\":\"milica\",\"@id\":\"https:\\\/\\\/crta.rs\\\/en\\\/#\\\/schema\\\/person\\\/0cc37dbc4cb7d35b32379de6f98e1c7f\"},\"headline\":\"Prime Minister Brnabi\u0107 and Minister \u0110or\u0111evi\u0107 in a public officials\u2019 campaign\",\"datePublished\":\"2019-12-27T11:11:00+00:00\",\"dateModified\":\"2020-02-12T12:03:31+00:00\",\"mainEntityOfPage\":{\"@id\":\"https:\\\/\\\/crta.rs\\\/en\\\/prime-minister-brnabic-and-minister-djordjevic-in-a-public-officials-campaign-2\\\/\"},\"wordCount\":303,\"commentCount\":0,\"image\":{\"@id\":\"https:\\\/\\\/crta.rs\\\/en\\\/prime-minister-brnabic-and-minister-djordjevic-in-a-public-officials-campaign-2\\\/#primaryimage\"},\"thumbnailUrl\":\"https:\\\/\\\/crta.rs\\\/wp-content\\\/uploads\\\/2019\\\/12\\\/agencija-korupcija-768x510-500x332.jpg\",\"articleSection\":[\"News\"],\"inLanguage\":\"en-US\",\"potentialAction\":[{\"@type\":\"CommentAction\",\"name\":\"Comment\",\"target\":[\"https:\\\/\\\/crta.rs\\\/en\\\/prime-minister-brnabic-and-minister-djordjevic-in-a-public-officials-campaign-2\\\/#respond\"]}]},{\"@type\":\"WebPage\",\"@id\":\"https:\\\/\\\/crta.rs\\\/en\\\/prime-minister-brnabic-and-minister-djordjevic-in-a-public-officials-campaign-2\\\/\",\"url\":\"https:\\\/\\\/crta.rs\\\/en\\\/prime-minister-brnabic-and-minister-djordjevic-in-a-public-officials-campaign-2\\\/\",\"name\":\"Prime Minister Brnabi\u0107 and Minister \u0110or\u0111evi\u0107 in a public officials\u2019 campaign - CRTA\",\"isPartOf\":{\"@id\":\"https:\\\/\\\/crta.rs\\\/en\\\/#website\"},\"primaryImageOfPage\":{\"@id\":\"https:\\\/\\\/crta.rs\\\/en\\\/prime-minister-brnabic-and-minister-djordjevic-in-a-public-officials-campaign-2\\\/#primaryimage\"},\"image\":{\"@id\":\"https:\\\/\\\/crta.rs\\\/en\\\/prime-minister-brnabic-and-minister-djordjevic-in-a-public-officials-campaign-2\\\/#primaryimage\"},\"thumbnailUrl\":\"https:\\\/\\\/crta.rs\\\/wp-content\\\/uploads\\\/2019\\\/12\\\/agencija-korupcija-768x510-500x332.jpg\",\"datePublished\":\"2019-12-27T11:11:00+00:00\",\"dateModified\":\"2020-02-12T12:03:31+00:00\",\"author\":{\"@id\":\"https:\\\/\\\/crta.rs\\\/en\\\/#\\\/schema\\\/person\\\/0cc37dbc4cb7d35b32379de6f98e1c7f\"},\"breadcrumb\":{\"@id\":\"https:\\\/\\\/crta.rs\\\/en\\\/prime-minister-brnabic-and-minister-djordjevic-in-a-public-officials-campaign-2\\\/#breadcrumb\"},\"inLanguage\":\"en-US\",\"potentialAction\":[{\"@type\":\"ReadAction\",\"target\":[\"https:\\\/\\\/crta.rs\\\/en\\\/prime-minister-brnabic-and-minister-djordjevic-in-a-public-officials-campaign-2\\\/\"]}]},{\"@type\":\"ImageObject\",\"inLanguage\":\"en-US\",\"@id\":\"https:\\\/\\\/crta.rs\\\/en\\\/prime-minister-brnabic-and-minister-djordjevic-in-a-public-officials-campaign-2\\\/#primaryimage\",\"url\":\"https:\\\/\\\/crta.rs\\\/wp-content\\\/uploads\\\/2019\\\/12\\\/agencija-korupcija-768x510-500x332.jpg\",\"contentUrl\":\"https:\\\/\\\/crta.rs\\\/wp-content\\\/uploads\\\/2019\\\/12\\\/agencija-korupcija-768x510-500x332.jpg\",\"width\":500,\"height\":332,\"caption\":\"Photo by: Zoran Drekalovic\"},{\"@type\":\"BreadcrumbList\",\"@id\":\"https:\\\/\\\/crta.rs\\\/en\\\/prime-minister-brnabic-and-minister-djordjevic-in-a-public-officials-campaign-2\\\/#breadcrumb\",\"itemListElement\":[{\"@type\":\"ListItem\",\"position\":1,\"name\":\"Home\",\"item\":\"https:\\\/\\\/crta.rs\\\/en\\\/\"},{\"@type\":\"ListItem\",\"position\":2,\"name\":\"News\",\"item\":\"https:\\\/\\\/crta.rs\\\/en\\\/category\\\/news\\\/\"},{\"@type\":\"ListItem\",\"position\":3,\"name\":\"Prime Minister Brnabi\u0107 and Minister \u0110or\u0111evi\u0107 in a public officials\u2019 campaign\"}]},{\"@type\":\"WebSite\",\"@id\":\"https:\\\/\\\/crta.rs\\\/en\\\/#website\",\"url\":\"https:\\\/\\\/crta.rs\\\/en\\\/\",\"name\":\"CRTA\",\"description\":\"Mi smo grupa aktivista i novinara koja zajedno sa gra\u0111anima uti\u010de na pove\u0107anje odgovornosti institucija i javnih funkcionera kroz pra\u0107enje i kontrolu njihovog rada.\",\"potentialAction\":[{\"@type\":\"SearchAction\",\"target\":{\"@type\":\"EntryPoint\",\"urlTemplate\":\"https:\\\/\\\/crta.rs\\\/en\\\/?s={search_term_string}\"},\"query-input\":{\"@type\":\"PropertyValueSpecification\",\"valueRequired\":true,\"valueName\":\"search_term_string\"}}],\"inLanguage\":\"en-US\"},{\"@type\":\"Person\",\"@id\":\"https:\\\/\\\/crta.rs\\\/en\\\/#\\\/schema\\\/person\\\/0cc37dbc4cb7d35b32379de6f98e1c7f\",\"name\":\"milica\",\"url\":\"https:\\\/\\\/crta.rs\\\/en\\\/author\\\/milica\\\/\"}]}<\/script>\n<!-- \/ Yoast SEO plugin. -->","yoast_head_json":{"title":"Prime Minister Brnabi\u0107 and Minister \u0110or\u0111evi\u0107 in a public officials\u2019 campaign - CRTA","robots":{"index":"index","follow":"follow","max-snippet":"max-snippet:-1","max-image-preview":"max-image-preview:large","max-video-preview":"max-video-preview:-1"},"canonical":"https:\/\/crta.rs\/en\/prime-minister-brnabic-and-minister-djordjevic-in-a-public-officials-campaign-2\/","og_locale":"en_US","og_type":"article","og_title":"Prime Minister Brnabi\u0107 and Minister \u0110or\u0111evi\u0107 in a public officials\u2019 campaign - CRTA","og_description":"CRTA filed complaints to the Anti-Corruption Agency against Serbian Prime Minister Ana Brnabi\u0107, and Minister of labour, employment, veteran and social policy Zoran \u0110or\u0111evi\u0107, for violating legal provisions preventing misuse of public resources in order to promote a political party.","og_url":"https:\/\/crta.rs\/en\/prime-minister-brnabic-and-minister-djordjevic-in-a-public-officials-campaign-2\/","og_site_name":"CRTA","article_publisher":"https:\/\/www.facebook.com\/CRTArs\/","article_published_time":"2019-12-27T11:11:00+00:00","article_modified_time":"2020-02-12T12:03:31+00:00","og_image":[{"width":500,"height":332,"url":"https:\/\/crta.rs\/wp-content\/uploads\/2019\/12\/agencija-korupcija-768x510-500x332.jpg","type":"image\/jpeg"}],"author":"milica","twitter_card":"summary_large_image","twitter_misc":{"Written by":"milica","Est. reading time":"1 minute"},"schema":{"@context":"https:\/\/schema.org","@graph":[{"@type":"Article","@id":"https:\/\/crta.rs\/en\/prime-minister-brnabic-and-minister-djordjevic-in-a-public-officials-campaign-2\/#article","isPartOf":{"@id":"https:\/\/crta.rs\/en\/prime-minister-brnabic-and-minister-djordjevic-in-a-public-officials-campaign-2\/"},"author":{"name":"milica","@id":"https:\/\/crta.rs\/en\/#\/schema\/person\/0cc37dbc4cb7d35b32379de6f98e1c7f"},"headline":"Prime Minister Brnabi\u0107 and Minister \u0110or\u0111evi\u0107 in a public officials\u2019 campaign","datePublished":"2019-12-27T11:11:00+00:00","dateModified":"2020-02-12T12:03:31+00:00","mainEntityOfPage":{"@id":"https:\/\/crta.rs\/en\/prime-minister-brnabic-and-minister-djordjevic-in-a-public-officials-campaign-2\/"},"wordCount":303,"commentCount":0,"image":{"@id":"https:\/\/crta.rs\/en\/prime-minister-brnabic-and-minister-djordjevic-in-a-public-officials-campaign-2\/#primaryimage"},"thumbnailUrl":"https:\/\/crta.rs\/wp-content\/uploads\/2019\/12\/agencija-korupcija-768x510-500x332.jpg","articleSection":["News"],"inLanguage":"en-US","potentialAction":[{"@type":"CommentAction","name":"Comment","target":["https:\/\/crta.rs\/en\/prime-minister-brnabic-and-minister-djordjevic-in-a-public-officials-campaign-2\/#respond"]}]},{"@type":"WebPage","@id":"https:\/\/crta.rs\/en\/prime-minister-brnabic-and-minister-djordjevic-in-a-public-officials-campaign-2\/","url":"https:\/\/crta.rs\/en\/prime-minister-brnabic-and-minister-djordjevic-in-a-public-officials-campaign-2\/","name":"Prime Minister Brnabi\u0107 and Minister \u0110or\u0111evi\u0107 in a public officials\u2019 campaign - CRTA","isPartOf":{"@id":"https:\/\/crta.rs\/en\/#website"},"primaryImageOfPage":{"@id":"https:\/\/crta.rs\/en\/prime-minister-brnabic-and-minister-djordjevic-in-a-public-officials-campaign-2\/#primaryimage"},"image":{"@id":"https:\/\/crta.rs\/en\/prime-minister-brnabic-and-minister-djordjevic-in-a-public-officials-campaign-2\/#primaryimage"},"thumbnailUrl":"https:\/\/crta.rs\/wp-content\/uploads\/2019\/12\/agencija-korupcija-768x510-500x332.jpg","datePublished":"2019-12-27T11:11:00+00:00","dateModified":"2020-02-12T12:03:31+00:00","author":{"@id":"https:\/\/crta.rs\/en\/#\/schema\/person\/0cc37dbc4cb7d35b32379de6f98e1c7f"},"breadcrumb":{"@id":"https:\/\/crta.rs\/en\/prime-minister-brnabic-and-minister-djordjevic-in-a-public-officials-campaign-2\/#breadcrumb"},"inLanguage":"en-US","potentialAction":[{"@type":"ReadAction","target":["https:\/\/crta.rs\/en\/prime-minister-brnabic-and-minister-djordjevic-in-a-public-officials-campaign-2\/"]}]},{"@type":"ImageObject","inLanguage":"en-US","@id":"https:\/\/crta.rs\/en\/prime-minister-brnabic-and-minister-djordjevic-in-a-public-officials-campaign-2\/#primaryimage","url":"https:\/\/crta.rs\/wp-content\/uploads\/2019\/12\/agencija-korupcija-768x510-500x332.jpg","contentUrl":"https:\/\/crta.rs\/wp-content\/uploads\/2019\/12\/agencija-korupcija-768x510-500x332.jpg","width":500,"height":332,"caption":"Photo by: Zoran Drekalovic"},{"@type":"BreadcrumbList","@id":"https:\/\/crta.rs\/en\/prime-minister-brnabic-and-minister-djordjevic-in-a-public-officials-campaign-2\/#breadcrumb","itemListElement":[{"@type":"ListItem","position":1,"name":"Home","item":"https:\/\/crta.rs\/en\/"},{"@type":"ListItem","position":2,"name":"News","item":"https:\/\/crta.rs\/en\/category\/news\/"},{"@type":"ListItem","position":3,"name":"Prime Minister Brnabi\u0107 and Minister \u0110or\u0111evi\u0107 in a public officials\u2019 campaign"}]},{"@type":"WebSite","@id":"https:\/\/crta.rs\/en\/#website","url":"https:\/\/crta.rs\/en\/","name":"CRTA","description":"Mi smo grupa aktivista i novinara koja zajedno sa gra\u0111anima uti\u010de na pove\u0107anje odgovornosti institucija i javnih funkcionera kroz pra\u0107enje i kontrolu njihovog rada.","potentialAction":[{"@type":"SearchAction","target":{"@type":"EntryPoint","urlTemplate":"https:\/\/crta.rs\/en\/?s={search_term_string}"},"query-input":{"@type":"PropertyValueSpecification","valueRequired":true,"valueName":"search_term_string"}}],"inLanguage":"en-US"},{"@type":"Person","@id":"https:\/\/crta.rs\/en\/#\/schema\/person\/0cc37dbc4cb7d35b32379de6f98e1c7f","name":"milica","url":"https:\/\/crta.rs\/en\/author\/milica\/"}]}},"_links":{"self":[{"href":"https:\/\/crta.rs\/en\/wp-json\/wp\/v2\/posts\/21503","targetHints":{"allow":["GET"]}}],"collection":[{"href":"https:\/\/crta.rs\/en\/wp-json\/wp\/v2\/posts"}],"about":[{"href":"https:\/\/crta.rs\/en\/wp-json\/wp\/v2\/types\/post"}],"author":[{"embeddable":true,"href":"https:\/\/crta.rs\/en\/wp-json\/wp\/v2\/users\/3"}],"replies":[{"embeddable":true,"href":"https:\/\/crta.rs\/en\/wp-json\/wp\/v2\/comments?post=21503"}],"version-history":[{"count":2,"href":"https:\/\/crta.rs\/en\/wp-json\/wp\/v2\/posts\/21503\/revisions"}],"predecessor-version":[{"id":21801,"href":"https:\/\/crta.rs\/en\/wp-json\/wp\/v2\/posts\/21503\/revisions\/21801"}],"wp:featuredmedia":[{"embeddable":true,"href":"https:\/\/crta.rs\/en\/wp-json\/wp\/v2\/media\/13695"}],"wp:attachment":[{"href":"https:\/\/crta.rs\/en\/wp-json\/wp\/v2\/media?parent=21503"}],"wp:term":[{"taxonomy":"category","embeddable":true,"href":"https:\/\/crta.rs\/en\/wp-json\/wp\/v2\/categories?post=21503"},{"taxonomy":"post_tag","embeddable":true,"href":"https:\/\/crta.rs\/en\/wp-json\/wp\/v2\/tags?post=21503"}],"curies":[{"name":"wp","href":"https:\/\/api.w.org\/{rel}","templated":true}]}}