{"id":21494,"date":"2019-12-11T12:04:28","date_gmt":"2019-12-11T11:04:28","guid":{"rendered":"https:\/\/crta.rs\/?p=21494"},"modified":"2020-02-06T12:05:30","modified_gmt":"2020-02-06T11:05:30","slug":"government-defending-public-officials-campaigning-2","status":"publish","type":"post","link":"https:\/\/crta.rs\/en\/government-defending-public-officials-campaigning-2\/","title":{"rendered":"Government defending public officials\u2019 campaigning"},"content":{"rendered":"<p><strong>Having decided not to accept the amendment to the Bill on amendments to the Anti-Corruption Agency Act submitted by the National Assembly deputies upon the CRTA\u2019s initiative, the Government of the Republic of Serbia showed that it was not interested in substantially improving the electoral conditions.<\/strong><\/p>\n<p>In the reasoning of the decision, the Government defended the practice of the public officials\u2019 campaign by practically identifying the officials with the institutions they manage, and accordingly, put a sign of equality between the public officials\u2019 campaign and the obligation of state bodies to present the results of their work to the public.<\/p>\n<p>The government has disregarded the OSCE \/ ODIHR conclusions given after the 2017 presidential elections, which clearly state that \u201cthe intensified activities of public officials in numerous social projects, especially in the campaign finale, in the eve of the elections, have raised the issue of their neutrality and contributed to a vague demarcation between national duties and activities within the campaign, which is contrary to OSCE commitments and the best international practice.\u201d<\/p>\n<p>The proposal for an amendment drafted by the CRTA\u2019s legal team would not have abolished the right of state bodies to represent their work, but would have introduced a ban on persons holding the status of a public official to participate in activities promoting the work and results of public authorities during the election campaign. The proposed ban would have been limited only to certain categories of activities, namely: commencement of construction works, reconstruction or commissioning of infrastructure facilities that are partly or entirely financed from public funds. The results of the work of state bodies could have been represented by other persons employed in these bodies.<\/p>\n<p>The Serbian government has also rejected the amendment concerning the introduction of a five-day deadline for the Anti-Corruption Agency to act upon citizens\u2019 complaints related to the offenses under article 29 of the Anti-Corruption Agency Act (public officials\u2019 campaign).<\/p>\n<p>The CRTA wishes to urge all MPs to act responsibly within the public\u2019s best interest and to vote, despite the Government\u2019s decision, in favour of amendments that would create conditions for free and fair elections.<\/p>\n","protected":false},"excerpt":{"rendered":"<p>Having decided not to accept the amendment to the Bill on amendments to the Anti-Corruption Agency Act submitted by the National Assembly deputies upon the CRTA\u2019s initiative, the Government of the Republic of Serbia showed that it was not interested in substantially improving the electoral conditions.<\/p>\n","protected":false},"author":3,"featured_media":21027,"comment_status":"open","ping_status":"open","sticky":false,"template":"","format":"standard","meta":{"_acf_changed":false,"footnotes":"","_links_to":"","_links_to_target":""},"categories":[681],"tags":[752],"class_list":["post-21494","post","type-post","status-publish","format-standard","has-post-thumbnail","hentry","category-news","tag-public-officials-campaign","ciTrackContent"],"acf":[],"yoast_head":"<!-- This site is optimized with the Yoast SEO plugin v27.4 - https:\/\/yoast.com\/product\/yoast-seo-wordpress\/ -->\n<title>Government defending public officials\u2019 campaigning - CRTA<\/title>\n<meta name=\"robots\" content=\"index, follow, max-snippet:-1, max-image-preview:large, max-video-preview:-1\" \/>\n<link rel=\"canonical\" href=\"https:\/\/crta.rs\/en\/government-defending-public-officials-campaigning-2\/\" \/>\n<meta property=\"og:locale\" content=\"en_US\" \/>\n<meta property=\"og:type\" content=\"article\" \/>\n<meta property=\"og:title\" content=\"Government defending public officials\u2019 campaigning - CRTA\" \/>\n<meta property=\"og:description\" content=\"Having decided not to accept the amendment to the Bill on amendments to the Anti-Corruption Agency Act submitted by the National Assembly deputies upon the CRTA\u2019s initiative, the Government of the Republic of Serbia showed that it was not interested in substantially improving the electoral conditions.\" \/>\n<meta property=\"og:url\" content=\"https:\/\/crta.rs\/en\/government-defending-public-officials-campaigning-2\/\" \/>\n<meta property=\"og:site_name\" content=\"CRTA\" \/>\n<meta property=\"article:publisher\" content=\"https:\/\/www.facebook.com\/CRTArs\/\" \/>\n<meta property=\"article:published_time\" content=\"2019-12-11T11:04:28+00:00\" \/>\n<meta property=\"article:modified_time\" content=\"2020-02-06T11:05:30+00:00\" \/>\n<meta property=\"og:image\" content=\"https:\/\/crta.rs\/wp-content\/uploads\/2019\/03\/CRTA-logo-1.png\" \/>\n\t<meta property=\"og:image:width\" content=\"576\" \/>\n\t<meta property=\"og:image:height\" content=\"383\" \/>\n\t<meta property=\"og:image:type\" content=\"image\/png\" \/>\n<meta name=\"author\" content=\"milica\" \/>\n<meta name=\"twitter:card\" content=\"summary_large_image\" \/>\n<meta name=\"twitter:label1\" content=\"Written by\" \/>\n\t<meta name=\"twitter:data1\" content=\"milica\" \/>\n\t<meta name=\"twitter:label2\" content=\"Est. reading time\" \/>\n\t<meta name=\"twitter:data2\" content=\"2 minutes\" \/>\n<script type=\"application\/ld+json\" class=\"yoast-schema-graph\">{\"@context\":\"https:\\\/\\\/schema.org\",\"@graph\":[{\"@type\":\"Article\",\"@id\":\"https:\\\/\\\/crta.rs\\\/en\\\/government-defending-public-officials-campaigning-2\\\/#article\",\"isPartOf\":{\"@id\":\"https:\\\/\\\/crta.rs\\\/en\\\/government-defending-public-officials-campaigning-2\\\/\"},\"author\":{\"name\":\"milica\",\"@id\":\"https:\\\/\\\/crta.rs\\\/en\\\/#\\\/schema\\\/person\\\/0cc37dbc4cb7d35b32379de6f98e1c7f\"},\"headline\":\"Government defending public officials\u2019 campaigning\",\"datePublished\":\"2019-12-11T11:04:28+00:00\",\"dateModified\":\"2020-02-06T11:05:30+00:00\",\"mainEntityOfPage\":{\"@id\":\"https:\\\/\\\/crta.rs\\\/en\\\/government-defending-public-officials-campaigning-2\\\/\"},\"wordCount\":359,\"commentCount\":0,\"image\":{\"@id\":\"https:\\\/\\\/crta.rs\\\/en\\\/government-defending-public-officials-campaigning-2\\\/#primaryimage\"},\"thumbnailUrl\":\"https:\\\/\\\/crta.rs\\\/wp-content\\\/uploads\\\/2019\\\/03\\\/CRTA-logo-1.png\",\"keywords\":[\"public officials\u2019 campaign\"],\"articleSection\":[\"News\"],\"inLanguage\":\"en-US\",\"potentialAction\":[{\"@type\":\"CommentAction\",\"name\":\"Comment\",\"target\":[\"https:\\\/\\\/crta.rs\\\/en\\\/government-defending-public-officials-campaigning-2\\\/#respond\"]}]},{\"@type\":\"WebPage\",\"@id\":\"https:\\\/\\\/crta.rs\\\/en\\\/government-defending-public-officials-campaigning-2\\\/\",\"url\":\"https:\\\/\\\/crta.rs\\\/en\\\/government-defending-public-officials-campaigning-2\\\/\",\"name\":\"Government defending public officials\u2019 campaigning - CRTA\",\"isPartOf\":{\"@id\":\"https:\\\/\\\/crta.rs\\\/en\\\/#website\"},\"primaryImageOfPage\":{\"@id\":\"https:\\\/\\\/crta.rs\\\/en\\\/government-defending-public-officials-campaigning-2\\\/#primaryimage\"},\"image\":{\"@id\":\"https:\\\/\\\/crta.rs\\\/en\\\/government-defending-public-officials-campaigning-2\\\/#primaryimage\"},\"thumbnailUrl\":\"https:\\\/\\\/crta.rs\\\/wp-content\\\/uploads\\\/2019\\\/03\\\/CRTA-logo-1.png\",\"datePublished\":\"2019-12-11T11:04:28+00:00\",\"dateModified\":\"2020-02-06T11:05:30+00:00\",\"author\":{\"@id\":\"https:\\\/\\\/crta.rs\\\/en\\\/#\\\/schema\\\/person\\\/0cc37dbc4cb7d35b32379de6f98e1c7f\"},\"breadcrumb\":{\"@id\":\"https:\\\/\\\/crta.rs\\\/en\\\/government-defending-public-officials-campaigning-2\\\/#breadcrumb\"},\"inLanguage\":\"en-US\",\"potentialAction\":[{\"@type\":\"ReadAction\",\"target\":[\"https:\\\/\\\/crta.rs\\\/en\\\/government-defending-public-officials-campaigning-2\\\/\"]}]},{\"@type\":\"ImageObject\",\"inLanguage\":\"en-US\",\"@id\":\"https:\\\/\\\/crta.rs\\\/en\\\/government-defending-public-officials-campaigning-2\\\/#primaryimage\",\"url\":\"https:\\\/\\\/crta.rs\\\/wp-content\\\/uploads\\\/2019\\\/03\\\/CRTA-logo-1.png\",\"contentUrl\":\"https:\\\/\\\/crta.rs\\\/wp-content\\\/uploads\\\/2019\\\/03\\\/CRTA-logo-1.png\",\"width\":576,\"height\":383},{\"@type\":\"BreadcrumbList\",\"@id\":\"https:\\\/\\\/crta.rs\\\/en\\\/government-defending-public-officials-campaigning-2\\\/#breadcrumb\",\"itemListElement\":[{\"@type\":\"ListItem\",\"position\":1,\"name\":\"Home\",\"item\":\"https:\\\/\\\/crta.rs\\\/en\\\/\"},{\"@type\":\"ListItem\",\"position\":2,\"name\":\"News\",\"item\":\"https:\\\/\\\/crta.rs\\\/en\\\/category\\\/news\\\/\"},{\"@type\":\"ListItem\",\"position\":3,\"name\":\"Government defending public officials\u2019 campaigning\"}]},{\"@type\":\"WebSite\",\"@id\":\"https:\\\/\\\/crta.rs\\\/en\\\/#website\",\"url\":\"https:\\\/\\\/crta.rs\\\/en\\\/\",\"name\":\"CRTA\",\"description\":\"Mi smo grupa aktivista i novinara koja zajedno sa gra\u0111anima uti\u010de na pove\u0107anje odgovornosti institucija i javnih funkcionera kroz pra\u0107enje i kontrolu njihovog rada.\",\"potentialAction\":[{\"@type\":\"SearchAction\",\"target\":{\"@type\":\"EntryPoint\",\"urlTemplate\":\"https:\\\/\\\/crta.rs\\\/en\\\/?s={search_term_string}\"},\"query-input\":{\"@type\":\"PropertyValueSpecification\",\"valueRequired\":true,\"valueName\":\"search_term_string\"}}],\"inLanguage\":\"en-US\"},{\"@type\":\"Person\",\"@id\":\"https:\\\/\\\/crta.rs\\\/en\\\/#\\\/schema\\\/person\\\/0cc37dbc4cb7d35b32379de6f98e1c7f\",\"name\":\"milica\",\"url\":\"https:\\\/\\\/crta.rs\\\/en\\\/author\\\/milica\\\/\"}]}<\/script>\n<!-- \/ Yoast SEO plugin. -->","yoast_head_json":{"title":"Government defending public officials\u2019 campaigning - CRTA","robots":{"index":"index","follow":"follow","max-snippet":"max-snippet:-1","max-image-preview":"max-image-preview:large","max-video-preview":"max-video-preview:-1"},"canonical":"https:\/\/crta.rs\/en\/government-defending-public-officials-campaigning-2\/","og_locale":"en_US","og_type":"article","og_title":"Government defending public officials\u2019 campaigning - CRTA","og_description":"Having decided not to accept the amendment to the Bill on amendments to the Anti-Corruption Agency Act submitted by the National Assembly deputies upon the CRTA\u2019s initiative, the Government of the Republic of Serbia showed that it was not interested in substantially improving the electoral conditions.","og_url":"https:\/\/crta.rs\/en\/government-defending-public-officials-campaigning-2\/","og_site_name":"CRTA","article_publisher":"https:\/\/www.facebook.com\/CRTArs\/","article_published_time":"2019-12-11T11:04:28+00:00","article_modified_time":"2020-02-06T11:05:30+00:00","og_image":[{"width":576,"height":383,"url":"https:\/\/crta.rs\/wp-content\/uploads\/2019\/03\/CRTA-logo-1.png","type":"image\/png"}],"author":"milica","twitter_card":"summary_large_image","twitter_misc":{"Written by":"milica","Est. reading time":"2 minutes"},"schema":{"@context":"https:\/\/schema.org","@graph":[{"@type":"Article","@id":"https:\/\/crta.rs\/en\/government-defending-public-officials-campaigning-2\/#article","isPartOf":{"@id":"https:\/\/crta.rs\/en\/government-defending-public-officials-campaigning-2\/"},"author":{"name":"milica","@id":"https:\/\/crta.rs\/en\/#\/schema\/person\/0cc37dbc4cb7d35b32379de6f98e1c7f"},"headline":"Government defending public officials\u2019 campaigning","datePublished":"2019-12-11T11:04:28+00:00","dateModified":"2020-02-06T11:05:30+00:00","mainEntityOfPage":{"@id":"https:\/\/crta.rs\/en\/government-defending-public-officials-campaigning-2\/"},"wordCount":359,"commentCount":0,"image":{"@id":"https:\/\/crta.rs\/en\/government-defending-public-officials-campaigning-2\/#primaryimage"},"thumbnailUrl":"https:\/\/crta.rs\/wp-content\/uploads\/2019\/03\/CRTA-logo-1.png","keywords":["public officials\u2019 campaign"],"articleSection":["News"],"inLanguage":"en-US","potentialAction":[{"@type":"CommentAction","name":"Comment","target":["https:\/\/crta.rs\/en\/government-defending-public-officials-campaigning-2\/#respond"]}]},{"@type":"WebPage","@id":"https:\/\/crta.rs\/en\/government-defending-public-officials-campaigning-2\/","url":"https:\/\/crta.rs\/en\/government-defending-public-officials-campaigning-2\/","name":"Government defending public officials\u2019 campaigning - CRTA","isPartOf":{"@id":"https:\/\/crta.rs\/en\/#website"},"primaryImageOfPage":{"@id":"https:\/\/crta.rs\/en\/government-defending-public-officials-campaigning-2\/#primaryimage"},"image":{"@id":"https:\/\/crta.rs\/en\/government-defending-public-officials-campaigning-2\/#primaryimage"},"thumbnailUrl":"https:\/\/crta.rs\/wp-content\/uploads\/2019\/03\/CRTA-logo-1.png","datePublished":"2019-12-11T11:04:28+00:00","dateModified":"2020-02-06T11:05:30+00:00","author":{"@id":"https:\/\/crta.rs\/en\/#\/schema\/person\/0cc37dbc4cb7d35b32379de6f98e1c7f"},"breadcrumb":{"@id":"https:\/\/crta.rs\/en\/government-defending-public-officials-campaigning-2\/#breadcrumb"},"inLanguage":"en-US","potentialAction":[{"@type":"ReadAction","target":["https:\/\/crta.rs\/en\/government-defending-public-officials-campaigning-2\/"]}]},{"@type":"ImageObject","inLanguage":"en-US","@id":"https:\/\/crta.rs\/en\/government-defending-public-officials-campaigning-2\/#primaryimage","url":"https:\/\/crta.rs\/wp-content\/uploads\/2019\/03\/CRTA-logo-1.png","contentUrl":"https:\/\/crta.rs\/wp-content\/uploads\/2019\/03\/CRTA-logo-1.png","width":576,"height":383},{"@type":"BreadcrumbList","@id":"https:\/\/crta.rs\/en\/government-defending-public-officials-campaigning-2\/#breadcrumb","itemListElement":[{"@type":"ListItem","position":1,"name":"Home","item":"https:\/\/crta.rs\/en\/"},{"@type":"ListItem","position":2,"name":"News","item":"https:\/\/crta.rs\/en\/category\/news\/"},{"@type":"ListItem","position":3,"name":"Government defending public officials\u2019 campaigning"}]},{"@type":"WebSite","@id":"https:\/\/crta.rs\/en\/#website","url":"https:\/\/crta.rs\/en\/","name":"CRTA","description":"Mi smo grupa aktivista i novinara koja zajedno sa gra\u0111anima uti\u010de na pove\u0107anje odgovornosti institucija i javnih funkcionera kroz pra\u0107enje i kontrolu njihovog rada.","potentialAction":[{"@type":"SearchAction","target":{"@type":"EntryPoint","urlTemplate":"https:\/\/crta.rs\/en\/?s={search_term_string}"},"query-input":{"@type":"PropertyValueSpecification","valueRequired":true,"valueName":"search_term_string"}}],"inLanguage":"en-US"},{"@type":"Person","@id":"https:\/\/crta.rs\/en\/#\/schema\/person\/0cc37dbc4cb7d35b32379de6f98e1c7f","name":"milica","url":"https:\/\/crta.rs\/en\/author\/milica\/"}]}},"_links":{"self":[{"href":"https:\/\/crta.rs\/en\/wp-json\/wp\/v2\/posts\/21494","targetHints":{"allow":["GET"]}}],"collection":[{"href":"https:\/\/crta.rs\/en\/wp-json\/wp\/v2\/posts"}],"about":[{"href":"https:\/\/crta.rs\/en\/wp-json\/wp\/v2\/types\/post"}],"author":[{"embeddable":true,"href":"https:\/\/crta.rs\/en\/wp-json\/wp\/v2\/users\/3"}],"replies":[{"embeddable":true,"href":"https:\/\/crta.rs\/en\/wp-json\/wp\/v2\/comments?post=21494"}],"version-history":[{"count":1,"href":"https:\/\/crta.rs\/en\/wp-json\/wp\/v2\/posts\/21494\/revisions"}],"predecessor-version":[{"id":21496,"href":"https:\/\/crta.rs\/en\/wp-json\/wp\/v2\/posts\/21494\/revisions\/21496"}],"wp:featuredmedia":[{"embeddable":true,"href":"https:\/\/crta.rs\/en\/wp-json\/wp\/v2\/media\/21027"}],"wp:attachment":[{"href":"https:\/\/crta.rs\/en\/wp-json\/wp\/v2\/media?parent=21494"}],"wp:term":[{"taxonomy":"category","embeddable":true,"href":"https:\/\/crta.rs\/en\/wp-json\/wp\/v2\/categories?post=21494"},{"taxonomy":"post_tag","embeddable":true,"href":"https:\/\/crta.rs\/en\/wp-json\/wp\/v2\/tags?post=21494"}],"curies":[{"name":"wp","href":"https:\/\/api.w.org\/{rel}","templated":true}]}}