{"id":21484,"date":"2019-10-14T11:46:05","date_gmt":"2019-10-14T09:46:05","guid":{"rendered":"https:\/\/crta.rs\/?p=21484"},"modified":"2020-02-06T11:46:53","modified_gmt":"2020-02-06T10:46:53","slug":"crta-files-criminal-charges-against-responsible-persons-in-the-government-of-the-ap-of-vojvodina-2","status":"publish","type":"post","link":"https:\/\/crta.rs\/en\/crta-files-criminal-charges-against-responsible-persons-in-the-government-of-the-ap-of-vojvodina-2\/","title":{"rendered":"CRTA files criminal charges against responsible persons in the Government of the AP of Vojvodina"},"content":{"rendered":"<p>Due to suspected misuse of public resources for political purposes, CRTA will file another\u00a0<a href=\"https:\/\/crta.rs\/wp-content\/uploads\/2019\/10\/Krivi%C4%8Dna-prijava-Pokrajinska-vlada-APV-Novi-Sad.pdf\">criminal charges<\/a>\u00a0as it found that among the more than 200 vehicles registered outside Lu\u010dani, observed on the day of the local elections in that municipality, on \u00a0December 16<sup>th<\/sup>, 2018, there was a Skoda Superb owned by the Government of the AP of Vojvodina.<\/p>\n<p>The CRTA has a photograph of the said vehicle taken near one of the polling stations in Lu\u010dani. Back in December 2018, CRTA required the provincial government to list all its vehicles. Since the request was not answered, CRTA appealed to the Commissioner for Information of Public Importance, so the requested list was provided, but it happened in October 2019.<\/p>\n<p>\u201cDuring the dialogue on election conditions, we insist on the need to curb the misuse of public resources, as we see this as one of the key problems that threatens the regularity of the electoral process. Unfortunately, we do not have the impression that competent institutions, such as the Prosecutor\u2019s Office and the Anti-Corruption Agency, act efficiently in cases like this one.\u201c, said\u00a0Ra\u0161a Nedeljkov, programme director at CRTA.<\/p>\n<p>CRTA urges the competent Prosecutor\u2019s Office to examine as soon as possible the reasons why the official car of the provincial government was found in a place hundreds of kilometres away from Vojvodina, and to undertake further legal measures.<\/p>\n<p>Earlier, CRTA had already filed criminal charges against responsible persons in 15 public companies and institutions from 8 cities the vehicles of which were present in Lu\u010dani on the Election Day.<\/p>\n","protected":false},"excerpt":{"rendered":"<p>Due to suspected misuse of public resources for political purposes, CRTA will file another\u00a0criminal charges\u00a0as it found that among the more than 200 vehicles registered outside Lu\u010dani, observed on the day of the local elections in that municipality, on \u00a0December 16th, 2018, there was a Skoda Superb owned by the Government of the AP of Vojvodina.<\/p>\n","protected":false},"author":3,"featured_media":19377,"comment_status":"open","ping_status":"open","sticky":false,"template":"","format":"standard","meta":{"_acf_changed":false,"footnotes":"","_links_to":"","_links_to_target":""},"categories":[681],"tags":[164,509,510],"class_list":["post-21484","post","type-post","status-publish","format-standard","has-post-thumbnail","hentry","category-news","tag-elections","tag-local-elections","tag-lucani-en","ciTrackContent"],"acf":[],"yoast_head":"<!-- This site is optimized with the Yoast SEO plugin v27.4 - https:\/\/yoast.com\/product\/yoast-seo-wordpress\/ -->\n<title>CRTA files criminal charges against responsible persons in the Government of the AP of Vojvodina - CRTA<\/title>\n<meta name=\"robots\" content=\"index, follow, max-snippet:-1, max-image-preview:large, max-video-preview:-1\" \/>\n<link rel=\"canonical\" href=\"https:\/\/crta.rs\/en\/crta-files-criminal-charges-against-responsible-persons-in-the-government-of-the-ap-of-vojvodina-2\/\" \/>\n<meta property=\"og:locale\" content=\"en_US\" \/>\n<meta property=\"og:type\" content=\"article\" \/>\n<meta property=\"og:title\" content=\"CRTA files criminal charges against responsible persons in the Government of the AP of Vojvodina - CRTA\" \/>\n<meta property=\"og:description\" content=\"Due to suspected misuse of public resources for political purposes, CRTA will file another\u00a0criminal charges\u00a0as it found that among the more than 200 vehicles registered outside Lu\u010dani, observed on the day of the local elections in that municipality, on \u00a0December 16th, 2018, there was a Skoda Superb owned by the Government of the AP of Vojvodina.\" \/>\n<meta property=\"og:url\" content=\"https:\/\/crta.rs\/en\/crta-files-criminal-charges-against-responsible-persons-in-the-government-of-the-ap-of-vojvodina-2\/\" \/>\n<meta property=\"og:site_name\" content=\"CRTA\" \/>\n<meta property=\"article:publisher\" content=\"https:\/\/www.facebook.com\/CRTArs\/\" \/>\n<meta property=\"article:published_time\" content=\"2019-10-14T09:46:05+00:00\" \/>\n<meta property=\"article:modified_time\" content=\"2020-02-06T10:46:53+00:00\" \/>\n<meta property=\"og:image\" content=\"https:\/\/crta.rs\/wp-content\/uploads\/2019\/03\/lucani-image.jpg\" \/>\n\t<meta property=\"og:image:width\" content=\"727\" \/>\n\t<meta property=\"og:image:height\" content=\"363\" \/>\n\t<meta property=\"og:image:type\" content=\"image\/jpeg\" \/>\n<meta name=\"author\" content=\"milica\" \/>\n<meta name=\"twitter:card\" content=\"summary_large_image\" \/>\n<meta name=\"twitter:label1\" content=\"Written by\" \/>\n\t<meta name=\"twitter:data1\" content=\"milica\" \/>\n\t<meta name=\"twitter:label2\" content=\"Est. reading time\" \/>\n\t<meta name=\"twitter:data2\" content=\"1 minute\" \/>\n<script type=\"application\/ld+json\" class=\"yoast-schema-graph\">{\"@context\":\"https:\\\/\\\/schema.org\",\"@graph\":[{\"@type\":\"Article\",\"@id\":\"https:\\\/\\\/crta.rs\\\/en\\\/crta-files-criminal-charges-against-responsible-persons-in-the-government-of-the-ap-of-vojvodina-2\\\/#article\",\"isPartOf\":{\"@id\":\"https:\\\/\\\/crta.rs\\\/en\\\/crta-files-criminal-charges-against-responsible-persons-in-the-government-of-the-ap-of-vojvodina-2\\\/\"},\"author\":{\"name\":\"milica\",\"@id\":\"https:\\\/\\\/crta.rs\\\/en\\\/#\\\/schema\\\/person\\\/0cc37dbc4cb7d35b32379de6f98e1c7f\"},\"headline\":\"CRTA files criminal charges against responsible persons in the Government of the AP of Vojvodina\",\"datePublished\":\"2019-10-14T09:46:05+00:00\",\"dateModified\":\"2020-02-06T10:46:53+00:00\",\"mainEntityOfPage\":{\"@id\":\"https:\\\/\\\/crta.rs\\\/en\\\/crta-files-criminal-charges-against-responsible-persons-in-the-government-of-the-ap-of-vojvodina-2\\\/\"},\"wordCount\":272,\"commentCount\":0,\"image\":{\"@id\":\"https:\\\/\\\/crta.rs\\\/en\\\/crta-files-criminal-charges-against-responsible-persons-in-the-government-of-the-ap-of-vojvodina-2\\\/#primaryimage\"},\"thumbnailUrl\":\"https:\\\/\\\/crta.rs\\\/wp-content\\\/uploads\\\/2019\\\/03\\\/lucani-image.jpg\",\"keywords\":[\"elections\",\"local elections\",\"lucani\"],\"articleSection\":[\"News\"],\"inLanguage\":\"en-US\",\"potentialAction\":[{\"@type\":\"CommentAction\",\"name\":\"Comment\",\"target\":[\"https:\\\/\\\/crta.rs\\\/en\\\/crta-files-criminal-charges-against-responsible-persons-in-the-government-of-the-ap-of-vojvodina-2\\\/#respond\"]}]},{\"@type\":\"WebPage\",\"@id\":\"https:\\\/\\\/crta.rs\\\/en\\\/crta-files-criminal-charges-against-responsible-persons-in-the-government-of-the-ap-of-vojvodina-2\\\/\",\"url\":\"https:\\\/\\\/crta.rs\\\/en\\\/crta-files-criminal-charges-against-responsible-persons-in-the-government-of-the-ap-of-vojvodina-2\\\/\",\"name\":\"CRTA files criminal charges against responsible persons in the Government of the AP of Vojvodina - CRTA\",\"isPartOf\":{\"@id\":\"https:\\\/\\\/crta.rs\\\/en\\\/#website\"},\"primaryImageOfPage\":{\"@id\":\"https:\\\/\\\/crta.rs\\\/en\\\/crta-files-criminal-charges-against-responsible-persons-in-the-government-of-the-ap-of-vojvodina-2\\\/#primaryimage\"},\"image\":{\"@id\":\"https:\\\/\\\/crta.rs\\\/en\\\/crta-files-criminal-charges-against-responsible-persons-in-the-government-of-the-ap-of-vojvodina-2\\\/#primaryimage\"},\"thumbnailUrl\":\"https:\\\/\\\/crta.rs\\\/wp-content\\\/uploads\\\/2019\\\/03\\\/lucani-image.jpg\",\"datePublished\":\"2019-10-14T09:46:05+00:00\",\"dateModified\":\"2020-02-06T10:46:53+00:00\",\"author\":{\"@id\":\"https:\\\/\\\/crta.rs\\\/en\\\/#\\\/schema\\\/person\\\/0cc37dbc4cb7d35b32379de6f98e1c7f\"},\"breadcrumb\":{\"@id\":\"https:\\\/\\\/crta.rs\\\/en\\\/crta-files-criminal-charges-against-responsible-persons-in-the-government-of-the-ap-of-vojvodina-2\\\/#breadcrumb\"},\"inLanguage\":\"en-US\",\"potentialAction\":[{\"@type\":\"ReadAction\",\"target\":[\"https:\\\/\\\/crta.rs\\\/en\\\/crta-files-criminal-charges-against-responsible-persons-in-the-government-of-the-ap-of-vojvodina-2\\\/\"]}]},{\"@type\":\"ImageObject\",\"inLanguage\":\"en-US\",\"@id\":\"https:\\\/\\\/crta.rs\\\/en\\\/crta-files-criminal-charges-against-responsible-persons-in-the-government-of-the-ap-of-vojvodina-2\\\/#primaryimage\",\"url\":\"https:\\\/\\\/crta.rs\\\/wp-content\\\/uploads\\\/2019\\\/03\\\/lucani-image.jpg\",\"contentUrl\":\"https:\\\/\\\/crta.rs\\\/wp-content\\\/uploads\\\/2019\\\/03\\\/lucani-image.jpg\",\"width\":727,\"height\":363},{\"@type\":\"BreadcrumbList\",\"@id\":\"https:\\\/\\\/crta.rs\\\/en\\\/crta-files-criminal-charges-against-responsible-persons-in-the-government-of-the-ap-of-vojvodina-2\\\/#breadcrumb\",\"itemListElement\":[{\"@type\":\"ListItem\",\"position\":1,\"name\":\"Home\",\"item\":\"https:\\\/\\\/crta.rs\\\/en\\\/\"},{\"@type\":\"ListItem\",\"position\":2,\"name\":\"News\",\"item\":\"https:\\\/\\\/crta.rs\\\/en\\\/category\\\/news\\\/\"},{\"@type\":\"ListItem\",\"position\":3,\"name\":\"CRTA files criminal charges against responsible persons in the Government of the AP of Vojvodina\"}]},{\"@type\":\"WebSite\",\"@id\":\"https:\\\/\\\/crta.rs\\\/en\\\/#website\",\"url\":\"https:\\\/\\\/crta.rs\\\/en\\\/\",\"name\":\"CRTA\",\"description\":\"Mi smo grupa aktivista i novinara koja zajedno sa gra\u0111anima uti\u010de na pove\u0107anje odgovornosti institucija i javnih funkcionera kroz pra\u0107enje i kontrolu njihovog rada.\",\"potentialAction\":[{\"@type\":\"SearchAction\",\"target\":{\"@type\":\"EntryPoint\",\"urlTemplate\":\"https:\\\/\\\/crta.rs\\\/en\\\/?s={search_term_string}\"},\"query-input\":{\"@type\":\"PropertyValueSpecification\",\"valueRequired\":true,\"valueName\":\"search_term_string\"}}],\"inLanguage\":\"en-US\"},{\"@type\":\"Person\",\"@id\":\"https:\\\/\\\/crta.rs\\\/en\\\/#\\\/schema\\\/person\\\/0cc37dbc4cb7d35b32379de6f98e1c7f\",\"name\":\"milica\",\"url\":\"https:\\\/\\\/crta.rs\\\/en\\\/author\\\/milica\\\/\"}]}<\/script>\n<!-- \/ Yoast SEO plugin. -->","yoast_head_json":{"title":"CRTA files criminal charges against responsible persons in the Government of the AP of Vojvodina - CRTA","robots":{"index":"index","follow":"follow","max-snippet":"max-snippet:-1","max-image-preview":"max-image-preview:large","max-video-preview":"max-video-preview:-1"},"canonical":"https:\/\/crta.rs\/en\/crta-files-criminal-charges-against-responsible-persons-in-the-government-of-the-ap-of-vojvodina-2\/","og_locale":"en_US","og_type":"article","og_title":"CRTA files criminal charges against responsible persons in the Government of the AP of Vojvodina - CRTA","og_description":"Due to suspected misuse of public resources for political purposes, CRTA will file another\u00a0criminal charges\u00a0as it found that among the more than 200 vehicles registered outside Lu\u010dani, observed on the day of the local elections in that municipality, on \u00a0December 16th, 2018, there was a Skoda Superb owned by the Government of the AP of Vojvodina.","og_url":"https:\/\/crta.rs\/en\/crta-files-criminal-charges-against-responsible-persons-in-the-government-of-the-ap-of-vojvodina-2\/","og_site_name":"CRTA","article_publisher":"https:\/\/www.facebook.com\/CRTArs\/","article_published_time":"2019-10-14T09:46:05+00:00","article_modified_time":"2020-02-06T10:46:53+00:00","og_image":[{"width":727,"height":363,"url":"https:\/\/crta.rs\/wp-content\/uploads\/2019\/03\/lucani-image.jpg","type":"image\/jpeg"}],"author":"milica","twitter_card":"summary_large_image","twitter_misc":{"Written by":"milica","Est. reading time":"1 minute"},"schema":{"@context":"https:\/\/schema.org","@graph":[{"@type":"Article","@id":"https:\/\/crta.rs\/en\/crta-files-criminal-charges-against-responsible-persons-in-the-government-of-the-ap-of-vojvodina-2\/#article","isPartOf":{"@id":"https:\/\/crta.rs\/en\/crta-files-criminal-charges-against-responsible-persons-in-the-government-of-the-ap-of-vojvodina-2\/"},"author":{"name":"milica","@id":"https:\/\/crta.rs\/en\/#\/schema\/person\/0cc37dbc4cb7d35b32379de6f98e1c7f"},"headline":"CRTA files criminal charges against responsible persons in the Government of the AP of Vojvodina","datePublished":"2019-10-14T09:46:05+00:00","dateModified":"2020-02-06T10:46:53+00:00","mainEntityOfPage":{"@id":"https:\/\/crta.rs\/en\/crta-files-criminal-charges-against-responsible-persons-in-the-government-of-the-ap-of-vojvodina-2\/"},"wordCount":272,"commentCount":0,"image":{"@id":"https:\/\/crta.rs\/en\/crta-files-criminal-charges-against-responsible-persons-in-the-government-of-the-ap-of-vojvodina-2\/#primaryimage"},"thumbnailUrl":"https:\/\/crta.rs\/wp-content\/uploads\/2019\/03\/lucani-image.jpg","keywords":["elections","local elections","lucani"],"articleSection":["News"],"inLanguage":"en-US","potentialAction":[{"@type":"CommentAction","name":"Comment","target":["https:\/\/crta.rs\/en\/crta-files-criminal-charges-against-responsible-persons-in-the-government-of-the-ap-of-vojvodina-2\/#respond"]}]},{"@type":"WebPage","@id":"https:\/\/crta.rs\/en\/crta-files-criminal-charges-against-responsible-persons-in-the-government-of-the-ap-of-vojvodina-2\/","url":"https:\/\/crta.rs\/en\/crta-files-criminal-charges-against-responsible-persons-in-the-government-of-the-ap-of-vojvodina-2\/","name":"CRTA files criminal charges against responsible persons in the Government of the AP of Vojvodina - CRTA","isPartOf":{"@id":"https:\/\/crta.rs\/en\/#website"},"primaryImageOfPage":{"@id":"https:\/\/crta.rs\/en\/crta-files-criminal-charges-against-responsible-persons-in-the-government-of-the-ap-of-vojvodina-2\/#primaryimage"},"image":{"@id":"https:\/\/crta.rs\/en\/crta-files-criminal-charges-against-responsible-persons-in-the-government-of-the-ap-of-vojvodina-2\/#primaryimage"},"thumbnailUrl":"https:\/\/crta.rs\/wp-content\/uploads\/2019\/03\/lucani-image.jpg","datePublished":"2019-10-14T09:46:05+00:00","dateModified":"2020-02-06T10:46:53+00:00","author":{"@id":"https:\/\/crta.rs\/en\/#\/schema\/person\/0cc37dbc4cb7d35b32379de6f98e1c7f"},"breadcrumb":{"@id":"https:\/\/crta.rs\/en\/crta-files-criminal-charges-against-responsible-persons-in-the-government-of-the-ap-of-vojvodina-2\/#breadcrumb"},"inLanguage":"en-US","potentialAction":[{"@type":"ReadAction","target":["https:\/\/crta.rs\/en\/crta-files-criminal-charges-against-responsible-persons-in-the-government-of-the-ap-of-vojvodina-2\/"]}]},{"@type":"ImageObject","inLanguage":"en-US","@id":"https:\/\/crta.rs\/en\/crta-files-criminal-charges-against-responsible-persons-in-the-government-of-the-ap-of-vojvodina-2\/#primaryimage","url":"https:\/\/crta.rs\/wp-content\/uploads\/2019\/03\/lucani-image.jpg","contentUrl":"https:\/\/crta.rs\/wp-content\/uploads\/2019\/03\/lucani-image.jpg","width":727,"height":363},{"@type":"BreadcrumbList","@id":"https:\/\/crta.rs\/en\/crta-files-criminal-charges-against-responsible-persons-in-the-government-of-the-ap-of-vojvodina-2\/#breadcrumb","itemListElement":[{"@type":"ListItem","position":1,"name":"Home","item":"https:\/\/crta.rs\/en\/"},{"@type":"ListItem","position":2,"name":"News","item":"https:\/\/crta.rs\/en\/category\/news\/"},{"@type":"ListItem","position":3,"name":"CRTA files criminal charges against responsible persons in the Government of the AP of Vojvodina"}]},{"@type":"WebSite","@id":"https:\/\/crta.rs\/en\/#website","url":"https:\/\/crta.rs\/en\/","name":"CRTA","description":"Mi smo grupa aktivista i novinara koja zajedno sa gra\u0111anima uti\u010de na pove\u0107anje odgovornosti institucija i javnih funkcionera kroz pra\u0107enje i kontrolu njihovog rada.","potentialAction":[{"@type":"SearchAction","target":{"@type":"EntryPoint","urlTemplate":"https:\/\/crta.rs\/en\/?s={search_term_string}"},"query-input":{"@type":"PropertyValueSpecification","valueRequired":true,"valueName":"search_term_string"}}],"inLanguage":"en-US"},{"@type":"Person","@id":"https:\/\/crta.rs\/en\/#\/schema\/person\/0cc37dbc4cb7d35b32379de6f98e1c7f","name":"milica","url":"https:\/\/crta.rs\/en\/author\/milica\/"}]}},"_links":{"self":[{"href":"https:\/\/crta.rs\/en\/wp-json\/wp\/v2\/posts\/21484","targetHints":{"allow":["GET"]}}],"collection":[{"href":"https:\/\/crta.rs\/en\/wp-json\/wp\/v2\/posts"}],"about":[{"href":"https:\/\/crta.rs\/en\/wp-json\/wp\/v2\/types\/post"}],"author":[{"embeddable":true,"href":"https:\/\/crta.rs\/en\/wp-json\/wp\/v2\/users\/3"}],"replies":[{"embeddable":true,"href":"https:\/\/crta.rs\/en\/wp-json\/wp\/v2\/comments?post=21484"}],"version-history":[{"count":1,"href":"https:\/\/crta.rs\/en\/wp-json\/wp\/v2\/posts\/21484\/revisions"}],"predecessor-version":[{"id":21485,"href":"https:\/\/crta.rs\/en\/wp-json\/wp\/v2\/posts\/21484\/revisions\/21485"}],"wp:featuredmedia":[{"embeddable":true,"href":"https:\/\/crta.rs\/en\/wp-json\/wp\/v2\/media\/19377"}],"wp:attachment":[{"href":"https:\/\/crta.rs\/en\/wp-json\/wp\/v2\/media?parent=21484"}],"wp:term":[{"taxonomy":"category","embeddable":true,"href":"https:\/\/crta.rs\/en\/wp-json\/wp\/v2\/categories?post=21484"},{"taxonomy":"post_tag","embeddable":true,"href":"https:\/\/crta.rs\/en\/wp-json\/wp\/v2\/tags?post=21484"}],"curies":[{"name":"wp","href":"https:\/\/api.w.org\/{rel}","templated":true}]}}