{"id":21482,"date":"2019-10-09T11:44:47","date_gmt":"2019-10-09T09:44:47","guid":{"rendered":"https:\/\/crta.rs\/?p=21482"},"modified":"2020-02-06T11:45:48","modified_gmt":"2020-02-06T10:45:48","slug":"crta-proposed-a-draft-rulebook-on-electronic-media-obligations-during-the-election-campaign-2","status":"publish","type":"post","link":"https:\/\/crta.rs\/en\/crta-proposed-a-draft-rulebook-on-electronic-media-obligations-during-the-election-campaign-2\/","title":{"rendered":"CRTA proposed a draft Rulebook on electronic media obligations during the election campaign"},"content":{"rendered":"<p>Since the Rulebook on electronic media obligations during the election campaign was repealed in February 2019, and drafting of a new one did not begin eight months later, CRTA prepared and offered a draft of the new document. CRTA prepared \u00a0<a href=\"https:\/\/crta.rs\/crta-nacrt-pravilnika-o-obavezama-pruzalaca-medijskih-usluga-tokom-predizborne-kampanje\/\">the draft Rulebook<\/a>\u00a0 on the basis of the findings of monitoring previous election cycles and its recommendations in the field of media and the equal media representation of all actors in the election process.<\/p>\n<p>CRTA presented its recommendations for better election conditions,\u00a0<a href=\"https:\/\/crta.rs\/preporuke-za-unapredjenje-izbornih-uslova-do-2020-godine-2\/\">achievable until the 2020 parliamentary and local elections<\/a>, in March 2019, together with the \u00a0<a href=\"https:\/\/crta.rs\/ravnopravnost-ucesnika-i-ravnomerna-medijska-zastupljenost\/\">roadmap<\/a>\u00a0for ensuring equal representation of all actors in the election process. In August 2019, CRTA presented more detailed \u00a0<a href=\"https:\/\/crta.rs\/predlozi-za-primenu-i-ili-izmenu-postojeceg-regulatornog-okvira-u-vezi-sa-medijima-i-izborima\/\">recommendations and measures\u00a0<\/a>\u00a0for the implementation, as well as for amendments of the current regulatory framework. CRTA\u00a0<a href=\"https:\/\/crta.rs\/ravnomerna-medijska-zastupljenost-ucesnika-u-izbornoj-kampanji\/\">put forward<\/a>\u00a0recommendations for the media to participants to the round table coming from ruling and opposition parties that took place in August and in September at the Faculty of Organisational Sciences.<\/p>\n<p>CRTA urges all competent institutions, primarily the Regulatory Authority of Electronic Media to commence a process of public consultations in view of the preparation of the new Rulebook that needs to be adopted at the earliest before the upcoming elections.<\/p>\n","protected":false},"excerpt":{"rendered":"<p>Since the Rulebook on electronic media obligations during the election campaign was repealed in February 2019, and drafting of a new one did not begin eight months later, CRTA prepared and offered a draft of the new document. CRTA prepared \u00a0the draft Rulebook\u00a0 on the basis of the findings of monitoring previous election cycles and its recommendations in the field of media and the equal media representation of all actors in the election process.<\/p>\n","protected":false},"author":3,"featured_media":21027,"comment_status":"open","ping_status":"open","sticky":false,"template":"","format":"standard","meta":{"_acf_changed":false,"footnotes":"","_links_to":"","_links_to_target":""},"categories":[681],"tags":[164,789,788],"class_list":["post-21482","post","type-post","status-publish","format-standard","has-post-thumbnail","hentry","category-news","tag-elections","tag-regulatory-authority-of-electronic-media","tag-rulebook","ciTrackContent"],"acf":[],"yoast_head":"<!-- This site is optimized with the Yoast SEO plugin v27.4 - https:\/\/yoast.com\/product\/yoast-seo-wordpress\/ -->\n<title>CRTA proposed a draft Rulebook on electronic media obligations during the election campaign - CRTA<\/title>\n<meta name=\"robots\" content=\"index, follow, max-snippet:-1, max-image-preview:large, max-video-preview:-1\" \/>\n<link rel=\"canonical\" href=\"https:\/\/crta.rs\/en\/crta-proposed-a-draft-rulebook-on-electronic-media-obligations-during-the-election-campaign-2\/\" \/>\n<meta property=\"og:locale\" content=\"en_US\" \/>\n<meta property=\"og:type\" content=\"article\" \/>\n<meta property=\"og:title\" content=\"CRTA proposed a draft Rulebook on electronic media obligations during the election campaign - CRTA\" \/>\n<meta property=\"og:description\" content=\"Since the Rulebook on electronic media obligations during the election campaign was repealed in February 2019, and drafting of a new one did not begin eight months later, CRTA prepared and offered a draft of the new document. CRTA prepared \u00a0the draft Rulebook\u00a0 on the basis of the findings of monitoring previous election cycles and its recommendations in the field of media and the equal media representation of all actors in the election process.\" \/>\n<meta property=\"og:url\" content=\"https:\/\/crta.rs\/en\/crta-proposed-a-draft-rulebook-on-electronic-media-obligations-during-the-election-campaign-2\/\" \/>\n<meta property=\"og:site_name\" content=\"CRTA\" \/>\n<meta property=\"article:publisher\" content=\"https:\/\/www.facebook.com\/CRTArs\/\" \/>\n<meta property=\"article:published_time\" content=\"2019-10-09T09:44:47+00:00\" \/>\n<meta property=\"article:modified_time\" content=\"2020-02-06T10:45:48+00:00\" \/>\n<meta property=\"og:image\" content=\"https:\/\/crta.rs\/wp-content\/uploads\/2019\/03\/CRTA-logo-1.png\" \/>\n\t<meta property=\"og:image:width\" content=\"576\" \/>\n\t<meta property=\"og:image:height\" content=\"383\" \/>\n\t<meta property=\"og:image:type\" content=\"image\/png\" \/>\n<meta name=\"author\" content=\"milica\" \/>\n<meta name=\"twitter:card\" content=\"summary_large_image\" \/>\n<meta name=\"twitter:label1\" content=\"Written by\" \/>\n\t<meta name=\"twitter:data1\" content=\"milica\" \/>\n\t<meta name=\"twitter:label2\" content=\"Est. reading time\" \/>\n\t<meta name=\"twitter:data2\" content=\"1 minute\" \/>\n<script type=\"application\/ld+json\" class=\"yoast-schema-graph\">{\"@context\":\"https:\\\/\\\/schema.org\",\"@graph\":[{\"@type\":\"Article\",\"@id\":\"https:\\\/\\\/crta.rs\\\/en\\\/crta-proposed-a-draft-rulebook-on-electronic-media-obligations-during-the-election-campaign-2\\\/#article\",\"isPartOf\":{\"@id\":\"https:\\\/\\\/crta.rs\\\/en\\\/crta-proposed-a-draft-rulebook-on-electronic-media-obligations-during-the-election-campaign-2\\\/\"},\"author\":{\"name\":\"milica\",\"@id\":\"https:\\\/\\\/crta.rs\\\/en\\\/#\\\/schema\\\/person\\\/0cc37dbc4cb7d35b32379de6f98e1c7f\"},\"headline\":\"CRTA proposed a draft Rulebook on electronic media obligations during the election campaign\",\"datePublished\":\"2019-10-09T09:44:47+00:00\",\"dateModified\":\"2020-02-06T10:45:48+00:00\",\"mainEntityOfPage\":{\"@id\":\"https:\\\/\\\/crta.rs\\\/en\\\/crta-proposed-a-draft-rulebook-on-electronic-media-obligations-during-the-election-campaign-2\\\/\"},\"wordCount\":213,\"commentCount\":0,\"image\":{\"@id\":\"https:\\\/\\\/crta.rs\\\/en\\\/crta-proposed-a-draft-rulebook-on-electronic-media-obligations-during-the-election-campaign-2\\\/#primaryimage\"},\"thumbnailUrl\":\"https:\\\/\\\/crta.rs\\\/wp-content\\\/uploads\\\/2019\\\/03\\\/CRTA-logo-1.png\",\"keywords\":[\"elections\",\"Regulatory Authority of Electronic Media\",\"rulebook\"],\"articleSection\":[\"News\"],\"inLanguage\":\"en-US\",\"potentialAction\":[{\"@type\":\"CommentAction\",\"name\":\"Comment\",\"target\":[\"https:\\\/\\\/crta.rs\\\/en\\\/crta-proposed-a-draft-rulebook-on-electronic-media-obligations-during-the-election-campaign-2\\\/#respond\"]}]},{\"@type\":\"WebPage\",\"@id\":\"https:\\\/\\\/crta.rs\\\/en\\\/crta-proposed-a-draft-rulebook-on-electronic-media-obligations-during-the-election-campaign-2\\\/\",\"url\":\"https:\\\/\\\/crta.rs\\\/en\\\/crta-proposed-a-draft-rulebook-on-electronic-media-obligations-during-the-election-campaign-2\\\/\",\"name\":\"CRTA proposed a draft Rulebook on electronic media obligations during the election campaign - CRTA\",\"isPartOf\":{\"@id\":\"https:\\\/\\\/crta.rs\\\/en\\\/#website\"},\"primaryImageOfPage\":{\"@id\":\"https:\\\/\\\/crta.rs\\\/en\\\/crta-proposed-a-draft-rulebook-on-electronic-media-obligations-during-the-election-campaign-2\\\/#primaryimage\"},\"image\":{\"@id\":\"https:\\\/\\\/crta.rs\\\/en\\\/crta-proposed-a-draft-rulebook-on-electronic-media-obligations-during-the-election-campaign-2\\\/#primaryimage\"},\"thumbnailUrl\":\"https:\\\/\\\/crta.rs\\\/wp-content\\\/uploads\\\/2019\\\/03\\\/CRTA-logo-1.png\",\"datePublished\":\"2019-10-09T09:44:47+00:00\",\"dateModified\":\"2020-02-06T10:45:48+00:00\",\"author\":{\"@id\":\"https:\\\/\\\/crta.rs\\\/en\\\/#\\\/schema\\\/person\\\/0cc37dbc4cb7d35b32379de6f98e1c7f\"},\"breadcrumb\":{\"@id\":\"https:\\\/\\\/crta.rs\\\/en\\\/crta-proposed-a-draft-rulebook-on-electronic-media-obligations-during-the-election-campaign-2\\\/#breadcrumb\"},\"inLanguage\":\"en-US\",\"potentialAction\":[{\"@type\":\"ReadAction\",\"target\":[\"https:\\\/\\\/crta.rs\\\/en\\\/crta-proposed-a-draft-rulebook-on-electronic-media-obligations-during-the-election-campaign-2\\\/\"]}]},{\"@type\":\"ImageObject\",\"inLanguage\":\"en-US\",\"@id\":\"https:\\\/\\\/crta.rs\\\/en\\\/crta-proposed-a-draft-rulebook-on-electronic-media-obligations-during-the-election-campaign-2\\\/#primaryimage\",\"url\":\"https:\\\/\\\/crta.rs\\\/wp-content\\\/uploads\\\/2019\\\/03\\\/CRTA-logo-1.png\",\"contentUrl\":\"https:\\\/\\\/crta.rs\\\/wp-content\\\/uploads\\\/2019\\\/03\\\/CRTA-logo-1.png\",\"width\":576,\"height\":383},{\"@type\":\"BreadcrumbList\",\"@id\":\"https:\\\/\\\/crta.rs\\\/en\\\/crta-proposed-a-draft-rulebook-on-electronic-media-obligations-during-the-election-campaign-2\\\/#breadcrumb\",\"itemListElement\":[{\"@type\":\"ListItem\",\"position\":1,\"name\":\"Home\",\"item\":\"https:\\\/\\\/crta.rs\\\/en\\\/\"},{\"@type\":\"ListItem\",\"position\":2,\"name\":\"News\",\"item\":\"https:\\\/\\\/crta.rs\\\/en\\\/category\\\/news\\\/\"},{\"@type\":\"ListItem\",\"position\":3,\"name\":\"CRTA proposed a draft Rulebook on electronic media obligations during the election campaign\"}]},{\"@type\":\"WebSite\",\"@id\":\"https:\\\/\\\/crta.rs\\\/en\\\/#website\",\"url\":\"https:\\\/\\\/crta.rs\\\/en\\\/\",\"name\":\"CRTA\",\"description\":\"Mi smo grupa aktivista i novinara koja zajedno sa gra\u0111anima uti\u010de na pove\u0107anje odgovornosti institucija i javnih funkcionera kroz pra\u0107enje i kontrolu njihovog rada.\",\"potentialAction\":[{\"@type\":\"SearchAction\",\"target\":{\"@type\":\"EntryPoint\",\"urlTemplate\":\"https:\\\/\\\/crta.rs\\\/en\\\/?s={search_term_string}\"},\"query-input\":{\"@type\":\"PropertyValueSpecification\",\"valueRequired\":true,\"valueName\":\"search_term_string\"}}],\"inLanguage\":\"en-US\"},{\"@type\":\"Person\",\"@id\":\"https:\\\/\\\/crta.rs\\\/en\\\/#\\\/schema\\\/person\\\/0cc37dbc4cb7d35b32379de6f98e1c7f\",\"name\":\"milica\",\"url\":\"https:\\\/\\\/crta.rs\\\/en\\\/author\\\/milica\\\/\"}]}<\/script>\n<!-- \/ Yoast SEO plugin. -->","yoast_head_json":{"title":"CRTA proposed a draft Rulebook on electronic media obligations during the election campaign - CRTA","robots":{"index":"index","follow":"follow","max-snippet":"max-snippet:-1","max-image-preview":"max-image-preview:large","max-video-preview":"max-video-preview:-1"},"canonical":"https:\/\/crta.rs\/en\/crta-proposed-a-draft-rulebook-on-electronic-media-obligations-during-the-election-campaign-2\/","og_locale":"en_US","og_type":"article","og_title":"CRTA proposed a draft Rulebook on electronic media obligations during the election campaign - CRTA","og_description":"Since the Rulebook on electronic media obligations during the election campaign was repealed in February 2019, and drafting of a new one did not begin eight months later, CRTA prepared and offered a draft of the new document. CRTA prepared \u00a0the draft Rulebook\u00a0 on the basis of the findings of monitoring previous election cycles and its recommendations in the field of media and the equal media representation of all actors in the election process.","og_url":"https:\/\/crta.rs\/en\/crta-proposed-a-draft-rulebook-on-electronic-media-obligations-during-the-election-campaign-2\/","og_site_name":"CRTA","article_publisher":"https:\/\/www.facebook.com\/CRTArs\/","article_published_time":"2019-10-09T09:44:47+00:00","article_modified_time":"2020-02-06T10:45:48+00:00","og_image":[{"width":576,"height":383,"url":"https:\/\/crta.rs\/wp-content\/uploads\/2019\/03\/CRTA-logo-1.png","type":"image\/png"}],"author":"milica","twitter_card":"summary_large_image","twitter_misc":{"Written by":"milica","Est. reading time":"1 minute"},"schema":{"@context":"https:\/\/schema.org","@graph":[{"@type":"Article","@id":"https:\/\/crta.rs\/en\/crta-proposed-a-draft-rulebook-on-electronic-media-obligations-during-the-election-campaign-2\/#article","isPartOf":{"@id":"https:\/\/crta.rs\/en\/crta-proposed-a-draft-rulebook-on-electronic-media-obligations-during-the-election-campaign-2\/"},"author":{"name":"milica","@id":"https:\/\/crta.rs\/en\/#\/schema\/person\/0cc37dbc4cb7d35b32379de6f98e1c7f"},"headline":"CRTA proposed a draft Rulebook on electronic media obligations during the election campaign","datePublished":"2019-10-09T09:44:47+00:00","dateModified":"2020-02-06T10:45:48+00:00","mainEntityOfPage":{"@id":"https:\/\/crta.rs\/en\/crta-proposed-a-draft-rulebook-on-electronic-media-obligations-during-the-election-campaign-2\/"},"wordCount":213,"commentCount":0,"image":{"@id":"https:\/\/crta.rs\/en\/crta-proposed-a-draft-rulebook-on-electronic-media-obligations-during-the-election-campaign-2\/#primaryimage"},"thumbnailUrl":"https:\/\/crta.rs\/wp-content\/uploads\/2019\/03\/CRTA-logo-1.png","keywords":["elections","Regulatory Authority of Electronic Media","rulebook"],"articleSection":["News"],"inLanguage":"en-US","potentialAction":[{"@type":"CommentAction","name":"Comment","target":["https:\/\/crta.rs\/en\/crta-proposed-a-draft-rulebook-on-electronic-media-obligations-during-the-election-campaign-2\/#respond"]}]},{"@type":"WebPage","@id":"https:\/\/crta.rs\/en\/crta-proposed-a-draft-rulebook-on-electronic-media-obligations-during-the-election-campaign-2\/","url":"https:\/\/crta.rs\/en\/crta-proposed-a-draft-rulebook-on-electronic-media-obligations-during-the-election-campaign-2\/","name":"CRTA proposed a draft Rulebook on electronic media obligations during the election campaign - CRTA","isPartOf":{"@id":"https:\/\/crta.rs\/en\/#website"},"primaryImageOfPage":{"@id":"https:\/\/crta.rs\/en\/crta-proposed-a-draft-rulebook-on-electronic-media-obligations-during-the-election-campaign-2\/#primaryimage"},"image":{"@id":"https:\/\/crta.rs\/en\/crta-proposed-a-draft-rulebook-on-electronic-media-obligations-during-the-election-campaign-2\/#primaryimage"},"thumbnailUrl":"https:\/\/crta.rs\/wp-content\/uploads\/2019\/03\/CRTA-logo-1.png","datePublished":"2019-10-09T09:44:47+00:00","dateModified":"2020-02-06T10:45:48+00:00","author":{"@id":"https:\/\/crta.rs\/en\/#\/schema\/person\/0cc37dbc4cb7d35b32379de6f98e1c7f"},"breadcrumb":{"@id":"https:\/\/crta.rs\/en\/crta-proposed-a-draft-rulebook-on-electronic-media-obligations-during-the-election-campaign-2\/#breadcrumb"},"inLanguage":"en-US","potentialAction":[{"@type":"ReadAction","target":["https:\/\/crta.rs\/en\/crta-proposed-a-draft-rulebook-on-electronic-media-obligations-during-the-election-campaign-2\/"]}]},{"@type":"ImageObject","inLanguage":"en-US","@id":"https:\/\/crta.rs\/en\/crta-proposed-a-draft-rulebook-on-electronic-media-obligations-during-the-election-campaign-2\/#primaryimage","url":"https:\/\/crta.rs\/wp-content\/uploads\/2019\/03\/CRTA-logo-1.png","contentUrl":"https:\/\/crta.rs\/wp-content\/uploads\/2019\/03\/CRTA-logo-1.png","width":576,"height":383},{"@type":"BreadcrumbList","@id":"https:\/\/crta.rs\/en\/crta-proposed-a-draft-rulebook-on-electronic-media-obligations-during-the-election-campaign-2\/#breadcrumb","itemListElement":[{"@type":"ListItem","position":1,"name":"Home","item":"https:\/\/crta.rs\/en\/"},{"@type":"ListItem","position":2,"name":"News","item":"https:\/\/crta.rs\/en\/category\/news\/"},{"@type":"ListItem","position":3,"name":"CRTA proposed a draft Rulebook on electronic media obligations during the election campaign"}]},{"@type":"WebSite","@id":"https:\/\/crta.rs\/en\/#website","url":"https:\/\/crta.rs\/en\/","name":"CRTA","description":"Mi smo grupa aktivista i novinara koja zajedno sa gra\u0111anima uti\u010de na pove\u0107anje odgovornosti institucija i javnih funkcionera kroz pra\u0107enje i kontrolu njihovog rada.","potentialAction":[{"@type":"SearchAction","target":{"@type":"EntryPoint","urlTemplate":"https:\/\/crta.rs\/en\/?s={search_term_string}"},"query-input":{"@type":"PropertyValueSpecification","valueRequired":true,"valueName":"search_term_string"}}],"inLanguage":"en-US"},{"@type":"Person","@id":"https:\/\/crta.rs\/en\/#\/schema\/person\/0cc37dbc4cb7d35b32379de6f98e1c7f","name":"milica","url":"https:\/\/crta.rs\/en\/author\/milica\/"}]}},"_links":{"self":[{"href":"https:\/\/crta.rs\/en\/wp-json\/wp\/v2\/posts\/21482","targetHints":{"allow":["GET"]}}],"collection":[{"href":"https:\/\/crta.rs\/en\/wp-json\/wp\/v2\/posts"}],"about":[{"href":"https:\/\/crta.rs\/en\/wp-json\/wp\/v2\/types\/post"}],"author":[{"embeddable":true,"href":"https:\/\/crta.rs\/en\/wp-json\/wp\/v2\/users\/3"}],"replies":[{"embeddable":true,"href":"https:\/\/crta.rs\/en\/wp-json\/wp\/v2\/comments?post=21482"}],"version-history":[{"count":1,"href":"https:\/\/crta.rs\/en\/wp-json\/wp\/v2\/posts\/21482\/revisions"}],"predecessor-version":[{"id":21483,"href":"https:\/\/crta.rs\/en\/wp-json\/wp\/v2\/posts\/21482\/revisions\/21483"}],"wp:featuredmedia":[{"embeddable":true,"href":"https:\/\/crta.rs\/en\/wp-json\/wp\/v2\/media\/21027"}],"wp:attachment":[{"href":"https:\/\/crta.rs\/en\/wp-json\/wp\/v2\/media?parent=21482"}],"wp:term":[{"taxonomy":"category","embeddable":true,"href":"https:\/\/crta.rs\/en\/wp-json\/wp\/v2\/categories?post=21482"},{"taxonomy":"post_tag","embeddable":true,"href":"https:\/\/crta.rs\/en\/wp-json\/wp\/v2\/tags?post=21482"}],"curies":[{"name":"wp","href":"https:\/\/api.w.org\/{rel}","templated":true}]}}