{"id":21480,"date":"2019-08-21T11:42:35","date_gmt":"2019-08-21T09:42:35","guid":{"rendered":"https:\/\/crta.rs\/?p=21480"},"modified":"2020-02-06T11:44:07","modified_gmt":"2020-02-06T10:44:07","slug":"institutions-unwilling-to-protect-free-elections-2","status":"publish","type":"post","link":"https:\/\/crta.rs\/en\/institutions-unwilling-to-protect-free-elections-2\/","title":{"rendered":"Institutions unwilling to protect free elections"},"content":{"rendered":"<p>The decision of the Special Department of the Higher Public Prosecutor\u2019s Office in Novi Sad to dismiss a criminal charges pressed against an unknown perpetrator from the municipal administration of \u0160id as a result of irregularities observed on the day of the local elections in Lu\u010dani, is another example of the unwillingness of institutions to enforce laws and to continuously protect fair and free elections.<\/p>\n<p>Among more than 200 cars registered outside the municipality of Lu\u010dani, spotted on December16<sup>th<\/sup>,2018 in Lu\u010dani in front of the polling stations, there was also a vehicle belonging to the municipal administration of \u0160id. From the confusing explanation of the prosecution\u2019s decision that there was no abuse of office and public resources, one can conclude that in the disputed car, along with the official driver, there was an Assistant to the Mayor of \u0160id municipality, who was visiting on that day (Sunday) the public company \u201cDraga\u010devo roads\u201d from Gu\u010da for, and we quote, \u00a0joint consideration of all the positive aspects of the replacement of existing lighting with LED lighting that the public company \u201cDraga\u010devo roads\u201d from Gu\u010da will make in the territory of the municipality of Lu\u010dani (end of quote).<\/p>\n<p>The Prosecution took into account the letter of invitation from the Director of the public company \u201cDraga\u010devo roads\u201d, the travel order and the report of the Assistant Mayor of \u0160id municipality on official travel as sufficient evidence. There was no question as to why the municipal authority of \u0160id was competent and called to deal with lighting in the hundreds of kilometres distant Lu\u010dani, why in the given period, why so urgently that the meeting had to be held on a non-working day, etc. Because of all this, the prosecution\u2019s decision cannot convince us that we have not seen yet another case of misuse of public resources for political campaigning, which is one of the key problems of the election process that we have consistently been warning about.<\/p>\n<p>In light of the discussions about the electoral conditions just underway, the example of the \u201c\u0160id vehicle and Lu\u010dani lighting\u201d shows how much more we still have to work on improving electoral conditions and deep systematic changes.<\/p>\n","protected":false},"excerpt":{"rendered":"<p>The decision of the Special Department of the Higher Public Prosecutor\u2019s Office in Novi Sad to dismiss a criminal charges pressed against an unknown perpetrator from the municipal administration of \u0160id as a result of irregularities observed on the day of the local elections in Lu\u010dani, is another example of the unwillingness of institutions to enforce laws and to continuously protect fair and free elections.<\/p>\n","protected":false},"author":3,"featured_media":21027,"comment_status":"open","ping_status":"open","sticky":false,"template":"","format":"standard","meta":{"_acf_changed":false,"footnotes":"","_links_to":"","_links_to_target":""},"categories":[681],"tags":[164,715,510,480],"class_list":["post-21480","post","type-post","status-publish","format-standard","has-post-thumbnail","hentry","category-news","tag-elections","tag-free-and-fair-elections","tag-lucani-en","tag-recommendations","ciTrackContent"],"acf":[],"yoast_head":"<!-- This site is optimized with the Yoast SEO plugin v27.4 - https:\/\/yoast.com\/product\/yoast-seo-wordpress\/ -->\n<title>Institutions unwilling to protect free elections - CRTA<\/title>\n<meta name=\"robots\" content=\"index, follow, max-snippet:-1, max-image-preview:large, max-video-preview:-1\" \/>\n<link rel=\"canonical\" href=\"https:\/\/crta.rs\/en\/institutions-unwilling-to-protect-free-elections-2\/\" \/>\n<meta property=\"og:locale\" content=\"en_US\" \/>\n<meta property=\"og:type\" content=\"article\" \/>\n<meta property=\"og:title\" content=\"Institutions unwilling to protect free elections - CRTA\" \/>\n<meta property=\"og:description\" content=\"The decision of the Special Department of the Higher Public Prosecutor\u2019s Office in Novi Sad to dismiss a criminal charges pressed against an unknown perpetrator from the municipal administration of \u0160id as a result of irregularities observed on the day of the local elections in Lu\u010dani, is another example of the unwillingness of institutions to enforce laws and to continuously protect fair and free elections.\" \/>\n<meta property=\"og:url\" content=\"https:\/\/crta.rs\/en\/institutions-unwilling-to-protect-free-elections-2\/\" \/>\n<meta property=\"og:site_name\" content=\"CRTA\" \/>\n<meta property=\"article:publisher\" content=\"https:\/\/www.facebook.com\/CRTArs\/\" \/>\n<meta property=\"article:published_time\" content=\"2019-08-21T09:42:35+00:00\" \/>\n<meta property=\"article:modified_time\" content=\"2020-02-06T10:44:07+00:00\" \/>\n<meta property=\"og:image\" content=\"https:\/\/crta.rs\/wp-content\/uploads\/2019\/03\/CRTA-logo-1.png\" \/>\n\t<meta property=\"og:image:width\" content=\"576\" \/>\n\t<meta property=\"og:image:height\" content=\"383\" \/>\n\t<meta property=\"og:image:type\" content=\"image\/png\" \/>\n<meta name=\"author\" content=\"milica\" \/>\n<meta name=\"twitter:card\" content=\"summary_large_image\" \/>\n<meta name=\"twitter:label1\" content=\"Written by\" \/>\n\t<meta name=\"twitter:data1\" content=\"milica\" \/>\n\t<meta name=\"twitter:label2\" content=\"Est. reading time\" \/>\n\t<meta name=\"twitter:data2\" content=\"2 minutes\" \/>\n<script type=\"application\/ld+json\" class=\"yoast-schema-graph\">{\"@context\":\"https:\\\/\\\/schema.org\",\"@graph\":[{\"@type\":\"Article\",\"@id\":\"https:\\\/\\\/crta.rs\\\/en\\\/institutions-unwilling-to-protect-free-elections-2\\\/#article\",\"isPartOf\":{\"@id\":\"https:\\\/\\\/crta.rs\\\/en\\\/institutions-unwilling-to-protect-free-elections-2\\\/\"},\"author\":{\"name\":\"milica\",\"@id\":\"https:\\\/\\\/crta.rs\\\/en\\\/#\\\/schema\\\/person\\\/0cc37dbc4cb7d35b32379de6f98e1c7f\"},\"headline\":\"Institutions unwilling to protect free elections\",\"datePublished\":\"2019-08-21T09:42:35+00:00\",\"dateModified\":\"2020-02-06T10:44:07+00:00\",\"mainEntityOfPage\":{\"@id\":\"https:\\\/\\\/crta.rs\\\/en\\\/institutions-unwilling-to-protect-free-elections-2\\\/\"},\"wordCount\":380,\"commentCount\":0,\"image\":{\"@id\":\"https:\\\/\\\/crta.rs\\\/en\\\/institutions-unwilling-to-protect-free-elections-2\\\/#primaryimage\"},\"thumbnailUrl\":\"https:\\\/\\\/crta.rs\\\/wp-content\\\/uploads\\\/2019\\\/03\\\/CRTA-logo-1.png\",\"keywords\":[\"elections\",\"free and fair elections\",\"lucani\",\"recommendations\"],\"articleSection\":[\"News\"],\"inLanguage\":\"en-US\",\"potentialAction\":[{\"@type\":\"CommentAction\",\"name\":\"Comment\",\"target\":[\"https:\\\/\\\/crta.rs\\\/en\\\/institutions-unwilling-to-protect-free-elections-2\\\/#respond\"]}]},{\"@type\":\"WebPage\",\"@id\":\"https:\\\/\\\/crta.rs\\\/en\\\/institutions-unwilling-to-protect-free-elections-2\\\/\",\"url\":\"https:\\\/\\\/crta.rs\\\/en\\\/institutions-unwilling-to-protect-free-elections-2\\\/\",\"name\":\"Institutions unwilling to protect free elections - CRTA\",\"isPartOf\":{\"@id\":\"https:\\\/\\\/crta.rs\\\/en\\\/#website\"},\"primaryImageOfPage\":{\"@id\":\"https:\\\/\\\/crta.rs\\\/en\\\/institutions-unwilling-to-protect-free-elections-2\\\/#primaryimage\"},\"image\":{\"@id\":\"https:\\\/\\\/crta.rs\\\/en\\\/institutions-unwilling-to-protect-free-elections-2\\\/#primaryimage\"},\"thumbnailUrl\":\"https:\\\/\\\/crta.rs\\\/wp-content\\\/uploads\\\/2019\\\/03\\\/CRTA-logo-1.png\",\"datePublished\":\"2019-08-21T09:42:35+00:00\",\"dateModified\":\"2020-02-06T10:44:07+00:00\",\"author\":{\"@id\":\"https:\\\/\\\/crta.rs\\\/en\\\/#\\\/schema\\\/person\\\/0cc37dbc4cb7d35b32379de6f98e1c7f\"},\"breadcrumb\":{\"@id\":\"https:\\\/\\\/crta.rs\\\/en\\\/institutions-unwilling-to-protect-free-elections-2\\\/#breadcrumb\"},\"inLanguage\":\"en-US\",\"potentialAction\":[{\"@type\":\"ReadAction\",\"target\":[\"https:\\\/\\\/crta.rs\\\/en\\\/institutions-unwilling-to-protect-free-elections-2\\\/\"]}]},{\"@type\":\"ImageObject\",\"inLanguage\":\"en-US\",\"@id\":\"https:\\\/\\\/crta.rs\\\/en\\\/institutions-unwilling-to-protect-free-elections-2\\\/#primaryimage\",\"url\":\"https:\\\/\\\/crta.rs\\\/wp-content\\\/uploads\\\/2019\\\/03\\\/CRTA-logo-1.png\",\"contentUrl\":\"https:\\\/\\\/crta.rs\\\/wp-content\\\/uploads\\\/2019\\\/03\\\/CRTA-logo-1.png\",\"width\":576,\"height\":383},{\"@type\":\"BreadcrumbList\",\"@id\":\"https:\\\/\\\/crta.rs\\\/en\\\/institutions-unwilling-to-protect-free-elections-2\\\/#breadcrumb\",\"itemListElement\":[{\"@type\":\"ListItem\",\"position\":1,\"name\":\"Home\",\"item\":\"https:\\\/\\\/crta.rs\\\/en\\\/\"},{\"@type\":\"ListItem\",\"position\":2,\"name\":\"News\",\"item\":\"https:\\\/\\\/crta.rs\\\/en\\\/category\\\/news\\\/\"},{\"@type\":\"ListItem\",\"position\":3,\"name\":\"Institutions unwilling to protect free elections\"}]},{\"@type\":\"WebSite\",\"@id\":\"https:\\\/\\\/crta.rs\\\/en\\\/#website\",\"url\":\"https:\\\/\\\/crta.rs\\\/en\\\/\",\"name\":\"CRTA\",\"description\":\"Mi smo grupa aktivista i novinara koja zajedno sa gra\u0111anima uti\u010de na pove\u0107anje odgovornosti institucija i javnih funkcionera kroz pra\u0107enje i kontrolu njihovog rada.\",\"potentialAction\":[{\"@type\":\"SearchAction\",\"target\":{\"@type\":\"EntryPoint\",\"urlTemplate\":\"https:\\\/\\\/crta.rs\\\/en\\\/?s={search_term_string}\"},\"query-input\":{\"@type\":\"PropertyValueSpecification\",\"valueRequired\":true,\"valueName\":\"search_term_string\"}}],\"inLanguage\":\"en-US\"},{\"@type\":\"Person\",\"@id\":\"https:\\\/\\\/crta.rs\\\/en\\\/#\\\/schema\\\/person\\\/0cc37dbc4cb7d35b32379de6f98e1c7f\",\"name\":\"milica\",\"url\":\"https:\\\/\\\/crta.rs\\\/en\\\/author\\\/milica\\\/\"}]}<\/script>\n<!-- \/ Yoast SEO plugin. -->","yoast_head_json":{"title":"Institutions unwilling to protect free elections - CRTA","robots":{"index":"index","follow":"follow","max-snippet":"max-snippet:-1","max-image-preview":"max-image-preview:large","max-video-preview":"max-video-preview:-1"},"canonical":"https:\/\/crta.rs\/en\/institutions-unwilling-to-protect-free-elections-2\/","og_locale":"en_US","og_type":"article","og_title":"Institutions unwilling to protect free elections - CRTA","og_description":"The decision of the Special Department of the Higher Public Prosecutor\u2019s Office in Novi Sad to dismiss a criminal charges pressed against an unknown perpetrator from the municipal administration of \u0160id as a result of irregularities observed on the day of the local elections in Lu\u010dani, is another example of the unwillingness of institutions to enforce laws and to continuously protect fair and free elections.","og_url":"https:\/\/crta.rs\/en\/institutions-unwilling-to-protect-free-elections-2\/","og_site_name":"CRTA","article_publisher":"https:\/\/www.facebook.com\/CRTArs\/","article_published_time":"2019-08-21T09:42:35+00:00","article_modified_time":"2020-02-06T10:44:07+00:00","og_image":[{"width":576,"height":383,"url":"https:\/\/crta.rs\/wp-content\/uploads\/2019\/03\/CRTA-logo-1.png","type":"image\/png"}],"author":"milica","twitter_card":"summary_large_image","twitter_misc":{"Written by":"milica","Est. reading time":"2 minutes"},"schema":{"@context":"https:\/\/schema.org","@graph":[{"@type":"Article","@id":"https:\/\/crta.rs\/en\/institutions-unwilling-to-protect-free-elections-2\/#article","isPartOf":{"@id":"https:\/\/crta.rs\/en\/institutions-unwilling-to-protect-free-elections-2\/"},"author":{"name":"milica","@id":"https:\/\/crta.rs\/en\/#\/schema\/person\/0cc37dbc4cb7d35b32379de6f98e1c7f"},"headline":"Institutions unwilling to protect free elections","datePublished":"2019-08-21T09:42:35+00:00","dateModified":"2020-02-06T10:44:07+00:00","mainEntityOfPage":{"@id":"https:\/\/crta.rs\/en\/institutions-unwilling-to-protect-free-elections-2\/"},"wordCount":380,"commentCount":0,"image":{"@id":"https:\/\/crta.rs\/en\/institutions-unwilling-to-protect-free-elections-2\/#primaryimage"},"thumbnailUrl":"https:\/\/crta.rs\/wp-content\/uploads\/2019\/03\/CRTA-logo-1.png","keywords":["elections","free and fair elections","lucani","recommendations"],"articleSection":["News"],"inLanguage":"en-US","potentialAction":[{"@type":"CommentAction","name":"Comment","target":["https:\/\/crta.rs\/en\/institutions-unwilling-to-protect-free-elections-2\/#respond"]}]},{"@type":"WebPage","@id":"https:\/\/crta.rs\/en\/institutions-unwilling-to-protect-free-elections-2\/","url":"https:\/\/crta.rs\/en\/institutions-unwilling-to-protect-free-elections-2\/","name":"Institutions unwilling to protect free elections - CRTA","isPartOf":{"@id":"https:\/\/crta.rs\/en\/#website"},"primaryImageOfPage":{"@id":"https:\/\/crta.rs\/en\/institutions-unwilling-to-protect-free-elections-2\/#primaryimage"},"image":{"@id":"https:\/\/crta.rs\/en\/institutions-unwilling-to-protect-free-elections-2\/#primaryimage"},"thumbnailUrl":"https:\/\/crta.rs\/wp-content\/uploads\/2019\/03\/CRTA-logo-1.png","datePublished":"2019-08-21T09:42:35+00:00","dateModified":"2020-02-06T10:44:07+00:00","author":{"@id":"https:\/\/crta.rs\/en\/#\/schema\/person\/0cc37dbc4cb7d35b32379de6f98e1c7f"},"breadcrumb":{"@id":"https:\/\/crta.rs\/en\/institutions-unwilling-to-protect-free-elections-2\/#breadcrumb"},"inLanguage":"en-US","potentialAction":[{"@type":"ReadAction","target":["https:\/\/crta.rs\/en\/institutions-unwilling-to-protect-free-elections-2\/"]}]},{"@type":"ImageObject","inLanguage":"en-US","@id":"https:\/\/crta.rs\/en\/institutions-unwilling-to-protect-free-elections-2\/#primaryimage","url":"https:\/\/crta.rs\/wp-content\/uploads\/2019\/03\/CRTA-logo-1.png","contentUrl":"https:\/\/crta.rs\/wp-content\/uploads\/2019\/03\/CRTA-logo-1.png","width":576,"height":383},{"@type":"BreadcrumbList","@id":"https:\/\/crta.rs\/en\/institutions-unwilling-to-protect-free-elections-2\/#breadcrumb","itemListElement":[{"@type":"ListItem","position":1,"name":"Home","item":"https:\/\/crta.rs\/en\/"},{"@type":"ListItem","position":2,"name":"News","item":"https:\/\/crta.rs\/en\/category\/news\/"},{"@type":"ListItem","position":3,"name":"Institutions unwilling to protect free elections"}]},{"@type":"WebSite","@id":"https:\/\/crta.rs\/en\/#website","url":"https:\/\/crta.rs\/en\/","name":"CRTA","description":"Mi smo grupa aktivista i novinara koja zajedno sa gra\u0111anima uti\u010de na pove\u0107anje odgovornosti institucija i javnih funkcionera kroz pra\u0107enje i kontrolu njihovog rada.","potentialAction":[{"@type":"SearchAction","target":{"@type":"EntryPoint","urlTemplate":"https:\/\/crta.rs\/en\/?s={search_term_string}"},"query-input":{"@type":"PropertyValueSpecification","valueRequired":true,"valueName":"search_term_string"}}],"inLanguage":"en-US"},{"@type":"Person","@id":"https:\/\/crta.rs\/en\/#\/schema\/person\/0cc37dbc4cb7d35b32379de6f98e1c7f","name":"milica","url":"https:\/\/crta.rs\/en\/author\/milica\/"}]}},"_links":{"self":[{"href":"https:\/\/crta.rs\/en\/wp-json\/wp\/v2\/posts\/21480","targetHints":{"allow":["GET"]}}],"collection":[{"href":"https:\/\/crta.rs\/en\/wp-json\/wp\/v2\/posts"}],"about":[{"href":"https:\/\/crta.rs\/en\/wp-json\/wp\/v2\/types\/post"}],"author":[{"embeddable":true,"href":"https:\/\/crta.rs\/en\/wp-json\/wp\/v2\/users\/3"}],"replies":[{"embeddable":true,"href":"https:\/\/crta.rs\/en\/wp-json\/wp\/v2\/comments?post=21480"}],"version-history":[{"count":1,"href":"https:\/\/crta.rs\/en\/wp-json\/wp\/v2\/posts\/21480\/revisions"}],"predecessor-version":[{"id":21481,"href":"https:\/\/crta.rs\/en\/wp-json\/wp\/v2\/posts\/21480\/revisions\/21481"}],"wp:featuredmedia":[{"embeddable":true,"href":"https:\/\/crta.rs\/en\/wp-json\/wp\/v2\/media\/21027"}],"wp:attachment":[{"href":"https:\/\/crta.rs\/en\/wp-json\/wp\/v2\/media?parent=21480"}],"wp:term":[{"taxonomy":"category","embeddable":true,"href":"https:\/\/crta.rs\/en\/wp-json\/wp\/v2\/categories?post=21480"},{"taxonomy":"post_tag","embeddable":true,"href":"https:\/\/crta.rs\/en\/wp-json\/wp\/v2\/tags?post=21480"}],"curies":[{"name":"wp","href":"https:\/\/api.w.org\/{rel}","templated":true}]}}