{"id":21168,"date":"2017-04-02T13:31:15","date_gmt":"2017-04-02T11:31:15","guid":{"rendered":"https:\/\/crta.rs\/?p=21168"},"modified":"2020-02-04T13:39:58","modified_gmt":"2020-02-04T12:39:58","slug":"until-1-pm-25-1-percent-of-serbian-citizens-voted","status":"publish","type":"post","link":"https:\/\/crta.rs\/en\/until-1-pm-25-1-percent-of-serbian-citizens-voted\/","title":{"rendered":"Until 1 pm, 25.1 percent of Serbian citizens voted"},"content":{"rendered":"<p>A total of 25.1 percent of citizens listed in the voters list have voted at the Serbian presidential elections until 1 pm, the CRTA election observation mission \u2018Citizens on Watch\u2019 stated. Margin of error was +\/- 0.7 percent. This turnout equals the percentage of voters who voted until 1 pm in the last year\u2019s parliamentary elections.<\/p>\n<p>Observers deployed to the random and representative sample of 450 polling stations report that voting process is conducted mainly in accordance with established procedures. The percentage of recorded irregularities remains at two percent. They mainly include not checking voters\u2019 identification prior to voting and handling parallel voters lists.<\/p>\n<p>Recorded irregularities still include isolated incidents that cannot be considered a trend that would influence the regularity of voting.<\/p>\n<p>The percentage of cases of distribution of campaign material less than 50 meters from the polling station was reduced from two to less than one percent, due to the intervention of polling board members.<\/p>\n<p>In response to the information received from the CRTA election observation mission \u2018Citizens on Watch\u2019 mobile teams by 3 pm, CRTA will file three criminal charges against acts of vote bribery in the territory of Vojvodina (Temerin, Slana bara and Beocin).<\/p>\n<p>The CRTA mission \u2018Citizens on Watch\u2019 also received information on potential election irregularities from citizens. In this regard, the mission\u2019s mobile team visited polling stations 73 and 75 at Zemun polje and confirmed cases of parallel voters lists recorded outside of polling stations, as well as unauthorized persons giving voters special pens with green ink to use during the voting process.<\/p>\n<p>The CRTA election observation mission \u2018Citizens on Watch\u2019 does not have observers in the territory of Kosovo and Metohija, abroad, or within the Bureau of Prisons.<\/p>\n<p><em>The CRTA election observation mission \u2018Citizens on Watch\u2019 based its monitoring of the Serbian presidential elections on April 2, 2017 on statistical principles as an effective method for systematic observation of the process during the Election Day, using the Parallel Vote Tabulation (PVT) methodology. This methodology enables the assessment of the entire voting process on the Election Day \u2013 opening of the polling stations, voting and vote count \u2013 in an unbiased and systematic manner. PVT methodology uses randomly selected sample of the polling stations (PS), which means that the results are\u00a0<strong>representative for the entire country<\/strong>. Observers are deployed to 450 polls and they monitor the entire election process \u2013 from the opening of polling stations until the records on the election results are compiled. Based on representative sample, PVT enables detection of irregularities and violations of election procedures on the Election Day and provides information about regularity of the election process for the entire country.\u00a0<\/em><\/p>\n<p><em>CRTA\u2019s election observation is based on the highest international standards, stipulated in the Declaration of Global Principles for Nonpartisan Election Observation and Monitoring by Citizen Organizations<\/em>.<\/p>\n<p><strong>The next public statement of the CRTA election observation mission \u2018Citizens on Watch\u2019 is scheduled for 6 pm.\u00a0<\/strong><\/p>\n","protected":false},"excerpt":{"rendered":"<p>A total of 25.1 percent of citizens listed in the voters list have voted at the Serbian presidential elections until 1 pm, the CRTA election observation mission \u2018Citizens on Watch\u2019 stated. Margin of error was +\/- 0.7 percent. This turnout equals the percentage of voters who voted until 1 pm in the last year\u2019s parliamentary elections.<\/p>\n","protected":false},"author":3,"featured_media":19907,"comment_status":"open","ping_status":"open","sticky":false,"template":"","format":"standard","meta":{"_acf_changed":false,"footnotes":"","_links_to":"","_links_to_target":""},"categories":[681],"tags":[],"class_list":["post-21168","post","type-post","status-publish","format-standard","has-post-thumbnail","hentry","category-news","ciTrackContent"],"acf":[],"yoast_head":"<!-- This site is optimized with the Yoast SEO plugin v27.4 - https:\/\/yoast.com\/product\/yoast-seo-wordpress\/ -->\n<title>Until 1 pm, 25.1 percent of Serbian citizens voted - CRTA<\/title>\n<meta name=\"robots\" content=\"index, follow, max-snippet:-1, max-image-preview:large, max-video-preview:-1\" \/>\n<link rel=\"canonical\" href=\"https:\/\/crta.rs\/en\/until-1-pm-25-1-percent-of-serbian-citizens-voted\/\" \/>\n<meta property=\"og:locale\" content=\"en_US\" \/>\n<meta property=\"og:type\" content=\"article\" \/>\n<meta property=\"og:title\" content=\"Until 1 pm, 25.1 percent of Serbian citizens voted - CRTA\" \/>\n<meta property=\"og:description\" content=\"A total of 25.1 percent of citizens listed in the voters list have voted at the Serbian presidential elections until 1 pm, the CRTA election observation mission \u2018Citizens on Watch\u2019 stated. Margin of error was +\/- 0.7 percent. This turnout equals the percentage of voters who voted until 1 pm in the last year\u2019s parliamentary elections.\" \/>\n<meta property=\"og:url\" content=\"https:\/\/crta.rs\/en\/until-1-pm-25-1-percent-of-serbian-citizens-voted\/\" \/>\n<meta property=\"og:site_name\" content=\"CRTA\" \/>\n<meta property=\"article:publisher\" content=\"https:\/\/www.facebook.com\/CRTArs\/\" \/>\n<meta property=\"article:published_time\" content=\"2017-04-02T11:31:15+00:00\" \/>\n<meta property=\"article:modified_time\" content=\"2020-02-04T12:39:58+00:00\" \/>\n<meta property=\"og:image\" content=\"https:\/\/crta.rs\/wp-content\/uploads\/2018\/02\/visual-6-eng.png\" \/>\n\t<meta property=\"og:image:width\" content=\"1000\" \/>\n\t<meta property=\"og:image:height\" content=\"1000\" \/>\n\t<meta property=\"og:image:type\" content=\"image\/png\" \/>\n<meta name=\"author\" content=\"milica\" \/>\n<meta name=\"twitter:card\" content=\"summary_large_image\" \/>\n<meta name=\"twitter:label1\" content=\"Written by\" \/>\n\t<meta name=\"twitter:data1\" content=\"milica\" \/>\n\t<meta name=\"twitter:label2\" content=\"Est. reading time\" \/>\n\t<meta name=\"twitter:data2\" content=\"2 minutes\" \/>\n<script type=\"application\/ld+json\" class=\"yoast-schema-graph\">{\"@context\":\"https:\\\/\\\/schema.org\",\"@graph\":[{\"@type\":\"Article\",\"@id\":\"https:\\\/\\\/crta.rs\\\/en\\\/until-1-pm-25-1-percent-of-serbian-citizens-voted\\\/#article\",\"isPartOf\":{\"@id\":\"https:\\\/\\\/crta.rs\\\/en\\\/until-1-pm-25-1-percent-of-serbian-citizens-voted\\\/\"},\"author\":{\"name\":\"milica\",\"@id\":\"https:\\\/\\\/crta.rs\\\/en\\\/#\\\/schema\\\/person\\\/0cc37dbc4cb7d35b32379de6f98e1c7f\"},\"headline\":\"Until 1 pm, 25.1 percent of Serbian citizens voted\",\"datePublished\":\"2017-04-02T11:31:15+00:00\",\"dateModified\":\"2020-02-04T12:39:58+00:00\",\"mainEntityOfPage\":{\"@id\":\"https:\\\/\\\/crta.rs\\\/en\\\/until-1-pm-25-1-percent-of-serbian-citizens-voted\\\/\"},\"wordCount\":480,\"commentCount\":0,\"image\":{\"@id\":\"https:\\\/\\\/crta.rs\\\/en\\\/until-1-pm-25-1-percent-of-serbian-citizens-voted\\\/#primaryimage\"},\"thumbnailUrl\":\"https:\\\/\\\/crta.rs\\\/wp-content\\\/uploads\\\/2018\\\/02\\\/visual-6-eng.png\",\"articleSection\":[\"News\"],\"inLanguage\":\"en-US\",\"potentialAction\":[{\"@type\":\"CommentAction\",\"name\":\"Comment\",\"target\":[\"https:\\\/\\\/crta.rs\\\/en\\\/until-1-pm-25-1-percent-of-serbian-citizens-voted\\\/#respond\"]}]},{\"@type\":\"WebPage\",\"@id\":\"https:\\\/\\\/crta.rs\\\/en\\\/until-1-pm-25-1-percent-of-serbian-citizens-voted\\\/\",\"url\":\"https:\\\/\\\/crta.rs\\\/en\\\/until-1-pm-25-1-percent-of-serbian-citizens-voted\\\/\",\"name\":\"Until 1 pm, 25.1 percent of Serbian citizens voted - CRTA\",\"isPartOf\":{\"@id\":\"https:\\\/\\\/crta.rs\\\/en\\\/#website\"},\"primaryImageOfPage\":{\"@id\":\"https:\\\/\\\/crta.rs\\\/en\\\/until-1-pm-25-1-percent-of-serbian-citizens-voted\\\/#primaryimage\"},\"image\":{\"@id\":\"https:\\\/\\\/crta.rs\\\/en\\\/until-1-pm-25-1-percent-of-serbian-citizens-voted\\\/#primaryimage\"},\"thumbnailUrl\":\"https:\\\/\\\/crta.rs\\\/wp-content\\\/uploads\\\/2018\\\/02\\\/visual-6-eng.png\",\"datePublished\":\"2017-04-02T11:31:15+00:00\",\"dateModified\":\"2020-02-04T12:39:58+00:00\",\"author\":{\"@id\":\"https:\\\/\\\/crta.rs\\\/en\\\/#\\\/schema\\\/person\\\/0cc37dbc4cb7d35b32379de6f98e1c7f\"},\"breadcrumb\":{\"@id\":\"https:\\\/\\\/crta.rs\\\/en\\\/until-1-pm-25-1-percent-of-serbian-citizens-voted\\\/#breadcrumb\"},\"inLanguage\":\"en-US\",\"potentialAction\":[{\"@type\":\"ReadAction\",\"target\":[\"https:\\\/\\\/crta.rs\\\/en\\\/until-1-pm-25-1-percent-of-serbian-citizens-voted\\\/\"]}]},{\"@type\":\"ImageObject\",\"inLanguage\":\"en-US\",\"@id\":\"https:\\\/\\\/crta.rs\\\/en\\\/until-1-pm-25-1-percent-of-serbian-citizens-voted\\\/#primaryimage\",\"url\":\"https:\\\/\\\/crta.rs\\\/wp-content\\\/uploads\\\/2018\\\/02\\\/visual-6-eng.png\",\"contentUrl\":\"https:\\\/\\\/crta.rs\\\/wp-content\\\/uploads\\\/2018\\\/02\\\/visual-6-eng.png\",\"width\":1000,\"height\":1000},{\"@type\":\"BreadcrumbList\",\"@id\":\"https:\\\/\\\/crta.rs\\\/en\\\/until-1-pm-25-1-percent-of-serbian-citizens-voted\\\/#breadcrumb\",\"itemListElement\":[{\"@type\":\"ListItem\",\"position\":1,\"name\":\"Home\",\"item\":\"https:\\\/\\\/crta.rs\\\/en\\\/\"},{\"@type\":\"ListItem\",\"position\":2,\"name\":\"News\",\"item\":\"https:\\\/\\\/crta.rs\\\/en\\\/category\\\/news\\\/\"},{\"@type\":\"ListItem\",\"position\":3,\"name\":\"Until 1 pm, 25.1 percent of Serbian citizens voted\"}]},{\"@type\":\"WebSite\",\"@id\":\"https:\\\/\\\/crta.rs\\\/en\\\/#website\",\"url\":\"https:\\\/\\\/crta.rs\\\/en\\\/\",\"name\":\"CRTA\",\"description\":\"Mi smo grupa aktivista i novinara koja zajedno sa gra\u0111anima uti\u010de na pove\u0107anje odgovornosti institucija i javnih funkcionera kroz pra\u0107enje i kontrolu njihovog rada.\",\"potentialAction\":[{\"@type\":\"SearchAction\",\"target\":{\"@type\":\"EntryPoint\",\"urlTemplate\":\"https:\\\/\\\/crta.rs\\\/en\\\/?s={search_term_string}\"},\"query-input\":{\"@type\":\"PropertyValueSpecification\",\"valueRequired\":true,\"valueName\":\"search_term_string\"}}],\"inLanguage\":\"en-US\"},{\"@type\":\"Person\",\"@id\":\"https:\\\/\\\/crta.rs\\\/en\\\/#\\\/schema\\\/person\\\/0cc37dbc4cb7d35b32379de6f98e1c7f\",\"name\":\"milica\",\"url\":\"https:\\\/\\\/crta.rs\\\/en\\\/author\\\/milica\\\/\"}]}<\/script>\n<!-- \/ Yoast SEO plugin. -->","yoast_head_json":{"title":"Until 1 pm, 25.1 percent of Serbian citizens voted - CRTA","robots":{"index":"index","follow":"follow","max-snippet":"max-snippet:-1","max-image-preview":"max-image-preview:large","max-video-preview":"max-video-preview:-1"},"canonical":"https:\/\/crta.rs\/en\/until-1-pm-25-1-percent-of-serbian-citizens-voted\/","og_locale":"en_US","og_type":"article","og_title":"Until 1 pm, 25.1 percent of Serbian citizens voted - CRTA","og_description":"A total of 25.1 percent of citizens listed in the voters list have voted at the Serbian presidential elections until 1 pm, the CRTA election observation mission \u2018Citizens on Watch\u2019 stated. Margin of error was +\/- 0.7 percent. This turnout equals the percentage of voters who voted until 1 pm in the last year\u2019s parliamentary elections.","og_url":"https:\/\/crta.rs\/en\/until-1-pm-25-1-percent-of-serbian-citizens-voted\/","og_site_name":"CRTA","article_publisher":"https:\/\/www.facebook.com\/CRTArs\/","article_published_time":"2017-04-02T11:31:15+00:00","article_modified_time":"2020-02-04T12:39:58+00:00","og_image":[{"width":1000,"height":1000,"url":"https:\/\/crta.rs\/wp-content\/uploads\/2018\/02\/visual-6-eng.png","type":"image\/png"}],"author":"milica","twitter_card":"summary_large_image","twitter_misc":{"Written by":"milica","Est. reading time":"2 minutes"},"schema":{"@context":"https:\/\/schema.org","@graph":[{"@type":"Article","@id":"https:\/\/crta.rs\/en\/until-1-pm-25-1-percent-of-serbian-citizens-voted\/#article","isPartOf":{"@id":"https:\/\/crta.rs\/en\/until-1-pm-25-1-percent-of-serbian-citizens-voted\/"},"author":{"name":"milica","@id":"https:\/\/crta.rs\/en\/#\/schema\/person\/0cc37dbc4cb7d35b32379de6f98e1c7f"},"headline":"Until 1 pm, 25.1 percent of Serbian citizens voted","datePublished":"2017-04-02T11:31:15+00:00","dateModified":"2020-02-04T12:39:58+00:00","mainEntityOfPage":{"@id":"https:\/\/crta.rs\/en\/until-1-pm-25-1-percent-of-serbian-citizens-voted\/"},"wordCount":480,"commentCount":0,"image":{"@id":"https:\/\/crta.rs\/en\/until-1-pm-25-1-percent-of-serbian-citizens-voted\/#primaryimage"},"thumbnailUrl":"https:\/\/crta.rs\/wp-content\/uploads\/2018\/02\/visual-6-eng.png","articleSection":["News"],"inLanguage":"en-US","potentialAction":[{"@type":"CommentAction","name":"Comment","target":["https:\/\/crta.rs\/en\/until-1-pm-25-1-percent-of-serbian-citizens-voted\/#respond"]}]},{"@type":"WebPage","@id":"https:\/\/crta.rs\/en\/until-1-pm-25-1-percent-of-serbian-citizens-voted\/","url":"https:\/\/crta.rs\/en\/until-1-pm-25-1-percent-of-serbian-citizens-voted\/","name":"Until 1 pm, 25.1 percent of Serbian citizens voted - CRTA","isPartOf":{"@id":"https:\/\/crta.rs\/en\/#website"},"primaryImageOfPage":{"@id":"https:\/\/crta.rs\/en\/until-1-pm-25-1-percent-of-serbian-citizens-voted\/#primaryimage"},"image":{"@id":"https:\/\/crta.rs\/en\/until-1-pm-25-1-percent-of-serbian-citizens-voted\/#primaryimage"},"thumbnailUrl":"https:\/\/crta.rs\/wp-content\/uploads\/2018\/02\/visual-6-eng.png","datePublished":"2017-04-02T11:31:15+00:00","dateModified":"2020-02-04T12:39:58+00:00","author":{"@id":"https:\/\/crta.rs\/en\/#\/schema\/person\/0cc37dbc4cb7d35b32379de6f98e1c7f"},"breadcrumb":{"@id":"https:\/\/crta.rs\/en\/until-1-pm-25-1-percent-of-serbian-citizens-voted\/#breadcrumb"},"inLanguage":"en-US","potentialAction":[{"@type":"ReadAction","target":["https:\/\/crta.rs\/en\/until-1-pm-25-1-percent-of-serbian-citizens-voted\/"]}]},{"@type":"ImageObject","inLanguage":"en-US","@id":"https:\/\/crta.rs\/en\/until-1-pm-25-1-percent-of-serbian-citizens-voted\/#primaryimage","url":"https:\/\/crta.rs\/wp-content\/uploads\/2018\/02\/visual-6-eng.png","contentUrl":"https:\/\/crta.rs\/wp-content\/uploads\/2018\/02\/visual-6-eng.png","width":1000,"height":1000},{"@type":"BreadcrumbList","@id":"https:\/\/crta.rs\/en\/until-1-pm-25-1-percent-of-serbian-citizens-voted\/#breadcrumb","itemListElement":[{"@type":"ListItem","position":1,"name":"Home","item":"https:\/\/crta.rs\/en\/"},{"@type":"ListItem","position":2,"name":"News","item":"https:\/\/crta.rs\/en\/category\/news\/"},{"@type":"ListItem","position":3,"name":"Until 1 pm, 25.1 percent of Serbian citizens voted"}]},{"@type":"WebSite","@id":"https:\/\/crta.rs\/en\/#website","url":"https:\/\/crta.rs\/en\/","name":"CRTA","description":"Mi smo grupa aktivista i novinara koja zajedno sa gra\u0111anima uti\u010de na pove\u0107anje odgovornosti institucija i javnih funkcionera kroz pra\u0107enje i kontrolu njihovog rada.","potentialAction":[{"@type":"SearchAction","target":{"@type":"EntryPoint","urlTemplate":"https:\/\/crta.rs\/en\/?s={search_term_string}"},"query-input":{"@type":"PropertyValueSpecification","valueRequired":true,"valueName":"search_term_string"}}],"inLanguage":"en-US"},{"@type":"Person","@id":"https:\/\/crta.rs\/en\/#\/schema\/person\/0cc37dbc4cb7d35b32379de6f98e1c7f","name":"milica","url":"https:\/\/crta.rs\/en\/author\/milica\/"}]}},"_links":{"self":[{"href":"https:\/\/crta.rs\/en\/wp-json\/wp\/v2\/posts\/21168","targetHints":{"allow":["GET"]}}],"collection":[{"href":"https:\/\/crta.rs\/en\/wp-json\/wp\/v2\/posts"}],"about":[{"href":"https:\/\/crta.rs\/en\/wp-json\/wp\/v2\/types\/post"}],"author":[{"embeddable":true,"href":"https:\/\/crta.rs\/en\/wp-json\/wp\/v2\/users\/3"}],"replies":[{"embeddable":true,"href":"https:\/\/crta.rs\/en\/wp-json\/wp\/v2\/comments?post=21168"}],"version-history":[{"count":1,"href":"https:\/\/crta.rs\/en\/wp-json\/wp\/v2\/posts\/21168\/revisions"}],"predecessor-version":[{"id":21169,"href":"https:\/\/crta.rs\/en\/wp-json\/wp\/v2\/posts\/21168\/revisions\/21169"}],"wp:featuredmedia":[{"embeddable":true,"href":"https:\/\/crta.rs\/en\/wp-json\/wp\/v2\/media\/19907"}],"wp:attachment":[{"href":"https:\/\/crta.rs\/en\/wp-json\/wp\/v2\/media?parent=21168"}],"wp:term":[{"taxonomy":"category","embeddable":true,"href":"https:\/\/crta.rs\/en\/wp-json\/wp\/v2\/categories?post=21168"},{"taxonomy":"post_tag","embeddable":true,"href":"https:\/\/crta.rs\/en\/wp-json\/wp\/v2\/tags?post=21168"}],"curies":[{"name":"wp","href":"https:\/\/api.w.org\/{rel}","templated":true}]}}