{"id":21160,"date":"2017-04-02T13:20:38","date_gmt":"2017-04-02T11:20:38","guid":{"rendered":"https:\/\/crta.rs\/?p=21160"},"modified":"2020-02-04T13:22:46","modified_gmt":"2020-02-04T12:22:46","slug":"until-7pm-49-9-percent-of-serbian-citizens-voted","status":"publish","type":"post","link":"https:\/\/crta.rs\/en\/until-7pm-49-9-percent-of-serbian-citizens-voted\/","title":{"rendered":"Until 7pm, 49.9 percent of Serbian citizens voted"},"content":{"rendered":"<p>A total of 49.9 percent of citizens listed in the voters list voted at the Serbian presidential elections until 7 pm, the CRTA election observation mission \u2018Citizens on Watch\u2019 stated. Margin of error was +\/- 1 percent. In comparison to the last year\u2019s parliamentary elections, this is the turnout of 3.2 percent less voters until 7 pm.<\/p>\n<p>Observers deployed to the random and representative sample of 450 polling stations reported that voting process by 7 pm was conducted mainly in accordance with established procedures.<\/p>\n<p>In comparison to the observation results at 4 pm, the slight increase in the percentage of irregularities at polling stations, from one to three percent, was recorded. This percentage still refers to isolated incidents that cannot be considered a trend that would influence the regularity of the voting process. Recorded irregularities included voting without identification documents, not checking voters\u2019 identification prior to voting and handling of parallel voters lists. Distribution of campaign material less than 50 meters from the polling station was not recorded in this period.<\/p>\n<p>One incident of physical violence was recorded at the polling station 16 in Leskovac, where a political party activist assaulted the president of the polling board and caused him minor injuries, so the police and the ambulance intervened. The police also intervened at the polling station 67 in Pancevo, due to the gathering of extremist groups in front of the polling station.<\/p>\n<p>In Zajecar, Alibunar and Knjazevac police stations were opened outside of working ours with the purpose to issue the confirmation that voters without a valid ID card had submitted the request for the issuance of the new ID card. The CRTA election observation \u2018Citizens on Watch\u2019 mobile team confirmed that the replacement of ID cards was organized for 50 in Alibunar.<\/p>\n<p>The CRTA election observation mission \u2018Citizens on Watch\u2019 does not have observes in the territory of Kosovo and Metohija, abroad, or within the Bureau of Prisons.<\/p>\n<p>The CRTA election observation mission \u2018Citizens on Watch\u2019 based its monitoring of the Serbian presidential elections on April 2, 2017 on statistical principles as an effective method for systematic observation of the process during the Election Day, using the Parallel Vote Tabulation (PVT) methodology. This methodology enables the assessment of the entire voting process on the Election Day \u2013 opening of the polling stations, voting and vote count \u2013 in an unbiased and systematic manner. PVT methodology uses randomly selected sample of the polling stations (PS), which means that the results are representative for the entire country. Observers are deployed to 450 polls and they monitor the entire election process \u2013 from the opening of polling stations until the records on the election results are compiled. Based on representative sample, PVT enables detection of irregularities and violations of election procedures on the Election Day and provides information about regularity of the election process for the entire country.<\/p>\n<p>CRTA\u2019s election observation is based on the highest international standards, stipulated in the Declaration of Global Principles for Nonpartisan Election Observation and Monitoring by Citizen Organizations.<\/p>\n<p>The next public statement of the CRTA election observation mission \u2018Citizens on Watch\u2019 is scheduled for after the presidential elections vote count and processing of data collected within the sample (around 10 pm).<\/p>\n","protected":false},"excerpt":{"rendered":"<p>A total of 49.9 percent of citizens listed in the voters list voted at the Serbian presidential elections until 7 pm, the CRTA election observation mission \u2018Citizens on Watch\u2019 stated. Margin of error was +\/- 1 percent. In comparison to the last year\u2019s parliamentary elections, this is the turnout of 3.2 percent less voters until 7 pm.<\/p>\n","protected":false},"author":3,"featured_media":20036,"comment_status":"open","ping_status":"open","sticky":false,"template":"","format":"standard","meta":{"_acf_changed":false,"footnotes":"","_links_to":"","_links_to_target":""},"categories":[681],"tags":[781,226],"class_list":["post-21160","post","type-post","status-publish","format-standard","has-post-thumbnail","hentry","category-news","tag-presidential-elections","tag-presidential-elections-2017","ciTrackContent"],"acf":[],"yoast_head":"<!-- This site is optimized with the Yoast SEO plugin v27.4 - https:\/\/yoast.com\/product\/yoast-seo-wordpress\/ -->\n<title>Until 7pm, 49.9 percent of Serbian citizens voted - CRTA<\/title>\n<meta name=\"robots\" content=\"index, follow, max-snippet:-1, max-image-preview:large, max-video-preview:-1\" \/>\n<link rel=\"canonical\" href=\"https:\/\/crta.rs\/en\/until-7pm-49-9-percent-of-serbian-citizens-voted\/\" \/>\n<meta property=\"og:locale\" content=\"en_US\" \/>\n<meta property=\"og:type\" content=\"article\" \/>\n<meta property=\"og:title\" content=\"Until 7pm, 49.9 percent of Serbian citizens voted - CRTA\" \/>\n<meta property=\"og:description\" content=\"A total of 49.9 percent of citizens listed in the voters list voted at the Serbian presidential elections until 7 pm, the CRTA election observation mission \u2018Citizens on Watch\u2019 stated. Margin of error was +\/- 1 percent. In comparison to the last year\u2019s parliamentary elections, this is the turnout of 3.2 percent less voters until 7 pm.\" \/>\n<meta property=\"og:url\" content=\"https:\/\/crta.rs\/en\/until-7pm-49-9-percent-of-serbian-citizens-voted\/\" \/>\n<meta property=\"og:site_name\" content=\"CRTA\" \/>\n<meta property=\"article:publisher\" content=\"https:\/\/www.facebook.com\/CRTArs\/\" \/>\n<meta property=\"article:published_time\" content=\"2017-04-02T11:20:38+00:00\" \/>\n<meta property=\"article:modified_time\" content=\"2020-02-04T12:22:46+00:00\" \/>\n<meta property=\"og:image\" content=\"https:\/\/crta.rs\/wp-content\/uploads\/2017\/04\/19pm-elections-2017.png\" \/>\n\t<meta property=\"og:image:width\" content=\"1000\" \/>\n\t<meta property=\"og:image:height\" content=\"1000\" \/>\n\t<meta property=\"og:image:type\" content=\"image\/png\" \/>\n<meta name=\"author\" content=\"milica\" \/>\n<meta name=\"twitter:card\" content=\"summary_large_image\" \/>\n<meta name=\"twitter:label1\" content=\"Written by\" \/>\n\t<meta name=\"twitter:data1\" content=\"milica\" \/>\n\t<meta name=\"twitter:label2\" content=\"Est. reading time\" \/>\n\t<meta name=\"twitter:data2\" content=\"3 minutes\" \/>\n<script type=\"application\/ld+json\" class=\"yoast-schema-graph\">{\"@context\":\"https:\\\/\\\/schema.org\",\"@graph\":[{\"@type\":\"Article\",\"@id\":\"https:\\\/\\\/crta.rs\\\/en\\\/until-7pm-49-9-percent-of-serbian-citizens-voted\\\/#article\",\"isPartOf\":{\"@id\":\"https:\\\/\\\/crta.rs\\\/en\\\/until-7pm-49-9-percent-of-serbian-citizens-voted\\\/\"},\"author\":{\"name\":\"milica\",\"@id\":\"https:\\\/\\\/crta.rs\\\/en\\\/#\\\/schema\\\/person\\\/0cc37dbc4cb7d35b32379de6f98e1c7f\"},\"headline\":\"Until 7pm, 49.9 percent of Serbian citizens voted\",\"datePublished\":\"2017-04-02T11:20:38+00:00\",\"dateModified\":\"2020-02-04T12:22:46+00:00\",\"mainEntityOfPage\":{\"@id\":\"https:\\\/\\\/crta.rs\\\/en\\\/until-7pm-49-9-percent-of-serbian-citizens-voted\\\/\"},\"wordCount\":526,\"commentCount\":0,\"image\":{\"@id\":\"https:\\\/\\\/crta.rs\\\/en\\\/until-7pm-49-9-percent-of-serbian-citizens-voted\\\/#primaryimage\"},\"thumbnailUrl\":\"https:\\\/\\\/crta.rs\\\/wp-content\\\/uploads\\\/2017\\\/04\\\/19pm-elections-2017.png\",\"keywords\":[\"presidential elections\",\"presidential elections 2017\"],\"articleSection\":[\"News\"],\"inLanguage\":\"en-US\",\"potentialAction\":[{\"@type\":\"CommentAction\",\"name\":\"Comment\",\"target\":[\"https:\\\/\\\/crta.rs\\\/en\\\/until-7pm-49-9-percent-of-serbian-citizens-voted\\\/#respond\"]}]},{\"@type\":\"WebPage\",\"@id\":\"https:\\\/\\\/crta.rs\\\/en\\\/until-7pm-49-9-percent-of-serbian-citizens-voted\\\/\",\"url\":\"https:\\\/\\\/crta.rs\\\/en\\\/until-7pm-49-9-percent-of-serbian-citizens-voted\\\/\",\"name\":\"Until 7pm, 49.9 percent of Serbian citizens voted - CRTA\",\"isPartOf\":{\"@id\":\"https:\\\/\\\/crta.rs\\\/en\\\/#website\"},\"primaryImageOfPage\":{\"@id\":\"https:\\\/\\\/crta.rs\\\/en\\\/until-7pm-49-9-percent-of-serbian-citizens-voted\\\/#primaryimage\"},\"image\":{\"@id\":\"https:\\\/\\\/crta.rs\\\/en\\\/until-7pm-49-9-percent-of-serbian-citizens-voted\\\/#primaryimage\"},\"thumbnailUrl\":\"https:\\\/\\\/crta.rs\\\/wp-content\\\/uploads\\\/2017\\\/04\\\/19pm-elections-2017.png\",\"datePublished\":\"2017-04-02T11:20:38+00:00\",\"dateModified\":\"2020-02-04T12:22:46+00:00\",\"author\":{\"@id\":\"https:\\\/\\\/crta.rs\\\/en\\\/#\\\/schema\\\/person\\\/0cc37dbc4cb7d35b32379de6f98e1c7f\"},\"breadcrumb\":{\"@id\":\"https:\\\/\\\/crta.rs\\\/en\\\/until-7pm-49-9-percent-of-serbian-citizens-voted\\\/#breadcrumb\"},\"inLanguage\":\"en-US\",\"potentialAction\":[{\"@type\":\"ReadAction\",\"target\":[\"https:\\\/\\\/crta.rs\\\/en\\\/until-7pm-49-9-percent-of-serbian-citizens-voted\\\/\"]}]},{\"@type\":\"ImageObject\",\"inLanguage\":\"en-US\",\"@id\":\"https:\\\/\\\/crta.rs\\\/en\\\/until-7pm-49-9-percent-of-serbian-citizens-voted\\\/#primaryimage\",\"url\":\"https:\\\/\\\/crta.rs\\\/wp-content\\\/uploads\\\/2017\\\/04\\\/19pm-elections-2017.png\",\"contentUrl\":\"https:\\\/\\\/crta.rs\\\/wp-content\\\/uploads\\\/2017\\\/04\\\/19pm-elections-2017.png\",\"width\":1000,\"height\":1000},{\"@type\":\"BreadcrumbList\",\"@id\":\"https:\\\/\\\/crta.rs\\\/en\\\/until-7pm-49-9-percent-of-serbian-citizens-voted\\\/#breadcrumb\",\"itemListElement\":[{\"@type\":\"ListItem\",\"position\":1,\"name\":\"Home\",\"item\":\"https:\\\/\\\/crta.rs\\\/en\\\/\"},{\"@type\":\"ListItem\",\"position\":2,\"name\":\"News\",\"item\":\"https:\\\/\\\/crta.rs\\\/en\\\/category\\\/news\\\/\"},{\"@type\":\"ListItem\",\"position\":3,\"name\":\"Until 7pm, 49.9 percent of Serbian citizens voted\"}]},{\"@type\":\"WebSite\",\"@id\":\"https:\\\/\\\/crta.rs\\\/en\\\/#website\",\"url\":\"https:\\\/\\\/crta.rs\\\/en\\\/\",\"name\":\"CRTA\",\"description\":\"Mi smo grupa aktivista i novinara koja zajedno sa gra\u0111anima uti\u010de na pove\u0107anje odgovornosti institucija i javnih funkcionera kroz pra\u0107enje i kontrolu njihovog rada.\",\"potentialAction\":[{\"@type\":\"SearchAction\",\"target\":{\"@type\":\"EntryPoint\",\"urlTemplate\":\"https:\\\/\\\/crta.rs\\\/en\\\/?s={search_term_string}\"},\"query-input\":{\"@type\":\"PropertyValueSpecification\",\"valueRequired\":true,\"valueName\":\"search_term_string\"}}],\"inLanguage\":\"en-US\"},{\"@type\":\"Person\",\"@id\":\"https:\\\/\\\/crta.rs\\\/en\\\/#\\\/schema\\\/person\\\/0cc37dbc4cb7d35b32379de6f98e1c7f\",\"name\":\"milica\",\"url\":\"https:\\\/\\\/crta.rs\\\/en\\\/author\\\/milica\\\/\"}]}<\/script>\n<!-- \/ Yoast SEO plugin. -->","yoast_head_json":{"title":"Until 7pm, 49.9 percent of Serbian citizens voted - CRTA","robots":{"index":"index","follow":"follow","max-snippet":"max-snippet:-1","max-image-preview":"max-image-preview:large","max-video-preview":"max-video-preview:-1"},"canonical":"https:\/\/crta.rs\/en\/until-7pm-49-9-percent-of-serbian-citizens-voted\/","og_locale":"en_US","og_type":"article","og_title":"Until 7pm, 49.9 percent of Serbian citizens voted - CRTA","og_description":"A total of 49.9 percent of citizens listed in the voters list voted at the Serbian presidential elections until 7 pm, the CRTA election observation mission \u2018Citizens on Watch\u2019 stated. Margin of error was +\/- 1 percent. In comparison to the last year\u2019s parliamentary elections, this is the turnout of 3.2 percent less voters until 7 pm.","og_url":"https:\/\/crta.rs\/en\/until-7pm-49-9-percent-of-serbian-citizens-voted\/","og_site_name":"CRTA","article_publisher":"https:\/\/www.facebook.com\/CRTArs\/","article_published_time":"2017-04-02T11:20:38+00:00","article_modified_time":"2020-02-04T12:22:46+00:00","og_image":[{"width":1000,"height":1000,"url":"https:\/\/crta.rs\/wp-content\/uploads\/2017\/04\/19pm-elections-2017.png","type":"image\/png"}],"author":"milica","twitter_card":"summary_large_image","twitter_misc":{"Written by":"milica","Est. reading time":"3 minutes"},"schema":{"@context":"https:\/\/schema.org","@graph":[{"@type":"Article","@id":"https:\/\/crta.rs\/en\/until-7pm-49-9-percent-of-serbian-citizens-voted\/#article","isPartOf":{"@id":"https:\/\/crta.rs\/en\/until-7pm-49-9-percent-of-serbian-citizens-voted\/"},"author":{"name":"milica","@id":"https:\/\/crta.rs\/en\/#\/schema\/person\/0cc37dbc4cb7d35b32379de6f98e1c7f"},"headline":"Until 7pm, 49.9 percent of Serbian citizens voted","datePublished":"2017-04-02T11:20:38+00:00","dateModified":"2020-02-04T12:22:46+00:00","mainEntityOfPage":{"@id":"https:\/\/crta.rs\/en\/until-7pm-49-9-percent-of-serbian-citizens-voted\/"},"wordCount":526,"commentCount":0,"image":{"@id":"https:\/\/crta.rs\/en\/until-7pm-49-9-percent-of-serbian-citizens-voted\/#primaryimage"},"thumbnailUrl":"https:\/\/crta.rs\/wp-content\/uploads\/2017\/04\/19pm-elections-2017.png","keywords":["presidential elections","presidential elections 2017"],"articleSection":["News"],"inLanguage":"en-US","potentialAction":[{"@type":"CommentAction","name":"Comment","target":["https:\/\/crta.rs\/en\/until-7pm-49-9-percent-of-serbian-citizens-voted\/#respond"]}]},{"@type":"WebPage","@id":"https:\/\/crta.rs\/en\/until-7pm-49-9-percent-of-serbian-citizens-voted\/","url":"https:\/\/crta.rs\/en\/until-7pm-49-9-percent-of-serbian-citizens-voted\/","name":"Until 7pm, 49.9 percent of Serbian citizens voted - CRTA","isPartOf":{"@id":"https:\/\/crta.rs\/en\/#website"},"primaryImageOfPage":{"@id":"https:\/\/crta.rs\/en\/until-7pm-49-9-percent-of-serbian-citizens-voted\/#primaryimage"},"image":{"@id":"https:\/\/crta.rs\/en\/until-7pm-49-9-percent-of-serbian-citizens-voted\/#primaryimage"},"thumbnailUrl":"https:\/\/crta.rs\/wp-content\/uploads\/2017\/04\/19pm-elections-2017.png","datePublished":"2017-04-02T11:20:38+00:00","dateModified":"2020-02-04T12:22:46+00:00","author":{"@id":"https:\/\/crta.rs\/en\/#\/schema\/person\/0cc37dbc4cb7d35b32379de6f98e1c7f"},"breadcrumb":{"@id":"https:\/\/crta.rs\/en\/until-7pm-49-9-percent-of-serbian-citizens-voted\/#breadcrumb"},"inLanguage":"en-US","potentialAction":[{"@type":"ReadAction","target":["https:\/\/crta.rs\/en\/until-7pm-49-9-percent-of-serbian-citizens-voted\/"]}]},{"@type":"ImageObject","inLanguage":"en-US","@id":"https:\/\/crta.rs\/en\/until-7pm-49-9-percent-of-serbian-citizens-voted\/#primaryimage","url":"https:\/\/crta.rs\/wp-content\/uploads\/2017\/04\/19pm-elections-2017.png","contentUrl":"https:\/\/crta.rs\/wp-content\/uploads\/2017\/04\/19pm-elections-2017.png","width":1000,"height":1000},{"@type":"BreadcrumbList","@id":"https:\/\/crta.rs\/en\/until-7pm-49-9-percent-of-serbian-citizens-voted\/#breadcrumb","itemListElement":[{"@type":"ListItem","position":1,"name":"Home","item":"https:\/\/crta.rs\/en\/"},{"@type":"ListItem","position":2,"name":"News","item":"https:\/\/crta.rs\/en\/category\/news\/"},{"@type":"ListItem","position":3,"name":"Until 7pm, 49.9 percent of Serbian citizens voted"}]},{"@type":"WebSite","@id":"https:\/\/crta.rs\/en\/#website","url":"https:\/\/crta.rs\/en\/","name":"CRTA","description":"Mi smo grupa aktivista i novinara koja zajedno sa gra\u0111anima uti\u010de na pove\u0107anje odgovornosti institucija i javnih funkcionera kroz pra\u0107enje i kontrolu njihovog rada.","potentialAction":[{"@type":"SearchAction","target":{"@type":"EntryPoint","urlTemplate":"https:\/\/crta.rs\/en\/?s={search_term_string}"},"query-input":{"@type":"PropertyValueSpecification","valueRequired":true,"valueName":"search_term_string"}}],"inLanguage":"en-US"},{"@type":"Person","@id":"https:\/\/crta.rs\/en\/#\/schema\/person\/0cc37dbc4cb7d35b32379de6f98e1c7f","name":"milica","url":"https:\/\/crta.rs\/en\/author\/milica\/"}]}},"_links":{"self":[{"href":"https:\/\/crta.rs\/en\/wp-json\/wp\/v2\/posts\/21160","targetHints":{"allow":["GET"]}}],"collection":[{"href":"https:\/\/crta.rs\/en\/wp-json\/wp\/v2\/posts"}],"about":[{"href":"https:\/\/crta.rs\/en\/wp-json\/wp\/v2\/types\/post"}],"author":[{"embeddable":true,"href":"https:\/\/crta.rs\/en\/wp-json\/wp\/v2\/users\/3"}],"replies":[{"embeddable":true,"href":"https:\/\/crta.rs\/en\/wp-json\/wp\/v2\/comments?post=21160"}],"version-history":[{"count":1,"href":"https:\/\/crta.rs\/en\/wp-json\/wp\/v2\/posts\/21160\/revisions"}],"predecessor-version":[{"id":21161,"href":"https:\/\/crta.rs\/en\/wp-json\/wp\/v2\/posts\/21160\/revisions\/21161"}],"wp:featuredmedia":[{"embeddable":true,"href":"https:\/\/crta.rs\/en\/wp-json\/wp\/v2\/media\/20036"}],"wp:attachment":[{"href":"https:\/\/crta.rs\/en\/wp-json\/wp\/v2\/media?parent=21160"}],"wp:term":[{"taxonomy":"category","embeddable":true,"href":"https:\/\/crta.rs\/en\/wp-json\/wp\/v2\/categories?post=21160"},{"taxonomy":"post_tag","embeddable":true,"href":"https:\/\/crta.rs\/en\/wp-json\/wp\/v2\/tags?post=21160"}],"curies":[{"name":"wp","href":"https:\/\/api.w.org\/{rel}","templated":true}]}}