{"id":21103,"date":"2018-02-01T16:38:23","date_gmt":"2018-02-01T15:38:23","guid":{"rendered":"https:\/\/crta.rs\/?p=21103"},"modified":"2020-02-06T11:00:58","modified_gmt":"2020-02-06T10:00:58","slug":"crta-started-with-monitoring-of-belgrade-pre-election-campaign-2","status":"publish","type":"post","link":"https:\/\/crta.rs\/en\/crta-started-with-monitoring-of-belgrade-pre-election-campaign-2\/","title":{"rendered":"CRTA started with monitoring of Belgrade pre-election campaign"},"content":{"rendered":"<p>The CRTA observation mission <i>Citizens on Watch<\/i>\u00a0started today the long-term monitoring of the electoral process in 17 Belgrade municipalities. A total of 50 long term observers, trained in accordance with international standards, observe and gather information about the pre-election campaign, potential irregularities and media coverage of the pre-election campaign.<\/p>\n<p>Long-term election observation currently does not include monitoring of the election administration\u2019s work because domestic observers have not received the approval to participate in the City Electoral Commission meetings, although the Commission on January 17th confirmed that CRTA fulfilled the requirements to monitor the elections.<\/p>\n<p>CRTA\u2019s long-term observers will be located in all Belgrade municipalities until the City Electoral Commission declares the official election results, thus ensuring the equal access to information about election processes and trends.<\/p>\n<p>The CRTA observation mission\u00a0<i>Citizens on Watch\u00a0<\/i>invites citizens to follow the pre-election campaign and to provide information about potential incidents, pressures on voters, misuse of public resources in the campaign and other possible irregularities. Citizens are encouraged to send the information to CRTA\u00a0<a href=\"https:\/\/twitter.com\/crtars?lang=en\">Twitter<\/a>\u00a0and\u00a0<a href=\"https:\/\/www.facebook.com\/CRTArs\/\">Facebook<\/a>\u00a0profiles, via e-mail\u00a0kontakt@gradjaninastrazi, or phone number +381 69 232 1901.<\/p>\n<p>CRTA emphasizes a very important role of the media in the election process and their obligation to equally, timely, accurately and fully inform citizens about all electoral lists \u00a0in the Belgrade elections. If citizens believe that electronic media violate these regulations or that their right to objective information is endangered, CRTA provided the application\u00a0<a href=\"https:\/\/rem.gradjaninastrazi.rs\/\">rem.gradjaninastrazi.rs<\/a>\u00a0for filing complaints directly to the authorized Regulatory Body for Electronic Media.<\/p>\n<p>Through regular press conferences, CRTA will present findings of the long-term election observation, while the final report of the election observation mission will be published after the official announcement of the election results.<\/p>\n","protected":false},"excerpt":{"rendered":"<p>The CRTA observation mission Citizens on Watch\u00a0started today the long-term monitoring of the electoral process in 17 Belgrade municipalities. A total of 50 long term observers, trained in accordance with international standards, observe and gather information about the pre-election campaign, potential irregularities and media coverage of the pre-election campaign.<\/p>\n","protected":false},"author":3,"featured_media":21027,"comment_status":"closed","ping_status":"open","sticky":false,"template":"","format":"standard","meta":{"_acf_changed":false,"footnotes":"","_links_to":"","_links_to_target":""},"categories":[681],"tags":[326,322,164],"class_list":["post-21103","post","type-post","status-publish","format-standard","has-post-thumbnail","hentry","category-news","tag-belgrade-elections","tag-belgrade-elections-2018","tag-elections","ciTrackContent"],"acf":[],"yoast_head":"<!-- This site is optimized with the Yoast SEO plugin v27.4 - https:\/\/yoast.com\/product\/yoast-seo-wordpress\/ -->\n<title>CRTA started with monitoring of Belgrade pre-election campaign - CRTA<\/title>\n<meta name=\"robots\" content=\"index, follow, max-snippet:-1, max-image-preview:large, max-video-preview:-1\" \/>\n<link rel=\"canonical\" href=\"https:\/\/crta.rs\/en\/crta-started-with-monitoring-of-belgrade-pre-election-campaign-2\/\" \/>\n<meta property=\"og:locale\" content=\"en_US\" \/>\n<meta property=\"og:type\" content=\"article\" \/>\n<meta property=\"og:title\" content=\"CRTA started with monitoring of Belgrade pre-election campaign - CRTA\" \/>\n<meta property=\"og:description\" content=\"The CRTA observation mission Citizens on Watch\u00a0started today the long-term monitoring of the electoral process in 17 Belgrade municipalities. A total of 50 long term observers, trained in accordance with international standards, observe and gather information about the pre-election campaign, potential irregularities and media coverage of the pre-election campaign.\" \/>\n<meta property=\"og:url\" content=\"https:\/\/crta.rs\/en\/crta-started-with-monitoring-of-belgrade-pre-election-campaign-2\/\" \/>\n<meta property=\"og:site_name\" content=\"CRTA\" \/>\n<meta property=\"article:publisher\" content=\"https:\/\/www.facebook.com\/CRTArs\/\" \/>\n<meta property=\"article:published_time\" content=\"2018-02-01T15:38:23+00:00\" \/>\n<meta property=\"article:modified_time\" content=\"2020-02-06T10:00:58+00:00\" \/>\n<meta property=\"og:image\" content=\"https:\/\/crta.rs\/wp-content\/uploads\/2019\/03\/CRTA-logo-1.png\" \/>\n\t<meta property=\"og:image:width\" content=\"576\" \/>\n\t<meta property=\"og:image:height\" content=\"383\" \/>\n\t<meta property=\"og:image:type\" content=\"image\/png\" \/>\n<meta name=\"author\" content=\"milica\" \/>\n<meta name=\"twitter:card\" content=\"summary_large_image\" \/>\n<meta name=\"twitter:label1\" content=\"Written by\" \/>\n\t<meta name=\"twitter:data1\" content=\"milica\" \/>\n\t<meta name=\"twitter:label2\" content=\"Est. reading time\" \/>\n\t<meta name=\"twitter:data2\" content=\"1 minute\" \/>\n<script type=\"application\/ld+json\" class=\"yoast-schema-graph\">{\"@context\":\"https:\\\/\\\/schema.org\",\"@graph\":[{\"@type\":\"Article\",\"@id\":\"https:\\\/\\\/crta.rs\\\/en\\\/crta-started-with-monitoring-of-belgrade-pre-election-campaign-2\\\/#article\",\"isPartOf\":{\"@id\":\"https:\\\/\\\/crta.rs\\\/en\\\/crta-started-with-monitoring-of-belgrade-pre-election-campaign-2\\\/\"},\"author\":{\"name\":\"milica\",\"@id\":\"https:\\\/\\\/crta.rs\\\/en\\\/#\\\/schema\\\/person\\\/0cc37dbc4cb7d35b32379de6f98e1c7f\"},\"headline\":\"CRTA started with monitoring of Belgrade pre-election campaign\",\"datePublished\":\"2018-02-01T15:38:23+00:00\",\"dateModified\":\"2020-02-06T10:00:58+00:00\",\"mainEntityOfPage\":{\"@id\":\"https:\\\/\\\/crta.rs\\\/en\\\/crta-started-with-monitoring-of-belgrade-pre-election-campaign-2\\\/\"},\"wordCount\":292,\"image\":{\"@id\":\"https:\\\/\\\/crta.rs\\\/en\\\/crta-started-with-monitoring-of-belgrade-pre-election-campaign-2\\\/#primaryimage\"},\"thumbnailUrl\":\"https:\\\/\\\/crta.rs\\\/wp-content\\\/uploads\\\/2019\\\/03\\\/CRTA-logo-1.png\",\"keywords\":[\"belgrade elections\",\"belgrade elections 2018\",\"elections\"],\"articleSection\":[\"News\"],\"inLanguage\":\"en-US\"},{\"@type\":\"WebPage\",\"@id\":\"https:\\\/\\\/crta.rs\\\/en\\\/crta-started-with-monitoring-of-belgrade-pre-election-campaign-2\\\/\",\"url\":\"https:\\\/\\\/crta.rs\\\/en\\\/crta-started-with-monitoring-of-belgrade-pre-election-campaign-2\\\/\",\"name\":\"CRTA started with monitoring of Belgrade pre-election campaign - CRTA\",\"isPartOf\":{\"@id\":\"https:\\\/\\\/crta.rs\\\/en\\\/#website\"},\"primaryImageOfPage\":{\"@id\":\"https:\\\/\\\/crta.rs\\\/en\\\/crta-started-with-monitoring-of-belgrade-pre-election-campaign-2\\\/#primaryimage\"},\"image\":{\"@id\":\"https:\\\/\\\/crta.rs\\\/en\\\/crta-started-with-monitoring-of-belgrade-pre-election-campaign-2\\\/#primaryimage\"},\"thumbnailUrl\":\"https:\\\/\\\/crta.rs\\\/wp-content\\\/uploads\\\/2019\\\/03\\\/CRTA-logo-1.png\",\"datePublished\":\"2018-02-01T15:38:23+00:00\",\"dateModified\":\"2020-02-06T10:00:58+00:00\",\"author\":{\"@id\":\"https:\\\/\\\/crta.rs\\\/en\\\/#\\\/schema\\\/person\\\/0cc37dbc4cb7d35b32379de6f98e1c7f\"},\"breadcrumb\":{\"@id\":\"https:\\\/\\\/crta.rs\\\/en\\\/crta-started-with-monitoring-of-belgrade-pre-election-campaign-2\\\/#breadcrumb\"},\"inLanguage\":\"en-US\",\"potentialAction\":[{\"@type\":\"ReadAction\",\"target\":[\"https:\\\/\\\/crta.rs\\\/en\\\/crta-started-with-monitoring-of-belgrade-pre-election-campaign-2\\\/\"]}]},{\"@type\":\"ImageObject\",\"inLanguage\":\"en-US\",\"@id\":\"https:\\\/\\\/crta.rs\\\/en\\\/crta-started-with-monitoring-of-belgrade-pre-election-campaign-2\\\/#primaryimage\",\"url\":\"https:\\\/\\\/crta.rs\\\/wp-content\\\/uploads\\\/2019\\\/03\\\/CRTA-logo-1.png\",\"contentUrl\":\"https:\\\/\\\/crta.rs\\\/wp-content\\\/uploads\\\/2019\\\/03\\\/CRTA-logo-1.png\",\"width\":576,\"height\":383},{\"@type\":\"BreadcrumbList\",\"@id\":\"https:\\\/\\\/crta.rs\\\/en\\\/crta-started-with-monitoring-of-belgrade-pre-election-campaign-2\\\/#breadcrumb\",\"itemListElement\":[{\"@type\":\"ListItem\",\"position\":1,\"name\":\"Home\",\"item\":\"https:\\\/\\\/crta.rs\\\/en\\\/\"},{\"@type\":\"ListItem\",\"position\":2,\"name\":\"News\",\"item\":\"https:\\\/\\\/crta.rs\\\/en\\\/category\\\/news\\\/\"},{\"@type\":\"ListItem\",\"position\":3,\"name\":\"CRTA started with monitoring of Belgrade pre-election campaign\"}]},{\"@type\":\"WebSite\",\"@id\":\"https:\\\/\\\/crta.rs\\\/en\\\/#website\",\"url\":\"https:\\\/\\\/crta.rs\\\/en\\\/\",\"name\":\"CRTA\",\"description\":\"Mi smo grupa aktivista i novinara koja zajedno sa gra\u0111anima uti\u010de na pove\u0107anje odgovornosti institucija i javnih funkcionera kroz pra\u0107enje i kontrolu njihovog rada.\",\"potentialAction\":[{\"@type\":\"SearchAction\",\"target\":{\"@type\":\"EntryPoint\",\"urlTemplate\":\"https:\\\/\\\/crta.rs\\\/en\\\/?s={search_term_string}\"},\"query-input\":{\"@type\":\"PropertyValueSpecification\",\"valueRequired\":true,\"valueName\":\"search_term_string\"}}],\"inLanguage\":\"en-US\"},{\"@type\":\"Person\",\"@id\":\"https:\\\/\\\/crta.rs\\\/en\\\/#\\\/schema\\\/person\\\/0cc37dbc4cb7d35b32379de6f98e1c7f\",\"name\":\"milica\",\"url\":\"https:\\\/\\\/crta.rs\\\/en\\\/author\\\/milica\\\/\"}]}<\/script>\n<!-- \/ Yoast SEO plugin. -->","yoast_head_json":{"title":"CRTA started with monitoring of Belgrade pre-election campaign - CRTA","robots":{"index":"index","follow":"follow","max-snippet":"max-snippet:-1","max-image-preview":"max-image-preview:large","max-video-preview":"max-video-preview:-1"},"canonical":"https:\/\/crta.rs\/en\/crta-started-with-monitoring-of-belgrade-pre-election-campaign-2\/","og_locale":"en_US","og_type":"article","og_title":"CRTA started with monitoring of Belgrade pre-election campaign - CRTA","og_description":"The CRTA observation mission Citizens on Watch\u00a0started today the long-term monitoring of the electoral process in 17 Belgrade municipalities. A total of 50 long term observers, trained in accordance with international standards, observe and gather information about the pre-election campaign, potential irregularities and media coverage of the pre-election campaign.","og_url":"https:\/\/crta.rs\/en\/crta-started-with-monitoring-of-belgrade-pre-election-campaign-2\/","og_site_name":"CRTA","article_publisher":"https:\/\/www.facebook.com\/CRTArs\/","article_published_time":"2018-02-01T15:38:23+00:00","article_modified_time":"2020-02-06T10:00:58+00:00","og_image":[{"width":576,"height":383,"url":"https:\/\/crta.rs\/wp-content\/uploads\/2019\/03\/CRTA-logo-1.png","type":"image\/png"}],"author":"milica","twitter_card":"summary_large_image","twitter_misc":{"Written by":"milica","Est. reading time":"1 minute"},"schema":{"@context":"https:\/\/schema.org","@graph":[{"@type":"Article","@id":"https:\/\/crta.rs\/en\/crta-started-with-monitoring-of-belgrade-pre-election-campaign-2\/#article","isPartOf":{"@id":"https:\/\/crta.rs\/en\/crta-started-with-monitoring-of-belgrade-pre-election-campaign-2\/"},"author":{"name":"milica","@id":"https:\/\/crta.rs\/en\/#\/schema\/person\/0cc37dbc4cb7d35b32379de6f98e1c7f"},"headline":"CRTA started with monitoring of Belgrade pre-election campaign","datePublished":"2018-02-01T15:38:23+00:00","dateModified":"2020-02-06T10:00:58+00:00","mainEntityOfPage":{"@id":"https:\/\/crta.rs\/en\/crta-started-with-monitoring-of-belgrade-pre-election-campaign-2\/"},"wordCount":292,"image":{"@id":"https:\/\/crta.rs\/en\/crta-started-with-monitoring-of-belgrade-pre-election-campaign-2\/#primaryimage"},"thumbnailUrl":"https:\/\/crta.rs\/wp-content\/uploads\/2019\/03\/CRTA-logo-1.png","keywords":["belgrade elections","belgrade elections 2018","elections"],"articleSection":["News"],"inLanguage":"en-US"},{"@type":"WebPage","@id":"https:\/\/crta.rs\/en\/crta-started-with-monitoring-of-belgrade-pre-election-campaign-2\/","url":"https:\/\/crta.rs\/en\/crta-started-with-monitoring-of-belgrade-pre-election-campaign-2\/","name":"CRTA started with monitoring of Belgrade pre-election campaign - CRTA","isPartOf":{"@id":"https:\/\/crta.rs\/en\/#website"},"primaryImageOfPage":{"@id":"https:\/\/crta.rs\/en\/crta-started-with-monitoring-of-belgrade-pre-election-campaign-2\/#primaryimage"},"image":{"@id":"https:\/\/crta.rs\/en\/crta-started-with-monitoring-of-belgrade-pre-election-campaign-2\/#primaryimage"},"thumbnailUrl":"https:\/\/crta.rs\/wp-content\/uploads\/2019\/03\/CRTA-logo-1.png","datePublished":"2018-02-01T15:38:23+00:00","dateModified":"2020-02-06T10:00:58+00:00","author":{"@id":"https:\/\/crta.rs\/en\/#\/schema\/person\/0cc37dbc4cb7d35b32379de6f98e1c7f"},"breadcrumb":{"@id":"https:\/\/crta.rs\/en\/crta-started-with-monitoring-of-belgrade-pre-election-campaign-2\/#breadcrumb"},"inLanguage":"en-US","potentialAction":[{"@type":"ReadAction","target":["https:\/\/crta.rs\/en\/crta-started-with-monitoring-of-belgrade-pre-election-campaign-2\/"]}]},{"@type":"ImageObject","inLanguage":"en-US","@id":"https:\/\/crta.rs\/en\/crta-started-with-monitoring-of-belgrade-pre-election-campaign-2\/#primaryimage","url":"https:\/\/crta.rs\/wp-content\/uploads\/2019\/03\/CRTA-logo-1.png","contentUrl":"https:\/\/crta.rs\/wp-content\/uploads\/2019\/03\/CRTA-logo-1.png","width":576,"height":383},{"@type":"BreadcrumbList","@id":"https:\/\/crta.rs\/en\/crta-started-with-monitoring-of-belgrade-pre-election-campaign-2\/#breadcrumb","itemListElement":[{"@type":"ListItem","position":1,"name":"Home","item":"https:\/\/crta.rs\/en\/"},{"@type":"ListItem","position":2,"name":"News","item":"https:\/\/crta.rs\/en\/category\/news\/"},{"@type":"ListItem","position":3,"name":"CRTA started with monitoring of Belgrade pre-election campaign"}]},{"@type":"WebSite","@id":"https:\/\/crta.rs\/en\/#website","url":"https:\/\/crta.rs\/en\/","name":"CRTA","description":"Mi smo grupa aktivista i novinara koja zajedno sa gra\u0111anima uti\u010de na pove\u0107anje odgovornosti institucija i javnih funkcionera kroz pra\u0107enje i kontrolu njihovog rada.","potentialAction":[{"@type":"SearchAction","target":{"@type":"EntryPoint","urlTemplate":"https:\/\/crta.rs\/en\/?s={search_term_string}"},"query-input":{"@type":"PropertyValueSpecification","valueRequired":true,"valueName":"search_term_string"}}],"inLanguage":"en-US"},{"@type":"Person","@id":"https:\/\/crta.rs\/en\/#\/schema\/person\/0cc37dbc4cb7d35b32379de6f98e1c7f","name":"milica","url":"https:\/\/crta.rs\/en\/author\/milica\/"}]}},"_links":{"self":[{"href":"https:\/\/crta.rs\/en\/wp-json\/wp\/v2\/posts\/21103","targetHints":{"allow":["GET"]}}],"collection":[{"href":"https:\/\/crta.rs\/en\/wp-json\/wp\/v2\/posts"}],"about":[{"href":"https:\/\/crta.rs\/en\/wp-json\/wp\/v2\/types\/post"}],"author":[{"embeddable":true,"href":"https:\/\/crta.rs\/en\/wp-json\/wp\/v2\/users\/3"}],"replies":[{"embeddable":true,"href":"https:\/\/crta.rs\/en\/wp-json\/wp\/v2\/comments?post=21103"}],"version-history":[{"count":1,"href":"https:\/\/crta.rs\/en\/wp-json\/wp\/v2\/posts\/21103\/revisions"}],"predecessor-version":[{"id":21104,"href":"https:\/\/crta.rs\/en\/wp-json\/wp\/v2\/posts\/21103\/revisions\/21104"}],"wp:featuredmedia":[{"embeddable":true,"href":"https:\/\/crta.rs\/en\/wp-json\/wp\/v2\/media\/21027"}],"wp:attachment":[{"href":"https:\/\/crta.rs\/en\/wp-json\/wp\/v2\/media?parent=21103"}],"wp:term":[{"taxonomy":"category","embeddable":true,"href":"https:\/\/crta.rs\/en\/wp-json\/wp\/v2\/categories?post=21103"},{"taxonomy":"post_tag","embeddable":true,"href":"https:\/\/crta.rs\/en\/wp-json\/wp\/v2\/tags?post=21103"}],"curies":[{"name":"wp","href":"https:\/\/api.w.org\/{rel}","templated":true}]}}